{"id":372348,"date":"2018-06-21T08:35:27","date_gmt":"2018-06-21T06:35:27","guid":{"rendered":"https:\/\/hudo.com\/si\/2018\/06\/21\/kosovski-nogometni-navdusenci-bodo-stiskali-pesti-za-svico\/"},"modified":"2018-06-21T08:35:27","modified_gmt":"2018-06-21T06:35:27","slug":"kosovski-nogometni-navdusenci-bodo-stiskali-pesti-za-svico","status":"publish","type":"post","link":"https:\/\/hudo.com\/si\/zdrav-duh-telo\/kosovski-nogometni-navdusenci-bodo-stiskali-pesti-za-svico\/","title":{"rendered":"Kosovski nogometni navdu\u0161enci bodo stiskali pesti za \u0160vico"},"content":{"rendered":"<p>Glavni razlog za to so \u0161vicarski reprezentanti Valon Behrami, Granit Xhaka in Xherdan Shaqiri, ki so rojeni na Kosovu, predvsem pa dejstvo, da se bo &#8220;kosovsko obarvana&#8221; \u0160vica v skupinskem delu pomerila z &#8220;osovra\u017eeno&#8221; Srbijo. Ta medsebojna tekma bo se bo v petek, 22. junija, v Kaliningradu pri\u010dela ob 20. uri.<\/p>\n<figure>\n\t\t\t\t\t<img loading=\"lazy\" decoding=\"async\" width=\"660\" height=\"320\" src=\"data:image\/gif;base64,R0lGODlhAQABAAAAACH5BAEKAAEALAAAAAABAAEAAAICTAEAOw==\" class=\"lazyload\" data-src=\"https:\/\/moski.hudo.com\/wp-content\/uploads\/2018\/06\/profimedia-0375235653-320x155.jpg\" data-srcset=\"https:\/\/moski.hudo.com\/wp-content\/uploads\/2018\/06\/profimedia-0375235653-660x320.jpg 660w,https:\/\/moski.hudo.com\/wp-content\/uploads\/2018\/06\/profimedia-0375235653-320x155.jpg 330w\" sizes=\"(max-width: 660px) 100vw, 660px\"\/><figcaption>Foto: Profimedia<\/figcaption><\/figure>\n<p>&#8220;Nogometne tekme \u0161vicarske izbrane vrste so za nas nekaj posebnega, kot tekme Kosova na veliki mednarodni sceni,&#8221; je za francosko tiskovno agencijo AFP povedal Qahil Halili iz vzhodnega kosovskega mesteca Zhegra. &#8220;Vsa dr\u017eava bo v petek prikovana pred televizijskimi sprejemniki in navijala za \u0161vicarsko zmago nad Srbijo,&#8221; je dejal u\u010ditelj Daut Maloku, medtem ko je \u0161portni novinar Shkumbin Sekiraqa dodal: &#8220;V primeru \u0161vicarske zmage se na Kosovu obeta veliko ve\u010dja veselica kot v sami \u0160vici.&#8221;<\/p>\n<p>Behrami je \u010dlan italijanskega Udineseja, Xhaka angle\u0161kega Arsenala, Shaqiri pa prav tako angle\u0161kega Stoke Cityja. Njihovi star\u0161i so zaradi politi\u010dnih razlogov zapustili Kosovo med letoma 1998 in 1999 in se preselili v \u0160vico. Natan\u010dne \u0161tevilke sicer niso znane, v de\u017eeli sira in \u010dokolade pa naj bi menda \u017eivelo okoli 200.000 kosovskih Albancev, kar je naravnost neverjetna \u0161tevilka, glede na to, da na Kosovu \u017eivi 1,9 milijona prebivalcev.<\/p>\n<p>Kosovo je v kvalifikacijskem ciklusu za nastop na svetovnem prvenstvu 2018 nastopal v skupini I in osvojil zadnje mesto. Na desetih tekmah je po neodlo\u010denem izidu s Finsko zbral le eno to\u010dko, izgubil pa nato vse nadaljnje tekme proti Islandiji, Hrva\u0161ki, Ukrajini, Tur\u010diji in Finski.<\/p>\n","protected":false},"excerpt":{"rendered":"<p>Kosovska nogometna reprezentanca se ni prebila na svetovno prvenstvo v Rusiji, a bo z vsem srcem navijala za \u0160vico, ki je na uvodni tekmi skupine E igrala neodlo\u010deno z Brazilijo, v nadaljevanju sklepnega turnirja pa se bo v skupinskem delu pomerila \u0161e s Srbijo in Kostariko.<\/p>\n","protected":false},"author":1,"featured_media":0,"comment_status":"closed","ping_status":"closed","sticky":false,"template":"","format":"standard","meta":{"footnotes":""},"categories":[1],"tags":[6591,9721,3600,10977,3551],"source":[1518,4032,1556],"supertag":[],"acf":[],"yoast_head":"<!-- This site is optimized with the Yoast SEO plugin v21.3 - https:\/\/yoast.com\/wordpress\/plugins\/seo\/ -->\n<title>Kosovski nogometni navdu\u0161enci bodo stiskali pesti za \u0160vico - Hudo Slovenija<\/title>\n<meta name=\"robots\" content=\"index, follow, max-snippet:-1, max-image-preview:large, max-video-preview:-1\" \/>\n<link rel=\"canonical\" href=\"https:\/\/hudo.com\/si\/zdrav-duh-telo\/kosovski-nogometni-navdusenci-bodo-stiskali-pesti-za-svico\/\" \/>\n<meta property=\"og:locale\" content=\"sl_SI\" \/>\n<meta property=\"og:type\" content=\"article\" \/>\n<meta property=\"og:title\" content=\"Kosovski nogometni navdu\u0161enci bodo stiskali pesti za \u0160vico - Hudo Slovenija\" \/>\n<meta property=\"og:description\" content=\"Kosovska nogometna reprezentanca se ni prebila na svetovno prvenstvo v Rusiji, a bo z vsem srcem navijala za \u0160vico, ki je na uvodni tekmi skupine E igrala neodlo\u010deno z Brazilijo, v nadaljevanju sklepnega turnirja pa se bo v skupinskem delu pomerila \u0161e s Srbijo in Kostariko.\" \/>\n<meta property=\"og:url\" content=\"https:\/\/hudo.com\/si\/zdrav-duh-telo\/kosovski-nogometni-navdusenci-bodo-stiskali-pesti-za-svico\/\" \/>\n<meta property=\"og:site_name\" content=\"Hudo Slovenija\" \/>\n<meta property=\"article:publisher\" content=\"https:\/\/www.facebook.com\/hudo.si\" \/>\n<meta property=\"article:published_time\" content=\"2018-06-21T06:35:27+00:00\" \/>\n<meta property=\"og:image\" content=\"https:\/\/hudo.com\/si\/wp-content\/uploads\/sites\/2\/2018\/06\/profimedia-0375235653.jpg\" \/>\n\t<meta property=\"og:image:width\" content=\"1250\" \/>\n\t<meta property=\"og:image:height\" content=\"815\" \/>\n\t<meta property=\"og:image:type\" content=\"image\/jpeg\" \/>\n<meta name=\"author\" content=\"hudo\" \/>\n<meta name=\"twitter:card\" content=\"summary_large_image\" \/>\n<meta name=\"twitter:creator\" content=\"@hudo_si\" \/>\n<meta name=\"twitter:site\" content=\"@hudo_si\" \/>\n<meta name=\"twitter:label1\" content=\"Written by\" \/>\n\t<meta name=\"twitter:data1\" content=\"hudo\" \/>\n\t<meta name=\"twitter:label2\" content=\"Est. reading time\" \/>\n\t<meta name=\"twitter:data2\" content=\"1 minuta\" \/>\n<script type=\"application\/ld+json\" class=\"yoast-schema-graph\">{\"@context\":\"https:\/\/schema.org\",\"@graph\":[{\"@type\":\"Article\",\"@id\":\"https:\/\/hudo.com\/si\/zdrav-duh-telo\/kosovski-nogometni-navdusenci-bodo-stiskali-pesti-za-svico\/#article\",\"isPartOf\":{\"@id\":\"https:\/\/hudo.com\/si\/zdrav-duh-telo\/kosovski-nogometni-navdusenci-bodo-stiskali-pesti-za-svico\/\"},\"author\":{\"name\":\"hudo\",\"@id\":\"https:\/\/hudo.com\/si\/#\/schema\/person\/601cf3379633985b20f7e50f2bb47707\"},\"headline\":\"Kosovski nogometni navdu\u0161enci bodo stiskali pesti za \u0160vico\",\"datePublished\":\"2018-06-21T06:35:27+00:00\",\"dateModified\":\"2018-06-21T06:35:27+00:00\",\"mainEntityOfPage\":{\"@id\":\"https:\/\/hudo.com\/si\/zdrav-duh-telo\/kosovski-nogometni-navdusenci-bodo-stiskali-pesti-za-svico\/\"},\"wordCount\":257,\"publisher\":{\"@id\":\"https:\/\/hudo.com\/si\/#organization\"},\"keywords\":[\"kosovo\",\"Mundial 2018\",\"nogomet\",\"svetovno nogometno prvenstvo 2018\",\"\u0160vica\"],\"articleSection\":[\"Zdrav duh &amp; telo\"],\"inLanguage\":\"sl-SI\"},{\"@type\":\"WebPage\",\"@id\":\"https:\/\/hudo.com\/si\/zdrav-duh-telo\/kosovski-nogometni-navdusenci-bodo-stiskali-pesti-za-svico\/\",\"url\":\"https:\/\/hudo.com\/si\/zdrav-duh-telo\/kosovski-nogometni-navdusenci-bodo-stiskali-pesti-za-svico\/\",\"name\":\"Kosovski nogometni navdu\u0161enci bodo stiskali pesti za \u0160vico - Hudo Slovenija\",\"isPartOf\":{\"@id\":\"https:\/\/hudo.com\/si\/#website\"},\"datePublished\":\"2018-06-21T06:35:27+00:00\",\"dateModified\":\"2018-06-21T06:35:27+00:00\",\"breadcrumb\":{\"@id\":\"https:\/\/hudo.com\/si\/zdrav-duh-telo\/kosovski-nogometni-navdusenci-bodo-stiskali-pesti-za-svico\/#breadcrumb\"},\"inLanguage\":\"sl-SI\",\"potentialAction\":[{\"@type\":\"ReadAction\",\"target\":[\"https:\/\/hudo.com\/si\/zdrav-duh-telo\/kosovski-nogometni-navdusenci-bodo-stiskali-pesti-za-svico\/\"]}]},{\"@type\":\"BreadcrumbList\",\"@id\":\"https:\/\/hudo.com\/si\/zdrav-duh-telo\/kosovski-nogometni-navdusenci-bodo-stiskali-pesti-za-svico\/#breadcrumb\",\"itemListElement\":[{\"@type\":\"ListItem\",\"position\":1,\"name\":\"Home\",\"item\":\"https:\/\/hudo.com\/si\/\"},{\"@type\":\"ListItem\",\"position\":2,\"name\":\"Kosovski nogometni navdu\u0161enci bodo stiskali pesti za \u0160vico\"}]},{\"@type\":\"WebSite\",\"@id\":\"https:\/\/hudo.com\/si\/#website\",\"url\":\"https:\/\/hudo.com\/si\/\",\"name\":\"Hudo Slovenija\",\"description\":\"Vse novice iz Slovenije in sveta\",\"publisher\":{\"@id\":\"https:\/\/hudo.com\/si\/#organization\"},\"potentialAction\":[{\"@type\":\"SearchAction\",\"target\":{\"@type\":\"EntryPoint\",\"urlTemplate\":\"https:\/\/hudo.com\/si\/?s={search_term_string}\"},\"query-input\":\"required name=search_term_string\"}],\"inLanguage\":\"sl-SI\"},{\"@type\":\"Organization\",\"@id\":\"https:\/\/hudo.com\/si\/#organization\",\"name\":\"VSN Media\",\"url\":\"https:\/\/hudo.com\/si\/\",\"logo\":{\"@type\":\"ImageObject\",\"inLanguage\":\"sl-SI\",\"@id\":\"https:\/\/hudo.com\/si\/#\/schema\/logo\/image\/\",\"url\":\"https:\/\/hudo.com\/si\/wp-content\/uploads\/sites\/2\/2021\/03\/hudo-app-2.png\",\"contentUrl\":\"https:\/\/hudo.com\/si\/wp-content\/uploads\/sites\/2\/2021\/03\/hudo-app-2.png\",\"width\":2185,\"height\":2167,\"caption\":\"VSN Media\"},\"image\":{\"@id\":\"https:\/\/hudo.com\/si\/#\/schema\/logo\/image\/\"},\"sameAs\":[\"https:\/\/www.facebook.com\/hudo.si\",\"https:\/\/twitter.com\/hudo_si\"]},{\"@type\":\"Person\",\"@id\":\"https:\/\/hudo.com\/si\/#\/schema\/person\/601cf3379633985b20f7e50f2bb47707\",\"name\":\"hudo\",\"image\":{\"@type\":\"ImageObject\",\"inLanguage\":\"sl-SI\",\"@id\":\"https:\/\/hudo.com\/si\/#\/schema\/person\/image\/\",\"url\":\"https:\/\/secure.gravatar.com\/avatar\/c4ca25fa72cace7a696b52ff5db9e095?s=96&d=mm&r=g\",\"contentUrl\":\"https:\/\/secure.gravatar.com\/avatar\/c4ca25fa72cace7a696b52ff5db9e095?s=96&d=mm&r=g\",\"caption\":\"hudo\"},\"url\":\"https:\/\/hudo.com\/si\/author\/hudo\/\"}]}<\/script>\n<!-- \/ Yoast SEO plugin. -->","yoast_head_json":{"title":"Kosovski nogometni navdu\u0161enci bodo stiskali pesti za \u0160vico - Hudo Slovenija","robots":{"index":"index","follow":"follow","max-snippet":"max-snippet:-1","max-image-preview":"max-image-preview:large","max-video-preview":"max-video-preview:-1"},"canonical":"https:\/\/hudo.com\/si\/zdrav-duh-telo\/kosovski-nogometni-navdusenci-bodo-stiskali-pesti-za-svico\/","og_locale":"sl_SI","og_type":"article","og_title":"Kosovski nogometni navdu\u0161enci bodo stiskali pesti za \u0160vico - Hudo Slovenija","og_description":"Kosovska nogometna reprezentanca se ni prebila na svetovno prvenstvo v Rusiji, a bo z vsem srcem navijala za \u0160vico, ki je na uvodni tekmi skupine E igrala neodlo\u010deno z Brazilijo, v nadaljevanju sklepnega turnirja pa se bo v skupinskem delu pomerila \u0161e s Srbijo in Kostariko.","og_url":"https:\/\/hudo.com\/si\/zdrav-duh-telo\/kosovski-nogometni-navdusenci-bodo-stiskali-pesti-za-svico\/","og_site_name":"Hudo Slovenija","article_publisher":"https:\/\/www.facebook.com\/hudo.si","article_published_time":"2018-06-21T06:35:27+00:00","og_image":[{"width":1250,"height":815,"url":"https:\/\/hudo.com\/si\/wp-content\/uploads\/sites\/2\/2018\/06\/profimedia-0375235653.jpg","type":"image\/jpeg"}],"author":"hudo","twitter_card":"summary_large_image","twitter_creator":"@hudo_si","twitter_site":"@hudo_si","twitter_misc":{"Written by":"hudo","Est. reading time":"1 minuta"},"schema":{"@context":"https:\/\/schema.org","@graph":[{"@type":"Article","@id":"https:\/\/hudo.com\/si\/zdrav-duh-telo\/kosovski-nogometni-navdusenci-bodo-stiskali-pesti-za-svico\/#article","isPartOf":{"@id":"https:\/\/hudo.com\/si\/zdrav-duh-telo\/kosovski-nogometni-navdusenci-bodo-stiskali-pesti-za-svico\/"},"author":{"name":"hudo","@id":"https:\/\/hudo.com\/si\/#\/schema\/person\/601cf3379633985b20f7e50f2bb47707"},"headline":"Kosovski nogometni navdu\u0161enci bodo stiskali pesti za \u0160vico","datePublished":"2018-06-21T06:35:27+00:00","dateModified":"2018-06-21T06:35:27+00:00","mainEntityOfPage":{"@id":"https:\/\/hudo.com\/si\/zdrav-duh-telo\/kosovski-nogometni-navdusenci-bodo-stiskali-pesti-za-svico\/"},"wordCount":257,"publisher":{"@id":"https:\/\/hudo.com\/si\/#organization"},"keywords":["kosovo","Mundial 2018","nogomet","svetovno nogometno prvenstvo 2018","\u0160vica"],"articleSection":["Zdrav duh &amp; telo"],"inLanguage":"sl-SI"},{"@type":"WebPage","@id":"https:\/\/hudo.com\/si\/zdrav-duh-telo\/kosovski-nogometni-navdusenci-bodo-stiskali-pesti-za-svico\/","url":"https:\/\/hudo.com\/si\/zdrav-duh-telo\/kosovski-nogometni-navdusenci-bodo-stiskali-pesti-za-svico\/","name":"Kosovski nogometni navdu\u0161enci bodo stiskali pesti za \u0160vico - Hudo Slovenija","isPartOf":{"@id":"https:\/\/hudo.com\/si\/#website"},"datePublished":"2018-06-21T06:35:27+00:00","dateModified":"2018-06-21T06:35:27+00:00","breadcrumb":{"@id":"https:\/\/hudo.com\/si\/zdrav-duh-telo\/kosovski-nogometni-navdusenci-bodo-stiskali-pesti-za-svico\/#breadcrumb"},"inLanguage":"sl-SI","potentialAction":[{"@type":"ReadAction","target":["https:\/\/hudo.com\/si\/zdrav-duh-telo\/kosovski-nogometni-navdusenci-bodo-stiskali-pesti-za-svico\/"]}]},{"@type":"BreadcrumbList","@id":"https:\/\/hudo.com\/si\/zdrav-duh-telo\/kosovski-nogometni-navdusenci-bodo-stiskali-pesti-za-svico\/#breadcrumb","itemListElement":[{"@type":"ListItem","position":1,"name":"Home","item":"https:\/\/hudo.com\/si\/"},{"@type":"ListItem","position":2,"name":"Kosovski nogometni navdu\u0161enci bodo stiskali pesti za \u0160vico"}]},{"@type":"WebSite","@id":"https:\/\/hudo.com\/si\/#website","url":"https:\/\/hudo.com\/si\/","name":"Hudo Slovenija","description":"Vse novice iz Slovenije in sveta","publisher":{"@id":"https:\/\/hudo.com\/si\/#organization"},"potentialAction":[{"@type":"SearchAction","target":{"@type":"EntryPoint","urlTemplate":"https:\/\/hudo.com\/si\/?s={search_term_string}"},"query-input":"required name=search_term_string"}],"inLanguage":"sl-SI"},{"@type":"Organization","@id":"https:\/\/hudo.com\/si\/#organization","name":"VSN Media","url":"https:\/\/hudo.com\/si\/","logo":{"@type":"ImageObject","inLanguage":"sl-SI","@id":"https:\/\/hudo.com\/si\/#\/schema\/logo\/image\/","url":"https:\/\/hudo.com\/si\/wp-content\/uploads\/sites\/2\/2021\/03\/hudo-app-2.png","contentUrl":"https:\/\/hudo.com\/si\/wp-content\/uploads\/sites\/2\/2021\/03\/hudo-app-2.png","width":2185,"height":2167,"caption":"VSN Media"},"image":{"@id":"https:\/\/hudo.com\/si\/#\/schema\/logo\/image\/"},"sameAs":["https:\/\/www.facebook.com\/hudo.si","https:\/\/twitter.com\/hudo_si"]},{"@type":"Person","@id":"https:\/\/hudo.com\/si\/#\/schema\/person\/601cf3379633985b20f7e50f2bb47707","name":"hudo","image":{"@type":"ImageObject","inLanguage":"sl-SI","@id":"https:\/\/hudo.com\/si\/#\/schema\/person\/image\/","url":"https:\/\/secure.gravatar.com\/avatar\/c4ca25fa72cace7a696b52ff5db9e095?s=96&d=mm&r=g","contentUrl":"https:\/\/secure.gravatar.com\/avatar\/c4ca25fa72cace7a696b52ff5db9e095?s=96&d=mm&r=g","caption":"hudo"},"url":"https:\/\/hudo.com\/si\/author\/hudo\/"}]}},"amp_enabled":true,"_links":{"self":[{"href":"https:\/\/hudo.com\/si\/wp-json\/wp\/v2\/posts\/372348"}],"collection":[{"href":"https:\/\/hudo.com\/si\/wp-json\/wp\/v2\/posts"}],"about":[{"href":"https:\/\/hudo.com\/si\/wp-json\/wp\/v2\/types\/post"}],"author":[{"embeddable":true,"href":"https:\/\/hudo.com\/si\/wp-json\/wp\/v2\/users\/1"}],"replies":[{"embeddable":true,"href":"https:\/\/hudo.com\/si\/wp-json\/wp\/v2\/comments?post=372348"}],"version-history":[{"count":0,"href":"https:\/\/hudo.com\/si\/wp-json\/wp\/v2\/posts\/372348\/revisions"}],"wp:attachment":[{"href":"https:\/\/hudo.com\/si\/wp-json\/wp\/v2\/media?parent=372348"}],"wp:term":[{"taxonomy":"category","embeddable":true,"href":"https:\/\/hudo.com\/si\/wp-json\/wp\/v2\/categories?post=372348"},{"taxonomy":"post_tag","embeddable":true,"href":"https:\/\/hudo.com\/si\/wp-json\/wp\/v2\/tags?post=372348"},{"taxonomy":"source","embeddable":true,"href":"https:\/\/hudo.com\/si\/wp-json\/wp\/v2\/source?post=372348"},{"taxonomy":"supertag","embeddable":true,"href":"https:\/\/hudo.com\/si\/wp-json\/wp\/v2\/supertag?post=372348"}],"curies":[{"name":"wp","href":"https:\/\/api.w.org\/{rel}","templated":true}]}}