{"id":372843,"date":"2018-06-29T08:16:27","date_gmt":"2018-06-29T06:16:27","guid":{"rendered":"http:\/\/hudo.com\/si\/?p=372843"},"modified":"2018-06-29T08:16:27","modified_gmt":"2018-06-29T06:16:27","slug":"slovenija-hrvaska-leto-dni-po-razsodbi-o-poteku-meje-se-vedno-vsaka-na-svojem-bregu","status":"publish","type":"post","link":"https:\/\/hudo.com\/si\/aktualno\/slovenija-hrvaska-leto-dni-po-razsodbi-o-poteku-meje-se-vedno-vsaka-na-svojem-bregu\/","title":{"rendered":"Slovenija in Hrva\u0161ka leto dni po razsodbi o poteku meje \u0161e vedno vsaka na svojem bregu"},"content":{"rendered":"<p>Arbitra\u017eno sodi\u0161\u010de je odlo\u010dilo, da meja med Slovenijo in Hrva\u0161ko po kopnem ve\u010dinoma poteka po mejah katastrskih ob\u010din. Slovenija je dobila sporno obmo\u010dje pri Hotizi, Hrva\u0161ka pa levi breg Dragonje.<\/p>\n<p>Na morju je sodi\u0161\u010de veliko ve\u010dino Piranskega zaliva prisodilo Sloveniji. Dolo\u010dilo je tudi 2,5 navti\u010dne milje \u0161iroko obmo\u010dje stika Slovenije z odprtim morjem, t. i. junction, ki sicer de iure ostaja hrva\u0161ko teritorialno morje, a tam Hrva\u0161ka ne sme ovirati plovbe plovilom, ki iz mednarodnega plujejo v slovensko morje ali obratno, pa tudi sicer ne sme izvajati dejanj, ki bi lahko ovirala to povezavo slovenskega morja z mednarodnimi vodami.<\/p>\n<p>\u010ceprav je Slovenija morda pri\u010dakovala ugodnej\u0161o re\u0161itev, je slovenska politika z vlado Mira Cerarja na \u010delu takoj zagotovila, da bo odlo\u010ditev sodi\u0161\u010da spo\u0161tovala in jo uresni\u010dila. Kljub nekaj kritikam s strani opozicije je slovenska politika ostala enotna.<\/p>\n<p>Na Hrva\u0161kem pa so ponavljali, da arbitra\u017ea ne velja, saj so izstopili iz procesa zaradi &#8220;kontaminacije postopka&#8221; z nedovoljenimi pogovori med slovensko agentko in arbitrom, pa \u010deprav je sodi\u0161\u010de \u017ee v vmesni sodbi leta 2016 presodilo, da to ni bila tako velika kr\u0161itev, da sodi\u0161\u010de ne bi moglo kon\u010dati svojega dela.<\/p>\n<p>Slovenija je \u017ee pred meseci kljub odklanjanju Hrva\u0161ke za\u010dela postopke za implementacijo razsodbe na podro\u010djih, kjer jih je lahko izvedla sama. V ta namen je dr\u017eavni zbor sprejel paket t. i. implementacijskih zakonov.<\/p>\n<p>Napovedala je tudi, da se bo obrnila na Sodi\u0161\u010de EU. Pred njim namerava na podlagi 259. \u010dlena pogodbe EU to\u017eiti Hrva\u0161ko, ker ji zaradi nespo\u0161tovanja arbitra\u017ene odlo\u010ditve o meji onemogo\u010da izvajanje evropskega prava.<\/p>\n<p>Potem ko je Evropska komisija 18. junija sporo\u010dila, da ne bo podala mnenja o to\u017ebi, ki bi jo sicer lahko prevzela tudi sama, je Slovenija napovedala, da bo to\u017ebo, predvidoma \u0161e pred sredino julija, vlo\u017eila sama, potem ko bo zadevo obravnaval novi odbor DZ za zunanjo politiko (OZP).<\/p>\n","protected":false},"excerpt":{"rendered":"<p>Arbitra\u017eno sodi\u0161\u010de je natanko pred letom dni objavilo razsodbo o poteku meje med Slovenijo in Hrva\u0161ko. Dr\u017eavi leto dni kasneje ostajata vsaka na svojem bregu. Hrva\u0161ka vztraja, da je iz arbitra\u017enega postopka izstopila in je za dvostransko re\u0161itev, Slovenija pa, da je razsodbo treba uresni\u010diti. Zato bo, brez Bruslja, vlo\u017eila to\u017ebo na Sodi\u0161\u010de EU.<\/p>\n","protected":false},"author":8,"featured_media":352986,"comment_status":"closed","ping_status":"closed","sticky":false,"template":"","format":"standard","meta":{"footnotes":""},"categories":[1179],"tags":[5681,1810,1595],"source":[4511],"supertag":[],"acf":[],"yoast_head":"<!-- This site is optimized with the Yoast SEO plugin v21.3 - https:\/\/yoast.com\/wordpress\/plugins\/seo\/ -->\n<title>Slovenija in Hrva\u0161ka leto dni po razsodbi o poteku meje \u0161e vedno vsaka na svojem bregu - Hudo Slovenija<\/title>\n<meta name=\"robots\" content=\"index, follow, max-snippet:-1, max-image-preview:large, max-video-preview:-1\" \/>\n<link rel=\"canonical\" href=\"https:\/\/hudo.com\/si\/aktualno\/slovenija-hrvaska-leto-dni-po-razsodbi-o-poteku-meje-se-vedno-vsaka-na-svojem-bregu\/\" \/>\n<meta property=\"og:locale\" content=\"sl_SI\" \/>\n<meta property=\"og:type\" content=\"article\" \/>\n<meta property=\"og:title\" content=\"Slovenija in Hrva\u0161ka leto dni po razsodbi o poteku meje \u0161e vedno vsaka na svojem bregu - Hudo Slovenija\" \/>\n<meta property=\"og:description\" content=\"Arbitra\u017eno sodi\u0161\u010de je natanko pred letom dni objavilo razsodbo o poteku meje med Slovenijo in Hrva\u0161ko. Dr\u017eavi leto dni kasneje ostajata vsaka na svojem bregu. Hrva\u0161ka vztraja, da je iz arbitra\u017enega postopka izstopila in je za dvostransko re\u0161itev, Slovenija pa, da je razsodbo treba uresni\u010diti. Zato bo, brez Bruslja, vlo\u017eila to\u017ebo na Sodi\u0161\u010de EU.\" \/>\n<meta property=\"og:url\" content=\"https:\/\/hudo.com\/si\/aktualno\/slovenija-hrvaska-leto-dni-po-razsodbi-o-poteku-meje-se-vedno-vsaka-na-svojem-bregu\/\" \/>\n<meta property=\"og:site_name\" content=\"Hudo Slovenija\" \/>\n<meta property=\"article:publisher\" content=\"https:\/\/www.facebook.com\/hudo.si\" \/>\n<meta property=\"article:published_time\" content=\"2018-06-29T06:16:27+00:00\" \/>\n<meta property=\"og:image\" content=\"https:\/\/hudo.com\/si\/wp-content\/uploads\/sites\/2\/2018\/01\/profimedia-0330746611.jpg\" \/>\n\t<meta property=\"og:image:width\" content=\"1250\" \/>\n\t<meta property=\"og:image:height\" content=\"765\" \/>\n\t<meta property=\"og:image:type\" content=\"image\/jpeg\" \/>\n<meta name=\"author\" content=\"M. N., STA\" \/>\n<meta name=\"twitter:card\" content=\"summary_large_image\" \/>\n<meta name=\"twitter:creator\" content=\"@hudo_si\" \/>\n<meta name=\"twitter:site\" content=\"@hudo_si\" \/>\n<meta name=\"twitter:label1\" content=\"Written by\" \/>\n\t<meta name=\"twitter:data1\" content=\"M. N., STA\" \/>\n\t<meta name=\"twitter:label2\" content=\"Est. reading time\" \/>\n\t<meta name=\"twitter:data2\" content=\"2 minuti\" \/>\n<script type=\"application\/ld+json\" class=\"yoast-schema-graph\">{\"@context\":\"https:\/\/schema.org\",\"@graph\":[{\"@type\":\"Article\",\"@id\":\"https:\/\/hudo.com\/si\/aktualno\/slovenija-hrvaska-leto-dni-po-razsodbi-o-poteku-meje-se-vedno-vsaka-na-svojem-bregu\/#article\",\"isPartOf\":{\"@id\":\"https:\/\/hudo.com\/si\/aktualno\/slovenija-hrvaska-leto-dni-po-razsodbi-o-poteku-meje-se-vedno-vsaka-na-svojem-bregu\/\"},\"author\":{\"name\":\"M. N., STA\",\"@id\":\"https:\/\/hudo.com\/si\/#\/schema\/person\/c2f10ce65d2e6ede2aeda5be2a0611fa\"},\"headline\":\"Slovenija in Hrva\u0161ka leto dni po razsodbi o poteku meje \u0161e vedno vsaka na svojem bregu\",\"datePublished\":\"2018-06-29T06:16:27+00:00\",\"dateModified\":\"2018-06-29T06:16:27+00:00\",\"mainEntityOfPage\":{\"@id\":\"https:\/\/hudo.com\/si\/aktualno\/slovenija-hrvaska-leto-dni-po-razsodbi-o-poteku-meje-se-vedno-vsaka-na-svojem-bregu\/\"},\"wordCount\":357,\"publisher\":{\"@id\":\"https:\/\/hudo.com\/si\/#organization\"},\"keywords\":[\"arbitra\u017ea\",\"hrva\u0161ka\",\"Slovenija\"],\"articleSection\":[\"Aktualno\"],\"inLanguage\":\"sl-SI\"},{\"@type\":\"WebPage\",\"@id\":\"https:\/\/hudo.com\/si\/aktualno\/slovenija-hrvaska-leto-dni-po-razsodbi-o-poteku-meje-se-vedno-vsaka-na-svojem-bregu\/\",\"url\":\"https:\/\/hudo.com\/si\/aktualno\/slovenija-hrvaska-leto-dni-po-razsodbi-o-poteku-meje-se-vedno-vsaka-na-svojem-bregu\/\",\"name\":\"Slovenija in Hrva\u0161ka leto dni po razsodbi o poteku meje \u0161e vedno vsaka na svojem bregu - Hudo Slovenija\",\"isPartOf\":{\"@id\":\"https:\/\/hudo.com\/si\/#website\"},\"datePublished\":\"2018-06-29T06:16:27+00:00\",\"dateModified\":\"2018-06-29T06:16:27+00:00\",\"breadcrumb\":{\"@id\":\"https:\/\/hudo.com\/si\/aktualno\/slovenija-hrvaska-leto-dni-po-razsodbi-o-poteku-meje-se-vedno-vsaka-na-svojem-bregu\/#breadcrumb\"},\"inLanguage\":\"sl-SI\",\"potentialAction\":[{\"@type\":\"ReadAction\",\"target\":[\"https:\/\/hudo.com\/si\/aktualno\/slovenija-hrvaska-leto-dni-po-razsodbi-o-poteku-meje-se-vedno-vsaka-na-svojem-bregu\/\"]}]},{\"@type\":\"BreadcrumbList\",\"@id\":\"https:\/\/hudo.com\/si\/aktualno\/slovenija-hrvaska-leto-dni-po-razsodbi-o-poteku-meje-se-vedno-vsaka-na-svojem-bregu\/#breadcrumb\",\"itemListElement\":[{\"@type\":\"ListItem\",\"position\":1,\"name\":\"Home\",\"item\":\"https:\/\/hudo.com\/si\/\"},{\"@type\":\"ListItem\",\"position\":2,\"name\":\"Slovenija in Hrva\u0161ka leto dni po razsodbi o poteku meje \u0161e vedno vsaka na svojem bregu\"}]},{\"@type\":\"WebSite\",\"@id\":\"https:\/\/hudo.com\/si\/#website\",\"url\":\"https:\/\/hudo.com\/si\/\",\"name\":\"Hudo Slovenija\",\"description\":\"Vse novice iz Slovenije in sveta\",\"publisher\":{\"@id\":\"https:\/\/hudo.com\/si\/#organization\"},\"potentialAction\":[{\"@type\":\"SearchAction\",\"target\":{\"@type\":\"EntryPoint\",\"urlTemplate\":\"https:\/\/hudo.com\/si\/?s={search_term_string}\"},\"query-input\":\"required name=search_term_string\"}],\"inLanguage\":\"sl-SI\"},{\"@type\":\"Organization\",\"@id\":\"https:\/\/hudo.com\/si\/#organization\",\"name\":\"VSN Media\",\"url\":\"https:\/\/hudo.com\/si\/\",\"logo\":{\"@type\":\"ImageObject\",\"inLanguage\":\"sl-SI\",\"@id\":\"https:\/\/hudo.com\/si\/#\/schema\/logo\/image\/\",\"url\":\"https:\/\/hudo.com\/si\/wp-content\/uploads\/sites\/2\/2021\/03\/hudo-app-2.png\",\"contentUrl\":\"https:\/\/hudo.com\/si\/wp-content\/uploads\/sites\/2\/2021\/03\/hudo-app-2.png\",\"width\":2185,\"height\":2167,\"caption\":\"VSN Media\"},\"image\":{\"@id\":\"https:\/\/hudo.com\/si\/#\/schema\/logo\/image\/\"},\"sameAs\":[\"https:\/\/www.facebook.com\/hudo.si\",\"https:\/\/twitter.com\/hudo_si\"]},{\"@type\":\"Person\",\"@id\":\"https:\/\/hudo.com\/si\/#\/schema\/person\/c2f10ce65d2e6ede2aeda5be2a0611fa\",\"name\":\"M. N., STA\",\"image\":{\"@type\":\"ImageObject\",\"inLanguage\":\"sl-SI\",\"@id\":\"https:\/\/hudo.com\/si\/#\/schema\/person\/image\/\",\"url\":\"https:\/\/secure.gravatar.com\/avatar\/f370d38daa10467f755c5c766a4cac20?s=96&d=mm&r=g\",\"contentUrl\":\"https:\/\/secure.gravatar.com\/avatar\/f370d38daa10467f755c5c766a4cac20?s=96&d=mm&r=g\",\"caption\":\"M. N., STA\"},\"url\":\"https:\/\/hudo.com\/si\/author\/mana\/\"}]}<\/script>\n<!-- \/ Yoast SEO plugin. -->","yoast_head_json":{"title":"Slovenija in Hrva\u0161ka leto dni po razsodbi o poteku meje \u0161e vedno vsaka na svojem bregu - Hudo Slovenija","robots":{"index":"index","follow":"follow","max-snippet":"max-snippet:-1","max-image-preview":"max-image-preview:large","max-video-preview":"max-video-preview:-1"},"canonical":"https:\/\/hudo.com\/si\/aktualno\/slovenija-hrvaska-leto-dni-po-razsodbi-o-poteku-meje-se-vedno-vsaka-na-svojem-bregu\/","og_locale":"sl_SI","og_type":"article","og_title":"Slovenija in Hrva\u0161ka leto dni po razsodbi o poteku meje \u0161e vedno vsaka na svojem bregu - Hudo Slovenija","og_description":"Arbitra\u017eno sodi\u0161\u010de je natanko pred letom dni objavilo razsodbo o poteku meje med Slovenijo in Hrva\u0161ko. Dr\u017eavi leto dni kasneje ostajata vsaka na svojem bregu. Hrva\u0161ka vztraja, da je iz arbitra\u017enega postopka izstopila in je za dvostransko re\u0161itev, Slovenija pa, da je razsodbo treba uresni\u010diti. Zato bo, brez Bruslja, vlo\u017eila to\u017ebo na Sodi\u0161\u010de EU.","og_url":"https:\/\/hudo.com\/si\/aktualno\/slovenija-hrvaska-leto-dni-po-razsodbi-o-poteku-meje-se-vedno-vsaka-na-svojem-bregu\/","og_site_name":"Hudo Slovenija","article_publisher":"https:\/\/www.facebook.com\/hudo.si","article_published_time":"2018-06-29T06:16:27+00:00","og_image":[{"width":1250,"height":765,"url":"https:\/\/hudo.com\/si\/wp-content\/uploads\/sites\/2\/2018\/01\/profimedia-0330746611.jpg","type":"image\/jpeg"}],"author":"M. N., STA","twitter_card":"summary_large_image","twitter_creator":"@hudo_si","twitter_site":"@hudo_si","twitter_misc":{"Written by":"M. N., STA","Est. reading time":"2 minuti"},"schema":{"@context":"https:\/\/schema.org","@graph":[{"@type":"Article","@id":"https:\/\/hudo.com\/si\/aktualno\/slovenija-hrvaska-leto-dni-po-razsodbi-o-poteku-meje-se-vedno-vsaka-na-svojem-bregu\/#article","isPartOf":{"@id":"https:\/\/hudo.com\/si\/aktualno\/slovenija-hrvaska-leto-dni-po-razsodbi-o-poteku-meje-se-vedno-vsaka-na-svojem-bregu\/"},"author":{"name":"M. N., STA","@id":"https:\/\/hudo.com\/si\/#\/schema\/person\/c2f10ce65d2e6ede2aeda5be2a0611fa"},"headline":"Slovenija in Hrva\u0161ka leto dni po razsodbi o poteku meje \u0161e vedno vsaka na svojem bregu","datePublished":"2018-06-29T06:16:27+00:00","dateModified":"2018-06-29T06:16:27+00:00","mainEntityOfPage":{"@id":"https:\/\/hudo.com\/si\/aktualno\/slovenija-hrvaska-leto-dni-po-razsodbi-o-poteku-meje-se-vedno-vsaka-na-svojem-bregu\/"},"wordCount":357,"publisher":{"@id":"https:\/\/hudo.com\/si\/#organization"},"keywords":["arbitra\u017ea","hrva\u0161ka","Slovenija"],"articleSection":["Aktualno"],"inLanguage":"sl-SI"},{"@type":"WebPage","@id":"https:\/\/hudo.com\/si\/aktualno\/slovenija-hrvaska-leto-dni-po-razsodbi-o-poteku-meje-se-vedno-vsaka-na-svojem-bregu\/","url":"https:\/\/hudo.com\/si\/aktualno\/slovenija-hrvaska-leto-dni-po-razsodbi-o-poteku-meje-se-vedno-vsaka-na-svojem-bregu\/","name":"Slovenija in Hrva\u0161ka leto dni po razsodbi o poteku meje \u0161e vedno vsaka na svojem bregu - Hudo Slovenija","isPartOf":{"@id":"https:\/\/hudo.com\/si\/#website"},"datePublished":"2018-06-29T06:16:27+00:00","dateModified":"2018-06-29T06:16:27+00:00","breadcrumb":{"@id":"https:\/\/hudo.com\/si\/aktualno\/slovenija-hrvaska-leto-dni-po-razsodbi-o-poteku-meje-se-vedno-vsaka-na-svojem-bregu\/#breadcrumb"},"inLanguage":"sl-SI","potentialAction":[{"@type":"ReadAction","target":["https:\/\/hudo.com\/si\/aktualno\/slovenija-hrvaska-leto-dni-po-razsodbi-o-poteku-meje-se-vedno-vsaka-na-svojem-bregu\/"]}]},{"@type":"BreadcrumbList","@id":"https:\/\/hudo.com\/si\/aktualno\/slovenija-hrvaska-leto-dni-po-razsodbi-o-poteku-meje-se-vedno-vsaka-na-svojem-bregu\/#breadcrumb","itemListElement":[{"@type":"ListItem","position":1,"name":"Home","item":"https:\/\/hudo.com\/si\/"},{"@type":"ListItem","position":2,"name":"Slovenija in Hrva\u0161ka leto dni po razsodbi o poteku meje \u0161e vedno vsaka na svojem bregu"}]},{"@type":"WebSite","@id":"https:\/\/hudo.com\/si\/#website","url":"https:\/\/hudo.com\/si\/","name":"Hudo Slovenija","description":"Vse novice iz Slovenije in sveta","publisher":{"@id":"https:\/\/hudo.com\/si\/#organization"},"potentialAction":[{"@type":"SearchAction","target":{"@type":"EntryPoint","urlTemplate":"https:\/\/hudo.com\/si\/?s={search_term_string}"},"query-input":"required name=search_term_string"}],"inLanguage":"sl-SI"},{"@type":"Organization","@id":"https:\/\/hudo.com\/si\/#organization","name":"VSN Media","url":"https:\/\/hudo.com\/si\/","logo":{"@type":"ImageObject","inLanguage":"sl-SI","@id":"https:\/\/hudo.com\/si\/#\/schema\/logo\/image\/","url":"https:\/\/hudo.com\/si\/wp-content\/uploads\/sites\/2\/2021\/03\/hudo-app-2.png","contentUrl":"https:\/\/hudo.com\/si\/wp-content\/uploads\/sites\/2\/2021\/03\/hudo-app-2.png","width":2185,"height":2167,"caption":"VSN Media"},"image":{"@id":"https:\/\/hudo.com\/si\/#\/schema\/logo\/image\/"},"sameAs":["https:\/\/www.facebook.com\/hudo.si","https:\/\/twitter.com\/hudo_si"]},{"@type":"Person","@id":"https:\/\/hudo.com\/si\/#\/schema\/person\/c2f10ce65d2e6ede2aeda5be2a0611fa","name":"M. N., STA","image":{"@type":"ImageObject","inLanguage":"sl-SI","@id":"https:\/\/hudo.com\/si\/#\/schema\/person\/image\/","url":"https:\/\/secure.gravatar.com\/avatar\/f370d38daa10467f755c5c766a4cac20?s=96&d=mm&r=g","contentUrl":"https:\/\/secure.gravatar.com\/avatar\/f370d38daa10467f755c5c766a4cac20?s=96&d=mm&r=g","caption":"M. N., STA"},"url":"https:\/\/hudo.com\/si\/author\/mana\/"}]}},"amp_enabled":true,"_links":{"self":[{"href":"https:\/\/hudo.com\/si\/wp-json\/wp\/v2\/posts\/372843"}],"collection":[{"href":"https:\/\/hudo.com\/si\/wp-json\/wp\/v2\/posts"}],"about":[{"href":"https:\/\/hudo.com\/si\/wp-json\/wp\/v2\/types\/post"}],"author":[{"embeddable":true,"href":"https:\/\/hudo.com\/si\/wp-json\/wp\/v2\/users\/8"}],"replies":[{"embeddable":true,"href":"https:\/\/hudo.com\/si\/wp-json\/wp\/v2\/comments?post=372843"}],"version-history":[{"count":1,"href":"https:\/\/hudo.com\/si\/wp-json\/wp\/v2\/posts\/372843\/revisions"}],"predecessor-version":[{"id":372844,"href":"https:\/\/hudo.com\/si\/wp-json\/wp\/v2\/posts\/372843\/revisions\/372844"}],"wp:featuredmedia":[{"embeddable":true,"href":"https:\/\/hudo.com\/si\/wp-json\/wp\/v2\/media\/352986"}],"wp:attachment":[{"href":"https:\/\/hudo.com\/si\/wp-json\/wp\/v2\/media?parent=372843"}],"wp:term":[{"taxonomy":"category","embeddable":true,"href":"https:\/\/hudo.com\/si\/wp-json\/wp\/v2\/categories?post=372843"},{"taxonomy":"post_tag","embeddable":true,"href":"https:\/\/hudo.com\/si\/wp-json\/wp\/v2\/tags?post=372843"},{"taxonomy":"source","embeddable":true,"href":"https:\/\/hudo.com\/si\/wp-json\/wp\/v2\/source?post=372843"},{"taxonomy":"supertag","embeddable":true,"href":"https:\/\/hudo.com\/si\/wp-json\/wp\/v2\/supertag?post=372843"}],"curies":[{"name":"wp","href":"https:\/\/api.w.org\/{rel}","templated":true}]}}