{"id":372878,"date":"2018-06-29T17:45:57","date_gmt":"2018-06-29T15:45:57","guid":{"rendered":"http:\/\/hudo.com\/si\/?p=372878"},"modified":"2018-06-29T17:45:57","modified_gmt":"2018-06-29T15:45:57","slug":"drzavni-pogreb-za-igralko-stefko-drolc-bo-v-ponedeljek","status":"publish","type":"post","link":"https:\/\/hudo.com\/si\/aktualno\/drzavni-pogreb-za-igralko-stefko-drolc-bo-v-ponedeljek\/","title":{"rendered":"Dr\u017eavni pogreb za igralko \u0160tefko Drolc bo v ponedeljek"},"content":{"rendered":"<p>Njena visoka kakovost je bila povezana z globoko humanim in humanisti\u010dnim odnosom do \u010dloveka in sveta v celoti. Ne le da je bila izjemna interpretka zelo \u0161tevilnih in zelo razli\u010dnih vlog, izjemna je bila tudi po tem, da je znala v prav vsaki vlogi najti razse\u017enost \u010dlove\u010dnosti in njeno najglobljo duhovno in \u010dustveno podstat ter jo tako pribli\u017eati slehernemu gledalcu ali poslu\u0161alcu, so sporo\u010dili z urada vlade za komuniciranje.<\/p>\n<p>\u0160tefka Drolc je igralsko kariero je za\u010dela kot ljubiteljska igralka v Mariboru, pozneje pa je delala v Drami SNG Maribor, pri Triglav filmu, v Slovenskem stalnem gledali\u0161\u010du v Trstu ter v SNG Drama v Ljubljani. Od leta 1982 je pou\u010devala tudi na AGRFT v Ljubljani.<\/p>\n<p>Za svoje bogato ustvarjanje je prejela \u0161tevilne nagrade: Pre\u0161ernovo (1964), Severjevo (1977), tri Bor\u0161tnikove (1980, 1982, 1997), Bor\u0161tnikov prstan (1983), srebrni \u010dastni znak svobode (1996) in Pre\u0161ernovo nagrado (2009). Leta 2014 je prejela tudi nagrado bert za \u017eivljenjsko delo na podro\u010dju filma.<\/p>\n","protected":false},"excerpt":{"rendered":"<p>Vlada je na dana\u0161nji dopisni seji sklenila, da bodo za v ponedeljek preminulo igralko \u0160tefko Drolc organizirali dr\u017eavni pogreb z voja\u0161kimi \u010dastmi. \u0160tefka Drolc je bila ena najve\u010djih igralk in ena naj\u017elahtnej\u0161ih in najbolj plemenitih mentoric ter prijateljic \u0161tevilnih generacij igralcev in sodelavcev gledali\u0161\u010da, filma, televizije in radia.<\/p>\n","protected":false},"author":7,"featured_media":372622,"comment_status":"closed","ping_status":"closed","sticky":false,"template":"","format":"standard","meta":{"footnotes":""},"categories":[1179],"tags":[4865,1595,11449],"source":[4511],"supertag":[],"acf":[],"yoast_head":"<!-- This site is optimized with the Yoast SEO plugin v21.3 - https:\/\/yoast.com\/wordpress\/plugins\/seo\/ -->\n<title>Dr\u017eavni pogreb za igralko \u0160tefko Drolc bo v ponedeljek - Hudo Slovenija<\/title>\n<meta name=\"robots\" content=\"index, follow, max-snippet:-1, max-image-preview:large, max-video-preview:-1\" \/>\n<link rel=\"canonical\" href=\"https:\/\/hudo.com\/si\/aktualno\/drzavni-pogreb-za-igralko-stefko-drolc-bo-v-ponedeljek\/\" \/>\n<meta property=\"og:locale\" content=\"sl_SI\" \/>\n<meta property=\"og:type\" content=\"article\" \/>\n<meta property=\"og:title\" content=\"Dr\u017eavni pogreb za igralko \u0160tefko Drolc bo v ponedeljek - Hudo Slovenija\" \/>\n<meta property=\"og:description\" content=\"Vlada je na dana\u0161nji dopisni seji sklenila, da bodo za v ponedeljek preminulo igralko \u0160tefko Drolc organizirali dr\u017eavni pogreb z voja\u0161kimi \u010dastmi. \u0160tefka Drolc je bila ena najve\u010djih igralk in ena naj\u017elahtnej\u0161ih in najbolj plemenitih mentoric ter prijateljic \u0161tevilnih generacij igralcev in sodelavcev gledali\u0161\u010da, filma, televizije in radia.\" \/>\n<meta property=\"og:url\" content=\"https:\/\/hudo.com\/si\/aktualno\/drzavni-pogreb-za-igralko-stefko-drolc-bo-v-ponedeljek\/\" \/>\n<meta property=\"og:site_name\" content=\"Hudo Slovenija\" \/>\n<meta property=\"article:publisher\" content=\"https:\/\/www.facebook.com\/hudo.si\" \/>\n<meta property=\"article:published_time\" content=\"2018-06-29T15:45:57+00:00\" \/>\n<meta property=\"og:image\" content=\"https:\/\/hudo.com\/si\/wp-content\/uploads\/sites\/2\/2018\/06\/20150508-00606004.jpg\" \/>\n\t<meta property=\"og:image:width\" content=\"640\" \/>\n\t<meta property=\"og:image:height\" content=\"425\" \/>\n\t<meta property=\"og:image:type\" content=\"image\/jpeg\" \/>\n<meta name=\"author\" content=\"A. P., STA\" \/>\n<meta name=\"twitter:card\" content=\"summary_large_image\" \/>\n<meta name=\"twitter:creator\" content=\"@hudo_si\" \/>\n<meta name=\"twitter:site\" content=\"@hudo_si\" \/>\n<meta name=\"twitter:label1\" content=\"Written by\" \/>\n\t<meta name=\"twitter:data1\" content=\"A. P., STA\" \/>\n\t<meta name=\"twitter:label2\" content=\"Est. reading time\" \/>\n\t<meta name=\"twitter:data2\" content=\"1 minuta\" \/>\n<script type=\"application\/ld+json\" class=\"yoast-schema-graph\">{\"@context\":\"https:\/\/schema.org\",\"@graph\":[{\"@type\":\"Article\",\"@id\":\"https:\/\/hudo.com\/si\/aktualno\/drzavni-pogreb-za-igralko-stefko-drolc-bo-v-ponedeljek\/#article\",\"isPartOf\":{\"@id\":\"https:\/\/hudo.com\/si\/aktualno\/drzavni-pogreb-za-igralko-stefko-drolc-bo-v-ponedeljek\/\"},\"author\":{\"name\":\"A. P., STA\",\"@id\":\"https:\/\/hudo.com\/si\/#\/schema\/person\/18f09c02475ba9e606e941a565b80cff\"},\"headline\":\"Dr\u017eavni pogreb za igralko \u0160tefko Drolc bo v ponedeljek\",\"datePublished\":\"2018-06-29T15:45:57+00:00\",\"dateModified\":\"2018-06-29T15:45:57+00:00\",\"mainEntityOfPage\":{\"@id\":\"https:\/\/hudo.com\/si\/aktualno\/drzavni-pogreb-za-igralko-stefko-drolc-bo-v-ponedeljek\/\"},\"wordCount\":171,\"publisher\":{\"@id\":\"https:\/\/hudo.com\/si\/#organization\"},\"keywords\":[\"kultura\",\"Slovenija\",\"\u0160tefka Drolc\"],\"articleSection\":[\"Aktualno\"],\"inLanguage\":\"sl-SI\"},{\"@type\":\"WebPage\",\"@id\":\"https:\/\/hudo.com\/si\/aktualno\/drzavni-pogreb-za-igralko-stefko-drolc-bo-v-ponedeljek\/\",\"url\":\"https:\/\/hudo.com\/si\/aktualno\/drzavni-pogreb-za-igralko-stefko-drolc-bo-v-ponedeljek\/\",\"name\":\"Dr\u017eavni pogreb za igralko \u0160tefko Drolc bo v ponedeljek - Hudo Slovenija\",\"isPartOf\":{\"@id\":\"https:\/\/hudo.com\/si\/#website\"},\"datePublished\":\"2018-06-29T15:45:57+00:00\",\"dateModified\":\"2018-06-29T15:45:57+00:00\",\"breadcrumb\":{\"@id\":\"https:\/\/hudo.com\/si\/aktualno\/drzavni-pogreb-za-igralko-stefko-drolc-bo-v-ponedeljek\/#breadcrumb\"},\"inLanguage\":\"sl-SI\",\"potentialAction\":[{\"@type\":\"ReadAction\",\"target\":[\"https:\/\/hudo.com\/si\/aktualno\/drzavni-pogreb-za-igralko-stefko-drolc-bo-v-ponedeljek\/\"]}]},{\"@type\":\"BreadcrumbList\",\"@id\":\"https:\/\/hudo.com\/si\/aktualno\/drzavni-pogreb-za-igralko-stefko-drolc-bo-v-ponedeljek\/#breadcrumb\",\"itemListElement\":[{\"@type\":\"ListItem\",\"position\":1,\"name\":\"Home\",\"item\":\"https:\/\/hudo.com\/si\/\"},{\"@type\":\"ListItem\",\"position\":2,\"name\":\"Dr\u017eavni pogreb za igralko \u0160tefko Drolc bo v ponedeljek\"}]},{\"@type\":\"WebSite\",\"@id\":\"https:\/\/hudo.com\/si\/#website\",\"url\":\"https:\/\/hudo.com\/si\/\",\"name\":\"Hudo Slovenija\",\"description\":\"Vse novice iz Slovenije in sveta\",\"publisher\":{\"@id\":\"https:\/\/hudo.com\/si\/#organization\"},\"potentialAction\":[{\"@type\":\"SearchAction\",\"target\":{\"@type\":\"EntryPoint\",\"urlTemplate\":\"https:\/\/hudo.com\/si\/?s={search_term_string}\"},\"query-input\":\"required name=search_term_string\"}],\"inLanguage\":\"sl-SI\"},{\"@type\":\"Organization\",\"@id\":\"https:\/\/hudo.com\/si\/#organization\",\"name\":\"VSN Media\",\"url\":\"https:\/\/hudo.com\/si\/\",\"logo\":{\"@type\":\"ImageObject\",\"inLanguage\":\"sl-SI\",\"@id\":\"https:\/\/hudo.com\/si\/#\/schema\/logo\/image\/\",\"url\":\"https:\/\/hudo.com\/si\/wp-content\/uploads\/sites\/2\/2021\/03\/hudo-app-2.png\",\"contentUrl\":\"https:\/\/hudo.com\/si\/wp-content\/uploads\/sites\/2\/2021\/03\/hudo-app-2.png\",\"width\":2185,\"height\":2167,\"caption\":\"VSN Media\"},\"image\":{\"@id\":\"https:\/\/hudo.com\/si\/#\/schema\/logo\/image\/\"},\"sameAs\":[\"https:\/\/www.facebook.com\/hudo.si\",\"https:\/\/twitter.com\/hudo_si\"]},{\"@type\":\"Person\",\"@id\":\"https:\/\/hudo.com\/si\/#\/schema\/person\/18f09c02475ba9e606e941a565b80cff\",\"name\":\"A. P., STA\",\"image\":{\"@type\":\"ImageObject\",\"inLanguage\":\"sl-SI\",\"@id\":\"https:\/\/hudo.com\/si\/#\/schema\/person\/image\/\",\"url\":\"https:\/\/secure.gravatar.com\/avatar\/03eac8e609f5f04383125d80eaeaaf3e?s=96&d=mm&r=g\",\"contentUrl\":\"https:\/\/secure.gravatar.com\/avatar\/03eac8e609f5f04383125d80eaeaaf3e?s=96&d=mm&r=g\",\"caption\":\"A. P., STA\"},\"url\":\"https:\/\/hudo.com\/si\/author\/lubu\/\"}]}<\/script>\n<!-- \/ Yoast SEO plugin. -->","yoast_head_json":{"title":"Dr\u017eavni pogreb za igralko \u0160tefko Drolc bo v ponedeljek - Hudo Slovenija","robots":{"index":"index","follow":"follow","max-snippet":"max-snippet:-1","max-image-preview":"max-image-preview:large","max-video-preview":"max-video-preview:-1"},"canonical":"https:\/\/hudo.com\/si\/aktualno\/drzavni-pogreb-za-igralko-stefko-drolc-bo-v-ponedeljek\/","og_locale":"sl_SI","og_type":"article","og_title":"Dr\u017eavni pogreb za igralko \u0160tefko Drolc bo v ponedeljek - Hudo Slovenija","og_description":"Vlada je na dana\u0161nji dopisni seji sklenila, da bodo za v ponedeljek preminulo igralko \u0160tefko Drolc organizirali dr\u017eavni pogreb z voja\u0161kimi \u010dastmi. \u0160tefka Drolc je bila ena najve\u010djih igralk in ena naj\u017elahtnej\u0161ih in najbolj plemenitih mentoric ter prijateljic \u0161tevilnih generacij igralcev in sodelavcev gledali\u0161\u010da, filma, televizije in radia.","og_url":"https:\/\/hudo.com\/si\/aktualno\/drzavni-pogreb-za-igralko-stefko-drolc-bo-v-ponedeljek\/","og_site_name":"Hudo Slovenija","article_publisher":"https:\/\/www.facebook.com\/hudo.si","article_published_time":"2018-06-29T15:45:57+00:00","og_image":[{"width":640,"height":425,"url":"https:\/\/hudo.com\/si\/wp-content\/uploads\/sites\/2\/2018\/06\/20150508-00606004.jpg","type":"image\/jpeg"}],"author":"A. P., STA","twitter_card":"summary_large_image","twitter_creator":"@hudo_si","twitter_site":"@hudo_si","twitter_misc":{"Written by":"A. P., STA","Est. reading time":"1 minuta"},"schema":{"@context":"https:\/\/schema.org","@graph":[{"@type":"Article","@id":"https:\/\/hudo.com\/si\/aktualno\/drzavni-pogreb-za-igralko-stefko-drolc-bo-v-ponedeljek\/#article","isPartOf":{"@id":"https:\/\/hudo.com\/si\/aktualno\/drzavni-pogreb-za-igralko-stefko-drolc-bo-v-ponedeljek\/"},"author":{"name":"A. P., STA","@id":"https:\/\/hudo.com\/si\/#\/schema\/person\/18f09c02475ba9e606e941a565b80cff"},"headline":"Dr\u017eavni pogreb za igralko \u0160tefko Drolc bo v ponedeljek","datePublished":"2018-06-29T15:45:57+00:00","dateModified":"2018-06-29T15:45:57+00:00","mainEntityOfPage":{"@id":"https:\/\/hudo.com\/si\/aktualno\/drzavni-pogreb-za-igralko-stefko-drolc-bo-v-ponedeljek\/"},"wordCount":171,"publisher":{"@id":"https:\/\/hudo.com\/si\/#organization"},"keywords":["kultura","Slovenija","\u0160tefka Drolc"],"articleSection":["Aktualno"],"inLanguage":"sl-SI"},{"@type":"WebPage","@id":"https:\/\/hudo.com\/si\/aktualno\/drzavni-pogreb-za-igralko-stefko-drolc-bo-v-ponedeljek\/","url":"https:\/\/hudo.com\/si\/aktualno\/drzavni-pogreb-za-igralko-stefko-drolc-bo-v-ponedeljek\/","name":"Dr\u017eavni pogreb za igralko \u0160tefko Drolc bo v ponedeljek - Hudo Slovenija","isPartOf":{"@id":"https:\/\/hudo.com\/si\/#website"},"datePublished":"2018-06-29T15:45:57+00:00","dateModified":"2018-06-29T15:45:57+00:00","breadcrumb":{"@id":"https:\/\/hudo.com\/si\/aktualno\/drzavni-pogreb-za-igralko-stefko-drolc-bo-v-ponedeljek\/#breadcrumb"},"inLanguage":"sl-SI","potentialAction":[{"@type":"ReadAction","target":["https:\/\/hudo.com\/si\/aktualno\/drzavni-pogreb-za-igralko-stefko-drolc-bo-v-ponedeljek\/"]}]},{"@type":"BreadcrumbList","@id":"https:\/\/hudo.com\/si\/aktualno\/drzavni-pogreb-za-igralko-stefko-drolc-bo-v-ponedeljek\/#breadcrumb","itemListElement":[{"@type":"ListItem","position":1,"name":"Home","item":"https:\/\/hudo.com\/si\/"},{"@type":"ListItem","position":2,"name":"Dr\u017eavni pogreb za igralko \u0160tefko Drolc bo v ponedeljek"}]},{"@type":"WebSite","@id":"https:\/\/hudo.com\/si\/#website","url":"https:\/\/hudo.com\/si\/","name":"Hudo Slovenija","description":"Vse novice iz Slovenije in sveta","publisher":{"@id":"https:\/\/hudo.com\/si\/#organization"},"potentialAction":[{"@type":"SearchAction","target":{"@type":"EntryPoint","urlTemplate":"https:\/\/hudo.com\/si\/?s={search_term_string}"},"query-input":"required name=search_term_string"}],"inLanguage":"sl-SI"},{"@type":"Organization","@id":"https:\/\/hudo.com\/si\/#organization","name":"VSN Media","url":"https:\/\/hudo.com\/si\/","logo":{"@type":"ImageObject","inLanguage":"sl-SI","@id":"https:\/\/hudo.com\/si\/#\/schema\/logo\/image\/","url":"https:\/\/hudo.com\/si\/wp-content\/uploads\/sites\/2\/2021\/03\/hudo-app-2.png","contentUrl":"https:\/\/hudo.com\/si\/wp-content\/uploads\/sites\/2\/2021\/03\/hudo-app-2.png","width":2185,"height":2167,"caption":"VSN Media"},"image":{"@id":"https:\/\/hudo.com\/si\/#\/schema\/logo\/image\/"},"sameAs":["https:\/\/www.facebook.com\/hudo.si","https:\/\/twitter.com\/hudo_si"]},{"@type":"Person","@id":"https:\/\/hudo.com\/si\/#\/schema\/person\/18f09c02475ba9e606e941a565b80cff","name":"A. P., STA","image":{"@type":"ImageObject","inLanguage":"sl-SI","@id":"https:\/\/hudo.com\/si\/#\/schema\/person\/image\/","url":"https:\/\/secure.gravatar.com\/avatar\/03eac8e609f5f04383125d80eaeaaf3e?s=96&d=mm&r=g","contentUrl":"https:\/\/secure.gravatar.com\/avatar\/03eac8e609f5f04383125d80eaeaaf3e?s=96&d=mm&r=g","caption":"A. P., STA"},"url":"https:\/\/hudo.com\/si\/author\/lubu\/"}]}},"amp_enabled":true,"_links":{"self":[{"href":"https:\/\/hudo.com\/si\/wp-json\/wp\/v2\/posts\/372878"}],"collection":[{"href":"https:\/\/hudo.com\/si\/wp-json\/wp\/v2\/posts"}],"about":[{"href":"https:\/\/hudo.com\/si\/wp-json\/wp\/v2\/types\/post"}],"author":[{"embeddable":true,"href":"https:\/\/hudo.com\/si\/wp-json\/wp\/v2\/users\/7"}],"replies":[{"embeddable":true,"href":"https:\/\/hudo.com\/si\/wp-json\/wp\/v2\/comments?post=372878"}],"version-history":[{"count":1,"href":"https:\/\/hudo.com\/si\/wp-json\/wp\/v2\/posts\/372878\/revisions"}],"predecessor-version":[{"id":372879,"href":"https:\/\/hudo.com\/si\/wp-json\/wp\/v2\/posts\/372878\/revisions\/372879"}],"wp:featuredmedia":[{"embeddable":true,"href":"https:\/\/hudo.com\/si\/wp-json\/wp\/v2\/media\/372622"}],"wp:attachment":[{"href":"https:\/\/hudo.com\/si\/wp-json\/wp\/v2\/media?parent=372878"}],"wp:term":[{"taxonomy":"category","embeddable":true,"href":"https:\/\/hudo.com\/si\/wp-json\/wp\/v2\/categories?post=372878"},{"taxonomy":"post_tag","embeddable":true,"href":"https:\/\/hudo.com\/si\/wp-json\/wp\/v2\/tags?post=372878"},{"taxonomy":"source","embeddable":true,"href":"https:\/\/hudo.com\/si\/wp-json\/wp\/v2\/source?post=372878"},{"taxonomy":"supertag","embeddable":true,"href":"https:\/\/hudo.com\/si\/wp-json\/wp\/v2\/supertag?post=372878"}],"curies":[{"name":"wp","href":"https:\/\/api.w.org\/{rel}","templated":true}]}}