{"id":372895,"date":"2018-06-30T15:39:27","date_gmt":"2018-06-30T13:39:27","guid":{"rendered":"http:\/\/hudo.com\/si\/?p=372895"},"modified":"2018-06-30T15:39:27","modified_gmt":"2018-06-30T13:39:27","slug":"je-slovenija-zavrnila-angelo-merkel","status":"publish","type":"post","link":"https:\/\/hudo.com\/si\/aktualno\/je-slovenija-zavrnila-angelo-merkel\/","title":{"rendered":"Je Slovenija zavrnila Angelo Merkel?"},"content":{"rendered":"<p>Dr\u017eave so privolile v hitro deportacijo migrantov, ki bodo v Nem\u010diji zavrnjeni, ker ne bodo imeli pravice zaprositi za azil ali pa bodo njihove pro\u0161nje zavrnjene, pi\u0161e v osem strani dolgem pismu kanclerke. Med temi dr\u017eavami so \u010ce\u0161ka, Mad\u017earska in Poljska, ki so sicer znane po ostrih stali\u0161\u010dih do kanclerkine priseljenske politike.<\/p>\n<p>Druge dr\u017eave so Belgija, Danska, Estonija, Finska, Francija, Litva, Latvija, Luksemburg, Nizozemska, Portugalska in \u0160vedska. Po navedbah nem\u0161ke tiskovne agencije dpa med njimi ni Slovenije.<\/p>\n<p>Kanclerka se je zavzela tudi za vzpostavitev posebnih centrov na nem\u0161ki meji za obravnavo migrantov, ki so bili \u017ee zabele\u017eeni v sistemu Eurodac, evropski podatkovni zbirki prstnih odtisov. To pomeni, da so bili registrirani v drugi dr\u017eavi. V te centre bodo namestili tudi tiste, ki so sku\u0161ali v Nem\u010dijo vstopiti prek zelene meje.<\/p>\n<p>Migranti bodo v centrih podvr\u017eeni pospe\u0161enemu postopku, kar pomeni, da bo azilni postopek kon\u010dan v enem tednu. Tam jim bodo izdali tudi poseben dokument, ki jim bo prepovedoval, da se oddaljijo od centra.<\/p>\n<p>Med zgoraj omenjenimi dr\u017eavami ni \u0160panije in Gr\u010dije, s katerima je Nem\u010dija sklenila poseben tristranski dogovor o vra\u010danju migrantov, ki so bili registrirani v teh dveh dr\u017eavah. Ti migranti tudi ne bodo obravnavani v centrih za pospe\u0161eno obravnavo.<\/p>\n<p>Operativne podrobnosti dogovora z Atenami in Madridom bodo dolo\u010dili v prihodnjih \u0161tirih tednih, za pogajanja pa bo zadol\u017een nem\u0161ki notranji minister Horst Seehofer iz Kr\u0161\u010dansko-socialne unije (CSU).<\/p>\n<p>V pismu, ki ga je Merklova poslala vodstvoma CSU in socialdemokratov (SPD), je napovedala \u0161e, da bodo nem\u0161ke zvezne policiste poslali v Bolgarijo, kjer bodo sodelovali pri krepitvi zunanje meje EU. Nem\u0161ka policija pa bo okrepila tudi Frontexove sile na gr\u0161ki meji z Makedonijo in Albanijo. Merklova \u017eeli te ukrepe uveljaviti do konca avgusta.<\/p>\n<p>&#8220;Pripravljeni pa moramo biti tudi Slovenijo in Hrva\u0161ko podpreti pri varovanju meja, \u010de bo potrebno,&#8221; je \u0161e povedala. Zavzela se je tudi za ostrej\u0161i nadzor nad zlorabami schengenskih vizumov.<\/p>\n<p>Vpra\u0161anje, ali bodo sklepi vrha EU in dogovori z dr\u017eavami o vra\u010danju migrantov zadostovali, da bo bavarska CSU zakopala bojno sekiro v sporu s sestrsko Kr\u0161\u010dansko-demokratsko unijo (CDU), ostaja odprto. Seehofer je namre\u010d pred vrhom grozil, da bo na meji z julijem za\u010del zavra\u010dati migrante, \u010de Merklova ne bo na\u0161la evropske re\u0161itve.<\/p>\n<p>Notranji minister naj bi svojim sodelavcem naro\u010dil, naj preu\u010dijo predlagane ukrepe. Sam naj se danes \u0161e ne bi javno opredelil do predlogov in predstavil nadaljnjih korakov v sporu z Merklovo. V nedeljo se bosta sicer lo\u010deno sestali vodstvi CDU in CSU, ki bosta razpravljali o predlogih in nadaljnjih ukrepih.<\/p>\n<p>Bavarski ministrski predsednik Markus S\u00f6der je danes povedal, da so evropski voditelji dosegli ve\u010d, ko je bilo pri\u010dakovano, vendar pa sklepi \u0161e vedno dovoljujejo nacionalne ukrepe.<\/p>\n<p>V uradu nem\u0161ke kanclerke so danes poudarili, da sklepi vrha ne dajejo bianco menice za enostransko zapiranje meja. Na vrhu so se dogovorili za uveljavitev notranjih ukrepov proti sekundarnim migracijam, so dejali in dodali, da je Merklova \u017ee v petek povedala, da sklepi vrha in dogovori zadostujejo zahtevam Seehoferja.<\/p>\n<p>Vodja SPD Andrea Nahles pa je zahtevala konec vladne krize, povezane z upravljanjem migracij. CSU je pozvala, naj na osnovi rezultatov vrha &#8220;kon\u010dajo instrumentalizacijo te teme in pridejo k pameti&#8221;. Po njenem mnenju enostransko zavra\u010danje migrantov na nem\u0161ki meji ni ve\u010d na mizi.<\/p>\n<p>Evropski voditelji so se v petek med drugim dogovorili o centrih za obravnavo migrantov zunaj EU in da bodo lahko \u010dlanice prostovoljno vzpostavile centre tudi znotraj unije. Okrepili bi tudi varovanje zunanjih meja.<\/p>\n","protected":false},"excerpt":{"rendered":"<p>Nem\u010dija je od 14 dr\u017eav dobila soglasje, da bodo sprejemale migrante, ki jih bo Nem\u010dija zavrnila, je nem\u0161ka kanclerka Angela Merkel zapisala v pismu o dogovoru, ki ga je poslala koalicijskima partnericama. Pozvala je tudi k vzpostavitvi posebnih centrov za obravnavo teh migrantov.<\/p>\n","protected":false},"author":7,"featured_media":333049,"comment_status":"closed","ping_status":"closed","sticky":false,"template":"","format":"standard","meta":{"footnotes":""},"categories":[1179],"tags":[4838,1910,5465,3628,6166,1595],"source":[4511],"supertag":[],"acf":[],"yoast_head":"<!-- This site is optimized with the Yoast SEO plugin v21.3 - https:\/\/yoast.com\/wordpress\/plugins\/seo\/ -->\n<title>Je Slovenija zavrnila Angelo Merkel? - Hudo Slovenija<\/title>\n<meta name=\"robots\" content=\"index, follow, max-snippet:-1, max-image-preview:large, max-video-preview:-1\" \/>\n<link rel=\"canonical\" href=\"https:\/\/hudo.com\/si\/aktualno\/je-slovenija-zavrnila-angelo-merkel\/\" \/>\n<meta property=\"og:locale\" content=\"sl_SI\" \/>\n<meta property=\"og:type\" content=\"article\" \/>\n<meta property=\"og:title\" content=\"Je Slovenija zavrnila Angelo Merkel? - Hudo Slovenija\" \/>\n<meta property=\"og:description\" content=\"Nem\u010dija je od 14 dr\u017eav dobila soglasje, da bodo sprejemale migrante, ki jih bo Nem\u010dija zavrnila, je nem\u0161ka kanclerka Angela Merkel zapisala v pismu o dogovoru, ki ga je poslala koalicijskima partnericama. Pozvala je tudi k vzpostavitvi posebnih centrov za obravnavo teh migrantov.\" \/>\n<meta property=\"og:url\" content=\"https:\/\/hudo.com\/si\/aktualno\/je-slovenija-zavrnila-angelo-merkel\/\" \/>\n<meta property=\"og:site_name\" content=\"Hudo Slovenija\" \/>\n<meta property=\"article:publisher\" content=\"https:\/\/www.facebook.com\/hudo.si\" \/>\n<meta property=\"article:published_time\" content=\"2018-06-30T13:39:27+00:00\" \/>\n<meta property=\"og:image\" content=\"https:\/\/hudo.com\/si\/wp-content\/uploads\/sites\/2\/2017\/12\/profimedia-0357734320.jpg\" \/>\n\t<meta property=\"og:image:width\" content=\"1250\" \/>\n\t<meta property=\"og:image:height\" content=\"833\" \/>\n\t<meta property=\"og:image:type\" content=\"image\/jpeg\" \/>\n<meta name=\"author\" content=\"A. P., STA\" \/>\n<meta name=\"twitter:card\" content=\"summary_large_image\" \/>\n<meta name=\"twitter:creator\" content=\"@hudo_si\" \/>\n<meta name=\"twitter:site\" content=\"@hudo_si\" \/>\n<meta name=\"twitter:label1\" content=\"Written by\" \/>\n\t<meta name=\"twitter:data1\" content=\"A. P., STA\" \/>\n\t<meta name=\"twitter:label2\" content=\"Est. reading time\" \/>\n\t<meta name=\"twitter:data2\" content=\"3 minute\" \/>\n<script type=\"application\/ld+json\" class=\"yoast-schema-graph\">{\"@context\":\"https:\/\/schema.org\",\"@graph\":[{\"@type\":\"Article\",\"@id\":\"https:\/\/hudo.com\/si\/aktualno\/je-slovenija-zavrnila-angelo-merkel\/#article\",\"isPartOf\":{\"@id\":\"https:\/\/hudo.com\/si\/aktualno\/je-slovenija-zavrnila-angelo-merkel\/\"},\"author\":{\"name\":\"A. P., STA\",\"@id\":\"https:\/\/hudo.com\/si\/#\/schema\/person\/18f09c02475ba9e606e941a565b80cff\"},\"headline\":\"Je Slovenija zavrnila Angelo Merkel?\",\"datePublished\":\"2018-06-30T13:39:27+00:00\",\"dateModified\":\"2018-06-30T13:39:27+00:00\",\"mainEntityOfPage\":{\"@id\":\"https:\/\/hudo.com\/si\/aktualno\/je-slovenija-zavrnila-angelo-merkel\/\"},\"wordCount\":618,\"publisher\":{\"@id\":\"https:\/\/hudo.com\/si\/#organization\"},\"keywords\":[\"Angela Merkel\",\"evropska unija\",\"migranti\",\"nem\u010dija\",\"prosilci za azil\",\"Slovenija\"],\"articleSection\":[\"Aktualno\"],\"inLanguage\":\"sl-SI\"},{\"@type\":\"WebPage\",\"@id\":\"https:\/\/hudo.com\/si\/aktualno\/je-slovenija-zavrnila-angelo-merkel\/\",\"url\":\"https:\/\/hudo.com\/si\/aktualno\/je-slovenija-zavrnila-angelo-merkel\/\",\"name\":\"Je Slovenija zavrnila Angelo Merkel? - Hudo Slovenija\",\"isPartOf\":{\"@id\":\"https:\/\/hudo.com\/si\/#website\"},\"datePublished\":\"2018-06-30T13:39:27+00:00\",\"dateModified\":\"2018-06-30T13:39:27+00:00\",\"breadcrumb\":{\"@id\":\"https:\/\/hudo.com\/si\/aktualno\/je-slovenija-zavrnila-angelo-merkel\/#breadcrumb\"},\"inLanguage\":\"sl-SI\",\"potentialAction\":[{\"@type\":\"ReadAction\",\"target\":[\"https:\/\/hudo.com\/si\/aktualno\/je-slovenija-zavrnila-angelo-merkel\/\"]}]},{\"@type\":\"BreadcrumbList\",\"@id\":\"https:\/\/hudo.com\/si\/aktualno\/je-slovenija-zavrnila-angelo-merkel\/#breadcrumb\",\"itemListElement\":[{\"@type\":\"ListItem\",\"position\":1,\"name\":\"Home\",\"item\":\"https:\/\/hudo.com\/si\/\"},{\"@type\":\"ListItem\",\"position\":2,\"name\":\"Je Slovenija zavrnila Angelo Merkel?\"}]},{\"@type\":\"WebSite\",\"@id\":\"https:\/\/hudo.com\/si\/#website\",\"url\":\"https:\/\/hudo.com\/si\/\",\"name\":\"Hudo Slovenija\",\"description\":\"Vse novice iz Slovenije in sveta\",\"publisher\":{\"@id\":\"https:\/\/hudo.com\/si\/#organization\"},\"potentialAction\":[{\"@type\":\"SearchAction\",\"target\":{\"@type\":\"EntryPoint\",\"urlTemplate\":\"https:\/\/hudo.com\/si\/?s={search_term_string}\"},\"query-input\":\"required name=search_term_string\"}],\"inLanguage\":\"sl-SI\"},{\"@type\":\"Organization\",\"@id\":\"https:\/\/hudo.com\/si\/#organization\",\"name\":\"VSN Media\",\"url\":\"https:\/\/hudo.com\/si\/\",\"logo\":{\"@type\":\"ImageObject\",\"inLanguage\":\"sl-SI\",\"@id\":\"https:\/\/hudo.com\/si\/#\/schema\/logo\/image\/\",\"url\":\"https:\/\/hudo.com\/si\/wp-content\/uploads\/sites\/2\/2021\/03\/hudo-app-2.png\",\"contentUrl\":\"https:\/\/hudo.com\/si\/wp-content\/uploads\/sites\/2\/2021\/03\/hudo-app-2.png\",\"width\":2185,\"height\":2167,\"caption\":\"VSN Media\"},\"image\":{\"@id\":\"https:\/\/hudo.com\/si\/#\/schema\/logo\/image\/\"},\"sameAs\":[\"https:\/\/www.facebook.com\/hudo.si\",\"https:\/\/twitter.com\/hudo_si\"]},{\"@type\":\"Person\",\"@id\":\"https:\/\/hudo.com\/si\/#\/schema\/person\/18f09c02475ba9e606e941a565b80cff\",\"name\":\"A. P., STA\",\"image\":{\"@type\":\"ImageObject\",\"inLanguage\":\"sl-SI\",\"@id\":\"https:\/\/hudo.com\/si\/#\/schema\/person\/image\/\",\"url\":\"https:\/\/secure.gravatar.com\/avatar\/03eac8e609f5f04383125d80eaeaaf3e?s=96&d=mm&r=g\",\"contentUrl\":\"https:\/\/secure.gravatar.com\/avatar\/03eac8e609f5f04383125d80eaeaaf3e?s=96&d=mm&r=g\",\"caption\":\"A. P., STA\"},\"url\":\"https:\/\/hudo.com\/si\/author\/lubu\/\"}]}<\/script>\n<!-- \/ Yoast SEO plugin. -->","yoast_head_json":{"title":"Je Slovenija zavrnila Angelo Merkel? - Hudo Slovenija","robots":{"index":"index","follow":"follow","max-snippet":"max-snippet:-1","max-image-preview":"max-image-preview:large","max-video-preview":"max-video-preview:-1"},"canonical":"https:\/\/hudo.com\/si\/aktualno\/je-slovenija-zavrnila-angelo-merkel\/","og_locale":"sl_SI","og_type":"article","og_title":"Je Slovenija zavrnila Angelo Merkel? - Hudo Slovenija","og_description":"Nem\u010dija je od 14 dr\u017eav dobila soglasje, da bodo sprejemale migrante, ki jih bo Nem\u010dija zavrnila, je nem\u0161ka kanclerka Angela Merkel zapisala v pismu o dogovoru, ki ga je poslala koalicijskima partnericama. Pozvala je tudi k vzpostavitvi posebnih centrov za obravnavo teh migrantov.","og_url":"https:\/\/hudo.com\/si\/aktualno\/je-slovenija-zavrnila-angelo-merkel\/","og_site_name":"Hudo Slovenija","article_publisher":"https:\/\/www.facebook.com\/hudo.si","article_published_time":"2018-06-30T13:39:27+00:00","og_image":[{"width":1250,"height":833,"url":"https:\/\/hudo.com\/si\/wp-content\/uploads\/sites\/2\/2017\/12\/profimedia-0357734320.jpg","type":"image\/jpeg"}],"author":"A. P., STA","twitter_card":"summary_large_image","twitter_creator":"@hudo_si","twitter_site":"@hudo_si","twitter_misc":{"Written by":"A. P., STA","Est. reading time":"3 minute"},"schema":{"@context":"https:\/\/schema.org","@graph":[{"@type":"Article","@id":"https:\/\/hudo.com\/si\/aktualno\/je-slovenija-zavrnila-angelo-merkel\/#article","isPartOf":{"@id":"https:\/\/hudo.com\/si\/aktualno\/je-slovenija-zavrnila-angelo-merkel\/"},"author":{"name":"A. P., STA","@id":"https:\/\/hudo.com\/si\/#\/schema\/person\/18f09c02475ba9e606e941a565b80cff"},"headline":"Je Slovenija zavrnila Angelo Merkel?","datePublished":"2018-06-30T13:39:27+00:00","dateModified":"2018-06-30T13:39:27+00:00","mainEntityOfPage":{"@id":"https:\/\/hudo.com\/si\/aktualno\/je-slovenija-zavrnila-angelo-merkel\/"},"wordCount":618,"publisher":{"@id":"https:\/\/hudo.com\/si\/#organization"},"keywords":["Angela Merkel","evropska unija","migranti","nem\u010dija","prosilci za azil","Slovenija"],"articleSection":["Aktualno"],"inLanguage":"sl-SI"},{"@type":"WebPage","@id":"https:\/\/hudo.com\/si\/aktualno\/je-slovenija-zavrnila-angelo-merkel\/","url":"https:\/\/hudo.com\/si\/aktualno\/je-slovenija-zavrnila-angelo-merkel\/","name":"Je Slovenija zavrnila Angelo Merkel? - Hudo Slovenija","isPartOf":{"@id":"https:\/\/hudo.com\/si\/#website"},"datePublished":"2018-06-30T13:39:27+00:00","dateModified":"2018-06-30T13:39:27+00:00","breadcrumb":{"@id":"https:\/\/hudo.com\/si\/aktualno\/je-slovenija-zavrnila-angelo-merkel\/#breadcrumb"},"inLanguage":"sl-SI","potentialAction":[{"@type":"ReadAction","target":["https:\/\/hudo.com\/si\/aktualno\/je-slovenija-zavrnila-angelo-merkel\/"]}]},{"@type":"BreadcrumbList","@id":"https:\/\/hudo.com\/si\/aktualno\/je-slovenija-zavrnila-angelo-merkel\/#breadcrumb","itemListElement":[{"@type":"ListItem","position":1,"name":"Home","item":"https:\/\/hudo.com\/si\/"},{"@type":"ListItem","position":2,"name":"Je Slovenija zavrnila Angelo Merkel?"}]},{"@type":"WebSite","@id":"https:\/\/hudo.com\/si\/#website","url":"https:\/\/hudo.com\/si\/","name":"Hudo Slovenija","description":"Vse novice iz Slovenije in sveta","publisher":{"@id":"https:\/\/hudo.com\/si\/#organization"},"potentialAction":[{"@type":"SearchAction","target":{"@type":"EntryPoint","urlTemplate":"https:\/\/hudo.com\/si\/?s={search_term_string}"},"query-input":"required name=search_term_string"}],"inLanguage":"sl-SI"},{"@type":"Organization","@id":"https:\/\/hudo.com\/si\/#organization","name":"VSN Media","url":"https:\/\/hudo.com\/si\/","logo":{"@type":"ImageObject","inLanguage":"sl-SI","@id":"https:\/\/hudo.com\/si\/#\/schema\/logo\/image\/","url":"https:\/\/hudo.com\/si\/wp-content\/uploads\/sites\/2\/2021\/03\/hudo-app-2.png","contentUrl":"https:\/\/hudo.com\/si\/wp-content\/uploads\/sites\/2\/2021\/03\/hudo-app-2.png","width":2185,"height":2167,"caption":"VSN Media"},"image":{"@id":"https:\/\/hudo.com\/si\/#\/schema\/logo\/image\/"},"sameAs":["https:\/\/www.facebook.com\/hudo.si","https:\/\/twitter.com\/hudo_si"]},{"@type":"Person","@id":"https:\/\/hudo.com\/si\/#\/schema\/person\/18f09c02475ba9e606e941a565b80cff","name":"A. P., STA","image":{"@type":"ImageObject","inLanguage":"sl-SI","@id":"https:\/\/hudo.com\/si\/#\/schema\/person\/image\/","url":"https:\/\/secure.gravatar.com\/avatar\/03eac8e609f5f04383125d80eaeaaf3e?s=96&d=mm&r=g","contentUrl":"https:\/\/secure.gravatar.com\/avatar\/03eac8e609f5f04383125d80eaeaaf3e?s=96&d=mm&r=g","caption":"A. P., STA"},"url":"https:\/\/hudo.com\/si\/author\/lubu\/"}]}},"amp_enabled":true,"_links":{"self":[{"href":"https:\/\/hudo.com\/si\/wp-json\/wp\/v2\/posts\/372895"}],"collection":[{"href":"https:\/\/hudo.com\/si\/wp-json\/wp\/v2\/posts"}],"about":[{"href":"https:\/\/hudo.com\/si\/wp-json\/wp\/v2\/types\/post"}],"author":[{"embeddable":true,"href":"https:\/\/hudo.com\/si\/wp-json\/wp\/v2\/users\/7"}],"replies":[{"embeddable":true,"href":"https:\/\/hudo.com\/si\/wp-json\/wp\/v2\/comments?post=372895"}],"version-history":[{"count":1,"href":"https:\/\/hudo.com\/si\/wp-json\/wp\/v2\/posts\/372895\/revisions"}],"predecessor-version":[{"id":372896,"href":"https:\/\/hudo.com\/si\/wp-json\/wp\/v2\/posts\/372895\/revisions\/372896"}],"wp:featuredmedia":[{"embeddable":true,"href":"https:\/\/hudo.com\/si\/wp-json\/wp\/v2\/media\/333049"}],"wp:attachment":[{"href":"https:\/\/hudo.com\/si\/wp-json\/wp\/v2\/media?parent=372895"}],"wp:term":[{"taxonomy":"category","embeddable":true,"href":"https:\/\/hudo.com\/si\/wp-json\/wp\/v2\/categories?post=372895"},{"taxonomy":"post_tag","embeddable":true,"href":"https:\/\/hudo.com\/si\/wp-json\/wp\/v2\/tags?post=372895"},{"taxonomy":"source","embeddable":true,"href":"https:\/\/hudo.com\/si\/wp-json\/wp\/v2\/source?post=372895"},{"taxonomy":"supertag","embeddable":true,"href":"https:\/\/hudo.com\/si\/wp-json\/wp\/v2\/supertag?post=372895"}],"curies":[{"name":"wp","href":"https:\/\/api.w.org\/{rel}","templated":true}]}}