{"id":372959,"date":"2018-07-02T10:46:20","date_gmt":"2018-07-02T08:46:20","guid":{"rendered":"http:\/\/hudo.com\/si\/?p=372959"},"modified":"2018-07-02T10:46:20","modified_gmt":"2018-07-02T08:46:20","slug":"hrvasko-zajela-nogometna-evforija-video","status":"publish","type":"post","link":"https:\/\/hudo.com\/si\/aktualno\/hrvasko-zajela-nogometna-evforija-video\/","title":{"rendered":"Hrva\u0161ko zajela nogometna evforija (Video)"},"content":{"rendered":"<div class=\"text\">\n<p>V mnogih hrva\u0161kih mestih so nedeljsko tekmo med Hrva\u0161ko in Dansko v stadionskem vzdu\u0161ju spremljali na glavnih trgih. Samo v Zagrebu naj bi se zbralo pribli\u017eno 10.000 ljudi, je ocenila hrva\u0161ka televizija (HTV).<\/p>\n<p>Ve\u010dina Hrvatov je bila prepri\u010dana v zmago nad Dansko, a je bila tekma prava drama, v kateri so se na koncu vendarle veselili hrva\u0161ki nogometa\u0161i. Vere v zmago ni zamajala niti enajstmetrovka, ki je nekaj minut pred potekom drugega podalj\u0161ka zgre\u0161il najbolj\u0161i hrva\u0161ki nogometa\u0161, zvezdnik Reala iz Madrida Luka Modri\u0107. Na zagreb\u0161kem trgu bana Josipa Jela\u010di\u0107a so tudi po tem zbrani za\u010deli skandirati njegovo ime.<\/p>\n<p>Napetost se je \u0161e pove\u010dala med izvajanjem enajstmetrovk. Hrva\u0161ki junak je bil vratar Daniel Suba\u0161i\u0107, ki je ubranil tri kazenske strele. Ko je priljubljeni nogometa\u0161 Barcelone Ivan Rakiti\u0107 dal gol za zmago, se je za\u010dela nori\u0161nica na vseh koncih Hrva\u0161ke, ki je spominjala na leto 1998, ko je bila hrva\u0161ka reprezentanca tretja na svetovnem prvenstvu v Franciji. Navija\u0161ke pesmi je bilo sli\u0161ati vsepovsod.<\/p>\n<p>Tudi tisti, ki so tekmo spremljali doma, so od\u0161li na ulice, mnogi v avtomobilih s hrva\u0161kimi zastavami in navija\u0161kimi rekviziti. Tudi s hupami so kazali svoje navdu\u0161enje. Nekateri so ustavili svoje avtomobile na ulicah, se vzpeli na strehe avtomobilov, kri\u010dali od sre\u010de in mahali z zastavami.<\/p>\n<p>Ni jih bilo malo, ki so se metali v vodnjake. Tudi z oken stanovanjskih objektov so vihrale hrva\u0161ke zastave. Petarde so pokale vsepovsod. Ve\u010dina je bila prepri\u010dana, da bo Hrva\u0161ka premagala tudi naslednjega nasprotnika Rusijo v \u010detrtfinalni tekmi, ki bo na sporedu prihodnjo soboto v So\u010diju. Niso redki, ki vidijo Hrva\u0161ko kot novega svetovnega nogometnega prvaka, \u010deprav opozarjajo na pomanjkljivosti hrva\u0161kih nogometa\u0161ev v tekmi proti Danski.<\/p>\n<p>Mnogi hrva\u0161ki navija\u010di so dramati\u010dno zmago spremljali na stadionu v Ni\u017enjem Novgorodu, med njimi je bila tudi hrva\u0161ka predsednica Kolinda Grabar-Kitarovi\u0107, ki ni skrivala svojega navdu\u0161enja.<\/p>\n<p>Po tekmi je od\u0161la v sla\u010dilnico hrva\u0161ke reprezentance in je najprej \u010destitala hrva\u0161kemu trenerju Zlatku Dali\u0107u, nato pa je po vrsti objela \u0161e napol nage hrva\u0161ke reprezentante. Nekatere fotografije je objavila na svoji Facebook strani ter sporo\u010dila: &#8220;Malo nas je, ampak smo, ni pomembno, vsem bomo uni\u010dili sanje!&#8221; Preko Twitterja je \u010destitala Rusiji za uvrstitev v \u010detrtfinale in napovedala, da bo pri\u0161la tudi v soboto v So\u010di.<\/p>\n<p>Nedeljsko tekmo je spremljala v dresu hrva\u0161ke reprezentance, ki ji ga je podaril Dali\u0107, preden so se hrva\u0161ki nogometa\u0161i odpravili v Rusijo. Grabar-Kitarovi\u0107eva je sicer pred odhodom na tekmo zatrdila, da gre v Rusijo na lastne stro\u0161ke.<\/p>\n<p>https:\/\/www.youtube.com\/watch?v=LEiggoFfplo<\/p>\n<\/div>\n","protected":false},"excerpt":{"rendered":"<p>Po dramati\u010dni nedeljski zmagi hrva\u0161kih nogometa\u0161ev nad dansko reprezentanco so na glavnih trgih v ve\u010dini hrva\u0161kih mestih praznovanja trajala pozno v no\u010d. Potem ko so enajstmetrovke odlo\u010dile, da se je Hrva\u0161ka uvrstila med osem najbolj\u0161ih reprezentanc na svetovnem nogometnem prvenstvu v Rusiji, so \u010dustva eksplodirala.<\/p>\n","protected":false},"author":5,"featured_media":372960,"comment_status":"closed","ping_status":"closed","sticky":false,"template":"","format":"standard","meta":{"footnotes":""},"categories":[1179],"tags":[1810,9721,3600,11402],"source":[4511],"supertag":[6098],"acf":[],"yoast_head":"<!-- This site is optimized with the Yoast SEO plugin v21.3 - https:\/\/yoast.com\/wordpress\/plugins\/seo\/ -->\n<title>Hrva\u0161ko zajela nogometna evforija (Video) - Hudo Slovenija<\/title>\n<meta name=\"robots\" content=\"index, follow, max-snippet:-1, max-image-preview:large, max-video-preview:-1\" \/>\n<link rel=\"canonical\" href=\"https:\/\/hudo.com\/si\/aktualno\/hrvasko-zajela-nogometna-evforija-video\/\" \/>\n<meta property=\"og:locale\" content=\"sl_SI\" \/>\n<meta property=\"og:type\" content=\"article\" \/>\n<meta property=\"og:title\" content=\"Hrva\u0161ko zajela nogometna evforija (Video) - Hudo Slovenija\" \/>\n<meta property=\"og:description\" content=\"Po dramati\u010dni nedeljski zmagi hrva\u0161kih nogometa\u0161ev nad dansko reprezentanco so na glavnih trgih v ve\u010dini hrva\u0161kih mestih praznovanja trajala pozno v no\u010d. Potem ko so enajstmetrovke odlo\u010dile, da se je Hrva\u0161ka uvrstila med osem najbolj\u0161ih reprezentanc na svetovnem nogometnem prvenstvu v Rusiji, so \u010dustva eksplodirala.\" \/>\n<meta property=\"og:url\" content=\"https:\/\/hudo.com\/si\/aktualno\/hrvasko-zajela-nogometna-evforija-video\/\" \/>\n<meta property=\"og:site_name\" content=\"Hudo Slovenija\" \/>\n<meta property=\"article:publisher\" content=\"https:\/\/www.facebook.com\/hudo.si\" \/>\n<meta property=\"article:published_time\" content=\"2018-07-02T08:46:20+00:00\" \/>\n<meta property=\"og:image\" content=\"https:\/\/hudo.com\/si\/wp-content\/uploads\/sites\/2\/2018\/07\/hr.jpg\" \/>\n\t<meta property=\"og:image:width\" content=\"847\" \/>\n\t<meta property=\"og:image:height\" content=\"439\" \/>\n\t<meta property=\"og:image:type\" content=\"image\/jpeg\" \/>\n<meta name=\"author\" content=\"A. G., STA\" \/>\n<meta name=\"twitter:card\" content=\"summary_large_image\" \/>\n<meta name=\"twitter:creator\" content=\"@hudo_si\" \/>\n<meta name=\"twitter:site\" content=\"@hudo_si\" \/>\n<meta name=\"twitter:label1\" content=\"Written by\" \/>\n\t<meta name=\"twitter:data1\" content=\"A. G., STA\" \/>\n\t<meta name=\"twitter:label2\" content=\"Est. reading time\" \/>\n\t<meta name=\"twitter:data2\" content=\"2 minuti\" \/>\n<script type=\"application\/ld+json\" class=\"yoast-schema-graph\">{\"@context\":\"https:\/\/schema.org\",\"@graph\":[{\"@type\":\"Article\",\"@id\":\"https:\/\/hudo.com\/si\/aktualno\/hrvasko-zajela-nogometna-evforija-video\/#article\",\"isPartOf\":{\"@id\":\"https:\/\/hudo.com\/si\/aktualno\/hrvasko-zajela-nogometna-evforija-video\/\"},\"author\":{\"name\":\"A. G., STA\",\"@id\":\"https:\/\/hudo.com\/si\/#\/schema\/person\/2391667a63ea075ba94f2f2dc6b77537\"},\"headline\":\"Hrva\u0161ko zajela nogometna evforija (Video)\",\"datePublished\":\"2018-07-02T08:46:20+00:00\",\"dateModified\":\"2018-07-02T08:46:20+00:00\",\"mainEntityOfPage\":{\"@id\":\"https:\/\/hudo.com\/si\/aktualno\/hrvasko-zajela-nogometna-evforija-video\/\"},\"wordCount\":475,\"publisher\":{\"@id\":\"https:\/\/hudo.com\/si\/#organization\"},\"keywords\":[\"hrva\u0161ka\",\"Mundial 2018\",\"nogomet\",\"svetovno prvenstvo v nogometu 2018\"],\"articleSection\":[\"Aktualno\"],\"inLanguage\":\"sl-SI\"},{\"@type\":\"WebPage\",\"@id\":\"https:\/\/hudo.com\/si\/aktualno\/hrvasko-zajela-nogometna-evforija-video\/\",\"url\":\"https:\/\/hudo.com\/si\/aktualno\/hrvasko-zajela-nogometna-evforija-video\/\",\"name\":\"Hrva\u0161ko zajela nogometna evforija (Video) - Hudo Slovenija\",\"isPartOf\":{\"@id\":\"https:\/\/hudo.com\/si\/#website\"},\"datePublished\":\"2018-07-02T08:46:20+00:00\",\"dateModified\":\"2018-07-02T08:46:20+00:00\",\"breadcrumb\":{\"@id\":\"https:\/\/hudo.com\/si\/aktualno\/hrvasko-zajela-nogometna-evforija-video\/#breadcrumb\"},\"inLanguage\":\"sl-SI\",\"potentialAction\":[{\"@type\":\"ReadAction\",\"target\":[\"https:\/\/hudo.com\/si\/aktualno\/hrvasko-zajela-nogometna-evforija-video\/\"]}]},{\"@type\":\"BreadcrumbList\",\"@id\":\"https:\/\/hudo.com\/si\/aktualno\/hrvasko-zajela-nogometna-evforija-video\/#breadcrumb\",\"itemListElement\":[{\"@type\":\"ListItem\",\"position\":1,\"name\":\"Home\",\"item\":\"https:\/\/hudo.com\/si\/\"},{\"@type\":\"ListItem\",\"position\":2,\"name\":\"Hrva\u0161ko zajela nogometna evforija (Video)\"}]},{\"@type\":\"WebSite\",\"@id\":\"https:\/\/hudo.com\/si\/#website\",\"url\":\"https:\/\/hudo.com\/si\/\",\"name\":\"Hudo Slovenija\",\"description\":\"Vse novice iz Slovenije in sveta\",\"publisher\":{\"@id\":\"https:\/\/hudo.com\/si\/#organization\"},\"potentialAction\":[{\"@type\":\"SearchAction\",\"target\":{\"@type\":\"EntryPoint\",\"urlTemplate\":\"https:\/\/hudo.com\/si\/?s={search_term_string}\"},\"query-input\":\"required name=search_term_string\"}],\"inLanguage\":\"sl-SI\"},{\"@type\":\"Organization\",\"@id\":\"https:\/\/hudo.com\/si\/#organization\",\"name\":\"VSN Media\",\"url\":\"https:\/\/hudo.com\/si\/\",\"logo\":{\"@type\":\"ImageObject\",\"inLanguage\":\"sl-SI\",\"@id\":\"https:\/\/hudo.com\/si\/#\/schema\/logo\/image\/\",\"url\":\"https:\/\/hudo.com\/si\/wp-content\/uploads\/sites\/2\/2021\/03\/hudo-app-2.png\",\"contentUrl\":\"https:\/\/hudo.com\/si\/wp-content\/uploads\/sites\/2\/2021\/03\/hudo-app-2.png\",\"width\":2185,\"height\":2167,\"caption\":\"VSN Media\"},\"image\":{\"@id\":\"https:\/\/hudo.com\/si\/#\/schema\/logo\/image\/\"},\"sameAs\":[\"https:\/\/www.facebook.com\/hudo.si\",\"https:\/\/twitter.com\/hudo_si\"]},{\"@type\":\"Person\",\"@id\":\"https:\/\/hudo.com\/si\/#\/schema\/person\/2391667a63ea075ba94f2f2dc6b77537\",\"name\":\"A. G., STA\",\"image\":{\"@type\":\"ImageObject\",\"inLanguage\":\"sl-SI\",\"@id\":\"https:\/\/hudo.com\/si\/#\/schema\/person\/image\/\",\"url\":\"https:\/\/secure.gravatar.com\/avatar\/e13d22ac3e442658d5025fbbe6238a79?s=96&d=mm&r=g\",\"contentUrl\":\"https:\/\/secure.gravatar.com\/avatar\/e13d22ac3e442658d5025fbbe6238a79?s=96&d=mm&r=g\",\"caption\":\"A. G., STA\"},\"url\":\"https:\/\/hudo.com\/si\/author\/alenka\/\"}]}<\/script>\n<!-- \/ Yoast SEO plugin. -->","yoast_head_json":{"title":"Hrva\u0161ko zajela nogometna evforija (Video) - Hudo Slovenija","robots":{"index":"index","follow":"follow","max-snippet":"max-snippet:-1","max-image-preview":"max-image-preview:large","max-video-preview":"max-video-preview:-1"},"canonical":"https:\/\/hudo.com\/si\/aktualno\/hrvasko-zajela-nogometna-evforija-video\/","og_locale":"sl_SI","og_type":"article","og_title":"Hrva\u0161ko zajela nogometna evforija (Video) - Hudo Slovenija","og_description":"Po dramati\u010dni nedeljski zmagi hrva\u0161kih nogometa\u0161ev nad dansko reprezentanco so na glavnih trgih v ve\u010dini hrva\u0161kih mestih praznovanja trajala pozno v no\u010d. Potem ko so enajstmetrovke odlo\u010dile, da se je Hrva\u0161ka uvrstila med osem najbolj\u0161ih reprezentanc na svetovnem nogometnem prvenstvu v Rusiji, so \u010dustva eksplodirala.","og_url":"https:\/\/hudo.com\/si\/aktualno\/hrvasko-zajela-nogometna-evforija-video\/","og_site_name":"Hudo Slovenija","article_publisher":"https:\/\/www.facebook.com\/hudo.si","article_published_time":"2018-07-02T08:46:20+00:00","og_image":[{"width":847,"height":439,"url":"https:\/\/hudo.com\/si\/wp-content\/uploads\/sites\/2\/2018\/07\/hr.jpg","type":"image\/jpeg"}],"author":"A. G., STA","twitter_card":"summary_large_image","twitter_creator":"@hudo_si","twitter_site":"@hudo_si","twitter_misc":{"Written by":"A. G., STA","Est. reading time":"2 minuti"},"schema":{"@context":"https:\/\/schema.org","@graph":[{"@type":"Article","@id":"https:\/\/hudo.com\/si\/aktualno\/hrvasko-zajela-nogometna-evforija-video\/#article","isPartOf":{"@id":"https:\/\/hudo.com\/si\/aktualno\/hrvasko-zajela-nogometna-evforija-video\/"},"author":{"name":"A. G., STA","@id":"https:\/\/hudo.com\/si\/#\/schema\/person\/2391667a63ea075ba94f2f2dc6b77537"},"headline":"Hrva\u0161ko zajela nogometna evforija (Video)","datePublished":"2018-07-02T08:46:20+00:00","dateModified":"2018-07-02T08:46:20+00:00","mainEntityOfPage":{"@id":"https:\/\/hudo.com\/si\/aktualno\/hrvasko-zajela-nogometna-evforija-video\/"},"wordCount":475,"publisher":{"@id":"https:\/\/hudo.com\/si\/#organization"},"keywords":["hrva\u0161ka","Mundial 2018","nogomet","svetovno prvenstvo v nogometu 2018"],"articleSection":["Aktualno"],"inLanguage":"sl-SI"},{"@type":"WebPage","@id":"https:\/\/hudo.com\/si\/aktualno\/hrvasko-zajela-nogometna-evforija-video\/","url":"https:\/\/hudo.com\/si\/aktualno\/hrvasko-zajela-nogometna-evforija-video\/","name":"Hrva\u0161ko zajela nogometna evforija (Video) - Hudo Slovenija","isPartOf":{"@id":"https:\/\/hudo.com\/si\/#website"},"datePublished":"2018-07-02T08:46:20+00:00","dateModified":"2018-07-02T08:46:20+00:00","breadcrumb":{"@id":"https:\/\/hudo.com\/si\/aktualno\/hrvasko-zajela-nogometna-evforija-video\/#breadcrumb"},"inLanguage":"sl-SI","potentialAction":[{"@type":"ReadAction","target":["https:\/\/hudo.com\/si\/aktualno\/hrvasko-zajela-nogometna-evforija-video\/"]}]},{"@type":"BreadcrumbList","@id":"https:\/\/hudo.com\/si\/aktualno\/hrvasko-zajela-nogometna-evforija-video\/#breadcrumb","itemListElement":[{"@type":"ListItem","position":1,"name":"Home","item":"https:\/\/hudo.com\/si\/"},{"@type":"ListItem","position":2,"name":"Hrva\u0161ko zajela nogometna evforija (Video)"}]},{"@type":"WebSite","@id":"https:\/\/hudo.com\/si\/#website","url":"https:\/\/hudo.com\/si\/","name":"Hudo Slovenija","description":"Vse novice iz Slovenije in sveta","publisher":{"@id":"https:\/\/hudo.com\/si\/#organization"},"potentialAction":[{"@type":"SearchAction","target":{"@type":"EntryPoint","urlTemplate":"https:\/\/hudo.com\/si\/?s={search_term_string}"},"query-input":"required name=search_term_string"}],"inLanguage":"sl-SI"},{"@type":"Organization","@id":"https:\/\/hudo.com\/si\/#organization","name":"VSN Media","url":"https:\/\/hudo.com\/si\/","logo":{"@type":"ImageObject","inLanguage":"sl-SI","@id":"https:\/\/hudo.com\/si\/#\/schema\/logo\/image\/","url":"https:\/\/hudo.com\/si\/wp-content\/uploads\/sites\/2\/2021\/03\/hudo-app-2.png","contentUrl":"https:\/\/hudo.com\/si\/wp-content\/uploads\/sites\/2\/2021\/03\/hudo-app-2.png","width":2185,"height":2167,"caption":"VSN Media"},"image":{"@id":"https:\/\/hudo.com\/si\/#\/schema\/logo\/image\/"},"sameAs":["https:\/\/www.facebook.com\/hudo.si","https:\/\/twitter.com\/hudo_si"]},{"@type":"Person","@id":"https:\/\/hudo.com\/si\/#\/schema\/person\/2391667a63ea075ba94f2f2dc6b77537","name":"A. G., STA","image":{"@type":"ImageObject","inLanguage":"sl-SI","@id":"https:\/\/hudo.com\/si\/#\/schema\/person\/image\/","url":"https:\/\/secure.gravatar.com\/avatar\/e13d22ac3e442658d5025fbbe6238a79?s=96&d=mm&r=g","contentUrl":"https:\/\/secure.gravatar.com\/avatar\/e13d22ac3e442658d5025fbbe6238a79?s=96&d=mm&r=g","caption":"A. G., STA"},"url":"https:\/\/hudo.com\/si\/author\/alenka\/"}]}},"amp_enabled":true,"_links":{"self":[{"href":"https:\/\/hudo.com\/si\/wp-json\/wp\/v2\/posts\/372959"}],"collection":[{"href":"https:\/\/hudo.com\/si\/wp-json\/wp\/v2\/posts"}],"about":[{"href":"https:\/\/hudo.com\/si\/wp-json\/wp\/v2\/types\/post"}],"author":[{"embeddable":true,"href":"https:\/\/hudo.com\/si\/wp-json\/wp\/v2\/users\/5"}],"replies":[{"embeddable":true,"href":"https:\/\/hudo.com\/si\/wp-json\/wp\/v2\/comments?post=372959"}],"version-history":[{"count":1,"href":"https:\/\/hudo.com\/si\/wp-json\/wp\/v2\/posts\/372959\/revisions"}],"predecessor-version":[{"id":372961,"href":"https:\/\/hudo.com\/si\/wp-json\/wp\/v2\/posts\/372959\/revisions\/372961"}],"wp:featuredmedia":[{"embeddable":true,"href":"https:\/\/hudo.com\/si\/wp-json\/wp\/v2\/media\/372960"}],"wp:attachment":[{"href":"https:\/\/hudo.com\/si\/wp-json\/wp\/v2\/media?parent=372959"}],"wp:term":[{"taxonomy":"category","embeddable":true,"href":"https:\/\/hudo.com\/si\/wp-json\/wp\/v2\/categories?post=372959"},{"taxonomy":"post_tag","embeddable":true,"href":"https:\/\/hudo.com\/si\/wp-json\/wp\/v2\/tags?post=372959"},{"taxonomy":"source","embeddable":true,"href":"https:\/\/hudo.com\/si\/wp-json\/wp\/v2\/source?post=372959"},{"taxonomy":"supertag","embeddable":true,"href":"https:\/\/hudo.com\/si\/wp-json\/wp\/v2\/supertag?post=372959"}],"curies":[{"name":"wp","href":"https:\/\/api.w.org\/{rel}","templated":true}]}}