{"id":373007,"date":"2018-07-02T14:54:17","date_gmt":"2018-07-02T12:54:17","guid":{"rendered":"http:\/\/hudo.com\/si\/?p=373007"},"modified":"2018-07-02T14:54:17","modified_gmt":"2018-07-02T12:54:17","slug":"igralko-stefko-drolc-danes-na-ljubljanskih-zalah-z-vojaskimi-castmi-pospremili-na-zadnjo-pot","status":"publish","type":"post","link":"https:\/\/hudo.com\/si\/aktualno\/igralko-stefko-drolc-danes-na-ljubljanskih-zalah-z-vojaskimi-castmi-pospremili-na-zadnjo-pot\/","title":{"rendered":"Igralko \u0160tefko Drolc danes na ljubljanskih \u017dalah z voja\u0161kimi \u010dastmi pospremili na zadnjo pot"},"content":{"rendered":"<p>\u010clanica Zdru\u017eenja dramskih umetnikov Slovenije (ZDUS), dolgoletna prvakinja ljubljanske Drame, nekdanja \u010dlanica Slovenskega stalnega gledali\u0161\u010da Trst, Slovenskega narodnega gledali\u0161\u010da Maribor, profesorica igre in umetni\u0161ke besede na AGRFT in \u010dastna me\u0161\u010danka Ljubljane je \u0161tevilne vloge, s katerimi se je vpisala med najve\u010dja imena slovenskega igralstva, oblikovala iz talenta in \u010dlove\u0161ke \u0161irine, ki je sprejemal razli\u010dna mi\u0161ljenja ljudi, je v imenu ZDUS poudaril ravnatelj Drame Igor Samobor.<\/p>\n<p>Z igralskim delom se je po njegovih besedah borila za ohranitev slovenskega jezika, naroda in kulture, kar v povojnem \u010dasu v Italiji ni bilo samoumevno. &#8220;Iz njenega darujo\u010dega srca je izhajal tudi njen pedago\u0161ki eros,&#8221; je dejal Samobor in dodal, da je cenila mladost kot vir \u017eivljenja. Mladost je po njegovih besedah ostala del njenega zna\u010daja in je bila njen ve\u010dni umetni\u0161ki navdih, saj se je tudi v zrelih letih &#8220;vedno odprtega duha in z neverjetnim pogumom spustila v gledali\u0161ka tveganja z mladimi ustvarjalci&#8221;.<\/p>\n<p>\u0160tefki Drolc noben iskren pogled na umetnost ni bil tuj. Njen igralski izraz je bil sprva &#8220;obarvan s svetlobo in liri\u010dnostjo, kasneje s srebrnolaso modrostjo. Njene vloge so temeljile na \u017eenski mo\u010di, ljubezni, predanost in dobroti, a znala je tudi skreniti s te dobrosr\u010dne poti in ustvarjati vloge, ki so \u017ear\u010dile temno plat likov, in \u0161tevilne vloge, ki jim je pridala nenadkriljiv humor,&#8221; je dejal Samobor.<\/p>\n<p>Od njenega prvega filma, Na svoji zemlji Franceta \u0160tiglica leta 1947, do zadnjega, Vztrajanje Mihe Knifica 70 let pozneje, se &#8220;razkrije njen bogat umetni\u0161ki lok, od nedol\u017enosti do zrelosti, skozi oba lika pa sije \u0160tefkina odlo\u010dna podoba \u017eenske, ki sprejema \u017eivljenje kot dar in gledalcem tudi bole\u010de \u017eivljenjske izku\u0161nje s postoterjeno svetlobo vra\u010da&#8221;. Kot je \u0161e poudaril ravnatelj Drame, so ob\u010dudovali njen talent, njeno nikoli usahlo radovednost, iskrivost, duhovitost, odkritost, lepoto, ne\u017enost, prijaznost.<\/p>\n<p>Igralka Milena Zupan\u010di\u010d je obudila spomin na njene prihode v gledali\u0161ko garderobo, njeno to\u010dnost in disciplino, izjemno energijo in ostrino duha, predanost sodelavcem, na klepete o vsakdanjih re\u010deh in utrinkih iz zasebnega \u017eivljenja ter na dru\u017eenja zunaj garderobe, denimo na gostovanjih. &#8220;Ona je bila zmeraj za \u017eur, \u0161e bolj kot trikrat mlaj\u0161i kolegi,&#8221; je poudarila Milena Zupan\u010di\u010d. Spomnila se je tudi njune zadnje ve\u010dje zabave &#8211; ob obletnici snemanja filma Na svoji zemlji v Ba\u0161ki grapi, kjer sta pod \u0161otorom skupaj s pevci zbora Pinko Toma\u017ei\u010d prepevali dolgo v no\u010d: &#8220;Pri\u0161la je ogromna mno\u017eica ljudi, prepri\u010dana sem, da ve\u010dina zaradi \u0160tefke.&#8221;<\/p>\n<p>Tudi re\u017eiser Vlado \u0160kafar, ki se je \u0160tefki Drolc poklonil s filmom in knjigo, je med drugim izpostavil prvi slovenski celove\u010derni igrani film in njeno prvo vlogo v njem. &#8220;Na avdiciji za film, ti posnetki so ohranjeni, je od prevelike zadrege zakopala svoj obraz v roke, ustvarjalci filma pa so prav v tem videli temeljno nepotvorjenost, ki krasi njeno igralsko in \u010dlove\u0161ko bitje, in so jo izbrali,&#8221; je povedal.<\/p>\n<p>Ana \u0160tefanija Drolc je umrla 25. junija v 95. letu starosti. Poleg mnogih gledali\u0161kih vlog bo ostala zapisana v spominu kot Francka iz filma Na klancu, Barbara iz Cvetja v jeseni ali Marija Novak iz filma Draga moja Iza. Prejela je najvi\u0161ja priznanja za igralske dose\u017eke, med njimi Bor\u0161tnikov prstan in Pre\u0161ernovo nagrado za \u017eivljenjsko delo, prvo nagrado pa ji je podelilo ZDUS leta 1959 za vlogo Katarine Ivanovne v Zlo\u010dinu in kazni Dostojevskega.<\/p>\n","protected":false},"excerpt":{"rendered":"<p>Svojci, kolegi, prijatelji in znanci so se danes na ljubljanskih \u017dalah v spremstvu \u010dastne \u010dete poslovili od gledali\u0161ke in filmske igralke \u0160tefke Drolc. Na zadnjo pot so jo pospremili s pesmijo in mislijo, da je od\u0161la dama slovenskega igralstva, polna miline, ljubezni, so\u010dutja, radovednosti, neizmerne energije in sprejemanja drugih.<\/p>\n","protected":false},"author":8,"featured_media":372622,"comment_status":"closed","ping_status":"closed","sticky":false,"template":"","format":"standard","meta":{"footnotes":""},"categories":[1179],"tags":[1595,11449],"source":[4511],"supertag":[],"acf":[],"yoast_head":"<!-- This site is optimized with the Yoast SEO plugin v21.3 - https:\/\/yoast.com\/wordpress\/plugins\/seo\/ -->\n<title>Igralko \u0160tefko Drolc danes na ljubljanskih \u017dalah z voja\u0161kimi \u010dastmi pospremili na zadnjo pot - Hudo Slovenija<\/title>\n<meta name=\"robots\" content=\"index, follow, max-snippet:-1, max-image-preview:large, max-video-preview:-1\" \/>\n<link rel=\"canonical\" href=\"https:\/\/hudo.com\/si\/aktualno\/igralko-stefko-drolc-danes-na-ljubljanskih-zalah-z-vojaskimi-castmi-pospremili-na-zadnjo-pot\/\" \/>\n<meta property=\"og:locale\" content=\"sl_SI\" \/>\n<meta property=\"og:type\" content=\"article\" \/>\n<meta property=\"og:title\" content=\"Igralko \u0160tefko Drolc danes na ljubljanskih \u017dalah z voja\u0161kimi \u010dastmi pospremili na zadnjo pot - Hudo Slovenija\" \/>\n<meta property=\"og:description\" content=\"Svojci, kolegi, prijatelji in znanci so se danes na ljubljanskih \u017dalah v spremstvu \u010dastne \u010dete poslovili od gledali\u0161ke in filmske igralke \u0160tefke Drolc. Na zadnjo pot so jo pospremili s pesmijo in mislijo, da je od\u0161la dama slovenskega igralstva, polna miline, ljubezni, so\u010dutja, radovednosti, neizmerne energije in sprejemanja drugih.\" \/>\n<meta property=\"og:url\" content=\"https:\/\/hudo.com\/si\/aktualno\/igralko-stefko-drolc-danes-na-ljubljanskih-zalah-z-vojaskimi-castmi-pospremili-na-zadnjo-pot\/\" \/>\n<meta property=\"og:site_name\" content=\"Hudo Slovenija\" \/>\n<meta property=\"article:publisher\" content=\"https:\/\/www.facebook.com\/hudo.si\" \/>\n<meta property=\"article:published_time\" content=\"2018-07-02T12:54:17+00:00\" \/>\n<meta property=\"og:image\" content=\"https:\/\/hudo.com\/si\/wp-content\/uploads\/sites\/2\/2018\/06\/20150508-00606004.jpg\" \/>\n\t<meta property=\"og:image:width\" content=\"640\" \/>\n\t<meta property=\"og:image:height\" content=\"425\" \/>\n\t<meta property=\"og:image:type\" content=\"image\/jpeg\" \/>\n<meta name=\"author\" content=\"M. N., STA\" \/>\n<meta name=\"twitter:card\" content=\"summary_large_image\" \/>\n<meta name=\"twitter:creator\" content=\"@hudo_si\" \/>\n<meta name=\"twitter:site\" content=\"@hudo_si\" \/>\n<meta name=\"twitter:label1\" content=\"Written by\" \/>\n\t<meta name=\"twitter:data1\" content=\"M. N., STA\" \/>\n\t<meta name=\"twitter:label2\" content=\"Est. reading time\" \/>\n\t<meta name=\"twitter:data2\" content=\"3 minute\" \/>\n<script type=\"application\/ld+json\" class=\"yoast-schema-graph\">{\"@context\":\"https:\/\/schema.org\",\"@graph\":[{\"@type\":\"Article\",\"@id\":\"https:\/\/hudo.com\/si\/aktualno\/igralko-stefko-drolc-danes-na-ljubljanskih-zalah-z-vojaskimi-castmi-pospremili-na-zadnjo-pot\/#article\",\"isPartOf\":{\"@id\":\"https:\/\/hudo.com\/si\/aktualno\/igralko-stefko-drolc-danes-na-ljubljanskih-zalah-z-vojaskimi-castmi-pospremili-na-zadnjo-pot\/\"},\"author\":{\"name\":\"M. N., STA\",\"@id\":\"https:\/\/hudo.com\/si\/#\/schema\/person\/c2f10ce65d2e6ede2aeda5be2a0611fa\"},\"headline\":\"Igralko \u0160tefko Drolc danes na ljubljanskih \u017dalah z voja\u0161kimi \u010dastmi pospremili na zadnjo pot\",\"datePublished\":\"2018-07-02T12:54:17+00:00\",\"dateModified\":\"2018-07-02T12:54:17+00:00\",\"mainEntityOfPage\":{\"@id\":\"https:\/\/hudo.com\/si\/aktualno\/igralko-stefko-drolc-danes-na-ljubljanskih-zalah-z-vojaskimi-castmi-pospremili-na-zadnjo-pot\/\"},\"wordCount\":592,\"publisher\":{\"@id\":\"https:\/\/hudo.com\/si\/#organization\"},\"keywords\":[\"Slovenija\",\"\u0160tefka Drolc\"],\"articleSection\":[\"Aktualno\"],\"inLanguage\":\"sl-SI\"},{\"@type\":\"WebPage\",\"@id\":\"https:\/\/hudo.com\/si\/aktualno\/igralko-stefko-drolc-danes-na-ljubljanskih-zalah-z-vojaskimi-castmi-pospremili-na-zadnjo-pot\/\",\"url\":\"https:\/\/hudo.com\/si\/aktualno\/igralko-stefko-drolc-danes-na-ljubljanskih-zalah-z-vojaskimi-castmi-pospremili-na-zadnjo-pot\/\",\"name\":\"Igralko \u0160tefko Drolc danes na ljubljanskih \u017dalah z voja\u0161kimi \u010dastmi pospremili na zadnjo pot - Hudo Slovenija\",\"isPartOf\":{\"@id\":\"https:\/\/hudo.com\/si\/#website\"},\"datePublished\":\"2018-07-02T12:54:17+00:00\",\"dateModified\":\"2018-07-02T12:54:17+00:00\",\"breadcrumb\":{\"@id\":\"https:\/\/hudo.com\/si\/aktualno\/igralko-stefko-drolc-danes-na-ljubljanskih-zalah-z-vojaskimi-castmi-pospremili-na-zadnjo-pot\/#breadcrumb\"},\"inLanguage\":\"sl-SI\",\"potentialAction\":[{\"@type\":\"ReadAction\",\"target\":[\"https:\/\/hudo.com\/si\/aktualno\/igralko-stefko-drolc-danes-na-ljubljanskih-zalah-z-vojaskimi-castmi-pospremili-na-zadnjo-pot\/\"]}]},{\"@type\":\"BreadcrumbList\",\"@id\":\"https:\/\/hudo.com\/si\/aktualno\/igralko-stefko-drolc-danes-na-ljubljanskih-zalah-z-vojaskimi-castmi-pospremili-na-zadnjo-pot\/#breadcrumb\",\"itemListElement\":[{\"@type\":\"ListItem\",\"position\":1,\"name\":\"Home\",\"item\":\"https:\/\/hudo.com\/si\/\"},{\"@type\":\"ListItem\",\"position\":2,\"name\":\"Igralko \u0160tefko Drolc danes na ljubljanskih \u017dalah z voja\u0161kimi \u010dastmi pospremili na zadnjo pot\"}]},{\"@type\":\"WebSite\",\"@id\":\"https:\/\/hudo.com\/si\/#website\",\"url\":\"https:\/\/hudo.com\/si\/\",\"name\":\"Hudo Slovenija\",\"description\":\"Vse novice iz Slovenije in sveta\",\"publisher\":{\"@id\":\"https:\/\/hudo.com\/si\/#organization\"},\"potentialAction\":[{\"@type\":\"SearchAction\",\"target\":{\"@type\":\"EntryPoint\",\"urlTemplate\":\"https:\/\/hudo.com\/si\/?s={search_term_string}\"},\"query-input\":\"required name=search_term_string\"}],\"inLanguage\":\"sl-SI\"},{\"@type\":\"Organization\",\"@id\":\"https:\/\/hudo.com\/si\/#organization\",\"name\":\"VSN Media\",\"url\":\"https:\/\/hudo.com\/si\/\",\"logo\":{\"@type\":\"ImageObject\",\"inLanguage\":\"sl-SI\",\"@id\":\"https:\/\/hudo.com\/si\/#\/schema\/logo\/image\/\",\"url\":\"https:\/\/hudo.com\/si\/wp-content\/uploads\/sites\/2\/2021\/03\/hudo-app-2.png\",\"contentUrl\":\"https:\/\/hudo.com\/si\/wp-content\/uploads\/sites\/2\/2021\/03\/hudo-app-2.png\",\"width\":2185,\"height\":2167,\"caption\":\"VSN Media\"},\"image\":{\"@id\":\"https:\/\/hudo.com\/si\/#\/schema\/logo\/image\/\"},\"sameAs\":[\"https:\/\/www.facebook.com\/hudo.si\",\"https:\/\/twitter.com\/hudo_si\"]},{\"@type\":\"Person\",\"@id\":\"https:\/\/hudo.com\/si\/#\/schema\/person\/c2f10ce65d2e6ede2aeda5be2a0611fa\",\"name\":\"M. N., STA\",\"image\":{\"@type\":\"ImageObject\",\"inLanguage\":\"sl-SI\",\"@id\":\"https:\/\/hudo.com\/si\/#\/schema\/person\/image\/\",\"url\":\"https:\/\/secure.gravatar.com\/avatar\/f370d38daa10467f755c5c766a4cac20?s=96&d=mm&r=g\",\"contentUrl\":\"https:\/\/secure.gravatar.com\/avatar\/f370d38daa10467f755c5c766a4cac20?s=96&d=mm&r=g\",\"caption\":\"M. N., STA\"},\"url\":\"https:\/\/hudo.com\/si\/author\/mana\/\"}]}<\/script>\n<!-- \/ Yoast SEO plugin. -->","yoast_head_json":{"title":"Igralko \u0160tefko Drolc danes na ljubljanskih \u017dalah z voja\u0161kimi \u010dastmi pospremili na zadnjo pot - Hudo Slovenija","robots":{"index":"index","follow":"follow","max-snippet":"max-snippet:-1","max-image-preview":"max-image-preview:large","max-video-preview":"max-video-preview:-1"},"canonical":"https:\/\/hudo.com\/si\/aktualno\/igralko-stefko-drolc-danes-na-ljubljanskih-zalah-z-vojaskimi-castmi-pospremili-na-zadnjo-pot\/","og_locale":"sl_SI","og_type":"article","og_title":"Igralko \u0160tefko Drolc danes na ljubljanskih \u017dalah z voja\u0161kimi \u010dastmi pospremili na zadnjo pot - Hudo Slovenija","og_description":"Svojci, kolegi, prijatelji in znanci so se danes na ljubljanskih \u017dalah v spremstvu \u010dastne \u010dete poslovili od gledali\u0161ke in filmske igralke \u0160tefke Drolc. Na zadnjo pot so jo pospremili s pesmijo in mislijo, da je od\u0161la dama slovenskega igralstva, polna miline, ljubezni, so\u010dutja, radovednosti, neizmerne energije in sprejemanja drugih.","og_url":"https:\/\/hudo.com\/si\/aktualno\/igralko-stefko-drolc-danes-na-ljubljanskih-zalah-z-vojaskimi-castmi-pospremili-na-zadnjo-pot\/","og_site_name":"Hudo Slovenija","article_publisher":"https:\/\/www.facebook.com\/hudo.si","article_published_time":"2018-07-02T12:54:17+00:00","og_image":[{"width":640,"height":425,"url":"https:\/\/hudo.com\/si\/wp-content\/uploads\/sites\/2\/2018\/06\/20150508-00606004.jpg","type":"image\/jpeg"}],"author":"M. N., STA","twitter_card":"summary_large_image","twitter_creator":"@hudo_si","twitter_site":"@hudo_si","twitter_misc":{"Written by":"M. N., STA","Est. reading time":"3 minute"},"schema":{"@context":"https:\/\/schema.org","@graph":[{"@type":"Article","@id":"https:\/\/hudo.com\/si\/aktualno\/igralko-stefko-drolc-danes-na-ljubljanskih-zalah-z-vojaskimi-castmi-pospremili-na-zadnjo-pot\/#article","isPartOf":{"@id":"https:\/\/hudo.com\/si\/aktualno\/igralko-stefko-drolc-danes-na-ljubljanskih-zalah-z-vojaskimi-castmi-pospremili-na-zadnjo-pot\/"},"author":{"name":"M. N., STA","@id":"https:\/\/hudo.com\/si\/#\/schema\/person\/c2f10ce65d2e6ede2aeda5be2a0611fa"},"headline":"Igralko \u0160tefko Drolc danes na ljubljanskih \u017dalah z voja\u0161kimi \u010dastmi pospremili na zadnjo pot","datePublished":"2018-07-02T12:54:17+00:00","dateModified":"2018-07-02T12:54:17+00:00","mainEntityOfPage":{"@id":"https:\/\/hudo.com\/si\/aktualno\/igralko-stefko-drolc-danes-na-ljubljanskih-zalah-z-vojaskimi-castmi-pospremili-na-zadnjo-pot\/"},"wordCount":592,"publisher":{"@id":"https:\/\/hudo.com\/si\/#organization"},"keywords":["Slovenija","\u0160tefka Drolc"],"articleSection":["Aktualno"],"inLanguage":"sl-SI"},{"@type":"WebPage","@id":"https:\/\/hudo.com\/si\/aktualno\/igralko-stefko-drolc-danes-na-ljubljanskih-zalah-z-vojaskimi-castmi-pospremili-na-zadnjo-pot\/","url":"https:\/\/hudo.com\/si\/aktualno\/igralko-stefko-drolc-danes-na-ljubljanskih-zalah-z-vojaskimi-castmi-pospremili-na-zadnjo-pot\/","name":"Igralko \u0160tefko Drolc danes na ljubljanskih \u017dalah z voja\u0161kimi \u010dastmi pospremili na zadnjo pot - Hudo Slovenija","isPartOf":{"@id":"https:\/\/hudo.com\/si\/#website"},"datePublished":"2018-07-02T12:54:17+00:00","dateModified":"2018-07-02T12:54:17+00:00","breadcrumb":{"@id":"https:\/\/hudo.com\/si\/aktualno\/igralko-stefko-drolc-danes-na-ljubljanskih-zalah-z-vojaskimi-castmi-pospremili-na-zadnjo-pot\/#breadcrumb"},"inLanguage":"sl-SI","potentialAction":[{"@type":"ReadAction","target":["https:\/\/hudo.com\/si\/aktualno\/igralko-stefko-drolc-danes-na-ljubljanskih-zalah-z-vojaskimi-castmi-pospremili-na-zadnjo-pot\/"]}]},{"@type":"BreadcrumbList","@id":"https:\/\/hudo.com\/si\/aktualno\/igralko-stefko-drolc-danes-na-ljubljanskih-zalah-z-vojaskimi-castmi-pospremili-na-zadnjo-pot\/#breadcrumb","itemListElement":[{"@type":"ListItem","position":1,"name":"Home","item":"https:\/\/hudo.com\/si\/"},{"@type":"ListItem","position":2,"name":"Igralko \u0160tefko Drolc danes na ljubljanskih \u017dalah z voja\u0161kimi \u010dastmi pospremili na zadnjo pot"}]},{"@type":"WebSite","@id":"https:\/\/hudo.com\/si\/#website","url":"https:\/\/hudo.com\/si\/","name":"Hudo Slovenija","description":"Vse novice iz Slovenije in sveta","publisher":{"@id":"https:\/\/hudo.com\/si\/#organization"},"potentialAction":[{"@type":"SearchAction","target":{"@type":"EntryPoint","urlTemplate":"https:\/\/hudo.com\/si\/?s={search_term_string}"},"query-input":"required name=search_term_string"}],"inLanguage":"sl-SI"},{"@type":"Organization","@id":"https:\/\/hudo.com\/si\/#organization","name":"VSN Media","url":"https:\/\/hudo.com\/si\/","logo":{"@type":"ImageObject","inLanguage":"sl-SI","@id":"https:\/\/hudo.com\/si\/#\/schema\/logo\/image\/","url":"https:\/\/hudo.com\/si\/wp-content\/uploads\/sites\/2\/2021\/03\/hudo-app-2.png","contentUrl":"https:\/\/hudo.com\/si\/wp-content\/uploads\/sites\/2\/2021\/03\/hudo-app-2.png","width":2185,"height":2167,"caption":"VSN Media"},"image":{"@id":"https:\/\/hudo.com\/si\/#\/schema\/logo\/image\/"},"sameAs":["https:\/\/www.facebook.com\/hudo.si","https:\/\/twitter.com\/hudo_si"]},{"@type":"Person","@id":"https:\/\/hudo.com\/si\/#\/schema\/person\/c2f10ce65d2e6ede2aeda5be2a0611fa","name":"M. N., STA","image":{"@type":"ImageObject","inLanguage":"sl-SI","@id":"https:\/\/hudo.com\/si\/#\/schema\/person\/image\/","url":"https:\/\/secure.gravatar.com\/avatar\/f370d38daa10467f755c5c766a4cac20?s=96&d=mm&r=g","contentUrl":"https:\/\/secure.gravatar.com\/avatar\/f370d38daa10467f755c5c766a4cac20?s=96&d=mm&r=g","caption":"M. N., STA"},"url":"https:\/\/hudo.com\/si\/author\/mana\/"}]}},"amp_enabled":true,"_links":{"self":[{"href":"https:\/\/hudo.com\/si\/wp-json\/wp\/v2\/posts\/373007"}],"collection":[{"href":"https:\/\/hudo.com\/si\/wp-json\/wp\/v2\/posts"}],"about":[{"href":"https:\/\/hudo.com\/si\/wp-json\/wp\/v2\/types\/post"}],"author":[{"embeddable":true,"href":"https:\/\/hudo.com\/si\/wp-json\/wp\/v2\/users\/8"}],"replies":[{"embeddable":true,"href":"https:\/\/hudo.com\/si\/wp-json\/wp\/v2\/comments?post=373007"}],"version-history":[{"count":1,"href":"https:\/\/hudo.com\/si\/wp-json\/wp\/v2\/posts\/373007\/revisions"}],"predecessor-version":[{"id":373008,"href":"https:\/\/hudo.com\/si\/wp-json\/wp\/v2\/posts\/373007\/revisions\/373008"}],"wp:featuredmedia":[{"embeddable":true,"href":"https:\/\/hudo.com\/si\/wp-json\/wp\/v2\/media\/372622"}],"wp:attachment":[{"href":"https:\/\/hudo.com\/si\/wp-json\/wp\/v2\/media?parent=373007"}],"wp:term":[{"taxonomy":"category","embeddable":true,"href":"https:\/\/hudo.com\/si\/wp-json\/wp\/v2\/categories?post=373007"},{"taxonomy":"post_tag","embeddable":true,"href":"https:\/\/hudo.com\/si\/wp-json\/wp\/v2\/tags?post=373007"},{"taxonomy":"source","embeddable":true,"href":"https:\/\/hudo.com\/si\/wp-json\/wp\/v2\/source?post=373007"},{"taxonomy":"supertag","embeddable":true,"href":"https:\/\/hudo.com\/si\/wp-json\/wp\/v2\/supertag?post=373007"}],"curies":[{"name":"wp","href":"https:\/\/api.w.org\/{rel}","templated":true}]}}