{"id":373061,"date":"2018-07-03T10:23:43","date_gmt":"2018-07-03T08:23:43","guid":{"rendered":"http:\/\/hudo.com\/si\/?p=373061"},"modified":"2018-07-03T10:23:43","modified_gmt":"2018-07-03T08:23:43","slug":"horvat-nsi-bolj-pase-v-koalicijo-z-sds","status":"publish","type":"post","link":"https:\/\/hudo.com\/si\/aktualno\/horvat-nsi-bolj-pase-v-koalicijo-z-sds\/","title":{"rendered":"Horvat: NSi bolj pa\u0161e v koalicijo z SDS"},"content":{"rendered":"<p>Horvat je spomnil, da se NSi pogovarja tako z Jan\u0161o kot tudi s predsednikom drugouvr\u0161\u010dene LM\u0160 Marjanom \u0160arcem, pri \u010demer se je strinjal s predsednikom Pahorjem, da je treba spo\u0161tovati voljo ljudi in da bi bilo najbolj logi\u010dno, da se mandat za sestavo vlade podeli relativnemu zmagovalcu.<\/p>\n<p>&#8220;Kar zadeva pogajanja, se pogajamo z obema in verjamem, da se bo po teh pogovorih, v\u010deraj\u0161njih in dana\u0161njih, dinamika pogajanj pove\u010dala,&#8221; je dejal in dodal, da so &#8220;ta trenutek glede vsebine bli\u017eje relativnemu zmagovalcu kot \u0160arcu&#8221;.<\/p>\n<p>Ve\u010dkrat je poudaril, da pri\u010dakujejo, da se bodo pogajanja pospe\u0161ila in bodo lahko \u010dim prej ugotovili, ali so vsebinsko blizu in ali bo mo\u017eno program NSi v \u010dim ve\u010dji meri realizirati.<\/p>\n<p>Za NSi je namre\u010d klju\u010dno dvoje, in sicer da si s koalicijskimi partnerji ustvarijo zaupanje in da imajo zagotovila v koalicijski pogodbi, da se bo njihov program dejansko v maksimalni mo\u017eni meri realiziral skozi mandat, je pojasnil vodja poslancev NSi.<\/p>\n<p>Na vpra\u0161anje, komu bo uspelo sestaviti koalicijo, Jan\u0161i ali \u0160arcu, po Horvatovih besedah danes \u0161e ni mogo\u010de odgovoriti. &#8220;Smo dejansko tako na eni kot na drugi strani na samem za\u010detku,&#8221; je dejal.<\/p>\n<p>Na vpra\u0161anje, ali bodo v stranki izvedli referendum o vstopu v bodo\u010do koalicijo, pa je odvrnil, da bodo o tem odlo\u010dili organi stranke, izvr\u0161ilni odbor in svet stranke. \u010ce referendum bo, pa bo pred podpisom koalicijske pogodbe.<\/p>\n<p>Sicer pa je Horvat zadovoljen in podpira predsednika Pahorja, da vodje poslanskih skupin ponovno povabi na sre\u010danje, najbr\u017e ta petek. Pri\u010dakuje, da bodo &#8220;takrat imeli nekoliko bolj jasno izrisano to ali ono koalicijo&#8221;.<\/p>\n<p>Pahor bo danes sprejel \u0161e vodje poslanskih skupin SAB, SNS in predstavnika narodne skupnosti. Od njih bo, tako kot v ponedeljek od SDS, LM\u0160, SD, SMC in DeSUS, sku\u0161al izvedeti, ali v DZ obstaja na\u010delna podpora, da bi mandatarstvo zaupal predsedniku SDS Janezu Jan\u0161i. Pahorju se zdi namre\u010d prav, da prvak relativne zmagovalke volitev prvi dobi prilo\u017enost za sestavo vlade. \u010ce tudi po koncu vseh posvetovanj s poslanskimi skupinami jasnega odgovora na vpra\u0161anje o ve\u010dinski podpori ne bo, bo mandat podelil Jan\u0161i.<\/p>\n<p>Kot so predstavniki strank povedali na ponedeljkovih posvetih, Jan\u0161o podpirajo v SDS, \u0160arec pa ima na\u010delno podporo SMC in SD. V Levici kot kandidata za mandatarja ne podpirajo ne Jan\u0161e ne \u0160arca. V LM\u0160 pa so v ponedeljek Pahorja prosili, da z odlo\u010ditvijo o kandidatu za mandatarja po\u010daka do petka, ko se bo glede usklajevanj strank LM\u0160, SD, SMC, NSi, SAB in DeSUS pod okriljem \u0160arca vedelo ve\u010d.<\/p>\n","protected":false},"excerpt":{"rendered":"<p>V NSi si \u017eelijo, da bi se pogajanja za tak\u0161no ali druga\u010dno koalicijo okrepila, je vodja poslanske skupine NSi Jo\u017eef Horvat povedal po pogovoru pri predsedniku republike Borutu Pahorju. Trenutno pa je NSi v pogajanjih po njegovih besedah vsebinsko bli\u017eje relativnemu zmagovalcu volitev, predsedniku SDS Janezu Jan\u0161i.<\/p>\n","protected":false},"author":7,"featured_media":367714,"comment_status":"closed","ping_status":"closed","sticky":false,"template":"","format":"standard","meta":{"footnotes":""},"categories":[1179],"tags":[4631,4632,1595],"source":[4511],"supertag":[],"acf":[],"yoast_head":"<!-- This site is optimized with the Yoast SEO plugin v21.3 - https:\/\/yoast.com\/wordpress\/plugins\/seo\/ -->\n<title>Horvat: NSi bolj pa\u0161e v koalicijo z SDS - Hudo Slovenija<\/title>\n<meta name=\"robots\" content=\"index, follow, max-snippet:-1, max-image-preview:large, max-video-preview:-1\" \/>\n<link rel=\"canonical\" href=\"https:\/\/hudo.com\/si\/aktualno\/horvat-nsi-bolj-pase-v-koalicijo-z-sds\/\" \/>\n<meta property=\"og:locale\" content=\"sl_SI\" \/>\n<meta property=\"og:type\" content=\"article\" \/>\n<meta property=\"og:title\" content=\"Horvat: NSi bolj pa\u0161e v koalicijo z SDS - Hudo Slovenija\" \/>\n<meta property=\"og:description\" content=\"V NSi si \u017eelijo, da bi se pogajanja za tak\u0161no ali druga\u010dno koalicijo okrepila, je vodja poslanske skupine NSi Jo\u017eef Horvat povedal po pogovoru pri predsedniku republike Borutu Pahorju. Trenutno pa je NSi v pogajanjih po njegovih besedah vsebinsko bli\u017eje relativnemu zmagovalcu volitev, predsedniku SDS Janezu Jan\u0161i.\" \/>\n<meta property=\"og:url\" content=\"https:\/\/hudo.com\/si\/aktualno\/horvat-nsi-bolj-pase-v-koalicijo-z-sds\/\" \/>\n<meta property=\"og:site_name\" content=\"Hudo Slovenija\" \/>\n<meta property=\"article:publisher\" content=\"https:\/\/www.facebook.com\/hudo.si\" \/>\n<meta property=\"article:published_time\" content=\"2018-07-03T08:23:43+00:00\" \/>\n<meta property=\"og:image\" content=\"https:\/\/hudo.com\/si\/wp-content\/uploads\/sites\/2\/2018\/03\/20170522-00781291.jpg\" \/>\n\t<meta property=\"og:image:width\" content=\"640\" \/>\n\t<meta property=\"og:image:height\" content=\"426\" \/>\n\t<meta property=\"og:image:type\" content=\"image\/jpeg\" \/>\n<meta name=\"author\" content=\"A. P., STA\" \/>\n<meta name=\"twitter:card\" content=\"summary_large_image\" \/>\n<meta name=\"twitter:creator\" content=\"@hudo_si\" \/>\n<meta name=\"twitter:site\" content=\"@hudo_si\" \/>\n<meta name=\"twitter:label1\" content=\"Written by\" \/>\n\t<meta name=\"twitter:data1\" content=\"A. P., STA\" \/>\n\t<meta name=\"twitter:label2\" content=\"Est. reading time\" \/>\n\t<meta name=\"twitter:data2\" content=\"2 minuti\" \/>\n<script type=\"application\/ld+json\" class=\"yoast-schema-graph\">{\"@context\":\"https:\/\/schema.org\",\"@graph\":[{\"@type\":\"Article\",\"@id\":\"https:\/\/hudo.com\/si\/aktualno\/horvat-nsi-bolj-pase-v-koalicijo-z-sds\/#article\",\"isPartOf\":{\"@id\":\"https:\/\/hudo.com\/si\/aktualno\/horvat-nsi-bolj-pase-v-koalicijo-z-sds\/\"},\"author\":{\"name\":\"A. P., STA\",\"@id\":\"https:\/\/hudo.com\/si\/#\/schema\/person\/18f09c02475ba9e606e941a565b80cff\"},\"headline\":\"Horvat: NSi bolj pa\u0161e v koalicijo z SDS\",\"datePublished\":\"2018-07-03T08:23:43+00:00\",\"dateModified\":\"2018-07-03T08:23:43+00:00\",\"mainEntityOfPage\":{\"@id\":\"https:\/\/hudo.com\/si\/aktualno\/horvat-nsi-bolj-pase-v-koalicijo-z-sds\/\"},\"wordCount\":453,\"publisher\":{\"@id\":\"https:\/\/hudo.com\/si\/#organization\"},\"keywords\":[\"NSi\",\"SDS\",\"Slovenija\"],\"articleSection\":[\"Aktualno\"],\"inLanguage\":\"sl-SI\"},{\"@type\":\"WebPage\",\"@id\":\"https:\/\/hudo.com\/si\/aktualno\/horvat-nsi-bolj-pase-v-koalicijo-z-sds\/\",\"url\":\"https:\/\/hudo.com\/si\/aktualno\/horvat-nsi-bolj-pase-v-koalicijo-z-sds\/\",\"name\":\"Horvat: NSi bolj pa\u0161e v koalicijo z SDS - Hudo Slovenija\",\"isPartOf\":{\"@id\":\"https:\/\/hudo.com\/si\/#website\"},\"datePublished\":\"2018-07-03T08:23:43+00:00\",\"dateModified\":\"2018-07-03T08:23:43+00:00\",\"breadcrumb\":{\"@id\":\"https:\/\/hudo.com\/si\/aktualno\/horvat-nsi-bolj-pase-v-koalicijo-z-sds\/#breadcrumb\"},\"inLanguage\":\"sl-SI\",\"potentialAction\":[{\"@type\":\"ReadAction\",\"target\":[\"https:\/\/hudo.com\/si\/aktualno\/horvat-nsi-bolj-pase-v-koalicijo-z-sds\/\"]}]},{\"@type\":\"BreadcrumbList\",\"@id\":\"https:\/\/hudo.com\/si\/aktualno\/horvat-nsi-bolj-pase-v-koalicijo-z-sds\/#breadcrumb\",\"itemListElement\":[{\"@type\":\"ListItem\",\"position\":1,\"name\":\"Home\",\"item\":\"https:\/\/hudo.com\/si\/\"},{\"@type\":\"ListItem\",\"position\":2,\"name\":\"Horvat: NSi bolj pa\u0161e v koalicijo z SDS\"}]},{\"@type\":\"WebSite\",\"@id\":\"https:\/\/hudo.com\/si\/#website\",\"url\":\"https:\/\/hudo.com\/si\/\",\"name\":\"Hudo Slovenija\",\"description\":\"Vse novice iz Slovenije in sveta\",\"publisher\":{\"@id\":\"https:\/\/hudo.com\/si\/#organization\"},\"potentialAction\":[{\"@type\":\"SearchAction\",\"target\":{\"@type\":\"EntryPoint\",\"urlTemplate\":\"https:\/\/hudo.com\/si\/?s={search_term_string}\"},\"query-input\":\"required name=search_term_string\"}],\"inLanguage\":\"sl-SI\"},{\"@type\":\"Organization\",\"@id\":\"https:\/\/hudo.com\/si\/#organization\",\"name\":\"VSN Media\",\"url\":\"https:\/\/hudo.com\/si\/\",\"logo\":{\"@type\":\"ImageObject\",\"inLanguage\":\"sl-SI\",\"@id\":\"https:\/\/hudo.com\/si\/#\/schema\/logo\/image\/\",\"url\":\"https:\/\/hudo.com\/si\/wp-content\/uploads\/sites\/2\/2021\/03\/hudo-app-2.png\",\"contentUrl\":\"https:\/\/hudo.com\/si\/wp-content\/uploads\/sites\/2\/2021\/03\/hudo-app-2.png\",\"width\":2185,\"height\":2167,\"caption\":\"VSN Media\"},\"image\":{\"@id\":\"https:\/\/hudo.com\/si\/#\/schema\/logo\/image\/\"},\"sameAs\":[\"https:\/\/www.facebook.com\/hudo.si\",\"https:\/\/twitter.com\/hudo_si\"]},{\"@type\":\"Person\",\"@id\":\"https:\/\/hudo.com\/si\/#\/schema\/person\/18f09c02475ba9e606e941a565b80cff\",\"name\":\"A. P., STA\",\"image\":{\"@type\":\"ImageObject\",\"inLanguage\":\"sl-SI\",\"@id\":\"https:\/\/hudo.com\/si\/#\/schema\/person\/image\/\",\"url\":\"https:\/\/secure.gravatar.com\/avatar\/03eac8e609f5f04383125d80eaeaaf3e?s=96&d=mm&r=g\",\"contentUrl\":\"https:\/\/secure.gravatar.com\/avatar\/03eac8e609f5f04383125d80eaeaaf3e?s=96&d=mm&r=g\",\"caption\":\"A. P., STA\"},\"url\":\"https:\/\/hudo.com\/si\/author\/lubu\/\"}]}<\/script>\n<!-- \/ Yoast SEO plugin. -->","yoast_head_json":{"title":"Horvat: NSi bolj pa\u0161e v koalicijo z SDS - Hudo Slovenija","robots":{"index":"index","follow":"follow","max-snippet":"max-snippet:-1","max-image-preview":"max-image-preview:large","max-video-preview":"max-video-preview:-1"},"canonical":"https:\/\/hudo.com\/si\/aktualno\/horvat-nsi-bolj-pase-v-koalicijo-z-sds\/","og_locale":"sl_SI","og_type":"article","og_title":"Horvat: NSi bolj pa\u0161e v koalicijo z SDS - Hudo Slovenija","og_description":"V NSi si \u017eelijo, da bi se pogajanja za tak\u0161no ali druga\u010dno koalicijo okrepila, je vodja poslanske skupine NSi Jo\u017eef Horvat povedal po pogovoru pri predsedniku republike Borutu Pahorju. Trenutno pa je NSi v pogajanjih po njegovih besedah vsebinsko bli\u017eje relativnemu zmagovalcu volitev, predsedniku SDS Janezu Jan\u0161i.","og_url":"https:\/\/hudo.com\/si\/aktualno\/horvat-nsi-bolj-pase-v-koalicijo-z-sds\/","og_site_name":"Hudo Slovenija","article_publisher":"https:\/\/www.facebook.com\/hudo.si","article_published_time":"2018-07-03T08:23:43+00:00","og_image":[{"width":640,"height":426,"url":"https:\/\/hudo.com\/si\/wp-content\/uploads\/sites\/2\/2018\/03\/20170522-00781291.jpg","type":"image\/jpeg"}],"author":"A. P., STA","twitter_card":"summary_large_image","twitter_creator":"@hudo_si","twitter_site":"@hudo_si","twitter_misc":{"Written by":"A. P., STA","Est. reading time":"2 minuti"},"schema":{"@context":"https:\/\/schema.org","@graph":[{"@type":"Article","@id":"https:\/\/hudo.com\/si\/aktualno\/horvat-nsi-bolj-pase-v-koalicijo-z-sds\/#article","isPartOf":{"@id":"https:\/\/hudo.com\/si\/aktualno\/horvat-nsi-bolj-pase-v-koalicijo-z-sds\/"},"author":{"name":"A. P., STA","@id":"https:\/\/hudo.com\/si\/#\/schema\/person\/18f09c02475ba9e606e941a565b80cff"},"headline":"Horvat: NSi bolj pa\u0161e v koalicijo z SDS","datePublished":"2018-07-03T08:23:43+00:00","dateModified":"2018-07-03T08:23:43+00:00","mainEntityOfPage":{"@id":"https:\/\/hudo.com\/si\/aktualno\/horvat-nsi-bolj-pase-v-koalicijo-z-sds\/"},"wordCount":453,"publisher":{"@id":"https:\/\/hudo.com\/si\/#organization"},"keywords":["NSi","SDS","Slovenija"],"articleSection":["Aktualno"],"inLanguage":"sl-SI"},{"@type":"WebPage","@id":"https:\/\/hudo.com\/si\/aktualno\/horvat-nsi-bolj-pase-v-koalicijo-z-sds\/","url":"https:\/\/hudo.com\/si\/aktualno\/horvat-nsi-bolj-pase-v-koalicijo-z-sds\/","name":"Horvat: NSi bolj pa\u0161e v koalicijo z SDS - Hudo Slovenija","isPartOf":{"@id":"https:\/\/hudo.com\/si\/#website"},"datePublished":"2018-07-03T08:23:43+00:00","dateModified":"2018-07-03T08:23:43+00:00","breadcrumb":{"@id":"https:\/\/hudo.com\/si\/aktualno\/horvat-nsi-bolj-pase-v-koalicijo-z-sds\/#breadcrumb"},"inLanguage":"sl-SI","potentialAction":[{"@type":"ReadAction","target":["https:\/\/hudo.com\/si\/aktualno\/horvat-nsi-bolj-pase-v-koalicijo-z-sds\/"]}]},{"@type":"BreadcrumbList","@id":"https:\/\/hudo.com\/si\/aktualno\/horvat-nsi-bolj-pase-v-koalicijo-z-sds\/#breadcrumb","itemListElement":[{"@type":"ListItem","position":1,"name":"Home","item":"https:\/\/hudo.com\/si\/"},{"@type":"ListItem","position":2,"name":"Horvat: NSi bolj pa\u0161e v koalicijo z SDS"}]},{"@type":"WebSite","@id":"https:\/\/hudo.com\/si\/#website","url":"https:\/\/hudo.com\/si\/","name":"Hudo Slovenija","description":"Vse novice iz Slovenije in sveta","publisher":{"@id":"https:\/\/hudo.com\/si\/#organization"},"potentialAction":[{"@type":"SearchAction","target":{"@type":"EntryPoint","urlTemplate":"https:\/\/hudo.com\/si\/?s={search_term_string}"},"query-input":"required name=search_term_string"}],"inLanguage":"sl-SI"},{"@type":"Organization","@id":"https:\/\/hudo.com\/si\/#organization","name":"VSN Media","url":"https:\/\/hudo.com\/si\/","logo":{"@type":"ImageObject","inLanguage":"sl-SI","@id":"https:\/\/hudo.com\/si\/#\/schema\/logo\/image\/","url":"https:\/\/hudo.com\/si\/wp-content\/uploads\/sites\/2\/2021\/03\/hudo-app-2.png","contentUrl":"https:\/\/hudo.com\/si\/wp-content\/uploads\/sites\/2\/2021\/03\/hudo-app-2.png","width":2185,"height":2167,"caption":"VSN Media"},"image":{"@id":"https:\/\/hudo.com\/si\/#\/schema\/logo\/image\/"},"sameAs":["https:\/\/www.facebook.com\/hudo.si","https:\/\/twitter.com\/hudo_si"]},{"@type":"Person","@id":"https:\/\/hudo.com\/si\/#\/schema\/person\/18f09c02475ba9e606e941a565b80cff","name":"A. P., STA","image":{"@type":"ImageObject","inLanguage":"sl-SI","@id":"https:\/\/hudo.com\/si\/#\/schema\/person\/image\/","url":"https:\/\/secure.gravatar.com\/avatar\/03eac8e609f5f04383125d80eaeaaf3e?s=96&d=mm&r=g","contentUrl":"https:\/\/secure.gravatar.com\/avatar\/03eac8e609f5f04383125d80eaeaaf3e?s=96&d=mm&r=g","caption":"A. P., STA"},"url":"https:\/\/hudo.com\/si\/author\/lubu\/"}]}},"amp_enabled":true,"_links":{"self":[{"href":"https:\/\/hudo.com\/si\/wp-json\/wp\/v2\/posts\/373061"}],"collection":[{"href":"https:\/\/hudo.com\/si\/wp-json\/wp\/v2\/posts"}],"about":[{"href":"https:\/\/hudo.com\/si\/wp-json\/wp\/v2\/types\/post"}],"author":[{"embeddable":true,"href":"https:\/\/hudo.com\/si\/wp-json\/wp\/v2\/users\/7"}],"replies":[{"embeddable":true,"href":"https:\/\/hudo.com\/si\/wp-json\/wp\/v2\/comments?post=373061"}],"version-history":[{"count":1,"href":"https:\/\/hudo.com\/si\/wp-json\/wp\/v2\/posts\/373061\/revisions"}],"predecessor-version":[{"id":373063,"href":"https:\/\/hudo.com\/si\/wp-json\/wp\/v2\/posts\/373061\/revisions\/373063"}],"wp:featuredmedia":[{"embeddable":true,"href":"https:\/\/hudo.com\/si\/wp-json\/wp\/v2\/media\/367714"}],"wp:attachment":[{"href":"https:\/\/hudo.com\/si\/wp-json\/wp\/v2\/media?parent=373061"}],"wp:term":[{"taxonomy":"category","embeddable":true,"href":"https:\/\/hudo.com\/si\/wp-json\/wp\/v2\/categories?post=373061"},{"taxonomy":"post_tag","embeddable":true,"href":"https:\/\/hudo.com\/si\/wp-json\/wp\/v2\/tags?post=373061"},{"taxonomy":"source","embeddable":true,"href":"https:\/\/hudo.com\/si\/wp-json\/wp\/v2\/source?post=373061"},{"taxonomy":"supertag","embeddable":true,"href":"https:\/\/hudo.com\/si\/wp-json\/wp\/v2\/supertag?post=373061"}],"curies":[{"name":"wp","href":"https:\/\/api.w.org\/{rel}","templated":true}]}}