{"id":373381,"date":"2018-07-07T12:05:14","date_gmt":"2018-07-07T10:05:14","guid":{"rendered":"http:\/\/hudo.com\/si\/?p=373381"},"modified":"2018-07-07T12:05:14","modified_gmt":"2018-07-07T10:05:14","slug":"obilno-dezevje-na-japonskem-zahtevalo-stevilne-smrtne-zrtve","status":"publish","type":"post","link":"https:\/\/hudo.com\/si\/aktualno\/obilno-dezevje-na-japonskem-zahtevalo-stevilne-smrtne-zrtve\/","title":{"rendered":"Obilno de\u017eevje na Japonskem zahtevalo \u0161tevilne smrtne \u017ertve"},"content":{"rendered":"<div class=\"text\">\n<p>Javna televizija NHK, kjer so obi\u010dajen program zamenjali s posebnimi oddajami o vremenskih razmerah, medtem poro\u010da o 38 smrtnih \u017ertvah in okoli 50 pogre\u0161anih. Tudi oblasti \u0161e zbirajo podatke, tako da 20 smrtnih \u017ertev verjetno \u0161e ni kon\u010dno \u0161tevilo.<\/p>\n<p>Rekordne padavine bele\u017eijo v \u0161tevilnih prefekturah, vklju\u010dno s Hiro\u0161imo, kjer je bilo najve\u010d smrtnih \u017ertev. Mo\u010dno pa sta bili prizadeti tudi provinci Aichi in Okayama. Na nekaterih obmo\u010djih je padlo ve\u010d kot meter de\u017eja, je sporo\u010dila japonska vlada, kot poro\u010da francoska tiskovna agencija AFP.<\/p>\n<p>De\u017e je povzro\u010dil plazove in poplave, zaradi katerih so \u0161tevilni kljub evakuaciji ostali ujeti v svojih domovih, veliko pa se jih je zateklo na strehe svojih domov. V re\u0161evalnih operacijah po navedbah oblasti sodeluje okoli 48.000 vojakov, policistov in gasilcev.<\/p>\n<p>Premier Shinzo Abe je svojim ministrom naro\u010dil, naj naredijo vse, kar lahko, da bodo re\u0161ili \u017ertve. &#8220;Razmere so izjemno resne,&#8221; je povedal.<\/p>\n<p>Japonska meteorolo\u0161ka slu\u017eba je za velika obmo\u010dja zahodnega dela dr\u017eave izdala najvi\u0161jo stopnjo opozorila, ki ga izdajo samo, ko je pri\u010dakovati najobilnej\u0161e padavine v ve\u010d desetletjih. Za druga obmo\u010dja pa je opozorilo umaknila. Vremenoslovci napovedujejo, da se bo obilno de\u017eevje na jugu in zahodu dr\u017eave nadaljevalo do nedelje.<\/p>\n<\/div>\n","protected":false},"excerpt":{"rendered":"<p>Na jugu in zahodu Japonske \u017ee ve\u010d dni mo\u010dno de\u017euje, pri \u010demer je po podatkih oblasti umrlo najmanj 20 ljudi. Okoli 1,9 milijona ljudi je moralo zaradi de\u017eevja, ki je povzro\u010dilo poplave in zemeljske plazove, zapustiti svoje domove.<\/p>\n","protected":false},"author":5,"featured_media":373382,"comment_status":"closed","ping_status":"closed","sticky":false,"template":"","format":"standard","meta":{"footnotes":""},"categories":[1179],"tags":[6908,1587,2149],"source":[4511],"supertag":[],"acf":[],"yoast_head":"<!-- This site is optimized with the Yoast SEO plugin v21.3 - https:\/\/yoast.com\/wordpress\/plugins\/seo\/ -->\n<title>Obilno de\u017eevje na Japonskem zahtevalo \u0161tevilne smrtne \u017ertve - Hudo Slovenija<\/title>\n<meta name=\"robots\" content=\"index, follow, max-snippet:-1, max-image-preview:large, max-video-preview:-1\" \/>\n<link rel=\"canonical\" href=\"https:\/\/hudo.com\/si\/aktualno\/obilno-dezevje-na-japonskem-zahtevalo-stevilne-smrtne-zrtve\/\" \/>\n<meta property=\"og:locale\" content=\"sl_SI\" \/>\n<meta property=\"og:type\" content=\"article\" \/>\n<meta property=\"og:title\" content=\"Obilno de\u017eevje na Japonskem zahtevalo \u0161tevilne smrtne \u017ertve - Hudo Slovenija\" \/>\n<meta property=\"og:description\" content=\"Na jugu in zahodu Japonske \u017ee ve\u010d dni mo\u010dno de\u017euje, pri \u010demer je po podatkih oblasti umrlo najmanj 20 ljudi. Okoli 1,9 milijona ljudi je moralo zaradi de\u017eevja, ki je povzro\u010dilo poplave in zemeljske plazove, zapustiti svoje domove.\" \/>\n<meta property=\"og:url\" content=\"https:\/\/hudo.com\/si\/aktualno\/obilno-dezevje-na-japonskem-zahtevalo-stevilne-smrtne-zrtve\/\" \/>\n<meta property=\"og:site_name\" content=\"Hudo Slovenija\" \/>\n<meta property=\"article:publisher\" content=\"https:\/\/www.facebook.com\/hudo.si\" \/>\n<meta property=\"article:published_time\" content=\"2018-07-07T10:05:14+00:00\" \/>\n<meta property=\"og:image\" content=\"https:\/\/hudo.com\/si\/wp-content\/uploads\/sites\/2\/2018\/07\/profimedia-0262773639.jpg\" \/>\n\t<meta property=\"og:image:width\" content=\"1250\" \/>\n\t<meta property=\"og:image:height\" content=\"1003\" \/>\n\t<meta property=\"og:image:type\" content=\"image\/jpeg\" \/>\n<meta name=\"author\" content=\"A. G., STA\" \/>\n<meta name=\"twitter:card\" content=\"summary_large_image\" \/>\n<meta name=\"twitter:creator\" content=\"@hudo_si\" \/>\n<meta name=\"twitter:site\" content=\"@hudo_si\" \/>\n<meta name=\"twitter:label1\" content=\"Written by\" \/>\n\t<meta name=\"twitter:data1\" content=\"A. G., STA\" \/>\n\t<meta name=\"twitter:label2\" content=\"Est. reading time\" \/>\n\t<meta name=\"twitter:data2\" content=\"1 minuta\" \/>\n<script type=\"application\/ld+json\" class=\"yoast-schema-graph\">{\"@context\":\"https:\/\/schema.org\",\"@graph\":[{\"@type\":\"Article\",\"@id\":\"https:\/\/hudo.com\/si\/aktualno\/obilno-dezevje-na-japonskem-zahtevalo-stevilne-smrtne-zrtve\/#article\",\"isPartOf\":{\"@id\":\"https:\/\/hudo.com\/si\/aktualno\/obilno-dezevje-na-japonskem-zahtevalo-stevilne-smrtne-zrtve\/\"},\"author\":{\"name\":\"A. G., STA\",\"@id\":\"https:\/\/hudo.com\/si\/#\/schema\/person\/2391667a63ea075ba94f2f2dc6b77537\"},\"headline\":\"Obilno de\u017eevje na Japonskem zahtevalo \u0161tevilne smrtne \u017ertve\",\"datePublished\":\"2018-07-07T10:05:14+00:00\",\"dateModified\":\"2018-07-07T10:05:14+00:00\",\"mainEntityOfPage\":{\"@id\":\"https:\/\/hudo.com\/si\/aktualno\/obilno-dezevje-na-japonskem-zahtevalo-stevilne-smrtne-zrtve\/\"},\"wordCount\":224,\"publisher\":{\"@id\":\"https:\/\/hudo.com\/si\/#organization\"},\"keywords\":[\"de\u017e\",\"japonska\",\"vreme\"],\"articleSection\":[\"Aktualno\"],\"inLanguage\":\"sl-SI\"},{\"@type\":\"WebPage\",\"@id\":\"https:\/\/hudo.com\/si\/aktualno\/obilno-dezevje-na-japonskem-zahtevalo-stevilne-smrtne-zrtve\/\",\"url\":\"https:\/\/hudo.com\/si\/aktualno\/obilno-dezevje-na-japonskem-zahtevalo-stevilne-smrtne-zrtve\/\",\"name\":\"Obilno de\u017eevje na Japonskem zahtevalo \u0161tevilne smrtne \u017ertve - Hudo Slovenija\",\"isPartOf\":{\"@id\":\"https:\/\/hudo.com\/si\/#website\"},\"datePublished\":\"2018-07-07T10:05:14+00:00\",\"dateModified\":\"2018-07-07T10:05:14+00:00\",\"breadcrumb\":{\"@id\":\"https:\/\/hudo.com\/si\/aktualno\/obilno-dezevje-na-japonskem-zahtevalo-stevilne-smrtne-zrtve\/#breadcrumb\"},\"inLanguage\":\"sl-SI\",\"potentialAction\":[{\"@type\":\"ReadAction\",\"target\":[\"https:\/\/hudo.com\/si\/aktualno\/obilno-dezevje-na-japonskem-zahtevalo-stevilne-smrtne-zrtve\/\"]}]},{\"@type\":\"BreadcrumbList\",\"@id\":\"https:\/\/hudo.com\/si\/aktualno\/obilno-dezevje-na-japonskem-zahtevalo-stevilne-smrtne-zrtve\/#breadcrumb\",\"itemListElement\":[{\"@type\":\"ListItem\",\"position\":1,\"name\":\"Home\",\"item\":\"https:\/\/hudo.com\/si\/\"},{\"@type\":\"ListItem\",\"position\":2,\"name\":\"Obilno de\u017eevje na Japonskem zahtevalo \u0161tevilne smrtne \u017ertve\"}]},{\"@type\":\"WebSite\",\"@id\":\"https:\/\/hudo.com\/si\/#website\",\"url\":\"https:\/\/hudo.com\/si\/\",\"name\":\"Hudo Slovenija\",\"description\":\"Vse novice iz Slovenije in sveta\",\"publisher\":{\"@id\":\"https:\/\/hudo.com\/si\/#organization\"},\"potentialAction\":[{\"@type\":\"SearchAction\",\"target\":{\"@type\":\"EntryPoint\",\"urlTemplate\":\"https:\/\/hudo.com\/si\/?s={search_term_string}\"},\"query-input\":\"required name=search_term_string\"}],\"inLanguage\":\"sl-SI\"},{\"@type\":\"Organization\",\"@id\":\"https:\/\/hudo.com\/si\/#organization\",\"name\":\"VSN Media\",\"url\":\"https:\/\/hudo.com\/si\/\",\"logo\":{\"@type\":\"ImageObject\",\"inLanguage\":\"sl-SI\",\"@id\":\"https:\/\/hudo.com\/si\/#\/schema\/logo\/image\/\",\"url\":\"https:\/\/hudo.com\/si\/wp-content\/uploads\/sites\/2\/2021\/03\/hudo-app-2.png\",\"contentUrl\":\"https:\/\/hudo.com\/si\/wp-content\/uploads\/sites\/2\/2021\/03\/hudo-app-2.png\",\"width\":2185,\"height\":2167,\"caption\":\"VSN Media\"},\"image\":{\"@id\":\"https:\/\/hudo.com\/si\/#\/schema\/logo\/image\/\"},\"sameAs\":[\"https:\/\/www.facebook.com\/hudo.si\",\"https:\/\/twitter.com\/hudo_si\"]},{\"@type\":\"Person\",\"@id\":\"https:\/\/hudo.com\/si\/#\/schema\/person\/2391667a63ea075ba94f2f2dc6b77537\",\"name\":\"A. G., STA\",\"image\":{\"@type\":\"ImageObject\",\"inLanguage\":\"sl-SI\",\"@id\":\"https:\/\/hudo.com\/si\/#\/schema\/person\/image\/\",\"url\":\"https:\/\/secure.gravatar.com\/avatar\/e13d22ac3e442658d5025fbbe6238a79?s=96&d=mm&r=g\",\"contentUrl\":\"https:\/\/secure.gravatar.com\/avatar\/e13d22ac3e442658d5025fbbe6238a79?s=96&d=mm&r=g\",\"caption\":\"A. G., STA\"},\"url\":\"https:\/\/hudo.com\/si\/author\/alenka\/\"}]}<\/script>\n<!-- \/ Yoast SEO plugin. -->","yoast_head_json":{"title":"Obilno de\u017eevje na Japonskem zahtevalo \u0161tevilne smrtne \u017ertve - Hudo Slovenija","robots":{"index":"index","follow":"follow","max-snippet":"max-snippet:-1","max-image-preview":"max-image-preview:large","max-video-preview":"max-video-preview:-1"},"canonical":"https:\/\/hudo.com\/si\/aktualno\/obilno-dezevje-na-japonskem-zahtevalo-stevilne-smrtne-zrtve\/","og_locale":"sl_SI","og_type":"article","og_title":"Obilno de\u017eevje na Japonskem zahtevalo \u0161tevilne smrtne \u017ertve - Hudo Slovenija","og_description":"Na jugu in zahodu Japonske \u017ee ve\u010d dni mo\u010dno de\u017euje, pri \u010demer je po podatkih oblasti umrlo najmanj 20 ljudi. Okoli 1,9 milijona ljudi je moralo zaradi de\u017eevja, ki je povzro\u010dilo poplave in zemeljske plazove, zapustiti svoje domove.","og_url":"https:\/\/hudo.com\/si\/aktualno\/obilno-dezevje-na-japonskem-zahtevalo-stevilne-smrtne-zrtve\/","og_site_name":"Hudo Slovenija","article_publisher":"https:\/\/www.facebook.com\/hudo.si","article_published_time":"2018-07-07T10:05:14+00:00","og_image":[{"width":1250,"height":1003,"url":"https:\/\/hudo.com\/si\/wp-content\/uploads\/sites\/2\/2018\/07\/profimedia-0262773639.jpg","type":"image\/jpeg"}],"author":"A. G., STA","twitter_card":"summary_large_image","twitter_creator":"@hudo_si","twitter_site":"@hudo_si","twitter_misc":{"Written by":"A. G., STA","Est. reading time":"1 minuta"},"schema":{"@context":"https:\/\/schema.org","@graph":[{"@type":"Article","@id":"https:\/\/hudo.com\/si\/aktualno\/obilno-dezevje-na-japonskem-zahtevalo-stevilne-smrtne-zrtve\/#article","isPartOf":{"@id":"https:\/\/hudo.com\/si\/aktualno\/obilno-dezevje-na-japonskem-zahtevalo-stevilne-smrtne-zrtve\/"},"author":{"name":"A. G., STA","@id":"https:\/\/hudo.com\/si\/#\/schema\/person\/2391667a63ea075ba94f2f2dc6b77537"},"headline":"Obilno de\u017eevje na Japonskem zahtevalo \u0161tevilne smrtne \u017ertve","datePublished":"2018-07-07T10:05:14+00:00","dateModified":"2018-07-07T10:05:14+00:00","mainEntityOfPage":{"@id":"https:\/\/hudo.com\/si\/aktualno\/obilno-dezevje-na-japonskem-zahtevalo-stevilne-smrtne-zrtve\/"},"wordCount":224,"publisher":{"@id":"https:\/\/hudo.com\/si\/#organization"},"keywords":["de\u017e","japonska","vreme"],"articleSection":["Aktualno"],"inLanguage":"sl-SI"},{"@type":"WebPage","@id":"https:\/\/hudo.com\/si\/aktualno\/obilno-dezevje-na-japonskem-zahtevalo-stevilne-smrtne-zrtve\/","url":"https:\/\/hudo.com\/si\/aktualno\/obilno-dezevje-na-japonskem-zahtevalo-stevilne-smrtne-zrtve\/","name":"Obilno de\u017eevje na Japonskem zahtevalo \u0161tevilne smrtne \u017ertve - Hudo Slovenija","isPartOf":{"@id":"https:\/\/hudo.com\/si\/#website"},"datePublished":"2018-07-07T10:05:14+00:00","dateModified":"2018-07-07T10:05:14+00:00","breadcrumb":{"@id":"https:\/\/hudo.com\/si\/aktualno\/obilno-dezevje-na-japonskem-zahtevalo-stevilne-smrtne-zrtve\/#breadcrumb"},"inLanguage":"sl-SI","potentialAction":[{"@type":"ReadAction","target":["https:\/\/hudo.com\/si\/aktualno\/obilno-dezevje-na-japonskem-zahtevalo-stevilne-smrtne-zrtve\/"]}]},{"@type":"BreadcrumbList","@id":"https:\/\/hudo.com\/si\/aktualno\/obilno-dezevje-na-japonskem-zahtevalo-stevilne-smrtne-zrtve\/#breadcrumb","itemListElement":[{"@type":"ListItem","position":1,"name":"Home","item":"https:\/\/hudo.com\/si\/"},{"@type":"ListItem","position":2,"name":"Obilno de\u017eevje na Japonskem zahtevalo \u0161tevilne smrtne \u017ertve"}]},{"@type":"WebSite","@id":"https:\/\/hudo.com\/si\/#website","url":"https:\/\/hudo.com\/si\/","name":"Hudo Slovenija","description":"Vse novice iz Slovenije in sveta","publisher":{"@id":"https:\/\/hudo.com\/si\/#organization"},"potentialAction":[{"@type":"SearchAction","target":{"@type":"EntryPoint","urlTemplate":"https:\/\/hudo.com\/si\/?s={search_term_string}"},"query-input":"required name=search_term_string"}],"inLanguage":"sl-SI"},{"@type":"Organization","@id":"https:\/\/hudo.com\/si\/#organization","name":"VSN Media","url":"https:\/\/hudo.com\/si\/","logo":{"@type":"ImageObject","inLanguage":"sl-SI","@id":"https:\/\/hudo.com\/si\/#\/schema\/logo\/image\/","url":"https:\/\/hudo.com\/si\/wp-content\/uploads\/sites\/2\/2021\/03\/hudo-app-2.png","contentUrl":"https:\/\/hudo.com\/si\/wp-content\/uploads\/sites\/2\/2021\/03\/hudo-app-2.png","width":2185,"height":2167,"caption":"VSN Media"},"image":{"@id":"https:\/\/hudo.com\/si\/#\/schema\/logo\/image\/"},"sameAs":["https:\/\/www.facebook.com\/hudo.si","https:\/\/twitter.com\/hudo_si"]},{"@type":"Person","@id":"https:\/\/hudo.com\/si\/#\/schema\/person\/2391667a63ea075ba94f2f2dc6b77537","name":"A. G., STA","image":{"@type":"ImageObject","inLanguage":"sl-SI","@id":"https:\/\/hudo.com\/si\/#\/schema\/person\/image\/","url":"https:\/\/secure.gravatar.com\/avatar\/e13d22ac3e442658d5025fbbe6238a79?s=96&d=mm&r=g","contentUrl":"https:\/\/secure.gravatar.com\/avatar\/e13d22ac3e442658d5025fbbe6238a79?s=96&d=mm&r=g","caption":"A. G., STA"},"url":"https:\/\/hudo.com\/si\/author\/alenka\/"}]}},"amp_enabled":true,"_links":{"self":[{"href":"https:\/\/hudo.com\/si\/wp-json\/wp\/v2\/posts\/373381"}],"collection":[{"href":"https:\/\/hudo.com\/si\/wp-json\/wp\/v2\/posts"}],"about":[{"href":"https:\/\/hudo.com\/si\/wp-json\/wp\/v2\/types\/post"}],"author":[{"embeddable":true,"href":"https:\/\/hudo.com\/si\/wp-json\/wp\/v2\/users\/5"}],"replies":[{"embeddable":true,"href":"https:\/\/hudo.com\/si\/wp-json\/wp\/v2\/comments?post=373381"}],"version-history":[{"count":1,"href":"https:\/\/hudo.com\/si\/wp-json\/wp\/v2\/posts\/373381\/revisions"}],"predecessor-version":[{"id":373383,"href":"https:\/\/hudo.com\/si\/wp-json\/wp\/v2\/posts\/373381\/revisions\/373383"}],"wp:featuredmedia":[{"embeddable":true,"href":"https:\/\/hudo.com\/si\/wp-json\/wp\/v2\/media\/373382"}],"wp:attachment":[{"href":"https:\/\/hudo.com\/si\/wp-json\/wp\/v2\/media?parent=373381"}],"wp:term":[{"taxonomy":"category","embeddable":true,"href":"https:\/\/hudo.com\/si\/wp-json\/wp\/v2\/categories?post=373381"},{"taxonomy":"post_tag","embeddable":true,"href":"https:\/\/hudo.com\/si\/wp-json\/wp\/v2\/tags?post=373381"},{"taxonomy":"source","embeddable":true,"href":"https:\/\/hudo.com\/si\/wp-json\/wp\/v2\/source?post=373381"},{"taxonomy":"supertag","embeddable":true,"href":"https:\/\/hudo.com\/si\/wp-json\/wp\/v2\/supertag?post=373381"}],"curies":[{"name":"wp","href":"https:\/\/api.w.org\/{rel}","templated":true}]}}