{"id":374018,"date":"2018-07-17T14:44:47","date_gmt":"2018-07-17T12:44:47","guid":{"rendered":"http:\/\/hudo.com\/si\/?p=374018"},"modified":"2018-07-17T14:44:47","modified_gmt":"2018-07-17T12:44:47","slug":"v-slovenijo-se-je-lani-priselilo-vec-ljudi-kot-se-jih-je-izselilo","status":"publish","type":"post","link":"https:\/\/hudo.com\/si\/aktualno\/v-slovenijo-se-je-lani-priselilo-vec-ljudi-kot-se-jih-je-izselilo\/","title":{"rendered":"V Slovenijo se je lani priselilo ve\u010d ljudi, kot se jih je izselilo"},"content":{"rendered":"<p>V Slovenijo se je lani priselilo 18.808 prebivalcev, iz dr\u017eave pa se jih je odselilo 17.555. V primerjavi z letom 2016 je bilo tako \u0161tevilo priselitev kot odselitev vi\u0161je za 13 odstotkov.<\/p>\n<h2>Statistiko re\u0161ujejo tujci<\/h2>\n<p>Selitveni prirast dr\u017eavljanov Slovenije je bil lani \u017ee 18. leto zapored negativen: lani se jih je iz dr\u017eave odselilo 6583 ve\u010d, kot se jih je v dr\u017eavo priselilo. Selitveni prirast tujih dr\u017eavljanov pa je bil \u017ee 19. leto zapored pozitiven: v Slovenijo se jih je priselilo 7836 ve\u010d, kot se jih je iz nje odselilo.<\/p>\n<p>Med priseljenimi slovenskimi dr\u017eavljani je imelo 23 odstotkov prej\u0161nje prebivali\u0161\u010de v Nem\u010diji, 17 odstotkov pa v Avstriji. Sledile so Hrva\u0161ka, Italija in \u0160vica.<\/p>\n<p>Najve\u010d tujcev pa se je lani priselilo iz Bosne in Hercegovine, in sicer 40 odstotkov vseh priseljenih tujih dr\u017eavljanov. Za najve\u010d preostalih so bile dr\u017eave prej\u0161njega prebivali\u0161\u010da \u0161e Srbija, Kosovo, Makedonija in Hrva\u0161ka.<\/p>\n<p>\u010cetrtina odseljenih dr\u017eavljanov Slovenije je lani od\u0161la v Avstrijo, 19 odstotkov v Nem\u010dijo, po dele\u017eu odseljenih pa sledita \u0160vica in Zdru\u017eeno kraljestvo.<\/p>\n<p>Za najve\u010d odseljenih tujih dr\u017eavljanov oz. 22 odstotkov je dr\u017eava njihovega prihodnjega prebivali\u0161\u010da postala Bosna in Hercegovina, s 15 odstotki je sledila Nem\u010dija, njej pa z 11 odstotki Srbija in z devetimi Hrva\u0161ka.<\/p>\n<h2>Urejanje evidenc<\/h2>\n<p>Sorazmerno visoko \u0161tevilo odseljenih je po navedbah statisti\u010dnega urada \u017ee ve\u010d let delno povezano z administrativnim urejanjem odjav prebivali\u0161\u010da za osebe, ki so se dejansko odselile \u017ee pred leti. Take odselitve so lani predstavljale pribli\u017eno pet odstotkov vseh odselitev.<\/p>\n<p>Lani je bilo registriranih tudi 112.356 notranjih selitev, torej sprememb naselja bivali\u0161\u010da znotraj dr\u017eave. To je 1,7 odstotka ve\u010d kot leto prej. Znotraj dr\u017eave se je selilo 101.025 ljudi, 10.821 med njimi pa se je selilo ve\u010d kot enkrat.<\/p>\n<p>Od prebivalcev, ki so lani prijavili spremembo naselja bivali\u0161\u010da, se jih je 80 odstotkov preselilo v drugo ob\u010dino, povpre\u010dno vsak peti pa se je preselil v drugo naselje znotraj iste ob\u010dine. Spremembo prebivali\u0161\u010da je prijavilo pribli\u017eno 99.200 dr\u017eavljanov Slovenije in pribli\u017eno 13.200 tujih dr\u017eavljanov. Nekaj ve\u010d kot polovica tistih, ki so se selili znotraj dr\u017eave, je bilo starih 20 do 39 let.<\/p>\n<p>Naselje svojega bivali\u0161\u010da je lani najmanj enkrat zamenjalo 4,9 odstotka prebivalcev Slovenije. Tujci so bili tudi lani bolj mobilna skupina prebivalcev kot dr\u017eavljani Slovenije: od tujcev se je namre\u010d najmanj enkrat selil povpre\u010dno vsak deseti, od dr\u017eavljanov Slovenije pa povpre\u010dno vsak 22.<\/p>\n<p>Zabele\u017eenih sprememb prebivali\u0161\u010da znotraj naselij je bilo lani 46.926. Te statisti\u010dno sicer ne veljajo za selitve. Znotraj naselja Ljubljana se je najmanj enkrat preselilo 14.661 ljudi, znotraj naselja Maribor pa 5152.<\/p>\n","protected":false},"excerpt":{"rendered":"<p>V Slovenijo se je lani priselilo skoraj 3300 dr\u017eavljanov Slovenije in okoli 15.500 tujih dr\u017eavljanov. Odselilo se je skoraj 9900 slovenskih in skoraj 7700 tujih dr\u017eavljanov. Selitveni prirast je bil lani najvi\u0161ji po letu 2011, saj se je priselilo 1253 oseb ve\u010d, kot se jih je odselilo, je objavil dr\u017eavni statisti\u010dni urad.<\/p>\n","protected":false},"author":7,"featured_media":374019,"comment_status":"closed","ping_status":"closed","sticky":false,"template":"","format":"standard","meta":{"footnotes":""},"categories":[1179],"tags":[1595,4505],"source":[4511],"supertag":[7541],"acf":[],"yoast_head":"<!-- This site is optimized with the Yoast SEO plugin v21.3 - https:\/\/yoast.com\/wordpress\/plugins\/seo\/ -->\n<title>V Slovenijo se je lani priselilo ve\u010d ljudi, kot se jih je izselilo - Hudo Slovenija<\/title>\n<meta name=\"robots\" content=\"index, follow, max-snippet:-1, max-image-preview:large, max-video-preview:-1\" \/>\n<link rel=\"canonical\" href=\"https:\/\/hudo.com\/si\/aktualno\/v-slovenijo-se-je-lani-priselilo-vec-ljudi-kot-se-jih-je-izselilo\/\" \/>\n<meta property=\"og:locale\" content=\"sl_SI\" \/>\n<meta property=\"og:type\" content=\"article\" \/>\n<meta property=\"og:title\" content=\"V Slovenijo se je lani priselilo ve\u010d ljudi, kot se jih je izselilo - Hudo Slovenija\" \/>\n<meta property=\"og:description\" content=\"V Slovenijo se je lani priselilo skoraj 3300 dr\u017eavljanov Slovenije in okoli 15.500 tujih dr\u017eavljanov. Odselilo se je skoraj 9900 slovenskih in skoraj 7700 tujih dr\u017eavljanov. Selitveni prirast je bil lani najvi\u0161ji po letu 2011, saj se je priselilo 1253 oseb ve\u010d, kot se jih je odselilo, je objavil dr\u017eavni statisti\u010dni urad.\" \/>\n<meta property=\"og:url\" content=\"https:\/\/hudo.com\/si\/aktualno\/v-slovenijo-se-je-lani-priselilo-vec-ljudi-kot-se-jih-je-izselilo\/\" \/>\n<meta property=\"og:site_name\" content=\"Hudo Slovenija\" \/>\n<meta property=\"article:publisher\" content=\"https:\/\/www.facebook.com\/hudo.si\" \/>\n<meta property=\"article:published_time\" content=\"2018-07-17T12:44:47+00:00\" \/>\n<meta property=\"og:image\" content=\"https:\/\/hudo.com\/si\/wp-content\/uploads\/sites\/2\/2018\/07\/profimedia-0132890568.jpg\" \/>\n\t<meta property=\"og:image:width\" content=\"1250\" \/>\n\t<meta property=\"og:image:height\" content=\"832\" \/>\n\t<meta property=\"og:image:type\" content=\"image\/jpeg\" \/>\n<meta name=\"author\" content=\"A. P., STA\" \/>\n<meta name=\"twitter:card\" content=\"summary_large_image\" \/>\n<meta name=\"twitter:creator\" content=\"@hudo_si\" \/>\n<meta name=\"twitter:site\" content=\"@hudo_si\" \/>\n<meta name=\"twitter:label1\" content=\"Written by\" \/>\n\t<meta name=\"twitter:data1\" content=\"A. P., STA\" \/>\n\t<meta name=\"twitter:label2\" content=\"Est. reading time\" \/>\n\t<meta name=\"twitter:data2\" content=\"2 minuti\" \/>\n<script type=\"application\/ld+json\" class=\"yoast-schema-graph\">{\"@context\":\"https:\/\/schema.org\",\"@graph\":[{\"@type\":\"Article\",\"@id\":\"https:\/\/hudo.com\/si\/aktualno\/v-slovenijo-se-je-lani-priselilo-vec-ljudi-kot-se-jih-je-izselilo\/#article\",\"isPartOf\":{\"@id\":\"https:\/\/hudo.com\/si\/aktualno\/v-slovenijo-se-je-lani-priselilo-vec-ljudi-kot-se-jih-je-izselilo\/\"},\"author\":{\"name\":\"A. P., STA\",\"@id\":\"https:\/\/hudo.com\/si\/#\/schema\/person\/18f09c02475ba9e606e941a565b80cff\"},\"headline\":\"V Slovenijo se je lani priselilo ve\u010d ljudi, kot se jih je izselilo\",\"datePublished\":\"2018-07-17T12:44:47+00:00\",\"dateModified\":\"2018-07-17T12:44:47+00:00\",\"mainEntityOfPage\":{\"@id\":\"https:\/\/hudo.com\/si\/aktualno\/v-slovenijo-se-je-lani-priselilo-vec-ljudi-kot-se-jih-je-izselilo\/\"},\"wordCount\":451,\"publisher\":{\"@id\":\"https:\/\/hudo.com\/si\/#organization\"},\"keywords\":[\"Slovenija\",\"statistika\"],\"articleSection\":[\"Aktualno\"],\"inLanguage\":\"sl-SI\"},{\"@type\":\"WebPage\",\"@id\":\"https:\/\/hudo.com\/si\/aktualno\/v-slovenijo-se-je-lani-priselilo-vec-ljudi-kot-se-jih-je-izselilo\/\",\"url\":\"https:\/\/hudo.com\/si\/aktualno\/v-slovenijo-se-je-lani-priselilo-vec-ljudi-kot-se-jih-je-izselilo\/\",\"name\":\"V Slovenijo se je lani priselilo ve\u010d ljudi, kot se jih je izselilo - Hudo Slovenija\",\"isPartOf\":{\"@id\":\"https:\/\/hudo.com\/si\/#website\"},\"datePublished\":\"2018-07-17T12:44:47+00:00\",\"dateModified\":\"2018-07-17T12:44:47+00:00\",\"breadcrumb\":{\"@id\":\"https:\/\/hudo.com\/si\/aktualno\/v-slovenijo-se-je-lani-priselilo-vec-ljudi-kot-se-jih-je-izselilo\/#breadcrumb\"},\"inLanguage\":\"sl-SI\",\"potentialAction\":[{\"@type\":\"ReadAction\",\"target\":[\"https:\/\/hudo.com\/si\/aktualno\/v-slovenijo-se-je-lani-priselilo-vec-ljudi-kot-se-jih-je-izselilo\/\"]}]},{\"@type\":\"BreadcrumbList\",\"@id\":\"https:\/\/hudo.com\/si\/aktualno\/v-slovenijo-se-je-lani-priselilo-vec-ljudi-kot-se-jih-je-izselilo\/#breadcrumb\",\"itemListElement\":[{\"@type\":\"ListItem\",\"position\":1,\"name\":\"Home\",\"item\":\"https:\/\/hudo.com\/si\/\"},{\"@type\":\"ListItem\",\"position\":2,\"name\":\"V Slovenijo se je lani priselilo ve\u010d ljudi, kot se jih je izselilo\"}]},{\"@type\":\"WebSite\",\"@id\":\"https:\/\/hudo.com\/si\/#website\",\"url\":\"https:\/\/hudo.com\/si\/\",\"name\":\"Hudo Slovenija\",\"description\":\"Vse novice iz Slovenije in sveta\",\"publisher\":{\"@id\":\"https:\/\/hudo.com\/si\/#organization\"},\"potentialAction\":[{\"@type\":\"SearchAction\",\"target\":{\"@type\":\"EntryPoint\",\"urlTemplate\":\"https:\/\/hudo.com\/si\/?s={search_term_string}\"},\"query-input\":\"required name=search_term_string\"}],\"inLanguage\":\"sl-SI\"},{\"@type\":\"Organization\",\"@id\":\"https:\/\/hudo.com\/si\/#organization\",\"name\":\"VSN Media\",\"url\":\"https:\/\/hudo.com\/si\/\",\"logo\":{\"@type\":\"ImageObject\",\"inLanguage\":\"sl-SI\",\"@id\":\"https:\/\/hudo.com\/si\/#\/schema\/logo\/image\/\",\"url\":\"https:\/\/hudo.com\/si\/wp-content\/uploads\/sites\/2\/2021\/03\/hudo-app-2.png\",\"contentUrl\":\"https:\/\/hudo.com\/si\/wp-content\/uploads\/sites\/2\/2021\/03\/hudo-app-2.png\",\"width\":2185,\"height\":2167,\"caption\":\"VSN Media\"},\"image\":{\"@id\":\"https:\/\/hudo.com\/si\/#\/schema\/logo\/image\/\"},\"sameAs\":[\"https:\/\/www.facebook.com\/hudo.si\",\"https:\/\/twitter.com\/hudo_si\"]},{\"@type\":\"Person\",\"@id\":\"https:\/\/hudo.com\/si\/#\/schema\/person\/18f09c02475ba9e606e941a565b80cff\",\"name\":\"A. P., STA\",\"image\":{\"@type\":\"ImageObject\",\"inLanguage\":\"sl-SI\",\"@id\":\"https:\/\/hudo.com\/si\/#\/schema\/person\/image\/\",\"url\":\"https:\/\/secure.gravatar.com\/avatar\/03eac8e609f5f04383125d80eaeaaf3e?s=96&d=mm&r=g\",\"contentUrl\":\"https:\/\/secure.gravatar.com\/avatar\/03eac8e609f5f04383125d80eaeaaf3e?s=96&d=mm&r=g\",\"caption\":\"A. P., STA\"},\"url\":\"https:\/\/hudo.com\/si\/author\/lubu\/\"}]}<\/script>\n<!-- \/ Yoast SEO plugin. -->","yoast_head_json":{"title":"V Slovenijo se je lani priselilo ve\u010d ljudi, kot se jih je izselilo - Hudo Slovenija","robots":{"index":"index","follow":"follow","max-snippet":"max-snippet:-1","max-image-preview":"max-image-preview:large","max-video-preview":"max-video-preview:-1"},"canonical":"https:\/\/hudo.com\/si\/aktualno\/v-slovenijo-se-je-lani-priselilo-vec-ljudi-kot-se-jih-je-izselilo\/","og_locale":"sl_SI","og_type":"article","og_title":"V Slovenijo se je lani priselilo ve\u010d ljudi, kot se jih je izselilo - Hudo Slovenija","og_description":"V Slovenijo se je lani priselilo skoraj 3300 dr\u017eavljanov Slovenije in okoli 15.500 tujih dr\u017eavljanov. Odselilo se je skoraj 9900 slovenskih in skoraj 7700 tujih dr\u017eavljanov. Selitveni prirast je bil lani najvi\u0161ji po letu 2011, saj se je priselilo 1253 oseb ve\u010d, kot se jih je odselilo, je objavil dr\u017eavni statisti\u010dni urad.","og_url":"https:\/\/hudo.com\/si\/aktualno\/v-slovenijo-se-je-lani-priselilo-vec-ljudi-kot-se-jih-je-izselilo\/","og_site_name":"Hudo Slovenija","article_publisher":"https:\/\/www.facebook.com\/hudo.si","article_published_time":"2018-07-17T12:44:47+00:00","og_image":[{"width":1250,"height":832,"url":"https:\/\/hudo.com\/si\/wp-content\/uploads\/sites\/2\/2018\/07\/profimedia-0132890568.jpg","type":"image\/jpeg"}],"author":"A. P., STA","twitter_card":"summary_large_image","twitter_creator":"@hudo_si","twitter_site":"@hudo_si","twitter_misc":{"Written by":"A. P., STA","Est. reading time":"2 minuti"},"schema":{"@context":"https:\/\/schema.org","@graph":[{"@type":"Article","@id":"https:\/\/hudo.com\/si\/aktualno\/v-slovenijo-se-je-lani-priselilo-vec-ljudi-kot-se-jih-je-izselilo\/#article","isPartOf":{"@id":"https:\/\/hudo.com\/si\/aktualno\/v-slovenijo-se-je-lani-priselilo-vec-ljudi-kot-se-jih-je-izselilo\/"},"author":{"name":"A. P., STA","@id":"https:\/\/hudo.com\/si\/#\/schema\/person\/18f09c02475ba9e606e941a565b80cff"},"headline":"V Slovenijo se je lani priselilo ve\u010d ljudi, kot se jih je izselilo","datePublished":"2018-07-17T12:44:47+00:00","dateModified":"2018-07-17T12:44:47+00:00","mainEntityOfPage":{"@id":"https:\/\/hudo.com\/si\/aktualno\/v-slovenijo-se-je-lani-priselilo-vec-ljudi-kot-se-jih-je-izselilo\/"},"wordCount":451,"publisher":{"@id":"https:\/\/hudo.com\/si\/#organization"},"keywords":["Slovenija","statistika"],"articleSection":["Aktualno"],"inLanguage":"sl-SI"},{"@type":"WebPage","@id":"https:\/\/hudo.com\/si\/aktualno\/v-slovenijo-se-je-lani-priselilo-vec-ljudi-kot-se-jih-je-izselilo\/","url":"https:\/\/hudo.com\/si\/aktualno\/v-slovenijo-se-je-lani-priselilo-vec-ljudi-kot-se-jih-je-izselilo\/","name":"V Slovenijo se je lani priselilo ve\u010d ljudi, kot se jih je izselilo - Hudo Slovenija","isPartOf":{"@id":"https:\/\/hudo.com\/si\/#website"},"datePublished":"2018-07-17T12:44:47+00:00","dateModified":"2018-07-17T12:44:47+00:00","breadcrumb":{"@id":"https:\/\/hudo.com\/si\/aktualno\/v-slovenijo-se-je-lani-priselilo-vec-ljudi-kot-se-jih-je-izselilo\/#breadcrumb"},"inLanguage":"sl-SI","potentialAction":[{"@type":"ReadAction","target":["https:\/\/hudo.com\/si\/aktualno\/v-slovenijo-se-je-lani-priselilo-vec-ljudi-kot-se-jih-je-izselilo\/"]}]},{"@type":"BreadcrumbList","@id":"https:\/\/hudo.com\/si\/aktualno\/v-slovenijo-se-je-lani-priselilo-vec-ljudi-kot-se-jih-je-izselilo\/#breadcrumb","itemListElement":[{"@type":"ListItem","position":1,"name":"Home","item":"https:\/\/hudo.com\/si\/"},{"@type":"ListItem","position":2,"name":"V Slovenijo se je lani priselilo ve\u010d ljudi, kot se jih je izselilo"}]},{"@type":"WebSite","@id":"https:\/\/hudo.com\/si\/#website","url":"https:\/\/hudo.com\/si\/","name":"Hudo Slovenija","description":"Vse novice iz Slovenije in sveta","publisher":{"@id":"https:\/\/hudo.com\/si\/#organization"},"potentialAction":[{"@type":"SearchAction","target":{"@type":"EntryPoint","urlTemplate":"https:\/\/hudo.com\/si\/?s={search_term_string}"},"query-input":"required name=search_term_string"}],"inLanguage":"sl-SI"},{"@type":"Organization","@id":"https:\/\/hudo.com\/si\/#organization","name":"VSN Media","url":"https:\/\/hudo.com\/si\/","logo":{"@type":"ImageObject","inLanguage":"sl-SI","@id":"https:\/\/hudo.com\/si\/#\/schema\/logo\/image\/","url":"https:\/\/hudo.com\/si\/wp-content\/uploads\/sites\/2\/2021\/03\/hudo-app-2.png","contentUrl":"https:\/\/hudo.com\/si\/wp-content\/uploads\/sites\/2\/2021\/03\/hudo-app-2.png","width":2185,"height":2167,"caption":"VSN Media"},"image":{"@id":"https:\/\/hudo.com\/si\/#\/schema\/logo\/image\/"},"sameAs":["https:\/\/www.facebook.com\/hudo.si","https:\/\/twitter.com\/hudo_si"]},{"@type":"Person","@id":"https:\/\/hudo.com\/si\/#\/schema\/person\/18f09c02475ba9e606e941a565b80cff","name":"A. P., STA","image":{"@type":"ImageObject","inLanguage":"sl-SI","@id":"https:\/\/hudo.com\/si\/#\/schema\/person\/image\/","url":"https:\/\/secure.gravatar.com\/avatar\/03eac8e609f5f04383125d80eaeaaf3e?s=96&d=mm&r=g","contentUrl":"https:\/\/secure.gravatar.com\/avatar\/03eac8e609f5f04383125d80eaeaaf3e?s=96&d=mm&r=g","caption":"A. P., STA"},"url":"https:\/\/hudo.com\/si\/author\/lubu\/"}]}},"amp_enabled":true,"_links":{"self":[{"href":"https:\/\/hudo.com\/si\/wp-json\/wp\/v2\/posts\/374018"}],"collection":[{"href":"https:\/\/hudo.com\/si\/wp-json\/wp\/v2\/posts"}],"about":[{"href":"https:\/\/hudo.com\/si\/wp-json\/wp\/v2\/types\/post"}],"author":[{"embeddable":true,"href":"https:\/\/hudo.com\/si\/wp-json\/wp\/v2\/users\/7"}],"replies":[{"embeddable":true,"href":"https:\/\/hudo.com\/si\/wp-json\/wp\/v2\/comments?post=374018"}],"version-history":[{"count":1,"href":"https:\/\/hudo.com\/si\/wp-json\/wp\/v2\/posts\/374018\/revisions"}],"predecessor-version":[{"id":374020,"href":"https:\/\/hudo.com\/si\/wp-json\/wp\/v2\/posts\/374018\/revisions\/374020"}],"wp:featuredmedia":[{"embeddable":true,"href":"https:\/\/hudo.com\/si\/wp-json\/wp\/v2\/media\/374019"}],"wp:attachment":[{"href":"https:\/\/hudo.com\/si\/wp-json\/wp\/v2\/media?parent=374018"}],"wp:term":[{"taxonomy":"category","embeddable":true,"href":"https:\/\/hudo.com\/si\/wp-json\/wp\/v2\/categories?post=374018"},{"taxonomy":"post_tag","embeddable":true,"href":"https:\/\/hudo.com\/si\/wp-json\/wp\/v2\/tags?post=374018"},{"taxonomy":"source","embeddable":true,"href":"https:\/\/hudo.com\/si\/wp-json\/wp\/v2\/source?post=374018"},{"taxonomy":"supertag","embeddable":true,"href":"https:\/\/hudo.com\/si\/wp-json\/wp\/v2\/supertag?post=374018"}],"curies":[{"name":"wp","href":"https:\/\/api.w.org\/{rel}","templated":true}]}}