{"id":374088,"date":"2018-07-18T20:04:13","date_gmt":"2018-07-18T18:04:13","guid":{"rendered":"http:\/\/hudo.com\/si\/?p=374088"},"modified":"2018-07-18T20:04:13","modified_gmt":"2018-07-18T18:04:13","slug":"peter-prevc-po-operaciji-na-treninge-ne-bo-hitel","status":"publish","type":"post","link":"https:\/\/hudo.com\/si\/vip\/peter-prevc-po-operaciji-na-treninge-ne-bo-hitel\/","title":{"rendered":"Peter Prevc po operaciji na treninge ne bo hitel"},"content":{"rendered":"<p>Zagotovo ne bo hitel kot po aprilski prvi operaciji, v petek ima naslednji pregled pri zdravnikih, po katerem bo mogo\u010de znano ve\u010d.<\/p>\n<p>&#8220;\u0160lo je za artroskopijo gle\u017enja, za ponovno operacijo, saj se zatekanje ni ustavilo. Ko so ga odprli, so videli, da je notri neka zdrizasta snov, ki je zaenkrat \u0161e neznanega izvora. Snov je od\u0161la na preiskave, da se razi\u0161\u010de, za kaj gre in kako je do tega pri\u0161lo. Odstranili so jo, videli pa so tudi, da je tisto, kar se je naredilo tri mesece nazaj, v redu. Zdaj se je to vnetje pojavilo, vezi in kosti pa so cele,&#8221; je po operaciji dejal Prevc, ki zdaj na\u010drtuje po\u010ditek.<\/p>\n<p>&#8220;Zdaj bom kak\u0161en teden povsem miroval, tako da se vsa tkiva lepo po\u010dasi spet zacelijo. Res ne bi rad ponovil kak\u0161ne svoje napake iz preteklosti in prehitro za\u010del. Potem pa bodo zdravniki oziroma fizioterapevti povedali, koliko se lahko obremeni in kako se lahko obremeni,&#8221; napoveduje slovenski as, ki vendarle upa, da bo ujel kak\u0161no tekmo poletne velike nagrade.<\/p>\n<p>&#8220;Predvsem je treba zdaj to po\u010dasi sanirati in ne imeti v glavi datumov, recimo 3. avgusta moram narediti toliko in toliko stvari. Postopoma je treba za\u010deti in dodajati. Kak\u0161ne dobre kondicijske osnove nimam, saj sem bil kar nekaj \u010dasa v mirovanju, tudi takrat, ko sem treniral, je bilo vse bolj prilagojeno. Verjamem, da bo mi\u0161i\u010dni spomin iz preteklih let dobro deloval in da se ta mo\u010d ne bo toliko izgubila. Glede na to, da sem zdaj prikovan v le\u017ee\u010d polo\u017eaj, bo televizija kar gorela. Dobro, da se odvija Tour, seveda pa bom pogledal tudi skoke, kako so videti po televiziji, saj prav velikokrat za to \u0161e nisem imel prilo\u017enosti,&#8221; je \u0161e povedal slovenski \u0161ampion.<\/p>\n","protected":false},"excerpt":{"rendered":"<p>Najbolj\u0161i slovenski smu\u010darski skakalec zadnjih let, Peter Prevc, je danes ponovno prestal poseg na levem gle\u017enju, ki mu je prekri\u017eal zastavljene na\u010drte za leto\u0161njo poletno sezono. Zapletov pri operaciji in dveurni anesteziji ni bilo, po njej se po\u010duti dobro, zaenkrat pa \u0161e ne more povedati, kdaj se bo vrnil k treningom.<\/p>\n","protected":false},"author":7,"featured_media":231449,"comment_status":"closed","ping_status":"closed","sticky":false,"template":"","format":"standard","meta":{"footnotes":""},"categories":[1093],"tags":[2182,1595,5606,2209],"source":[4511],"supertag":[],"acf":[],"yoast_head":"<!-- This site is optimized with the Yoast SEO plugin v21.3 - https:\/\/yoast.com\/wordpress\/plugins\/seo\/ -->\n<title>Peter Prevc po operaciji na treninge ne bo hitel - Hudo Slovenija<\/title>\n<meta name=\"robots\" content=\"index, follow, max-snippet:-1, max-image-preview:large, max-video-preview:-1\" \/>\n<link rel=\"canonical\" href=\"https:\/\/hudo.com\/si\/vip\/peter-prevc-po-operaciji-na-treninge-ne-bo-hitel\/\" \/>\n<meta property=\"og:locale\" content=\"sl_SI\" \/>\n<meta property=\"og:type\" content=\"article\" \/>\n<meta property=\"og:title\" content=\"Peter Prevc po operaciji na treninge ne bo hitel - Hudo Slovenija\" \/>\n<meta property=\"og:description\" content=\"Najbolj\u0161i slovenski smu\u010darski skakalec zadnjih let, Peter Prevc, je danes ponovno prestal poseg na levem gle\u017enju, ki mu je prekri\u017eal zastavljene na\u010drte za leto\u0161njo poletno sezono. Zapletov pri operaciji in dveurni anesteziji ni bilo, po njej se po\u010duti dobro, zaenkrat pa \u0161e ne more povedati, kdaj se bo vrnil k treningom.\" \/>\n<meta property=\"og:url\" content=\"https:\/\/hudo.com\/si\/vip\/peter-prevc-po-operaciji-na-treninge-ne-bo-hitel\/\" \/>\n<meta property=\"og:site_name\" content=\"Hudo Slovenija\" \/>\n<meta property=\"article:publisher\" content=\"https:\/\/www.facebook.com\/hudo.si\" \/>\n<meta property=\"article:published_time\" content=\"2018-07-18T18:04:13+00:00\" \/>\n<meta property=\"og:image\" content=\"https:\/\/hudo.com\/si\/wp-content\/uploads\/sites\/2\/2017\/03\/profimedia-0326483274.jpg\" \/>\n\t<meta property=\"og:image:width\" content=\"1250\" \/>\n\t<meta property=\"og:image:height\" content=\"1056\" \/>\n\t<meta property=\"og:image:type\" content=\"image\/jpeg\" \/>\n<meta name=\"author\" content=\"A. P., STA\" \/>\n<meta name=\"twitter:card\" content=\"summary_large_image\" \/>\n<meta name=\"twitter:creator\" content=\"@hudo_si\" \/>\n<meta name=\"twitter:site\" content=\"@hudo_si\" \/>\n<meta name=\"twitter:label1\" content=\"Written by\" \/>\n\t<meta name=\"twitter:data1\" content=\"A. P., STA\" \/>\n\t<meta name=\"twitter:label2\" content=\"Est. reading time\" \/>\n\t<meta name=\"twitter:data2\" content=\"2 minuti\" \/>\n<script type=\"application\/ld+json\" class=\"yoast-schema-graph\">{\"@context\":\"https:\/\/schema.org\",\"@graph\":[{\"@type\":\"Article\",\"@id\":\"https:\/\/hudo.com\/si\/vip\/peter-prevc-po-operaciji-na-treninge-ne-bo-hitel\/#article\",\"isPartOf\":{\"@id\":\"https:\/\/hudo.com\/si\/vip\/peter-prevc-po-operaciji-na-treninge-ne-bo-hitel\/\"},\"author\":{\"name\":\"A. P., STA\",\"@id\":\"https:\/\/hudo.com\/si\/#\/schema\/person\/18f09c02475ba9e606e941a565b80cff\"},\"headline\":\"Peter Prevc po operaciji na treninge ne bo hitel\",\"datePublished\":\"2018-07-18T18:04:13+00:00\",\"dateModified\":\"2018-07-18T18:04:13+00:00\",\"mainEntityOfPage\":{\"@id\":\"https:\/\/hudo.com\/si\/vip\/peter-prevc-po-operaciji-na-treninge-ne-bo-hitel\/\"},\"wordCount\":310,\"publisher\":{\"@id\":\"https:\/\/hudo.com\/si\/#organization\"},\"keywords\":[\"peter prevc\",\"Slovenija\",\"slovenski \u0161portniki\",\"smu\u010darski skoki\"],\"articleSection\":[\"VIP\"],\"inLanguage\":\"sl-SI\"},{\"@type\":\"WebPage\",\"@id\":\"https:\/\/hudo.com\/si\/vip\/peter-prevc-po-operaciji-na-treninge-ne-bo-hitel\/\",\"url\":\"https:\/\/hudo.com\/si\/vip\/peter-prevc-po-operaciji-na-treninge-ne-bo-hitel\/\",\"name\":\"Peter Prevc po operaciji na treninge ne bo hitel - Hudo Slovenija\",\"isPartOf\":{\"@id\":\"https:\/\/hudo.com\/si\/#website\"},\"datePublished\":\"2018-07-18T18:04:13+00:00\",\"dateModified\":\"2018-07-18T18:04:13+00:00\",\"breadcrumb\":{\"@id\":\"https:\/\/hudo.com\/si\/vip\/peter-prevc-po-operaciji-na-treninge-ne-bo-hitel\/#breadcrumb\"},\"inLanguage\":\"sl-SI\",\"potentialAction\":[{\"@type\":\"ReadAction\",\"target\":[\"https:\/\/hudo.com\/si\/vip\/peter-prevc-po-operaciji-na-treninge-ne-bo-hitel\/\"]}]},{\"@type\":\"BreadcrumbList\",\"@id\":\"https:\/\/hudo.com\/si\/vip\/peter-prevc-po-operaciji-na-treninge-ne-bo-hitel\/#breadcrumb\",\"itemListElement\":[{\"@type\":\"ListItem\",\"position\":1,\"name\":\"Home\",\"item\":\"https:\/\/hudo.com\/si\/\"},{\"@type\":\"ListItem\",\"position\":2,\"name\":\"Peter Prevc po operaciji na treninge ne bo hitel\"}]},{\"@type\":\"WebSite\",\"@id\":\"https:\/\/hudo.com\/si\/#website\",\"url\":\"https:\/\/hudo.com\/si\/\",\"name\":\"Hudo Slovenija\",\"description\":\"Vse novice iz Slovenije in sveta\",\"publisher\":{\"@id\":\"https:\/\/hudo.com\/si\/#organization\"},\"potentialAction\":[{\"@type\":\"SearchAction\",\"target\":{\"@type\":\"EntryPoint\",\"urlTemplate\":\"https:\/\/hudo.com\/si\/?s={search_term_string}\"},\"query-input\":\"required name=search_term_string\"}],\"inLanguage\":\"sl-SI\"},{\"@type\":\"Organization\",\"@id\":\"https:\/\/hudo.com\/si\/#organization\",\"name\":\"VSN Media\",\"url\":\"https:\/\/hudo.com\/si\/\",\"logo\":{\"@type\":\"ImageObject\",\"inLanguage\":\"sl-SI\",\"@id\":\"https:\/\/hudo.com\/si\/#\/schema\/logo\/image\/\",\"url\":\"https:\/\/hudo.com\/si\/wp-content\/uploads\/sites\/2\/2021\/03\/hudo-app-2.png\",\"contentUrl\":\"https:\/\/hudo.com\/si\/wp-content\/uploads\/sites\/2\/2021\/03\/hudo-app-2.png\",\"width\":2185,\"height\":2167,\"caption\":\"VSN Media\"},\"image\":{\"@id\":\"https:\/\/hudo.com\/si\/#\/schema\/logo\/image\/\"},\"sameAs\":[\"https:\/\/www.facebook.com\/hudo.si\",\"https:\/\/twitter.com\/hudo_si\"]},{\"@type\":\"Person\",\"@id\":\"https:\/\/hudo.com\/si\/#\/schema\/person\/18f09c02475ba9e606e941a565b80cff\",\"name\":\"A. P., STA\",\"image\":{\"@type\":\"ImageObject\",\"inLanguage\":\"sl-SI\",\"@id\":\"https:\/\/hudo.com\/si\/#\/schema\/person\/image\/\",\"url\":\"https:\/\/secure.gravatar.com\/avatar\/03eac8e609f5f04383125d80eaeaaf3e?s=96&d=mm&r=g\",\"contentUrl\":\"https:\/\/secure.gravatar.com\/avatar\/03eac8e609f5f04383125d80eaeaaf3e?s=96&d=mm&r=g\",\"caption\":\"A. P., STA\"},\"url\":\"https:\/\/hudo.com\/si\/author\/lubu\/\"}]}<\/script>\n<!-- \/ Yoast SEO plugin. -->","yoast_head_json":{"title":"Peter Prevc po operaciji na treninge ne bo hitel - Hudo Slovenija","robots":{"index":"index","follow":"follow","max-snippet":"max-snippet:-1","max-image-preview":"max-image-preview:large","max-video-preview":"max-video-preview:-1"},"canonical":"https:\/\/hudo.com\/si\/vip\/peter-prevc-po-operaciji-na-treninge-ne-bo-hitel\/","og_locale":"sl_SI","og_type":"article","og_title":"Peter Prevc po operaciji na treninge ne bo hitel - Hudo Slovenija","og_description":"Najbolj\u0161i slovenski smu\u010darski skakalec zadnjih let, Peter Prevc, je danes ponovno prestal poseg na levem gle\u017enju, ki mu je prekri\u017eal zastavljene na\u010drte za leto\u0161njo poletno sezono. Zapletov pri operaciji in dveurni anesteziji ni bilo, po njej se po\u010duti dobro, zaenkrat pa \u0161e ne more povedati, kdaj se bo vrnil k treningom.","og_url":"https:\/\/hudo.com\/si\/vip\/peter-prevc-po-operaciji-na-treninge-ne-bo-hitel\/","og_site_name":"Hudo Slovenija","article_publisher":"https:\/\/www.facebook.com\/hudo.si","article_published_time":"2018-07-18T18:04:13+00:00","og_image":[{"width":1250,"height":1056,"url":"https:\/\/hudo.com\/si\/wp-content\/uploads\/sites\/2\/2017\/03\/profimedia-0326483274.jpg","type":"image\/jpeg"}],"author":"A. P., STA","twitter_card":"summary_large_image","twitter_creator":"@hudo_si","twitter_site":"@hudo_si","twitter_misc":{"Written by":"A. P., STA","Est. reading time":"2 minuti"},"schema":{"@context":"https:\/\/schema.org","@graph":[{"@type":"Article","@id":"https:\/\/hudo.com\/si\/vip\/peter-prevc-po-operaciji-na-treninge-ne-bo-hitel\/#article","isPartOf":{"@id":"https:\/\/hudo.com\/si\/vip\/peter-prevc-po-operaciji-na-treninge-ne-bo-hitel\/"},"author":{"name":"A. P., STA","@id":"https:\/\/hudo.com\/si\/#\/schema\/person\/18f09c02475ba9e606e941a565b80cff"},"headline":"Peter Prevc po operaciji na treninge ne bo hitel","datePublished":"2018-07-18T18:04:13+00:00","dateModified":"2018-07-18T18:04:13+00:00","mainEntityOfPage":{"@id":"https:\/\/hudo.com\/si\/vip\/peter-prevc-po-operaciji-na-treninge-ne-bo-hitel\/"},"wordCount":310,"publisher":{"@id":"https:\/\/hudo.com\/si\/#organization"},"keywords":["peter prevc","Slovenija","slovenski \u0161portniki","smu\u010darski skoki"],"articleSection":["VIP"],"inLanguage":"sl-SI"},{"@type":"WebPage","@id":"https:\/\/hudo.com\/si\/vip\/peter-prevc-po-operaciji-na-treninge-ne-bo-hitel\/","url":"https:\/\/hudo.com\/si\/vip\/peter-prevc-po-operaciji-na-treninge-ne-bo-hitel\/","name":"Peter Prevc po operaciji na treninge ne bo hitel - Hudo Slovenija","isPartOf":{"@id":"https:\/\/hudo.com\/si\/#website"},"datePublished":"2018-07-18T18:04:13+00:00","dateModified":"2018-07-18T18:04:13+00:00","breadcrumb":{"@id":"https:\/\/hudo.com\/si\/vip\/peter-prevc-po-operaciji-na-treninge-ne-bo-hitel\/#breadcrumb"},"inLanguage":"sl-SI","potentialAction":[{"@type":"ReadAction","target":["https:\/\/hudo.com\/si\/vip\/peter-prevc-po-operaciji-na-treninge-ne-bo-hitel\/"]}]},{"@type":"BreadcrumbList","@id":"https:\/\/hudo.com\/si\/vip\/peter-prevc-po-operaciji-na-treninge-ne-bo-hitel\/#breadcrumb","itemListElement":[{"@type":"ListItem","position":1,"name":"Home","item":"https:\/\/hudo.com\/si\/"},{"@type":"ListItem","position":2,"name":"Peter Prevc po operaciji na treninge ne bo hitel"}]},{"@type":"WebSite","@id":"https:\/\/hudo.com\/si\/#website","url":"https:\/\/hudo.com\/si\/","name":"Hudo Slovenija","description":"Vse novice iz Slovenije in sveta","publisher":{"@id":"https:\/\/hudo.com\/si\/#organization"},"potentialAction":[{"@type":"SearchAction","target":{"@type":"EntryPoint","urlTemplate":"https:\/\/hudo.com\/si\/?s={search_term_string}"},"query-input":"required name=search_term_string"}],"inLanguage":"sl-SI"},{"@type":"Organization","@id":"https:\/\/hudo.com\/si\/#organization","name":"VSN Media","url":"https:\/\/hudo.com\/si\/","logo":{"@type":"ImageObject","inLanguage":"sl-SI","@id":"https:\/\/hudo.com\/si\/#\/schema\/logo\/image\/","url":"https:\/\/hudo.com\/si\/wp-content\/uploads\/sites\/2\/2021\/03\/hudo-app-2.png","contentUrl":"https:\/\/hudo.com\/si\/wp-content\/uploads\/sites\/2\/2021\/03\/hudo-app-2.png","width":2185,"height":2167,"caption":"VSN Media"},"image":{"@id":"https:\/\/hudo.com\/si\/#\/schema\/logo\/image\/"},"sameAs":["https:\/\/www.facebook.com\/hudo.si","https:\/\/twitter.com\/hudo_si"]},{"@type":"Person","@id":"https:\/\/hudo.com\/si\/#\/schema\/person\/18f09c02475ba9e606e941a565b80cff","name":"A. P., STA","image":{"@type":"ImageObject","inLanguage":"sl-SI","@id":"https:\/\/hudo.com\/si\/#\/schema\/person\/image\/","url":"https:\/\/secure.gravatar.com\/avatar\/03eac8e609f5f04383125d80eaeaaf3e?s=96&d=mm&r=g","contentUrl":"https:\/\/secure.gravatar.com\/avatar\/03eac8e609f5f04383125d80eaeaaf3e?s=96&d=mm&r=g","caption":"A. P., STA"},"url":"https:\/\/hudo.com\/si\/author\/lubu\/"}]}},"amp_enabled":true,"_links":{"self":[{"href":"https:\/\/hudo.com\/si\/wp-json\/wp\/v2\/posts\/374088"}],"collection":[{"href":"https:\/\/hudo.com\/si\/wp-json\/wp\/v2\/posts"}],"about":[{"href":"https:\/\/hudo.com\/si\/wp-json\/wp\/v2\/types\/post"}],"author":[{"embeddable":true,"href":"https:\/\/hudo.com\/si\/wp-json\/wp\/v2\/users\/7"}],"replies":[{"embeddable":true,"href":"https:\/\/hudo.com\/si\/wp-json\/wp\/v2\/comments?post=374088"}],"version-history":[{"count":1,"href":"https:\/\/hudo.com\/si\/wp-json\/wp\/v2\/posts\/374088\/revisions"}],"predecessor-version":[{"id":374089,"href":"https:\/\/hudo.com\/si\/wp-json\/wp\/v2\/posts\/374088\/revisions\/374089"}],"wp:featuredmedia":[{"embeddable":true,"href":"https:\/\/hudo.com\/si\/wp-json\/wp\/v2\/media\/231449"}],"wp:attachment":[{"href":"https:\/\/hudo.com\/si\/wp-json\/wp\/v2\/media?parent=374088"}],"wp:term":[{"taxonomy":"category","embeddable":true,"href":"https:\/\/hudo.com\/si\/wp-json\/wp\/v2\/categories?post=374088"},{"taxonomy":"post_tag","embeddable":true,"href":"https:\/\/hudo.com\/si\/wp-json\/wp\/v2\/tags?post=374088"},{"taxonomy":"source","embeddable":true,"href":"https:\/\/hudo.com\/si\/wp-json\/wp\/v2\/source?post=374088"},{"taxonomy":"supertag","embeddable":true,"href":"https:\/\/hudo.com\/si\/wp-json\/wp\/v2\/supertag?post=374088"}],"curies":[{"name":"wp","href":"https:\/\/api.w.org\/{rel}","templated":true}]}}