{"id":374190,"date":"2018-07-20T09:24:56","date_gmt":"2018-07-20T07:24:56","guid":{"rendered":"http:\/\/hudo.com\/si\/?p=374190"},"modified":"2018-07-20T09:24:56","modified_gmt":"2018-07-20T07:24:56","slug":"delovna-brigada-bo-pomagala-pocistiti-okolico-v-crni-na-koroskem","status":"publish","type":"post","link":"https:\/\/hudo.com\/si\/aktualno\/delovna-brigada-bo-pomagala-pocistiti-okolico-v-crni-na-koroskem\/","title":{"rendered":"Delovna brigada bo pomagala po\u010distiti okolico v \u010crni na Koro\u0161kem"},"content":{"rendered":"<p>\u0160tudentje bodo v \u010crni in okolici aktivni na ve\u010d delovi\u0161\u010dih. Med drugim bodo \u010distili in pripravljali teren za postavitev nove \u010distilne naprave. V \u017derjavu bodo pomagali pri obnovi mostov in odpravljanju posledic decembrskega vetroloma. Kosili bodo zara\u0161\u010dene travnike, urejali turisti\u010dne pe\u0161poti in pomagali pri obnovi objektov. Hkrati bodo pri doma\u010dih opravilih prisko\u010dili na pomo\u010d socialno ogro\u017eenim in \u0161ibkej\u0161im posameznikom ter dru\u017einam v ob\u010dini.<\/p>\n<p>Namen \u0161tudentske delovne brigade je pomo\u010d obmo\u010djem, ki so jih prizadele naravne katastrofe, in pomo\u010d regijam, ki so demografsko ogro\u017eena. Med njimi je tudi Koro\u0161ka, so sporo\u010dili iz \u0160OUM, kjer so Ob\u010dino \u010crna na Koro\u0161kem ozna\u010dili kot eno izmed posebnih ob\u010din v Sloveniji.<\/p>\n<p>\u010crnjanska ob\u010dina je namre\u010d reliefno zelo razgibana in zaznamovana s preteklim rudarstvom, njeni prebivalci so znani po trmi in vztrajnosti, tudi v zimskih \u0161portih, ob\u010dina organizira ve\u010d odmevnih prireditev. Na drugi strani se soo\u010da z nekaterimi problemi, kot so staranje in zmanj\u0161evanje \u0161tevila prebivalcev ter \u0161e neizkori\u0161\u010deni turisti\u010dni potenciali.<\/p>\n<p>&#8220;Tradicija projekta ter podatek, da \u017ee dvajseto leto zapored ve\u010d kot 40 \u0161tudentov del poletja nameni prostovoljstvu in solidarnosti do soljudi, veseli tako nas, kot vse generacije v Sloveniji. Mladi dokazujemo, da \u017eelimo \u0161iriti kulturo humanitarnosti, in verjamemo, da bomo s svojimi dejanji pripomogli k la\u017ejemu in bolj\u0161emu \u017eivljenju ob\u010danov. Kljub temu pa bi si \u017eeleli, da bi tovrstna dejanja za\u010dutilo \u0161e ve\u010d ljudi, saj zadnja leta opa\u017eamo, da mladi poletne dni raje pre\u017eivijo na kak\u0161nem festivalu ali na morju in vedno te\u017eje nekaj dni namenijo udele\u017ebi na prostovoljnih akcijah,&#8221; je povedala vodja leto\u0161nje izvedbe Bernarda Jeraj.<\/p>\n<p>Prva \u0161tudentska delovna brigada je bila organizirana leta 1999 v Bovcu, kjer so \u0161tudenti pomagali pri popotresni obnovi. V letih zatem je potekala v \u0161tevilnih krajih po Sloveniji, na Koro\u0161kem nazadnje pred dvema letoma v Radljah ob Dravi.<\/p>\n<p>\u0160OUM bo 20-letnico \u0161tudentske delovne brigade obele\u017eil z jesensko razstavo v Univerzitetni knji\u017enici Maribor.<\/p>\n","protected":false},"excerpt":{"rendered":"<p>V \u010crno na Koro\u0161kem danes prihaja okoli 40 \u0161tudentov, ki bodo v okviru jubilejne, 20. \u0161tudentske delovne brigade do konca prihodnjega tedna v ob\u010dini s prostovoljnim delom pomagali pri razli\u010dnih opravilih. Delovno brigado organizira \u0160tudentska organizacija Univerze v Mariboru (\u0160OUM), \u010dastni pokrovitelj dogodka je predsednik republike Borut Pahor.<\/p>\n","protected":false},"author":7,"featured_media":374193,"comment_status":"closed","ping_status":"closed","sticky":false,"template":"","format":"standard","meta":{"footnotes":""},"categories":[1179],"tags":[8995,1595,11595],"source":[4511],"supertag":[],"acf":[],"yoast_head":"<!-- This site is optimized with the Yoast SEO plugin v21.3 - https:\/\/yoast.com\/wordpress\/plugins\/seo\/ -->\n<title>Delovna brigada bo pomagala po\u010distiti okolico v \u010crni na Koro\u0161kem - Hudo Slovenija<\/title>\n<meta name=\"robots\" content=\"index, follow, max-snippet:-1, max-image-preview:large, max-video-preview:-1\" \/>\n<link rel=\"canonical\" href=\"https:\/\/hudo.com\/si\/aktualno\/delovna-brigada-bo-pomagala-pocistiti-okolico-v-crni-na-koroskem\/\" \/>\n<meta property=\"og:locale\" content=\"sl_SI\" \/>\n<meta property=\"og:type\" content=\"article\" \/>\n<meta property=\"og:title\" content=\"Delovna brigada bo pomagala po\u010distiti okolico v \u010crni na Koro\u0161kem - Hudo Slovenija\" \/>\n<meta property=\"og:description\" content=\"V \u010crno na Koro\u0161kem danes prihaja okoli 40 \u0161tudentov, ki bodo v okviru jubilejne, 20. \u0161tudentske delovne brigade do konca prihodnjega tedna v ob\u010dini s prostovoljnim delom pomagali pri razli\u010dnih opravilih. Delovno brigado organizira \u0160tudentska organizacija Univerze v Mariboru (\u0160OUM), \u010dastni pokrovitelj dogodka je predsednik republike Borut Pahor.\" \/>\n<meta property=\"og:url\" content=\"https:\/\/hudo.com\/si\/aktualno\/delovna-brigada-bo-pomagala-pocistiti-okolico-v-crni-na-koroskem\/\" \/>\n<meta property=\"og:site_name\" content=\"Hudo Slovenija\" \/>\n<meta property=\"article:publisher\" content=\"https:\/\/www.facebook.com\/hudo.si\" \/>\n<meta property=\"article:published_time\" content=\"2018-07-20T07:24:56+00:00\" \/>\n<meta property=\"og:image\" content=\"https:\/\/hudo.com\/si\/wp-content\/uploads\/sites\/2\/2018\/07\/20130806-00462229.jpg\" \/>\n\t<meta property=\"og:image:width\" content=\"640\" \/>\n\t<meta property=\"og:image:height\" content=\"478\" \/>\n\t<meta property=\"og:image:type\" content=\"image\/jpeg\" \/>\n<meta name=\"author\" content=\"A. P., STA\" \/>\n<meta name=\"twitter:card\" content=\"summary_large_image\" \/>\n<meta name=\"twitter:creator\" content=\"@hudo_si\" \/>\n<meta name=\"twitter:site\" content=\"@hudo_si\" \/>\n<meta name=\"twitter:label1\" content=\"Written by\" \/>\n\t<meta name=\"twitter:data1\" content=\"A. P., STA\" \/>\n\t<meta name=\"twitter:label2\" content=\"Est. reading time\" \/>\n\t<meta name=\"twitter:data2\" content=\"2 minuti\" \/>\n<script type=\"application\/ld+json\" class=\"yoast-schema-graph\">{\"@context\":\"https:\/\/schema.org\",\"@graph\":[{\"@type\":\"Article\",\"@id\":\"https:\/\/hudo.com\/si\/aktualno\/delovna-brigada-bo-pomagala-pocistiti-okolico-v-crni-na-koroskem\/#article\",\"isPartOf\":{\"@id\":\"https:\/\/hudo.com\/si\/aktualno\/delovna-brigada-bo-pomagala-pocistiti-okolico-v-crni-na-koroskem\/\"},\"author\":{\"name\":\"A. P., STA\",\"@id\":\"https:\/\/hudo.com\/si\/#\/schema\/person\/18f09c02475ba9e606e941a565b80cff\"},\"headline\":\"Delovna brigada bo pomagala po\u010distiti okolico v \u010crni na Koro\u0161kem\",\"datePublished\":\"2018-07-20T07:24:56+00:00\",\"dateModified\":\"2018-07-20T07:24:56+00:00\",\"mainEntityOfPage\":{\"@id\":\"https:\/\/hudo.com\/si\/aktualno\/delovna-brigada-bo-pomagala-pocistiti-okolico-v-crni-na-koroskem\/\"},\"wordCount\":351,\"publisher\":{\"@id\":\"https:\/\/hudo.com\/si\/#organization\"},\"keywords\":[\"\u010drna na koro\u0161kem\",\"Slovenija\",\"\u0161tudentska delovna brigada\"],\"articleSection\":[\"Aktualno\"],\"inLanguage\":\"sl-SI\"},{\"@type\":\"WebPage\",\"@id\":\"https:\/\/hudo.com\/si\/aktualno\/delovna-brigada-bo-pomagala-pocistiti-okolico-v-crni-na-koroskem\/\",\"url\":\"https:\/\/hudo.com\/si\/aktualno\/delovna-brigada-bo-pomagala-pocistiti-okolico-v-crni-na-koroskem\/\",\"name\":\"Delovna brigada bo pomagala po\u010distiti okolico v \u010crni na Koro\u0161kem - Hudo Slovenija\",\"isPartOf\":{\"@id\":\"https:\/\/hudo.com\/si\/#website\"},\"datePublished\":\"2018-07-20T07:24:56+00:00\",\"dateModified\":\"2018-07-20T07:24:56+00:00\",\"breadcrumb\":{\"@id\":\"https:\/\/hudo.com\/si\/aktualno\/delovna-brigada-bo-pomagala-pocistiti-okolico-v-crni-na-koroskem\/#breadcrumb\"},\"inLanguage\":\"sl-SI\",\"potentialAction\":[{\"@type\":\"ReadAction\",\"target\":[\"https:\/\/hudo.com\/si\/aktualno\/delovna-brigada-bo-pomagala-pocistiti-okolico-v-crni-na-koroskem\/\"]}]},{\"@type\":\"BreadcrumbList\",\"@id\":\"https:\/\/hudo.com\/si\/aktualno\/delovna-brigada-bo-pomagala-pocistiti-okolico-v-crni-na-koroskem\/#breadcrumb\",\"itemListElement\":[{\"@type\":\"ListItem\",\"position\":1,\"name\":\"Home\",\"item\":\"https:\/\/hudo.com\/si\/\"},{\"@type\":\"ListItem\",\"position\":2,\"name\":\"Delovna brigada bo pomagala po\u010distiti okolico v \u010crni na Koro\u0161kem\"}]},{\"@type\":\"WebSite\",\"@id\":\"https:\/\/hudo.com\/si\/#website\",\"url\":\"https:\/\/hudo.com\/si\/\",\"name\":\"Hudo Slovenija\",\"description\":\"Vse novice iz Slovenije in sveta\",\"publisher\":{\"@id\":\"https:\/\/hudo.com\/si\/#organization\"},\"potentialAction\":[{\"@type\":\"SearchAction\",\"target\":{\"@type\":\"EntryPoint\",\"urlTemplate\":\"https:\/\/hudo.com\/si\/?s={search_term_string}\"},\"query-input\":\"required name=search_term_string\"}],\"inLanguage\":\"sl-SI\"},{\"@type\":\"Organization\",\"@id\":\"https:\/\/hudo.com\/si\/#organization\",\"name\":\"VSN Media\",\"url\":\"https:\/\/hudo.com\/si\/\",\"logo\":{\"@type\":\"ImageObject\",\"inLanguage\":\"sl-SI\",\"@id\":\"https:\/\/hudo.com\/si\/#\/schema\/logo\/image\/\",\"url\":\"https:\/\/hudo.com\/si\/wp-content\/uploads\/sites\/2\/2021\/03\/hudo-app-2.png\",\"contentUrl\":\"https:\/\/hudo.com\/si\/wp-content\/uploads\/sites\/2\/2021\/03\/hudo-app-2.png\",\"width\":2185,\"height\":2167,\"caption\":\"VSN Media\"},\"image\":{\"@id\":\"https:\/\/hudo.com\/si\/#\/schema\/logo\/image\/\"},\"sameAs\":[\"https:\/\/www.facebook.com\/hudo.si\",\"https:\/\/twitter.com\/hudo_si\"]},{\"@type\":\"Person\",\"@id\":\"https:\/\/hudo.com\/si\/#\/schema\/person\/18f09c02475ba9e606e941a565b80cff\",\"name\":\"A. P., STA\",\"image\":{\"@type\":\"ImageObject\",\"inLanguage\":\"sl-SI\",\"@id\":\"https:\/\/hudo.com\/si\/#\/schema\/person\/image\/\",\"url\":\"https:\/\/secure.gravatar.com\/avatar\/03eac8e609f5f04383125d80eaeaaf3e?s=96&d=mm&r=g\",\"contentUrl\":\"https:\/\/secure.gravatar.com\/avatar\/03eac8e609f5f04383125d80eaeaaf3e?s=96&d=mm&r=g\",\"caption\":\"A. P., STA\"},\"url\":\"https:\/\/hudo.com\/si\/author\/lubu\/\"}]}<\/script>\n<!-- \/ Yoast SEO plugin. -->","yoast_head_json":{"title":"Delovna brigada bo pomagala po\u010distiti okolico v \u010crni na Koro\u0161kem - Hudo Slovenija","robots":{"index":"index","follow":"follow","max-snippet":"max-snippet:-1","max-image-preview":"max-image-preview:large","max-video-preview":"max-video-preview:-1"},"canonical":"https:\/\/hudo.com\/si\/aktualno\/delovna-brigada-bo-pomagala-pocistiti-okolico-v-crni-na-koroskem\/","og_locale":"sl_SI","og_type":"article","og_title":"Delovna brigada bo pomagala po\u010distiti okolico v \u010crni na Koro\u0161kem - Hudo Slovenija","og_description":"V \u010crno na Koro\u0161kem danes prihaja okoli 40 \u0161tudentov, ki bodo v okviru jubilejne, 20. \u0161tudentske delovne brigade do konca prihodnjega tedna v ob\u010dini s prostovoljnim delom pomagali pri razli\u010dnih opravilih. Delovno brigado organizira \u0160tudentska organizacija Univerze v Mariboru (\u0160OUM), \u010dastni pokrovitelj dogodka je predsednik republike Borut Pahor.","og_url":"https:\/\/hudo.com\/si\/aktualno\/delovna-brigada-bo-pomagala-pocistiti-okolico-v-crni-na-koroskem\/","og_site_name":"Hudo Slovenija","article_publisher":"https:\/\/www.facebook.com\/hudo.si","article_published_time":"2018-07-20T07:24:56+00:00","og_image":[{"width":640,"height":478,"url":"https:\/\/hudo.com\/si\/wp-content\/uploads\/sites\/2\/2018\/07\/20130806-00462229.jpg","type":"image\/jpeg"}],"author":"A. P., STA","twitter_card":"summary_large_image","twitter_creator":"@hudo_si","twitter_site":"@hudo_si","twitter_misc":{"Written by":"A. P., STA","Est. reading time":"2 minuti"},"schema":{"@context":"https:\/\/schema.org","@graph":[{"@type":"Article","@id":"https:\/\/hudo.com\/si\/aktualno\/delovna-brigada-bo-pomagala-pocistiti-okolico-v-crni-na-koroskem\/#article","isPartOf":{"@id":"https:\/\/hudo.com\/si\/aktualno\/delovna-brigada-bo-pomagala-pocistiti-okolico-v-crni-na-koroskem\/"},"author":{"name":"A. P., STA","@id":"https:\/\/hudo.com\/si\/#\/schema\/person\/18f09c02475ba9e606e941a565b80cff"},"headline":"Delovna brigada bo pomagala po\u010distiti okolico v \u010crni na Koro\u0161kem","datePublished":"2018-07-20T07:24:56+00:00","dateModified":"2018-07-20T07:24:56+00:00","mainEntityOfPage":{"@id":"https:\/\/hudo.com\/si\/aktualno\/delovna-brigada-bo-pomagala-pocistiti-okolico-v-crni-na-koroskem\/"},"wordCount":351,"publisher":{"@id":"https:\/\/hudo.com\/si\/#organization"},"keywords":["\u010drna na koro\u0161kem","Slovenija","\u0161tudentska delovna brigada"],"articleSection":["Aktualno"],"inLanguage":"sl-SI"},{"@type":"WebPage","@id":"https:\/\/hudo.com\/si\/aktualno\/delovna-brigada-bo-pomagala-pocistiti-okolico-v-crni-na-koroskem\/","url":"https:\/\/hudo.com\/si\/aktualno\/delovna-brigada-bo-pomagala-pocistiti-okolico-v-crni-na-koroskem\/","name":"Delovna brigada bo pomagala po\u010distiti okolico v \u010crni na Koro\u0161kem - Hudo Slovenija","isPartOf":{"@id":"https:\/\/hudo.com\/si\/#website"},"datePublished":"2018-07-20T07:24:56+00:00","dateModified":"2018-07-20T07:24:56+00:00","breadcrumb":{"@id":"https:\/\/hudo.com\/si\/aktualno\/delovna-brigada-bo-pomagala-pocistiti-okolico-v-crni-na-koroskem\/#breadcrumb"},"inLanguage":"sl-SI","potentialAction":[{"@type":"ReadAction","target":["https:\/\/hudo.com\/si\/aktualno\/delovna-brigada-bo-pomagala-pocistiti-okolico-v-crni-na-koroskem\/"]}]},{"@type":"BreadcrumbList","@id":"https:\/\/hudo.com\/si\/aktualno\/delovna-brigada-bo-pomagala-pocistiti-okolico-v-crni-na-koroskem\/#breadcrumb","itemListElement":[{"@type":"ListItem","position":1,"name":"Home","item":"https:\/\/hudo.com\/si\/"},{"@type":"ListItem","position":2,"name":"Delovna brigada bo pomagala po\u010distiti okolico v \u010crni na Koro\u0161kem"}]},{"@type":"WebSite","@id":"https:\/\/hudo.com\/si\/#website","url":"https:\/\/hudo.com\/si\/","name":"Hudo Slovenija","description":"Vse novice iz Slovenije in sveta","publisher":{"@id":"https:\/\/hudo.com\/si\/#organization"},"potentialAction":[{"@type":"SearchAction","target":{"@type":"EntryPoint","urlTemplate":"https:\/\/hudo.com\/si\/?s={search_term_string}"},"query-input":"required name=search_term_string"}],"inLanguage":"sl-SI"},{"@type":"Organization","@id":"https:\/\/hudo.com\/si\/#organization","name":"VSN Media","url":"https:\/\/hudo.com\/si\/","logo":{"@type":"ImageObject","inLanguage":"sl-SI","@id":"https:\/\/hudo.com\/si\/#\/schema\/logo\/image\/","url":"https:\/\/hudo.com\/si\/wp-content\/uploads\/sites\/2\/2021\/03\/hudo-app-2.png","contentUrl":"https:\/\/hudo.com\/si\/wp-content\/uploads\/sites\/2\/2021\/03\/hudo-app-2.png","width":2185,"height":2167,"caption":"VSN Media"},"image":{"@id":"https:\/\/hudo.com\/si\/#\/schema\/logo\/image\/"},"sameAs":["https:\/\/www.facebook.com\/hudo.si","https:\/\/twitter.com\/hudo_si"]},{"@type":"Person","@id":"https:\/\/hudo.com\/si\/#\/schema\/person\/18f09c02475ba9e606e941a565b80cff","name":"A. P., STA","image":{"@type":"ImageObject","inLanguage":"sl-SI","@id":"https:\/\/hudo.com\/si\/#\/schema\/person\/image\/","url":"https:\/\/secure.gravatar.com\/avatar\/03eac8e609f5f04383125d80eaeaaf3e?s=96&d=mm&r=g","contentUrl":"https:\/\/secure.gravatar.com\/avatar\/03eac8e609f5f04383125d80eaeaaf3e?s=96&d=mm&r=g","caption":"A. P., STA"},"url":"https:\/\/hudo.com\/si\/author\/lubu\/"}]}},"amp_enabled":true,"_links":{"self":[{"href":"https:\/\/hudo.com\/si\/wp-json\/wp\/v2\/posts\/374190"}],"collection":[{"href":"https:\/\/hudo.com\/si\/wp-json\/wp\/v2\/posts"}],"about":[{"href":"https:\/\/hudo.com\/si\/wp-json\/wp\/v2\/types\/post"}],"author":[{"embeddable":true,"href":"https:\/\/hudo.com\/si\/wp-json\/wp\/v2\/users\/7"}],"replies":[{"embeddable":true,"href":"https:\/\/hudo.com\/si\/wp-json\/wp\/v2\/comments?post=374190"}],"version-history":[{"count":1,"href":"https:\/\/hudo.com\/si\/wp-json\/wp\/v2\/posts\/374190\/revisions"}],"predecessor-version":[{"id":374194,"href":"https:\/\/hudo.com\/si\/wp-json\/wp\/v2\/posts\/374190\/revisions\/374194"}],"wp:featuredmedia":[{"embeddable":true,"href":"https:\/\/hudo.com\/si\/wp-json\/wp\/v2\/media\/374193"}],"wp:attachment":[{"href":"https:\/\/hudo.com\/si\/wp-json\/wp\/v2\/media?parent=374190"}],"wp:term":[{"taxonomy":"category","embeddable":true,"href":"https:\/\/hudo.com\/si\/wp-json\/wp\/v2\/categories?post=374190"},{"taxonomy":"post_tag","embeddable":true,"href":"https:\/\/hudo.com\/si\/wp-json\/wp\/v2\/tags?post=374190"},{"taxonomy":"source","embeddable":true,"href":"https:\/\/hudo.com\/si\/wp-json\/wp\/v2\/source?post=374190"},{"taxonomy":"supertag","embeddable":true,"href":"https:\/\/hudo.com\/si\/wp-json\/wp\/v2\/supertag?post=374190"}],"curies":[{"name":"wp","href":"https:\/\/api.w.org\/{rel}","templated":true}]}}