{"id":374227,"date":"2018-07-21T07:50:57","date_gmt":"2018-07-21T05:50:57","guid":{"rendered":"http:\/\/hudo.com\/si\/?p=374227"},"modified":"2018-07-21T07:50:57","modified_gmt":"2018-07-21T05:50:57","slug":"na-obremenjenih-mejnih-prehodih-s-hrvasko-bodo-cakajocim-v-kolonah-delili-vodo","status":"publish","type":"post","link":"https:\/\/hudo.com\/si\/aktualno\/na-obremenjenih-mejnih-prehodih-s-hrvasko-bodo-cakajocim-v-kolonah-delili-vodo\/","title":{"rendered":"Na obremenjenih mejnih prehodih s Hrva\u0161ko bodo \u010dakajo\u010dim v kolonah delili vodo"},"content":{"rendered":"<p>Vodilni hrva\u0161ke turisti\u010dne skupnosti bodo danes po 10. uri osebno delili vodo na mejnem prehodu Se\u010dovlje s Slovenijo, so napovedali na HTZ. Pri\u010dakujejo, da bodo v nekaj urah danes in v nedeljo razdelili pribli\u017eno 4500 plastenk z vodo.<\/p>\n<p>Isti vikend lani je \u010dez mejni prehod Se\u010dovlje na Hrva\u0161ko vstopilo ve\u010d kot 8800 vozil, v katerih je bilo prek 36.500 potnikov, medtem ko je dr\u017eavo zapustilo skoraj 5600 vozil in pribli\u017eno 23.300 potnikov.<\/p>\n<p>Isto\u010dasno bo akcija hrva\u0161kih turisti\u010dnih delavcev danes stekla tudi na mejnih prehodih Jel\u0161ane, Obre\u017eje in Gru\u0161kovje ter pri cestninski postaji Lu\u010dko pri Zagrebu, ki je znana po neznosni gne\u010di v poletnih mesecih. Voda bo na voljo tudi na prehodih Karasovi\u0107i s \u010crno goro in Bajakovo s Srbijo.<\/p>\n<p>Poleg vode bodo delili letake o zdravstvenem in navti\u010dnem turizmu na Hrva\u0161kem, so dodali.<\/p>\n<p>&#8220;Cilj akcije je predstaviti Hrva\u0161ko kot dr\u017eavo ljubeznivih in dobrih gostiteljev ter se zahvaliti \u0161tevilnim gostom, ki so za svoje po\u010ditnice izbrali hrva\u0161ke turisti\u010dne kraje,&#8221; so \u0161e zapisali v napovedi akcije.<\/p>\n","protected":false},"excerpt":{"rendered":"<p>Voznikom, ki bodo danes potovali preko najbolj obremenjenih mejnih prehodov med Hrva\u0161ko in njenimi sosedami, bo Hrva\u0161ka turisti\u010dna skupnost (HTZ) delila vodo. Kot so napovedali, bodo vodo ponujali julija in avgusta ob vikendih v prometnih konicah na \u0161tirih mejnih prehodih s Slovenijo, kot tudi na dveh na meji s \u010crno goro in Srbijo.<\/p>\n","protected":false},"author":7,"featured_media":241515,"comment_status":"closed","ping_status":"closed","sticky":false,"template":"","format":"standard","meta":{"footnotes":""},"categories":[1179],"tags":[1810,11396,1585,1595,1917],"source":[4511],"supertag":[7541],"acf":[],"yoast_head":"<!-- This site is optimized with the Yoast SEO plugin v21.3 - https:\/\/yoast.com\/wordpress\/plugins\/seo\/ -->\n<title>Na obremenjenih mejnih prehodih s Hrva\u0161ko bodo \u010dakajo\u010dim v kolonah delili vodo - Hudo Slovenija<\/title>\n<meta name=\"robots\" content=\"index, follow, max-snippet:-1, max-image-preview:large, max-video-preview:-1\" \/>\n<link rel=\"canonical\" href=\"https:\/\/hudo.com\/si\/aktualno\/na-obremenjenih-mejnih-prehodih-s-hrvasko-bodo-cakajocim-v-kolonah-delili-vodo\/\" \/>\n<meta property=\"og:locale\" content=\"sl_SI\" \/>\n<meta property=\"og:type\" content=\"article\" \/>\n<meta property=\"og:title\" content=\"Na obremenjenih mejnih prehodih s Hrva\u0161ko bodo \u010dakajo\u010dim v kolonah delili vodo - Hudo Slovenija\" \/>\n<meta property=\"og:description\" content=\"Voznikom, ki bodo danes potovali preko najbolj obremenjenih mejnih prehodov med Hrva\u0161ko in njenimi sosedami, bo Hrva\u0161ka turisti\u010dna skupnost (HTZ) delila vodo. Kot so napovedali, bodo vodo ponujali julija in avgusta ob vikendih v prometnih konicah na \u0161tirih mejnih prehodih s Slovenijo, kot tudi na dveh na meji s \u010crno goro in Srbijo.\" \/>\n<meta property=\"og:url\" content=\"https:\/\/hudo.com\/si\/aktualno\/na-obremenjenih-mejnih-prehodih-s-hrvasko-bodo-cakajocim-v-kolonah-delili-vodo\/\" \/>\n<meta property=\"og:site_name\" content=\"Hudo Slovenija\" \/>\n<meta property=\"article:publisher\" content=\"https:\/\/www.facebook.com\/hudo.si\" \/>\n<meta property=\"article:published_time\" content=\"2018-07-21T05:50:57+00:00\" \/>\n<meta property=\"og:image\" content=\"https:\/\/hudo.com\/si\/wp-content\/uploads\/sites\/2\/2017\/04\/profimedia-0328279802.jpg\" \/>\n\t<meta property=\"og:image:width\" content=\"1250\" \/>\n\t<meta property=\"og:image:height\" content=\"787\" \/>\n\t<meta property=\"og:image:type\" content=\"image\/jpeg\" \/>\n<meta name=\"author\" content=\"A. P., STA\" \/>\n<meta name=\"twitter:card\" content=\"summary_large_image\" \/>\n<meta name=\"twitter:creator\" content=\"@hudo_si\" \/>\n<meta name=\"twitter:site\" content=\"@hudo_si\" \/>\n<meta name=\"twitter:label1\" content=\"Written by\" \/>\n\t<meta name=\"twitter:data1\" content=\"A. P., STA\" \/>\n\t<meta name=\"twitter:label2\" content=\"Est. reading time\" \/>\n\t<meta name=\"twitter:data2\" content=\"1 minuta\" \/>\n<script type=\"application\/ld+json\" class=\"yoast-schema-graph\">{\"@context\":\"https:\/\/schema.org\",\"@graph\":[{\"@type\":\"Article\",\"@id\":\"https:\/\/hudo.com\/si\/aktualno\/na-obremenjenih-mejnih-prehodih-s-hrvasko-bodo-cakajocim-v-kolonah-delili-vodo\/#article\",\"isPartOf\":{\"@id\":\"https:\/\/hudo.com\/si\/aktualno\/na-obremenjenih-mejnih-prehodih-s-hrvasko-bodo-cakajocim-v-kolonah-delili-vodo\/\"},\"author\":{\"name\":\"A. P., STA\",\"@id\":\"https:\/\/hudo.com\/si\/#\/schema\/person\/18f09c02475ba9e606e941a565b80cff\"},\"headline\":\"Na obremenjenih mejnih prehodih s Hrva\u0161ko bodo \u010dakajo\u010dim v kolonah delili vodo\",\"datePublished\":\"2018-07-21T05:50:57+00:00\",\"dateModified\":\"2018-07-21T05:50:57+00:00\",\"mainEntityOfPage\":{\"@id\":\"https:\/\/hudo.com\/si\/aktualno\/na-obremenjenih-mejnih-prehodih-s-hrvasko-bodo-cakajocim-v-kolonah-delili-vodo\/\"},\"wordCount\":197,\"publisher\":{\"@id\":\"https:\/\/hudo.com\/si\/#organization\"},\"keywords\":[\"hrva\u0161ka\",\"mejni prehodi\",\"prometni zastoj\",\"Slovenija\",\"turizem\"],\"articleSection\":[\"Aktualno\"],\"inLanguage\":\"sl-SI\"},{\"@type\":\"WebPage\",\"@id\":\"https:\/\/hudo.com\/si\/aktualno\/na-obremenjenih-mejnih-prehodih-s-hrvasko-bodo-cakajocim-v-kolonah-delili-vodo\/\",\"url\":\"https:\/\/hudo.com\/si\/aktualno\/na-obremenjenih-mejnih-prehodih-s-hrvasko-bodo-cakajocim-v-kolonah-delili-vodo\/\",\"name\":\"Na obremenjenih mejnih prehodih s Hrva\u0161ko bodo \u010dakajo\u010dim v kolonah delili vodo - Hudo Slovenija\",\"isPartOf\":{\"@id\":\"https:\/\/hudo.com\/si\/#website\"},\"datePublished\":\"2018-07-21T05:50:57+00:00\",\"dateModified\":\"2018-07-21T05:50:57+00:00\",\"breadcrumb\":{\"@id\":\"https:\/\/hudo.com\/si\/aktualno\/na-obremenjenih-mejnih-prehodih-s-hrvasko-bodo-cakajocim-v-kolonah-delili-vodo\/#breadcrumb\"},\"inLanguage\":\"sl-SI\",\"potentialAction\":[{\"@type\":\"ReadAction\",\"target\":[\"https:\/\/hudo.com\/si\/aktualno\/na-obremenjenih-mejnih-prehodih-s-hrvasko-bodo-cakajocim-v-kolonah-delili-vodo\/\"]}]},{\"@type\":\"BreadcrumbList\",\"@id\":\"https:\/\/hudo.com\/si\/aktualno\/na-obremenjenih-mejnih-prehodih-s-hrvasko-bodo-cakajocim-v-kolonah-delili-vodo\/#breadcrumb\",\"itemListElement\":[{\"@type\":\"ListItem\",\"position\":1,\"name\":\"Home\",\"item\":\"https:\/\/hudo.com\/si\/\"},{\"@type\":\"ListItem\",\"position\":2,\"name\":\"Na obremenjenih mejnih prehodih s Hrva\u0161ko bodo \u010dakajo\u010dim v kolonah delili vodo\"}]},{\"@type\":\"WebSite\",\"@id\":\"https:\/\/hudo.com\/si\/#website\",\"url\":\"https:\/\/hudo.com\/si\/\",\"name\":\"Hudo Slovenija\",\"description\":\"Vse novice iz Slovenije in sveta\",\"publisher\":{\"@id\":\"https:\/\/hudo.com\/si\/#organization\"},\"potentialAction\":[{\"@type\":\"SearchAction\",\"target\":{\"@type\":\"EntryPoint\",\"urlTemplate\":\"https:\/\/hudo.com\/si\/?s={search_term_string}\"},\"query-input\":\"required name=search_term_string\"}],\"inLanguage\":\"sl-SI\"},{\"@type\":\"Organization\",\"@id\":\"https:\/\/hudo.com\/si\/#organization\",\"name\":\"VSN Media\",\"url\":\"https:\/\/hudo.com\/si\/\",\"logo\":{\"@type\":\"ImageObject\",\"inLanguage\":\"sl-SI\",\"@id\":\"https:\/\/hudo.com\/si\/#\/schema\/logo\/image\/\",\"url\":\"https:\/\/hudo.com\/si\/wp-content\/uploads\/sites\/2\/2021\/03\/hudo-app-2.png\",\"contentUrl\":\"https:\/\/hudo.com\/si\/wp-content\/uploads\/sites\/2\/2021\/03\/hudo-app-2.png\",\"width\":2185,\"height\":2167,\"caption\":\"VSN Media\"},\"image\":{\"@id\":\"https:\/\/hudo.com\/si\/#\/schema\/logo\/image\/\"},\"sameAs\":[\"https:\/\/www.facebook.com\/hudo.si\",\"https:\/\/twitter.com\/hudo_si\"]},{\"@type\":\"Person\",\"@id\":\"https:\/\/hudo.com\/si\/#\/schema\/person\/18f09c02475ba9e606e941a565b80cff\",\"name\":\"A. P., STA\",\"image\":{\"@type\":\"ImageObject\",\"inLanguage\":\"sl-SI\",\"@id\":\"https:\/\/hudo.com\/si\/#\/schema\/person\/image\/\",\"url\":\"https:\/\/secure.gravatar.com\/avatar\/03eac8e609f5f04383125d80eaeaaf3e?s=96&d=mm&r=g\",\"contentUrl\":\"https:\/\/secure.gravatar.com\/avatar\/03eac8e609f5f04383125d80eaeaaf3e?s=96&d=mm&r=g\",\"caption\":\"A. P., STA\"},\"url\":\"https:\/\/hudo.com\/si\/author\/lubu\/\"}]}<\/script>\n<!-- \/ Yoast SEO plugin. -->","yoast_head_json":{"title":"Na obremenjenih mejnih prehodih s Hrva\u0161ko bodo \u010dakajo\u010dim v kolonah delili vodo - Hudo Slovenija","robots":{"index":"index","follow":"follow","max-snippet":"max-snippet:-1","max-image-preview":"max-image-preview:large","max-video-preview":"max-video-preview:-1"},"canonical":"https:\/\/hudo.com\/si\/aktualno\/na-obremenjenih-mejnih-prehodih-s-hrvasko-bodo-cakajocim-v-kolonah-delili-vodo\/","og_locale":"sl_SI","og_type":"article","og_title":"Na obremenjenih mejnih prehodih s Hrva\u0161ko bodo \u010dakajo\u010dim v kolonah delili vodo - Hudo Slovenija","og_description":"Voznikom, ki bodo danes potovali preko najbolj obremenjenih mejnih prehodov med Hrva\u0161ko in njenimi sosedami, bo Hrva\u0161ka turisti\u010dna skupnost (HTZ) delila vodo. Kot so napovedali, bodo vodo ponujali julija in avgusta ob vikendih v prometnih konicah na \u0161tirih mejnih prehodih s Slovenijo, kot tudi na dveh na meji s \u010crno goro in Srbijo.","og_url":"https:\/\/hudo.com\/si\/aktualno\/na-obremenjenih-mejnih-prehodih-s-hrvasko-bodo-cakajocim-v-kolonah-delili-vodo\/","og_site_name":"Hudo Slovenija","article_publisher":"https:\/\/www.facebook.com\/hudo.si","article_published_time":"2018-07-21T05:50:57+00:00","og_image":[{"width":1250,"height":787,"url":"https:\/\/hudo.com\/si\/wp-content\/uploads\/sites\/2\/2017\/04\/profimedia-0328279802.jpg","type":"image\/jpeg"}],"author":"A. P., STA","twitter_card":"summary_large_image","twitter_creator":"@hudo_si","twitter_site":"@hudo_si","twitter_misc":{"Written by":"A. P., STA","Est. reading time":"1 minuta"},"schema":{"@context":"https:\/\/schema.org","@graph":[{"@type":"Article","@id":"https:\/\/hudo.com\/si\/aktualno\/na-obremenjenih-mejnih-prehodih-s-hrvasko-bodo-cakajocim-v-kolonah-delili-vodo\/#article","isPartOf":{"@id":"https:\/\/hudo.com\/si\/aktualno\/na-obremenjenih-mejnih-prehodih-s-hrvasko-bodo-cakajocim-v-kolonah-delili-vodo\/"},"author":{"name":"A. P., STA","@id":"https:\/\/hudo.com\/si\/#\/schema\/person\/18f09c02475ba9e606e941a565b80cff"},"headline":"Na obremenjenih mejnih prehodih s Hrva\u0161ko bodo \u010dakajo\u010dim v kolonah delili vodo","datePublished":"2018-07-21T05:50:57+00:00","dateModified":"2018-07-21T05:50:57+00:00","mainEntityOfPage":{"@id":"https:\/\/hudo.com\/si\/aktualno\/na-obremenjenih-mejnih-prehodih-s-hrvasko-bodo-cakajocim-v-kolonah-delili-vodo\/"},"wordCount":197,"publisher":{"@id":"https:\/\/hudo.com\/si\/#organization"},"keywords":["hrva\u0161ka","mejni prehodi","prometni zastoj","Slovenija","turizem"],"articleSection":["Aktualno"],"inLanguage":"sl-SI"},{"@type":"WebPage","@id":"https:\/\/hudo.com\/si\/aktualno\/na-obremenjenih-mejnih-prehodih-s-hrvasko-bodo-cakajocim-v-kolonah-delili-vodo\/","url":"https:\/\/hudo.com\/si\/aktualno\/na-obremenjenih-mejnih-prehodih-s-hrvasko-bodo-cakajocim-v-kolonah-delili-vodo\/","name":"Na obremenjenih mejnih prehodih s Hrva\u0161ko bodo \u010dakajo\u010dim v kolonah delili vodo - Hudo Slovenija","isPartOf":{"@id":"https:\/\/hudo.com\/si\/#website"},"datePublished":"2018-07-21T05:50:57+00:00","dateModified":"2018-07-21T05:50:57+00:00","breadcrumb":{"@id":"https:\/\/hudo.com\/si\/aktualno\/na-obremenjenih-mejnih-prehodih-s-hrvasko-bodo-cakajocim-v-kolonah-delili-vodo\/#breadcrumb"},"inLanguage":"sl-SI","potentialAction":[{"@type":"ReadAction","target":["https:\/\/hudo.com\/si\/aktualno\/na-obremenjenih-mejnih-prehodih-s-hrvasko-bodo-cakajocim-v-kolonah-delili-vodo\/"]}]},{"@type":"BreadcrumbList","@id":"https:\/\/hudo.com\/si\/aktualno\/na-obremenjenih-mejnih-prehodih-s-hrvasko-bodo-cakajocim-v-kolonah-delili-vodo\/#breadcrumb","itemListElement":[{"@type":"ListItem","position":1,"name":"Home","item":"https:\/\/hudo.com\/si\/"},{"@type":"ListItem","position":2,"name":"Na obremenjenih mejnih prehodih s Hrva\u0161ko bodo \u010dakajo\u010dim v kolonah delili vodo"}]},{"@type":"WebSite","@id":"https:\/\/hudo.com\/si\/#website","url":"https:\/\/hudo.com\/si\/","name":"Hudo Slovenija","description":"Vse novice iz Slovenije in sveta","publisher":{"@id":"https:\/\/hudo.com\/si\/#organization"},"potentialAction":[{"@type":"SearchAction","target":{"@type":"EntryPoint","urlTemplate":"https:\/\/hudo.com\/si\/?s={search_term_string}"},"query-input":"required name=search_term_string"}],"inLanguage":"sl-SI"},{"@type":"Organization","@id":"https:\/\/hudo.com\/si\/#organization","name":"VSN Media","url":"https:\/\/hudo.com\/si\/","logo":{"@type":"ImageObject","inLanguage":"sl-SI","@id":"https:\/\/hudo.com\/si\/#\/schema\/logo\/image\/","url":"https:\/\/hudo.com\/si\/wp-content\/uploads\/sites\/2\/2021\/03\/hudo-app-2.png","contentUrl":"https:\/\/hudo.com\/si\/wp-content\/uploads\/sites\/2\/2021\/03\/hudo-app-2.png","width":2185,"height":2167,"caption":"VSN Media"},"image":{"@id":"https:\/\/hudo.com\/si\/#\/schema\/logo\/image\/"},"sameAs":["https:\/\/www.facebook.com\/hudo.si","https:\/\/twitter.com\/hudo_si"]},{"@type":"Person","@id":"https:\/\/hudo.com\/si\/#\/schema\/person\/18f09c02475ba9e606e941a565b80cff","name":"A. P., STA","image":{"@type":"ImageObject","inLanguage":"sl-SI","@id":"https:\/\/hudo.com\/si\/#\/schema\/person\/image\/","url":"https:\/\/secure.gravatar.com\/avatar\/03eac8e609f5f04383125d80eaeaaf3e?s=96&d=mm&r=g","contentUrl":"https:\/\/secure.gravatar.com\/avatar\/03eac8e609f5f04383125d80eaeaaf3e?s=96&d=mm&r=g","caption":"A. P., STA"},"url":"https:\/\/hudo.com\/si\/author\/lubu\/"}]}},"amp_enabled":true,"_links":{"self":[{"href":"https:\/\/hudo.com\/si\/wp-json\/wp\/v2\/posts\/374227"}],"collection":[{"href":"https:\/\/hudo.com\/si\/wp-json\/wp\/v2\/posts"}],"about":[{"href":"https:\/\/hudo.com\/si\/wp-json\/wp\/v2\/types\/post"}],"author":[{"embeddable":true,"href":"https:\/\/hudo.com\/si\/wp-json\/wp\/v2\/users\/7"}],"replies":[{"embeddable":true,"href":"https:\/\/hudo.com\/si\/wp-json\/wp\/v2\/comments?post=374227"}],"version-history":[{"count":1,"href":"https:\/\/hudo.com\/si\/wp-json\/wp\/v2\/posts\/374227\/revisions"}],"predecessor-version":[{"id":374228,"href":"https:\/\/hudo.com\/si\/wp-json\/wp\/v2\/posts\/374227\/revisions\/374228"}],"wp:featuredmedia":[{"embeddable":true,"href":"https:\/\/hudo.com\/si\/wp-json\/wp\/v2\/media\/241515"}],"wp:attachment":[{"href":"https:\/\/hudo.com\/si\/wp-json\/wp\/v2\/media?parent=374227"}],"wp:term":[{"taxonomy":"category","embeddable":true,"href":"https:\/\/hudo.com\/si\/wp-json\/wp\/v2\/categories?post=374227"},{"taxonomy":"post_tag","embeddable":true,"href":"https:\/\/hudo.com\/si\/wp-json\/wp\/v2\/tags?post=374227"},{"taxonomy":"source","embeddable":true,"href":"https:\/\/hudo.com\/si\/wp-json\/wp\/v2\/source?post=374227"},{"taxonomy":"supertag","embeddable":true,"href":"https:\/\/hudo.com\/si\/wp-json\/wp\/v2\/supertag?post=374227"}],"curies":[{"name":"wp","href":"https:\/\/api.w.org\/{rel}","templated":true}]}}