{"id":374268,"date":"2018-07-23T09:13:40","date_gmt":"2018-07-23T07:13:40","guid":{"rendered":"http:\/\/hudo.com\/si\/?p=374268"},"modified":"2018-07-23T09:13:40","modified_gmt":"2018-07-23T07:13:40","slug":"dezevno-poletje-kmetom-povzroca-preglavice","status":"publish","type":"post","link":"https:\/\/hudo.com\/si\/aktualno\/dezevno-poletje-kmetom-povzroca-preglavice\/","title":{"rendered":"De\u017eevno poletje kmetom povzro\u010da preglavice"},"content":{"rendered":"<p>&#8220;Koli\u010dine padavin so sicer v mejah normale, problem je to, da je bilo doslej malo suhih dni oziroma ni bilo obdobij, ko bi bilo nekaj suhih dni zapored,&#8221; je za STA dejal Gregor Gregori\u010d z oddelka za agrometeorologijo Agencije RS za okolje (Arso).<\/p>\n<p>To za kmete predstavlja precej te\u017eav pri ko\u0161nji, saj le ste\u017eka posu\u0161ijo travo, problem je tudi pri \u017eetvi \u017eit. Vremenske razmere z veliko vlage povzro\u010dajo te\u017eave tudi pridelovalcem krompirja in vinogradnikom, predvsem zaradi napadov plesni, je povedal Gregori\u010d.<\/p>\n<p>\u0160kodo v kmetijstvu povzro\u010dajo tudi neurja, tudi tista manj\u0161a, ki morda samo delno po\u0161kodujejo pridelek, a so rastline zaradi tega bolj ob\u010dutljive in potrebujejo dodatno skrb za odpornost in za\u0161\u010dito. Zaradi tak\u0161nega vremena se praviloma pove\u010da tudi poraba fitofarmacevtskih sredstev, je dejal Gregori\u010d.<\/p>\n<p>Podobno ugotavljajo tudi na Kmetijsko gozdarski zbornici Slovenije (KGZS). &#8220;Leto\u0161nje leto je radodarno s padavinami, kar je ugodno za rast vrtnin, travinja, koruze. Padavine pa te\u017eave povzro\u010dajo pri spravilu travinja in pri \u017eetvi \u017eit. Prav tako se opa\u017ea ve\u010djo ob\u010dutljivost rastlin na bolezni v trajnih nasadih, to je v sadovnjakih, vinogradih in hmelju,&#8221; je za STA razmere opisal vodja sektorja za kmetijsko svetovanje pri KGZS Igor Hrovati\u010d.<\/p>\n<p>Kot je \u0161e dodal, so letos tudi lokalna neurja po Sloveniji posameznim kmetijam povzro\u010dila veliko \u0161kode. A je generalno gledano po njegovih besedah letos \u0161koda zaradi vremenskih ujm precej manj\u0161a kot v minulih letih.<\/p>\n<p>&#8220;Leto\u0161nje trenutne vremenske razmere z visokimi temperaturami in veliko vlage so idealne za razvoj glivi\u010dnih bolezni. Vendar pa zaradi zakasnitve spomladi in prisilnega dozorevanja nekaterih polj\u0161\u010din, med drugim \u017eit in krompirja, ocenjujemo, da leto\u0161nja prodaja ne bo bistveno ve\u010dja od lanske,&#8221; pa je za STA ocenila prokuristka Zdru\u017eenja proizvajalcev, distributerjev in zastopnikov fitofarmacevtskih sredstev Giz fitofarmacije Renata Fras Peterlin.<\/p>\n<p>V Gizu pri\u010dakujejo manj\u0161i porast prodaje pri fungicidih, pri herbicidih in insekticidih pa ocenjujejo, da bo prodaja enaka kot obi\u010dajno. Opa\u017eajo pa padec prodaje sredstev proti pr\u0161icam. Letno se v Sloveniji sicer proda med 960 in 1000 ton aktivnih snovi, ki se uporabljajo v fitofarmacevtskih sredstvih, prodaja pa se v zadnjih letih stalno zmanj\u0161uje.<\/p>\n<p>Sicer pa je bil ve\u010dji del Slovenije do nedavnega precej dobro zalo\u017een z vodo in \u0161e zdaj je ve\u010dinoma podobno. Nekoliko manj vode je trenutno v Zgornjem Poso\u010dju, kjer je vode manj, kot je povpre\u010dje za ta \u010das, in na Obali. V Zgornjem Poso\u010dju namre\u010d v zadnjih dveh mesecih ni bilo toliko padavin kot drugje po dr\u017eavi, je za STA pojasnil vodja oddelka za hidrolo\u0161ke napovedi pri Arsu Janez Polajnar.<\/p>\n<p>Glede reke So\u010de je \u0161e pojasnil, da poletni nalivi ne prispevajo veliko k pove\u010danju vodnatosti te reke, ker je njeno pore\u010dje kra\u0161ko. Da se pozna na vodnatosti So\u010de, mora biti padavin res zelo veliko, prav tako morajo biti dolgotrajne. Za So\u010do tako velja, da je lahko kdaj pri ni\u017ejem vodostaju tudi bolj nevarna za tiste, ki se ukvarjajo z vodnimi \u0161porti, ker se pojavijo nove ovire, prehodi so druga\u010dni, prav tako je na nekaterih delih lahko te\u017eje prehodna.<\/p>\n","protected":false},"excerpt":{"rendered":"<p>Medtem ko so bili letos pomladni meseci v Slovenji bolj suhi, pa najtoplej\u0161i del leta spremlja pogosto de\u017eevno vreme, ki je neugodno za del kmetijstva. Kmetje imajo letos te\u017eave pri su\u0161enju trav in z napadi plesni. Sicer pa so hidrolo\u0161ke razmere v dr\u017eavi nekje v povpre\u010dju, le v Zgornjem Poso\u010dju in na Obali je trenutno nekoliko manj vode.<\/p>\n","protected":false},"author":7,"featured_media":374269,"comment_status":"closed","ping_status":"closed","sticky":false,"template":"","format":"standard","meta":{"footnotes":""},"categories":[1179],"tags":[4915,1595,7531],"source":[4511],"supertag":[7541],"acf":[],"yoast_head":"<!-- This site is optimized with the Yoast SEO plugin v21.3 - https:\/\/yoast.com\/wordpress\/plugins\/seo\/ -->\n<title>De\u017eevno poletje kmetom povzro\u010da preglavice - Hudo Slovenija<\/title>\n<meta name=\"robots\" content=\"index, follow, max-snippet:-1, max-image-preview:large, max-video-preview:-1\" \/>\n<link rel=\"canonical\" href=\"https:\/\/hudo.com\/si\/aktualno\/dezevno-poletje-kmetom-povzroca-preglavice\/\" \/>\n<meta property=\"og:locale\" content=\"sl_SI\" \/>\n<meta property=\"og:type\" content=\"article\" \/>\n<meta property=\"og:title\" content=\"De\u017eevno poletje kmetom povzro\u010da preglavice - Hudo Slovenija\" \/>\n<meta property=\"og:description\" content=\"Medtem ko so bili letos pomladni meseci v Slovenji bolj suhi, pa najtoplej\u0161i del leta spremlja pogosto de\u017eevno vreme, ki je neugodno za del kmetijstva. Kmetje imajo letos te\u017eave pri su\u0161enju trav in z napadi plesni. Sicer pa so hidrolo\u0161ke razmere v dr\u017eavi nekje v povpre\u010dju, le v Zgornjem Poso\u010dju in na Obali je trenutno nekoliko manj vode.\" \/>\n<meta property=\"og:url\" content=\"https:\/\/hudo.com\/si\/aktualno\/dezevno-poletje-kmetom-povzroca-preglavice\/\" \/>\n<meta property=\"og:site_name\" content=\"Hudo Slovenija\" \/>\n<meta property=\"article:publisher\" content=\"https:\/\/www.facebook.com\/hudo.si\" \/>\n<meta property=\"article:published_time\" content=\"2018-07-23T07:13:40+00:00\" \/>\n<meta property=\"og:image\" content=\"https:\/\/hudo.com\/si\/wp-content\/uploads\/sites\/2\/2018\/07\/profimedia-0010133693.jpg\" \/>\n\t<meta property=\"og:image:width\" content=\"1250\" \/>\n\t<meta property=\"og:image:height\" content=\"833\" \/>\n\t<meta property=\"og:image:type\" content=\"image\/jpeg\" \/>\n<meta name=\"author\" content=\"A. P., STA\" \/>\n<meta name=\"twitter:card\" content=\"summary_large_image\" \/>\n<meta name=\"twitter:creator\" content=\"@hudo_si\" \/>\n<meta name=\"twitter:site\" content=\"@hudo_si\" \/>\n<meta name=\"twitter:label1\" content=\"Written by\" \/>\n\t<meta name=\"twitter:data1\" content=\"A. P., STA\" \/>\n\t<meta name=\"twitter:label2\" content=\"Est. reading time\" \/>\n\t<meta name=\"twitter:data2\" content=\"3 minute\" \/>\n<script type=\"application\/ld+json\" class=\"yoast-schema-graph\">{\"@context\":\"https:\/\/schema.org\",\"@graph\":[{\"@type\":\"Article\",\"@id\":\"https:\/\/hudo.com\/si\/aktualno\/dezevno-poletje-kmetom-povzroca-preglavice\/#article\",\"isPartOf\":{\"@id\":\"https:\/\/hudo.com\/si\/aktualno\/dezevno-poletje-kmetom-povzroca-preglavice\/\"},\"author\":{\"name\":\"A. P., STA\",\"@id\":\"https:\/\/hudo.com\/si\/#\/schema\/person\/18f09c02475ba9e606e941a565b80cff\"},\"headline\":\"De\u017eevno poletje kmetom povzro\u010da preglavice\",\"datePublished\":\"2018-07-23T07:13:40+00:00\",\"dateModified\":\"2018-07-23T07:13:40+00:00\",\"mainEntityOfPage\":{\"@id\":\"https:\/\/hudo.com\/si\/aktualno\/dezevno-poletje-kmetom-povzroca-preglavice\/\"},\"wordCount\":542,\"publisher\":{\"@id\":\"https:\/\/hudo.com\/si\/#organization\"},\"keywords\":[\"kmetijstvo\",\"Slovenija\",\"vremenske razmere\"],\"articleSection\":[\"Aktualno\"],\"inLanguage\":\"sl-SI\"},{\"@type\":\"WebPage\",\"@id\":\"https:\/\/hudo.com\/si\/aktualno\/dezevno-poletje-kmetom-povzroca-preglavice\/\",\"url\":\"https:\/\/hudo.com\/si\/aktualno\/dezevno-poletje-kmetom-povzroca-preglavice\/\",\"name\":\"De\u017eevno poletje kmetom povzro\u010da preglavice - Hudo Slovenija\",\"isPartOf\":{\"@id\":\"https:\/\/hudo.com\/si\/#website\"},\"datePublished\":\"2018-07-23T07:13:40+00:00\",\"dateModified\":\"2018-07-23T07:13:40+00:00\",\"breadcrumb\":{\"@id\":\"https:\/\/hudo.com\/si\/aktualno\/dezevno-poletje-kmetom-povzroca-preglavice\/#breadcrumb\"},\"inLanguage\":\"sl-SI\",\"potentialAction\":[{\"@type\":\"ReadAction\",\"target\":[\"https:\/\/hudo.com\/si\/aktualno\/dezevno-poletje-kmetom-povzroca-preglavice\/\"]}]},{\"@type\":\"BreadcrumbList\",\"@id\":\"https:\/\/hudo.com\/si\/aktualno\/dezevno-poletje-kmetom-povzroca-preglavice\/#breadcrumb\",\"itemListElement\":[{\"@type\":\"ListItem\",\"position\":1,\"name\":\"Home\",\"item\":\"https:\/\/hudo.com\/si\/\"},{\"@type\":\"ListItem\",\"position\":2,\"name\":\"De\u017eevno poletje kmetom povzro\u010da preglavice\"}]},{\"@type\":\"WebSite\",\"@id\":\"https:\/\/hudo.com\/si\/#website\",\"url\":\"https:\/\/hudo.com\/si\/\",\"name\":\"Hudo Slovenija\",\"description\":\"Vse novice iz Slovenije in sveta\",\"publisher\":{\"@id\":\"https:\/\/hudo.com\/si\/#organization\"},\"potentialAction\":[{\"@type\":\"SearchAction\",\"target\":{\"@type\":\"EntryPoint\",\"urlTemplate\":\"https:\/\/hudo.com\/si\/?s={search_term_string}\"},\"query-input\":\"required name=search_term_string\"}],\"inLanguage\":\"sl-SI\"},{\"@type\":\"Organization\",\"@id\":\"https:\/\/hudo.com\/si\/#organization\",\"name\":\"VSN Media\",\"url\":\"https:\/\/hudo.com\/si\/\",\"logo\":{\"@type\":\"ImageObject\",\"inLanguage\":\"sl-SI\",\"@id\":\"https:\/\/hudo.com\/si\/#\/schema\/logo\/image\/\",\"url\":\"https:\/\/hudo.com\/si\/wp-content\/uploads\/sites\/2\/2021\/03\/hudo-app-2.png\",\"contentUrl\":\"https:\/\/hudo.com\/si\/wp-content\/uploads\/sites\/2\/2021\/03\/hudo-app-2.png\",\"width\":2185,\"height\":2167,\"caption\":\"VSN Media\"},\"image\":{\"@id\":\"https:\/\/hudo.com\/si\/#\/schema\/logo\/image\/\"},\"sameAs\":[\"https:\/\/www.facebook.com\/hudo.si\",\"https:\/\/twitter.com\/hudo_si\"]},{\"@type\":\"Person\",\"@id\":\"https:\/\/hudo.com\/si\/#\/schema\/person\/18f09c02475ba9e606e941a565b80cff\",\"name\":\"A. P., STA\",\"image\":{\"@type\":\"ImageObject\",\"inLanguage\":\"sl-SI\",\"@id\":\"https:\/\/hudo.com\/si\/#\/schema\/person\/image\/\",\"url\":\"https:\/\/secure.gravatar.com\/avatar\/03eac8e609f5f04383125d80eaeaaf3e?s=96&d=mm&r=g\",\"contentUrl\":\"https:\/\/secure.gravatar.com\/avatar\/03eac8e609f5f04383125d80eaeaaf3e?s=96&d=mm&r=g\",\"caption\":\"A. P., STA\"},\"url\":\"https:\/\/hudo.com\/si\/author\/lubu\/\"}]}<\/script>\n<!-- \/ Yoast SEO plugin. -->","yoast_head_json":{"title":"De\u017eevno poletje kmetom povzro\u010da preglavice - Hudo Slovenija","robots":{"index":"index","follow":"follow","max-snippet":"max-snippet:-1","max-image-preview":"max-image-preview:large","max-video-preview":"max-video-preview:-1"},"canonical":"https:\/\/hudo.com\/si\/aktualno\/dezevno-poletje-kmetom-povzroca-preglavice\/","og_locale":"sl_SI","og_type":"article","og_title":"De\u017eevno poletje kmetom povzro\u010da preglavice - Hudo Slovenija","og_description":"Medtem ko so bili letos pomladni meseci v Slovenji bolj suhi, pa najtoplej\u0161i del leta spremlja pogosto de\u017eevno vreme, ki je neugodno za del kmetijstva. Kmetje imajo letos te\u017eave pri su\u0161enju trav in z napadi plesni. Sicer pa so hidrolo\u0161ke razmere v dr\u017eavi nekje v povpre\u010dju, le v Zgornjem Poso\u010dju in na Obali je trenutno nekoliko manj vode.","og_url":"https:\/\/hudo.com\/si\/aktualno\/dezevno-poletje-kmetom-povzroca-preglavice\/","og_site_name":"Hudo Slovenija","article_publisher":"https:\/\/www.facebook.com\/hudo.si","article_published_time":"2018-07-23T07:13:40+00:00","og_image":[{"width":1250,"height":833,"url":"https:\/\/hudo.com\/si\/wp-content\/uploads\/sites\/2\/2018\/07\/profimedia-0010133693.jpg","type":"image\/jpeg"}],"author":"A. P., STA","twitter_card":"summary_large_image","twitter_creator":"@hudo_si","twitter_site":"@hudo_si","twitter_misc":{"Written by":"A. P., STA","Est. reading time":"3 minute"},"schema":{"@context":"https:\/\/schema.org","@graph":[{"@type":"Article","@id":"https:\/\/hudo.com\/si\/aktualno\/dezevno-poletje-kmetom-povzroca-preglavice\/#article","isPartOf":{"@id":"https:\/\/hudo.com\/si\/aktualno\/dezevno-poletje-kmetom-povzroca-preglavice\/"},"author":{"name":"A. P., STA","@id":"https:\/\/hudo.com\/si\/#\/schema\/person\/18f09c02475ba9e606e941a565b80cff"},"headline":"De\u017eevno poletje kmetom povzro\u010da preglavice","datePublished":"2018-07-23T07:13:40+00:00","dateModified":"2018-07-23T07:13:40+00:00","mainEntityOfPage":{"@id":"https:\/\/hudo.com\/si\/aktualno\/dezevno-poletje-kmetom-povzroca-preglavice\/"},"wordCount":542,"publisher":{"@id":"https:\/\/hudo.com\/si\/#organization"},"keywords":["kmetijstvo","Slovenija","vremenske razmere"],"articleSection":["Aktualno"],"inLanguage":"sl-SI"},{"@type":"WebPage","@id":"https:\/\/hudo.com\/si\/aktualno\/dezevno-poletje-kmetom-povzroca-preglavice\/","url":"https:\/\/hudo.com\/si\/aktualno\/dezevno-poletje-kmetom-povzroca-preglavice\/","name":"De\u017eevno poletje kmetom povzro\u010da preglavice - Hudo Slovenija","isPartOf":{"@id":"https:\/\/hudo.com\/si\/#website"},"datePublished":"2018-07-23T07:13:40+00:00","dateModified":"2018-07-23T07:13:40+00:00","breadcrumb":{"@id":"https:\/\/hudo.com\/si\/aktualno\/dezevno-poletje-kmetom-povzroca-preglavice\/#breadcrumb"},"inLanguage":"sl-SI","potentialAction":[{"@type":"ReadAction","target":["https:\/\/hudo.com\/si\/aktualno\/dezevno-poletje-kmetom-povzroca-preglavice\/"]}]},{"@type":"BreadcrumbList","@id":"https:\/\/hudo.com\/si\/aktualno\/dezevno-poletje-kmetom-povzroca-preglavice\/#breadcrumb","itemListElement":[{"@type":"ListItem","position":1,"name":"Home","item":"https:\/\/hudo.com\/si\/"},{"@type":"ListItem","position":2,"name":"De\u017eevno poletje kmetom povzro\u010da preglavice"}]},{"@type":"WebSite","@id":"https:\/\/hudo.com\/si\/#website","url":"https:\/\/hudo.com\/si\/","name":"Hudo Slovenija","description":"Vse novice iz Slovenije in sveta","publisher":{"@id":"https:\/\/hudo.com\/si\/#organization"},"potentialAction":[{"@type":"SearchAction","target":{"@type":"EntryPoint","urlTemplate":"https:\/\/hudo.com\/si\/?s={search_term_string}"},"query-input":"required name=search_term_string"}],"inLanguage":"sl-SI"},{"@type":"Organization","@id":"https:\/\/hudo.com\/si\/#organization","name":"VSN Media","url":"https:\/\/hudo.com\/si\/","logo":{"@type":"ImageObject","inLanguage":"sl-SI","@id":"https:\/\/hudo.com\/si\/#\/schema\/logo\/image\/","url":"https:\/\/hudo.com\/si\/wp-content\/uploads\/sites\/2\/2021\/03\/hudo-app-2.png","contentUrl":"https:\/\/hudo.com\/si\/wp-content\/uploads\/sites\/2\/2021\/03\/hudo-app-2.png","width":2185,"height":2167,"caption":"VSN Media"},"image":{"@id":"https:\/\/hudo.com\/si\/#\/schema\/logo\/image\/"},"sameAs":["https:\/\/www.facebook.com\/hudo.si","https:\/\/twitter.com\/hudo_si"]},{"@type":"Person","@id":"https:\/\/hudo.com\/si\/#\/schema\/person\/18f09c02475ba9e606e941a565b80cff","name":"A. P., STA","image":{"@type":"ImageObject","inLanguage":"sl-SI","@id":"https:\/\/hudo.com\/si\/#\/schema\/person\/image\/","url":"https:\/\/secure.gravatar.com\/avatar\/03eac8e609f5f04383125d80eaeaaf3e?s=96&d=mm&r=g","contentUrl":"https:\/\/secure.gravatar.com\/avatar\/03eac8e609f5f04383125d80eaeaaf3e?s=96&d=mm&r=g","caption":"A. P., STA"},"url":"https:\/\/hudo.com\/si\/author\/lubu\/"}]}},"amp_enabled":true,"_links":{"self":[{"href":"https:\/\/hudo.com\/si\/wp-json\/wp\/v2\/posts\/374268"}],"collection":[{"href":"https:\/\/hudo.com\/si\/wp-json\/wp\/v2\/posts"}],"about":[{"href":"https:\/\/hudo.com\/si\/wp-json\/wp\/v2\/types\/post"}],"author":[{"embeddable":true,"href":"https:\/\/hudo.com\/si\/wp-json\/wp\/v2\/users\/7"}],"replies":[{"embeddable":true,"href":"https:\/\/hudo.com\/si\/wp-json\/wp\/v2\/comments?post=374268"}],"version-history":[{"count":1,"href":"https:\/\/hudo.com\/si\/wp-json\/wp\/v2\/posts\/374268\/revisions"}],"predecessor-version":[{"id":374270,"href":"https:\/\/hudo.com\/si\/wp-json\/wp\/v2\/posts\/374268\/revisions\/374270"}],"wp:featuredmedia":[{"embeddable":true,"href":"https:\/\/hudo.com\/si\/wp-json\/wp\/v2\/media\/374269"}],"wp:attachment":[{"href":"https:\/\/hudo.com\/si\/wp-json\/wp\/v2\/media?parent=374268"}],"wp:term":[{"taxonomy":"category","embeddable":true,"href":"https:\/\/hudo.com\/si\/wp-json\/wp\/v2\/categories?post=374268"},{"taxonomy":"post_tag","embeddable":true,"href":"https:\/\/hudo.com\/si\/wp-json\/wp\/v2\/tags?post=374268"},{"taxonomy":"source","embeddable":true,"href":"https:\/\/hudo.com\/si\/wp-json\/wp\/v2\/source?post=374268"},{"taxonomy":"supertag","embeddable":true,"href":"https:\/\/hudo.com\/si\/wp-json\/wp\/v2\/supertag?post=374268"}],"curies":[{"name":"wp","href":"https:\/\/api.w.org\/{rel}","templated":true}]}}