{"id":374636,"date":"2018-07-29T11:51:22","date_gmt":"2018-07-29T09:51:22","guid":{"rendered":"http:\/\/hudo.com\/si\/?p=374636"},"modified":"2018-07-29T11:51:22","modified_gmt":"2018-07-29T09:51:22","slug":"na-cestah-po-sloveniji-tudi-danes-povecan-promet-zastoji","status":"publish","type":"post","link":"https:\/\/hudo.com\/si\/aktualno\/na-cestah-po-sloveniji-tudi-danes-povecan-promet-zastoji\/","title":{"rendered":"Na cestah po Sloveniji tudi danes pove\u010dan promet in zastoji"},"content":{"rendered":"<div class=\"text\">\n<p>Za prestop slovensko-hrva\u0161ke meje je dalj\u0161a \u010dakalna doba na mejnih prehodih Se\u010dovlje, Dragonja, Starod, Jel\u0161ane in Gru\u0161kovje.<\/p>\n<p>Najdlje morajo vozniki osebnih avtomobilov trenutno \u010dakati pred mejnim prehodom Gru\u0161kovje, in sicer je \u010dakalna doba tako za vstop kot tudi za izstop iz na\u0161e dr\u017eave 60 minut. Gost promet z zastoji je tako po podatkih Prometno-informacijskega centra za dr\u017eavne ceste \u017ee na cesti od Stano\u0161ine do mejnega prehoda Gru\u0161kovje.<\/p>\n<p>Eno uro je treba za vstop v Slovenijo \u010dakati tudi na mejnem prehodu Dragonja. Turisti, ki se s hrva\u0161ke obale vra\u010dajo prek mejnih prehodov Starod in Se\u010dovlje, morajo za prestop meje \u010dakati pol ure, tisti, ki se odlo\u010dijo za mejni prehod Jel\u0161ane, pa pol manj.<\/p>\n<p>Prav tako se na mejnem prehodu Jel\u0161ane 15 minut \u010daka za izstop iz Slovenije. Na mejnih prehodih Starod, Se\u010dovlje in Dragonja pa so \u010dakalne dobe pri izstopu 30 do 40 minut.<\/p>\n<p>Kolona vozil pred predorom Karavanke v smeri proti Avstriji je trenutno dolga dva kilometra. Voznikom, ki so namenjeni proti Kranjski Gori, priporo\u010dajo izvoz Jesenice vzhod.<\/p>\n<p>Na prometno-informacijskem centru zelo gost promet z zastoji pri\u010dakujejo tudi v popoldanskem \u010dasu, predvsem iz turisti\u010dnih krajev proti notranjosti Slovenije.<\/p>\n<\/div>\n","protected":false},"excerpt":{"rendered":"<p>Ob vi\u0161ku poletne sezone je na cestah po Sloveniji tudi danes pove\u010dan promet, ponekod nastajajo zastoji. \u010cakalne dobe so na vseh ve\u010djih mejnih prehodih s Hrva\u0161ko ter pred predorom Karavanke v smeri proti Avstriji. Gost promet je pri\u010dakovati tudi popoldne in v ve\u010dernih urah.<\/p>\n","protected":false},"author":5,"featured_media":61833,"comment_status":"closed","ping_status":"closed","sticky":false,"template":"","format":"standard","meta":{"footnotes":""},"categories":[1179],"tags":[6799,2112,1595,8467],"source":[4511],"supertag":[],"acf":[],"yoast_head":"<!-- This site is optimized with the Yoast SEO plugin v21.3 - https:\/\/yoast.com\/wordpress\/plugins\/seo\/ -->\n<title>Na cestah po Sloveniji tudi danes pove\u010dan promet in zastoji - Hudo Slovenija<\/title>\n<meta name=\"robots\" content=\"index, follow, max-snippet:-1, max-image-preview:large, max-video-preview:-1\" \/>\n<link rel=\"canonical\" href=\"https:\/\/hudo.com\/si\/aktualno\/na-cestah-po-sloveniji-tudi-danes-povecan-promet-zastoji\/\" \/>\n<meta property=\"og:locale\" content=\"sl_SI\" \/>\n<meta property=\"og:type\" content=\"article\" \/>\n<meta property=\"og:title\" content=\"Na cestah po Sloveniji tudi danes pove\u010dan promet in zastoji - Hudo Slovenija\" \/>\n<meta property=\"og:description\" content=\"Ob vi\u0161ku poletne sezone je na cestah po Sloveniji tudi danes pove\u010dan promet, ponekod nastajajo zastoji. \u010cakalne dobe so na vseh ve\u010djih mejnih prehodih s Hrva\u0161ko ter pred predorom Karavanke v smeri proti Avstriji. Gost promet je pri\u010dakovati tudi popoldne in v ve\u010dernih urah.\" \/>\n<meta property=\"og:url\" content=\"https:\/\/hudo.com\/si\/aktualno\/na-cestah-po-sloveniji-tudi-danes-povecan-promet-zastoji\/\" \/>\n<meta property=\"og:site_name\" content=\"Hudo Slovenija\" \/>\n<meta property=\"article:publisher\" content=\"https:\/\/www.facebook.com\/hudo.si\" \/>\n<meta property=\"article:published_time\" content=\"2018-07-29T09:51:22+00:00\" \/>\n<meta property=\"og:image\" content=\"https:\/\/hudo.com\/si\/wp-content\/uploads\/sites\/2\/2016\/05\/20120623-00368659.jpg\" \/>\n\t<meta property=\"og:image:width\" content=\"640\" \/>\n\t<meta property=\"og:image:height\" content=\"430\" \/>\n\t<meta property=\"og:image:type\" content=\"image\/jpeg\" \/>\n<meta name=\"author\" content=\"A. G., STA\" \/>\n<meta name=\"twitter:card\" content=\"summary_large_image\" \/>\n<meta name=\"twitter:creator\" content=\"@hudo_si\" \/>\n<meta name=\"twitter:site\" content=\"@hudo_si\" \/>\n<meta name=\"twitter:label1\" content=\"Written by\" \/>\n\t<meta name=\"twitter:data1\" content=\"A. G., STA\" \/>\n\t<meta name=\"twitter:label2\" content=\"Est. reading time\" \/>\n\t<meta name=\"twitter:data2\" content=\"1 minuta\" \/>\n<script type=\"application\/ld+json\" class=\"yoast-schema-graph\">{\"@context\":\"https:\/\/schema.org\",\"@graph\":[{\"@type\":\"Article\",\"@id\":\"https:\/\/hudo.com\/si\/aktualno\/na-cestah-po-sloveniji-tudi-danes-povecan-promet-zastoji\/#article\",\"isPartOf\":{\"@id\":\"https:\/\/hudo.com\/si\/aktualno\/na-cestah-po-sloveniji-tudi-danes-povecan-promet-zastoji\/\"},\"author\":{\"name\":\"A. G., STA\",\"@id\":\"https:\/\/hudo.com\/si\/#\/schema\/person\/2391667a63ea075ba94f2f2dc6b77537\"},\"headline\":\"Na cestah po Sloveniji tudi danes pove\u010dan promet in zastoji\",\"datePublished\":\"2018-07-29T09:51:22+00:00\",\"dateModified\":\"2018-07-29T09:51:22+00:00\",\"mainEntityOfPage\":{\"@id\":\"https:\/\/hudo.com\/si\/aktualno\/na-cestah-po-sloveniji-tudi-danes-povecan-promet-zastoji\/\"},\"wordCount\":216,\"publisher\":{\"@id\":\"https:\/\/hudo.com\/si\/#organization\"},\"keywords\":[\"\u010dakalne dobe\",\"ceste\",\"Slovenija\",\"zastoji\"],\"articleSection\":[\"Aktualno\"],\"inLanguage\":\"sl-SI\"},{\"@type\":\"WebPage\",\"@id\":\"https:\/\/hudo.com\/si\/aktualno\/na-cestah-po-sloveniji-tudi-danes-povecan-promet-zastoji\/\",\"url\":\"https:\/\/hudo.com\/si\/aktualno\/na-cestah-po-sloveniji-tudi-danes-povecan-promet-zastoji\/\",\"name\":\"Na cestah po Sloveniji tudi danes pove\u010dan promet in zastoji - Hudo Slovenija\",\"isPartOf\":{\"@id\":\"https:\/\/hudo.com\/si\/#website\"},\"datePublished\":\"2018-07-29T09:51:22+00:00\",\"dateModified\":\"2018-07-29T09:51:22+00:00\",\"breadcrumb\":{\"@id\":\"https:\/\/hudo.com\/si\/aktualno\/na-cestah-po-sloveniji-tudi-danes-povecan-promet-zastoji\/#breadcrumb\"},\"inLanguage\":\"sl-SI\",\"potentialAction\":[{\"@type\":\"ReadAction\",\"target\":[\"https:\/\/hudo.com\/si\/aktualno\/na-cestah-po-sloveniji-tudi-danes-povecan-promet-zastoji\/\"]}]},{\"@type\":\"BreadcrumbList\",\"@id\":\"https:\/\/hudo.com\/si\/aktualno\/na-cestah-po-sloveniji-tudi-danes-povecan-promet-zastoji\/#breadcrumb\",\"itemListElement\":[{\"@type\":\"ListItem\",\"position\":1,\"name\":\"Home\",\"item\":\"https:\/\/hudo.com\/si\/\"},{\"@type\":\"ListItem\",\"position\":2,\"name\":\"Na cestah po Sloveniji tudi danes pove\u010dan promet in zastoji\"}]},{\"@type\":\"WebSite\",\"@id\":\"https:\/\/hudo.com\/si\/#website\",\"url\":\"https:\/\/hudo.com\/si\/\",\"name\":\"Hudo Slovenija\",\"description\":\"Vse novice iz Slovenije in sveta\",\"publisher\":{\"@id\":\"https:\/\/hudo.com\/si\/#organization\"},\"potentialAction\":[{\"@type\":\"SearchAction\",\"target\":{\"@type\":\"EntryPoint\",\"urlTemplate\":\"https:\/\/hudo.com\/si\/?s={search_term_string}\"},\"query-input\":\"required name=search_term_string\"}],\"inLanguage\":\"sl-SI\"},{\"@type\":\"Organization\",\"@id\":\"https:\/\/hudo.com\/si\/#organization\",\"name\":\"VSN Media\",\"url\":\"https:\/\/hudo.com\/si\/\",\"logo\":{\"@type\":\"ImageObject\",\"inLanguage\":\"sl-SI\",\"@id\":\"https:\/\/hudo.com\/si\/#\/schema\/logo\/image\/\",\"url\":\"https:\/\/hudo.com\/si\/wp-content\/uploads\/sites\/2\/2021\/03\/hudo-app-2.png\",\"contentUrl\":\"https:\/\/hudo.com\/si\/wp-content\/uploads\/sites\/2\/2021\/03\/hudo-app-2.png\",\"width\":2185,\"height\":2167,\"caption\":\"VSN Media\"},\"image\":{\"@id\":\"https:\/\/hudo.com\/si\/#\/schema\/logo\/image\/\"},\"sameAs\":[\"https:\/\/www.facebook.com\/hudo.si\",\"https:\/\/twitter.com\/hudo_si\"]},{\"@type\":\"Person\",\"@id\":\"https:\/\/hudo.com\/si\/#\/schema\/person\/2391667a63ea075ba94f2f2dc6b77537\",\"name\":\"A. G., STA\",\"image\":{\"@type\":\"ImageObject\",\"inLanguage\":\"sl-SI\",\"@id\":\"https:\/\/hudo.com\/si\/#\/schema\/person\/image\/\",\"url\":\"https:\/\/secure.gravatar.com\/avatar\/e13d22ac3e442658d5025fbbe6238a79?s=96&d=mm&r=g\",\"contentUrl\":\"https:\/\/secure.gravatar.com\/avatar\/e13d22ac3e442658d5025fbbe6238a79?s=96&d=mm&r=g\",\"caption\":\"A. G., STA\"},\"url\":\"https:\/\/hudo.com\/si\/author\/alenka\/\"}]}<\/script>\n<!-- \/ Yoast SEO plugin. -->","yoast_head_json":{"title":"Na cestah po Sloveniji tudi danes pove\u010dan promet in zastoji - Hudo Slovenija","robots":{"index":"index","follow":"follow","max-snippet":"max-snippet:-1","max-image-preview":"max-image-preview:large","max-video-preview":"max-video-preview:-1"},"canonical":"https:\/\/hudo.com\/si\/aktualno\/na-cestah-po-sloveniji-tudi-danes-povecan-promet-zastoji\/","og_locale":"sl_SI","og_type":"article","og_title":"Na cestah po Sloveniji tudi danes pove\u010dan promet in zastoji - Hudo Slovenija","og_description":"Ob vi\u0161ku poletne sezone je na cestah po Sloveniji tudi danes pove\u010dan promet, ponekod nastajajo zastoji. \u010cakalne dobe so na vseh ve\u010djih mejnih prehodih s Hrva\u0161ko ter pred predorom Karavanke v smeri proti Avstriji. Gost promet je pri\u010dakovati tudi popoldne in v ve\u010dernih urah.","og_url":"https:\/\/hudo.com\/si\/aktualno\/na-cestah-po-sloveniji-tudi-danes-povecan-promet-zastoji\/","og_site_name":"Hudo Slovenija","article_publisher":"https:\/\/www.facebook.com\/hudo.si","article_published_time":"2018-07-29T09:51:22+00:00","og_image":[{"width":640,"height":430,"url":"https:\/\/hudo.com\/si\/wp-content\/uploads\/sites\/2\/2016\/05\/20120623-00368659.jpg","type":"image\/jpeg"}],"author":"A. G., STA","twitter_card":"summary_large_image","twitter_creator":"@hudo_si","twitter_site":"@hudo_si","twitter_misc":{"Written by":"A. G., STA","Est. reading time":"1 minuta"},"schema":{"@context":"https:\/\/schema.org","@graph":[{"@type":"Article","@id":"https:\/\/hudo.com\/si\/aktualno\/na-cestah-po-sloveniji-tudi-danes-povecan-promet-zastoji\/#article","isPartOf":{"@id":"https:\/\/hudo.com\/si\/aktualno\/na-cestah-po-sloveniji-tudi-danes-povecan-promet-zastoji\/"},"author":{"name":"A. G., STA","@id":"https:\/\/hudo.com\/si\/#\/schema\/person\/2391667a63ea075ba94f2f2dc6b77537"},"headline":"Na cestah po Sloveniji tudi danes pove\u010dan promet in zastoji","datePublished":"2018-07-29T09:51:22+00:00","dateModified":"2018-07-29T09:51:22+00:00","mainEntityOfPage":{"@id":"https:\/\/hudo.com\/si\/aktualno\/na-cestah-po-sloveniji-tudi-danes-povecan-promet-zastoji\/"},"wordCount":216,"publisher":{"@id":"https:\/\/hudo.com\/si\/#organization"},"keywords":["\u010dakalne dobe","ceste","Slovenija","zastoji"],"articleSection":["Aktualno"],"inLanguage":"sl-SI"},{"@type":"WebPage","@id":"https:\/\/hudo.com\/si\/aktualno\/na-cestah-po-sloveniji-tudi-danes-povecan-promet-zastoji\/","url":"https:\/\/hudo.com\/si\/aktualno\/na-cestah-po-sloveniji-tudi-danes-povecan-promet-zastoji\/","name":"Na cestah po Sloveniji tudi danes pove\u010dan promet in zastoji - Hudo Slovenija","isPartOf":{"@id":"https:\/\/hudo.com\/si\/#website"},"datePublished":"2018-07-29T09:51:22+00:00","dateModified":"2018-07-29T09:51:22+00:00","breadcrumb":{"@id":"https:\/\/hudo.com\/si\/aktualno\/na-cestah-po-sloveniji-tudi-danes-povecan-promet-zastoji\/#breadcrumb"},"inLanguage":"sl-SI","potentialAction":[{"@type":"ReadAction","target":["https:\/\/hudo.com\/si\/aktualno\/na-cestah-po-sloveniji-tudi-danes-povecan-promet-zastoji\/"]}]},{"@type":"BreadcrumbList","@id":"https:\/\/hudo.com\/si\/aktualno\/na-cestah-po-sloveniji-tudi-danes-povecan-promet-zastoji\/#breadcrumb","itemListElement":[{"@type":"ListItem","position":1,"name":"Home","item":"https:\/\/hudo.com\/si\/"},{"@type":"ListItem","position":2,"name":"Na cestah po Sloveniji tudi danes pove\u010dan promet in zastoji"}]},{"@type":"WebSite","@id":"https:\/\/hudo.com\/si\/#website","url":"https:\/\/hudo.com\/si\/","name":"Hudo Slovenija","description":"Vse novice iz Slovenije in sveta","publisher":{"@id":"https:\/\/hudo.com\/si\/#organization"},"potentialAction":[{"@type":"SearchAction","target":{"@type":"EntryPoint","urlTemplate":"https:\/\/hudo.com\/si\/?s={search_term_string}"},"query-input":"required name=search_term_string"}],"inLanguage":"sl-SI"},{"@type":"Organization","@id":"https:\/\/hudo.com\/si\/#organization","name":"VSN Media","url":"https:\/\/hudo.com\/si\/","logo":{"@type":"ImageObject","inLanguage":"sl-SI","@id":"https:\/\/hudo.com\/si\/#\/schema\/logo\/image\/","url":"https:\/\/hudo.com\/si\/wp-content\/uploads\/sites\/2\/2021\/03\/hudo-app-2.png","contentUrl":"https:\/\/hudo.com\/si\/wp-content\/uploads\/sites\/2\/2021\/03\/hudo-app-2.png","width":2185,"height":2167,"caption":"VSN Media"},"image":{"@id":"https:\/\/hudo.com\/si\/#\/schema\/logo\/image\/"},"sameAs":["https:\/\/www.facebook.com\/hudo.si","https:\/\/twitter.com\/hudo_si"]},{"@type":"Person","@id":"https:\/\/hudo.com\/si\/#\/schema\/person\/2391667a63ea075ba94f2f2dc6b77537","name":"A. G., STA","image":{"@type":"ImageObject","inLanguage":"sl-SI","@id":"https:\/\/hudo.com\/si\/#\/schema\/person\/image\/","url":"https:\/\/secure.gravatar.com\/avatar\/e13d22ac3e442658d5025fbbe6238a79?s=96&d=mm&r=g","contentUrl":"https:\/\/secure.gravatar.com\/avatar\/e13d22ac3e442658d5025fbbe6238a79?s=96&d=mm&r=g","caption":"A. G., STA"},"url":"https:\/\/hudo.com\/si\/author\/alenka\/"}]}},"amp_enabled":true,"_links":{"self":[{"href":"https:\/\/hudo.com\/si\/wp-json\/wp\/v2\/posts\/374636"}],"collection":[{"href":"https:\/\/hudo.com\/si\/wp-json\/wp\/v2\/posts"}],"about":[{"href":"https:\/\/hudo.com\/si\/wp-json\/wp\/v2\/types\/post"}],"author":[{"embeddable":true,"href":"https:\/\/hudo.com\/si\/wp-json\/wp\/v2\/users\/5"}],"replies":[{"embeddable":true,"href":"https:\/\/hudo.com\/si\/wp-json\/wp\/v2\/comments?post=374636"}],"version-history":[{"count":1,"href":"https:\/\/hudo.com\/si\/wp-json\/wp\/v2\/posts\/374636\/revisions"}],"predecessor-version":[{"id":374637,"href":"https:\/\/hudo.com\/si\/wp-json\/wp\/v2\/posts\/374636\/revisions\/374637"}],"wp:featuredmedia":[{"embeddable":true,"href":"https:\/\/hudo.com\/si\/wp-json\/wp\/v2\/media\/61833"}],"wp:attachment":[{"href":"https:\/\/hudo.com\/si\/wp-json\/wp\/v2\/media?parent=374636"}],"wp:term":[{"taxonomy":"category","embeddable":true,"href":"https:\/\/hudo.com\/si\/wp-json\/wp\/v2\/categories?post=374636"},{"taxonomy":"post_tag","embeddable":true,"href":"https:\/\/hudo.com\/si\/wp-json\/wp\/v2\/tags?post=374636"},{"taxonomy":"source","embeddable":true,"href":"https:\/\/hudo.com\/si\/wp-json\/wp\/v2\/source?post=374636"},{"taxonomy":"supertag","embeddable":true,"href":"https:\/\/hudo.com\/si\/wp-json\/wp\/v2\/supertag?post=374636"}],"curies":[{"name":"wp","href":"https:\/\/api.w.org\/{rel}","templated":true}]}}