{"id":374712,"date":"2018-07-30T17:28:47","date_gmt":"2018-07-30T15:28:47","guid":{"rendered":"http:\/\/hudo.com\/si\/?p=374712"},"modified":"2018-07-30T17:28:47","modified_gmt":"2018-07-30T15:28:47","slug":"nemski-piloti-ryanaira-podprli-nadaljevanje-stavk","status":"publish","type":"post","link":"https:\/\/hudo.com\/si\/aktualno\/nemski-piloti-ryanaira-podprli-nadaljevanje-stavk\/","title":{"rendered":"Nem\u0161ki piloti Ryanaira podprli nadaljevanje stavk"},"content":{"rendered":"<p>Po navedbah sindikata Vereinigung Cockpit je nadaljevanje stavkovnih aktivnosti podprlo 96 odstotkov pilotov. Delodajalcu so dali \u010das do prihodnjega torka, da predlo\u017ei ponudbo, primerno za pogajanje.<\/p>\n<p>Kot so zagotovili v sindikatu, bodo z obzirom do potnikov vsako stavko napovedali 24 ur vnaprej.<\/p>\n<p>Ryanair se s stavkami zaposlenih soo\u010da \u017ee ve\u010d tednov. Minuli teden je stavkalo kabinsko osebje, ki si prav tako \u017eeli vi\u0161je pla\u010de in izbolj\u0161anje delovnih pogojev. Za stavko so se dogovorili sindikati iz Belgije, Italije, Portugalske in \u0160panije, prevoznik pa je moral odpovedati 600 letov. Pet dni prej je moral zaradi stavke pilotov odpovedati 24 poletov med Veliko Britanijo in Irsko.<\/p>\n<p>Sindikati zahtevajo, da letalski prevoznik zaposlene zaposli skladno z zakonodajo dr\u017eave, v kateri delajo, in ne irsko zakonodajo. Prav tako zahtevajo, da Ryanair sindikate prizna kot reprezentativne. Doslej so to namre\u010d storili le za sindikate v Veliki Britaniji in Italiji.<\/p>\n","protected":false},"excerpt":{"rendered":"<p> Irski nizkocenovni letalski prevoznik Ryanair se bo morda moral soo\u010diti z novimi stavkami. Njegovi nem\u0161ki piloti so namre\u010d na dana\u0161njem glasovanju podprli nadaljnje stavkovne aktivnosti za zvi\u0161anje pla\u010d in izbolj\u0161anje delovnih pogojev, vendar o konkretnih datumih niso govorili, je poro\u010dala nem\u0161ka tiskovna agencija dpa.<\/p>\n","protected":false},"author":8,"featured_media":170819,"comment_status":"closed","ping_status":"closed","sticky":false,"template":"","format":"standard","meta":{"footnotes":""},"categories":[1179],"tags":[1770,7964,3814,4534],"source":[4511],"supertag":[6103],"acf":[],"yoast_head":"<!-- This site is optimized with the Yoast SEO plugin v21.3 - https:\/\/yoast.com\/wordpress\/plugins\/seo\/ -->\n<title>Nem\u0161ki piloti Ryanaira podprli nadaljevanje stavk - Hudo Slovenija<\/title>\n<meta name=\"robots\" content=\"index, follow, max-snippet:-1, max-image-preview:large, max-video-preview:-1\" \/>\n<link rel=\"canonical\" href=\"https:\/\/hudo.com\/si\/aktualno\/nemski-piloti-ryanaira-podprli-nadaljevanje-stavk\/\" \/>\n<meta property=\"og:locale\" content=\"sl_SI\" \/>\n<meta property=\"og:type\" content=\"article\" \/>\n<meta property=\"og:title\" content=\"Nem\u0161ki piloti Ryanaira podprli nadaljevanje stavk - Hudo Slovenija\" \/>\n<meta property=\"og:description\" content=\"Irski nizkocenovni letalski prevoznik Ryanair se bo morda moral soo\u010diti z novimi stavkami. Njegovi nem\u0161ki piloti so namre\u010d na dana\u0161njem glasovanju podprli nadaljnje stavkovne aktivnosti za zvi\u0161anje pla\u010d in izbolj\u0161anje delovnih pogojev, vendar o konkretnih datumih niso govorili, je poro\u010dala nem\u0161ka tiskovna agencija dpa.\" \/>\n<meta property=\"og:url\" content=\"https:\/\/hudo.com\/si\/aktualno\/nemski-piloti-ryanaira-podprli-nadaljevanje-stavk\/\" \/>\n<meta property=\"og:site_name\" content=\"Hudo Slovenija\" \/>\n<meta property=\"article:publisher\" content=\"https:\/\/www.facebook.com\/hudo.si\" \/>\n<meta property=\"article:published_time\" content=\"2018-07-30T15:28:47+00:00\" \/>\n<meta property=\"og:image\" content=\"https:\/\/hudo.com\/si\/wp-content\/uploads\/sites\/2\/2016\/11\/profimedia-0088426300.jpg\" \/>\n\t<meta property=\"og:image:width\" content=\"1250\" \/>\n\t<meta property=\"og:image:height\" content=\"833\" \/>\n\t<meta property=\"og:image:type\" content=\"image\/jpeg\" \/>\n<meta name=\"author\" content=\"M. N., STA\" \/>\n<meta name=\"twitter:card\" content=\"summary_large_image\" \/>\n<meta name=\"twitter:creator\" content=\"@hudo_si\" \/>\n<meta name=\"twitter:site\" content=\"@hudo_si\" \/>\n<meta name=\"twitter:label1\" content=\"Written by\" \/>\n\t<meta name=\"twitter:data1\" content=\"M. N., STA\" \/>\n\t<meta name=\"twitter:label2\" content=\"Est. reading time\" \/>\n\t<meta name=\"twitter:data2\" content=\"1 minuta\" \/>\n<script type=\"application\/ld+json\" class=\"yoast-schema-graph\">{\"@context\":\"https:\/\/schema.org\",\"@graph\":[{\"@type\":\"Article\",\"@id\":\"https:\/\/hudo.com\/si\/aktualno\/nemski-piloti-ryanaira-podprli-nadaljevanje-stavk\/#article\",\"isPartOf\":{\"@id\":\"https:\/\/hudo.com\/si\/aktualno\/nemski-piloti-ryanaira-podprli-nadaljevanje-stavk\/\"},\"author\":{\"name\":\"M. N., STA\",\"@id\":\"https:\/\/hudo.com\/si\/#\/schema\/person\/c2f10ce65d2e6ede2aeda5be2a0611fa\"},\"headline\":\"Nem\u0161ki piloti Ryanaira podprli nadaljevanje stavk\",\"datePublished\":\"2018-07-30T15:28:47+00:00\",\"dateModified\":\"2018-07-30T15:28:47+00:00\",\"mainEntityOfPage\":{\"@id\":\"https:\/\/hudo.com\/si\/aktualno\/nemski-piloti-ryanaira-podprli-nadaljevanje-stavk\/\"},\"wordCount\":152,\"publisher\":{\"@id\":\"https:\/\/hudo.com\/si\/#organization\"},\"keywords\":[\"letalski promet\",\"pilot\",\"ryanair\",\"stavka\"],\"articleSection\":[\"Aktualno\"],\"inLanguage\":\"sl-SI\"},{\"@type\":\"WebPage\",\"@id\":\"https:\/\/hudo.com\/si\/aktualno\/nemski-piloti-ryanaira-podprli-nadaljevanje-stavk\/\",\"url\":\"https:\/\/hudo.com\/si\/aktualno\/nemski-piloti-ryanaira-podprli-nadaljevanje-stavk\/\",\"name\":\"Nem\u0161ki piloti Ryanaira podprli nadaljevanje stavk - Hudo Slovenija\",\"isPartOf\":{\"@id\":\"https:\/\/hudo.com\/si\/#website\"},\"datePublished\":\"2018-07-30T15:28:47+00:00\",\"dateModified\":\"2018-07-30T15:28:47+00:00\",\"breadcrumb\":{\"@id\":\"https:\/\/hudo.com\/si\/aktualno\/nemski-piloti-ryanaira-podprli-nadaljevanje-stavk\/#breadcrumb\"},\"inLanguage\":\"sl-SI\",\"potentialAction\":[{\"@type\":\"ReadAction\",\"target\":[\"https:\/\/hudo.com\/si\/aktualno\/nemski-piloti-ryanaira-podprli-nadaljevanje-stavk\/\"]}]},{\"@type\":\"BreadcrumbList\",\"@id\":\"https:\/\/hudo.com\/si\/aktualno\/nemski-piloti-ryanaira-podprli-nadaljevanje-stavk\/#breadcrumb\",\"itemListElement\":[{\"@type\":\"ListItem\",\"position\":1,\"name\":\"Home\",\"item\":\"https:\/\/hudo.com\/si\/\"},{\"@type\":\"ListItem\",\"position\":2,\"name\":\"Nem\u0161ki piloti Ryanaira podprli nadaljevanje stavk\"}]},{\"@type\":\"WebSite\",\"@id\":\"https:\/\/hudo.com\/si\/#website\",\"url\":\"https:\/\/hudo.com\/si\/\",\"name\":\"Hudo Slovenija\",\"description\":\"Vse novice iz Slovenije in sveta\",\"publisher\":{\"@id\":\"https:\/\/hudo.com\/si\/#organization\"},\"potentialAction\":[{\"@type\":\"SearchAction\",\"target\":{\"@type\":\"EntryPoint\",\"urlTemplate\":\"https:\/\/hudo.com\/si\/?s={search_term_string}\"},\"query-input\":\"required name=search_term_string\"}],\"inLanguage\":\"sl-SI\"},{\"@type\":\"Organization\",\"@id\":\"https:\/\/hudo.com\/si\/#organization\",\"name\":\"VSN Media\",\"url\":\"https:\/\/hudo.com\/si\/\",\"logo\":{\"@type\":\"ImageObject\",\"inLanguage\":\"sl-SI\",\"@id\":\"https:\/\/hudo.com\/si\/#\/schema\/logo\/image\/\",\"url\":\"https:\/\/hudo.com\/si\/wp-content\/uploads\/sites\/2\/2021\/03\/hudo-app-2.png\",\"contentUrl\":\"https:\/\/hudo.com\/si\/wp-content\/uploads\/sites\/2\/2021\/03\/hudo-app-2.png\",\"width\":2185,\"height\":2167,\"caption\":\"VSN Media\"},\"image\":{\"@id\":\"https:\/\/hudo.com\/si\/#\/schema\/logo\/image\/\"},\"sameAs\":[\"https:\/\/www.facebook.com\/hudo.si\",\"https:\/\/twitter.com\/hudo_si\"]},{\"@type\":\"Person\",\"@id\":\"https:\/\/hudo.com\/si\/#\/schema\/person\/c2f10ce65d2e6ede2aeda5be2a0611fa\",\"name\":\"M. N., STA\",\"image\":{\"@type\":\"ImageObject\",\"inLanguage\":\"sl-SI\",\"@id\":\"https:\/\/hudo.com\/si\/#\/schema\/person\/image\/\",\"url\":\"https:\/\/secure.gravatar.com\/avatar\/f370d38daa10467f755c5c766a4cac20?s=96&d=mm&r=g\",\"contentUrl\":\"https:\/\/secure.gravatar.com\/avatar\/f370d38daa10467f755c5c766a4cac20?s=96&d=mm&r=g\",\"caption\":\"M. N., STA\"},\"url\":\"https:\/\/hudo.com\/si\/author\/mana\/\"}]}<\/script>\n<!-- \/ Yoast SEO plugin. -->","yoast_head_json":{"title":"Nem\u0161ki piloti Ryanaira podprli nadaljevanje stavk - Hudo Slovenija","robots":{"index":"index","follow":"follow","max-snippet":"max-snippet:-1","max-image-preview":"max-image-preview:large","max-video-preview":"max-video-preview:-1"},"canonical":"https:\/\/hudo.com\/si\/aktualno\/nemski-piloti-ryanaira-podprli-nadaljevanje-stavk\/","og_locale":"sl_SI","og_type":"article","og_title":"Nem\u0161ki piloti Ryanaira podprli nadaljevanje stavk - Hudo Slovenija","og_description":"Irski nizkocenovni letalski prevoznik Ryanair se bo morda moral soo\u010diti z novimi stavkami. Njegovi nem\u0161ki piloti so namre\u010d na dana\u0161njem glasovanju podprli nadaljnje stavkovne aktivnosti za zvi\u0161anje pla\u010d in izbolj\u0161anje delovnih pogojev, vendar o konkretnih datumih niso govorili, je poro\u010dala nem\u0161ka tiskovna agencija dpa.","og_url":"https:\/\/hudo.com\/si\/aktualno\/nemski-piloti-ryanaira-podprli-nadaljevanje-stavk\/","og_site_name":"Hudo Slovenija","article_publisher":"https:\/\/www.facebook.com\/hudo.si","article_published_time":"2018-07-30T15:28:47+00:00","og_image":[{"width":1250,"height":833,"url":"https:\/\/hudo.com\/si\/wp-content\/uploads\/sites\/2\/2016\/11\/profimedia-0088426300.jpg","type":"image\/jpeg"}],"author":"M. N., STA","twitter_card":"summary_large_image","twitter_creator":"@hudo_si","twitter_site":"@hudo_si","twitter_misc":{"Written by":"M. N., STA","Est. reading time":"1 minuta"},"schema":{"@context":"https:\/\/schema.org","@graph":[{"@type":"Article","@id":"https:\/\/hudo.com\/si\/aktualno\/nemski-piloti-ryanaira-podprli-nadaljevanje-stavk\/#article","isPartOf":{"@id":"https:\/\/hudo.com\/si\/aktualno\/nemski-piloti-ryanaira-podprli-nadaljevanje-stavk\/"},"author":{"name":"M. N., STA","@id":"https:\/\/hudo.com\/si\/#\/schema\/person\/c2f10ce65d2e6ede2aeda5be2a0611fa"},"headline":"Nem\u0161ki piloti Ryanaira podprli nadaljevanje stavk","datePublished":"2018-07-30T15:28:47+00:00","dateModified":"2018-07-30T15:28:47+00:00","mainEntityOfPage":{"@id":"https:\/\/hudo.com\/si\/aktualno\/nemski-piloti-ryanaira-podprli-nadaljevanje-stavk\/"},"wordCount":152,"publisher":{"@id":"https:\/\/hudo.com\/si\/#organization"},"keywords":["letalski promet","pilot","ryanair","stavka"],"articleSection":["Aktualno"],"inLanguage":"sl-SI"},{"@type":"WebPage","@id":"https:\/\/hudo.com\/si\/aktualno\/nemski-piloti-ryanaira-podprli-nadaljevanje-stavk\/","url":"https:\/\/hudo.com\/si\/aktualno\/nemski-piloti-ryanaira-podprli-nadaljevanje-stavk\/","name":"Nem\u0161ki piloti Ryanaira podprli nadaljevanje stavk - Hudo Slovenija","isPartOf":{"@id":"https:\/\/hudo.com\/si\/#website"},"datePublished":"2018-07-30T15:28:47+00:00","dateModified":"2018-07-30T15:28:47+00:00","breadcrumb":{"@id":"https:\/\/hudo.com\/si\/aktualno\/nemski-piloti-ryanaira-podprli-nadaljevanje-stavk\/#breadcrumb"},"inLanguage":"sl-SI","potentialAction":[{"@type":"ReadAction","target":["https:\/\/hudo.com\/si\/aktualno\/nemski-piloti-ryanaira-podprli-nadaljevanje-stavk\/"]}]},{"@type":"BreadcrumbList","@id":"https:\/\/hudo.com\/si\/aktualno\/nemski-piloti-ryanaira-podprli-nadaljevanje-stavk\/#breadcrumb","itemListElement":[{"@type":"ListItem","position":1,"name":"Home","item":"https:\/\/hudo.com\/si\/"},{"@type":"ListItem","position":2,"name":"Nem\u0161ki piloti Ryanaira podprli nadaljevanje stavk"}]},{"@type":"WebSite","@id":"https:\/\/hudo.com\/si\/#website","url":"https:\/\/hudo.com\/si\/","name":"Hudo Slovenija","description":"Vse novice iz Slovenije in sveta","publisher":{"@id":"https:\/\/hudo.com\/si\/#organization"},"potentialAction":[{"@type":"SearchAction","target":{"@type":"EntryPoint","urlTemplate":"https:\/\/hudo.com\/si\/?s={search_term_string}"},"query-input":"required name=search_term_string"}],"inLanguage":"sl-SI"},{"@type":"Organization","@id":"https:\/\/hudo.com\/si\/#organization","name":"VSN Media","url":"https:\/\/hudo.com\/si\/","logo":{"@type":"ImageObject","inLanguage":"sl-SI","@id":"https:\/\/hudo.com\/si\/#\/schema\/logo\/image\/","url":"https:\/\/hudo.com\/si\/wp-content\/uploads\/sites\/2\/2021\/03\/hudo-app-2.png","contentUrl":"https:\/\/hudo.com\/si\/wp-content\/uploads\/sites\/2\/2021\/03\/hudo-app-2.png","width":2185,"height":2167,"caption":"VSN Media"},"image":{"@id":"https:\/\/hudo.com\/si\/#\/schema\/logo\/image\/"},"sameAs":["https:\/\/www.facebook.com\/hudo.si","https:\/\/twitter.com\/hudo_si"]},{"@type":"Person","@id":"https:\/\/hudo.com\/si\/#\/schema\/person\/c2f10ce65d2e6ede2aeda5be2a0611fa","name":"M. N., STA","image":{"@type":"ImageObject","inLanguage":"sl-SI","@id":"https:\/\/hudo.com\/si\/#\/schema\/person\/image\/","url":"https:\/\/secure.gravatar.com\/avatar\/f370d38daa10467f755c5c766a4cac20?s=96&d=mm&r=g","contentUrl":"https:\/\/secure.gravatar.com\/avatar\/f370d38daa10467f755c5c766a4cac20?s=96&d=mm&r=g","caption":"M. N., STA"},"url":"https:\/\/hudo.com\/si\/author\/mana\/"}]}},"amp_enabled":true,"_links":{"self":[{"href":"https:\/\/hudo.com\/si\/wp-json\/wp\/v2\/posts\/374712"}],"collection":[{"href":"https:\/\/hudo.com\/si\/wp-json\/wp\/v2\/posts"}],"about":[{"href":"https:\/\/hudo.com\/si\/wp-json\/wp\/v2\/types\/post"}],"author":[{"embeddable":true,"href":"https:\/\/hudo.com\/si\/wp-json\/wp\/v2\/users\/8"}],"replies":[{"embeddable":true,"href":"https:\/\/hudo.com\/si\/wp-json\/wp\/v2\/comments?post=374712"}],"version-history":[{"count":1,"href":"https:\/\/hudo.com\/si\/wp-json\/wp\/v2\/posts\/374712\/revisions"}],"predecessor-version":[{"id":374713,"href":"https:\/\/hudo.com\/si\/wp-json\/wp\/v2\/posts\/374712\/revisions\/374713"}],"wp:featuredmedia":[{"embeddable":true,"href":"https:\/\/hudo.com\/si\/wp-json\/wp\/v2\/media\/170819"}],"wp:attachment":[{"href":"https:\/\/hudo.com\/si\/wp-json\/wp\/v2\/media?parent=374712"}],"wp:term":[{"taxonomy":"category","embeddable":true,"href":"https:\/\/hudo.com\/si\/wp-json\/wp\/v2\/categories?post=374712"},{"taxonomy":"post_tag","embeddable":true,"href":"https:\/\/hudo.com\/si\/wp-json\/wp\/v2\/tags?post=374712"},{"taxonomy":"source","embeddable":true,"href":"https:\/\/hudo.com\/si\/wp-json\/wp\/v2\/source?post=374712"},{"taxonomy":"supertag","embeddable":true,"href":"https:\/\/hudo.com\/si\/wp-json\/wp\/v2\/supertag?post=374712"}],"curies":[{"name":"wp","href":"https:\/\/api.w.org\/{rel}","templated":true}]}}