{"id":374877,"date":"2018-08-02T11:10:49","date_gmt":"2018-08-02T09:10:49","guid":{"rendered":"http:\/\/hudo.com\/si\/?p=374877"},"modified":"2018-08-02T11:10:49","modified_gmt":"2018-08-02T09:10:49","slug":"evropske-drzave-nad-vrocinski-val-z-nekaterimi-posebnimi-ukrepi","status":"publish","type":"post","link":"https:\/\/hudo.com\/si\/aktualno\/evropske-drzave-nad-vrocinski-val-z-nekaterimi-posebnimi-ukrepi\/","title":{"rendered":"Evropske dr\u017eave nad vro\u010dinski val z nekaterimi posebnimi ukrepi"},"content":{"rendered":"<p>Po definiciji Svetovne meteorolo\u0161ke organizacije gre pri vro\u010dinskem valu za ob\u010dutnej\u0161o otoplitev zraka in za obdobje z visokimi temperaturami ali za nenavadne otoplitve v dolo\u010denem obdobju, kar pomeni, da ima skoraj vsaka dr\u017eava svojo definicijo vro\u010dinskega vala oz. temperaturo zraka, ki ozna\u010duje vro\u010dinski val.<\/p>\n<p>V Sloveniji se uporablja definicija vro\u010dinskega vala, ki temelji na dnevni povpre\u010dni temperaturi, ki mora najmanj tri dni zaporedoma presegati mejno vrednost glede na podnebno obmo\u010dje. V Sloveniji imamo dolo\u010dena tri podnebna obmo\u010dja.<\/p>\n<p>Na ravni Evropske unije sicer ni ukrepov, ki bi se jih morale dr\u017eati vse \u010dlanice. Med drugim na podro\u010dju delovne zakonodaje v direktivi pi\u0161e, da morajo delodajalci svojim zaposlenim na delovnem mestu zagotoviti primerno temperaturo ozra\u010dja, ki mora odgovarjati tipu dela.<\/p>\n<p>V Sloveniji to ureja pravilnik o zahtevah za zagotavljanje varnosti in zdravja delavcev na delovnih mestih, kjer pi\u0161e, da temperatura zraka na delovnem mestu praviloma ne sme presegati 28 stopinj Celzija, je pa to tudi odvisno od vla\u017enosti zraka in delovnega okolja.<\/p>\n<p>Med obi\u010dajnimi ukrepi v \u010dasu vro\u010dine po ve\u010d evropskih dr\u017eavah so opozorila, nasveti glede izogibanja soncu in u\u017eivanja ve\u010djih koli\u010din teko\u010din, zagotavljanje ohlajenih prostorov ter deljenje brezpla\u010dnih plastenk vode.<\/p>\n<p>Francija je po hudem vro\u010dinskem valu leta 2003, ki je v dr\u017eavi terjal okoli 15.000 \u017eivljenj, oblikovala akcijski na\u010drt v primeru vro\u010dinskega vala, da se tragedija ne bi ponovila. Delodajalci morajo tako med drugim zaposlenim zagotoviti primerne prostore in jim dati na voljo vodo, a ti ukrepi niso obvezujo\u010di, pi\u0161e francoski portal euronews.<\/p>\n<p>Med pomembnej\u0161imi vladnimi ukrepi je bila posodobitev sistema izdaje opozoril in obve\u0161\u010danja, ki so ga pohvalili celo pri Zdru\u017eenih narodih, navaja francoska televizija France 24.<\/p>\n<p>Med drugim se lahko starej\u0161i v Parizu prijavijo na posebno uslugo, ko v prevro\u010dih dnevih v stik z njimi redno stopijo mestni uslu\u017ebenci in se pozanimajo o njihovem po\u010dutju. Tudi sicer imajo v Franciji vzpostavljeno telefonsko linijo, kjer nudijo brezpla\u010dne nasvete v \u010dasu vro\u010dine.<\/p>\n<p>Pari\u017eani in turisti pa preko aplikacije Extrema Paris dobijo tudi informacije o najbli\u017ejih ohlajenih lokacijah. Na vro\u010de dni v popoldanskih urah odprejo vrata ohlajenih prostorov javnih ustanov, na seznamu aplikacije pa so tudi ohlajeni muzeji, cerkve in parki, pi\u0161e nem\u0161ka tiskovna agencija dpa.<\/p>\n<p>V Nem\u010diji \u0161olarjem v primeru vro\u010dine odpade pouk. Prosto zaradi vro\u010dine oz. v nem\u0161\u010dini Hitzefrei je v nem\u0161kem prostoru v veljavi \u017ee vse od konca 19. stoletja, ko so to dolo\u010dili s pruskim ministrskim odlokom. Kdaj je prevro\u010de, da bi \u0161olarji lahko \u0161e sledili pouku, odlo\u010dajo posamezne zvezne de\u017eele.<\/p>\n<p>Na starej\u0161ih nem\u0161kih avtocestah ob hudi vro\u010dini obi\u010dajno omejijo hitrost, saj se lahko cementnobetonske plasti zaradi segrevanja in \u0161irjenja izrinejo in nastanejo ostre izbokline.<\/p>\n<p>Na Mad\u017earskem v primeru rde\u010dega alarma ob vro\u010dinskem valu institucije s podro\u010dja socialne pomo\u010di sprejemajo brezdomce, klimatizirane prostore pa odprejo za \u0161ir\u0161o javnost. Med drugim na ulicah delijo tudi vodo, poro\u010da mad\u017earska tiskovna agencija MIT.<\/p>\n<p>Sredozemske dr\u017eave so sicer vajene vro\u010dega poletja. Javni promet je obi\u010dajno klimatiziran, v \u010dasu najhuj\u0161e dnevne vro\u010dine pa se odpravijo na po\u010ditek. Predvsem \u0160panci so znani po svoji tradicionalni siesti, ko zgodaj popoldne za nekaj ur zaprejo trgovine in se skrijejo pred \u017ego\u010do vro\u010dino.<\/p>\n<p>Na Cipru sicer praviloma govorijo o vro\u010dinskem valu \u0161ele, ko termometer ve\u010d dni zaporedoma ka\u017ee ve\u010d kot 40 stopinj. Po 12. uri pa je v \u010dasu vro\u010dinskega vala prepovedano delo na prostem.<\/p>\n<p>Po Evropi se proti vro\u010dini in posledicam vro\u010dine borijo tudi na malo druga\u010dne na\u010dine. V avstrijski prestolnici so letos poleti potnikom dunajske podzemne \u017eeleznice razdelili ve\u010d tiso\u010d brezpla\u010dnih deodorantov. Da pa bi omilili trpljenje potnikov zaradi vonjav, so prepovedali tudi u\u017eivanje dolo\u010denih \u017eivil na podzemni \u017eeleznici.<\/p>\n<p>Policijske pse v \u0161vicarskem Z\u00fcrichu pa so zaradi poletne vro\u010dine obuli in s tem prepre\u010dili, da bi jim razbeljeni asfalt o\u017egal ta\u010dke. Za \u017eivali so poskrbeli tudi v belgijskem kraju Brugge, kjer dobijo vpre\u017eni konji v \u010dasu najhuj\u0161e vro\u010dine prosto, podobno je tudi v Salzburgu.<\/p>\n","protected":false},"excerpt":{"rendered":"<p>Z avgustom je tudi Evropo zajela vro\u010dina. Iz mnogih dr\u017eav \u017ee poro\u010dajo o vro\u010dinskih valovih in obve\u0161\u010dajo o raznoraznih ukrepih ter svetujejo, kako ravnati v tem primeru. Evropske dr\u017eave imajo kar nekaj podobnih ukrepov, obstajajo pa tudi nekatere posebnosti, ene novej\u0161e, druge \u017ee tradicionalne, kot je \u0161panska siesta.<\/p>\n","protected":false},"author":8,"featured_media":374047,"comment_status":"closed","ping_status":"closed","sticky":false,"template":"","format":"standard","meta":{"footnotes":""},"categories":[1179],"tags":[1768,2725,5270],"source":[4511],"supertag":[6103],"acf":[],"yoast_head":"<!-- This site is optimized with the Yoast SEO plugin v21.3 - https:\/\/yoast.com\/wordpress\/plugins\/seo\/ -->\n<title>Evropske dr\u017eave nad vro\u010dinski val z nekaterimi posebnimi ukrepi - Hudo Slovenija<\/title>\n<meta name=\"robots\" content=\"index, follow, max-snippet:-1, max-image-preview:large, max-video-preview:-1\" \/>\n<link rel=\"canonical\" href=\"https:\/\/hudo.com\/si\/aktualno\/evropske-drzave-nad-vrocinski-val-z-nekaterimi-posebnimi-ukrepi\/\" \/>\n<meta property=\"og:locale\" content=\"sl_SI\" \/>\n<meta property=\"og:type\" content=\"article\" \/>\n<meta property=\"og:title\" content=\"Evropske dr\u017eave nad vro\u010dinski val z nekaterimi posebnimi ukrepi - Hudo Slovenija\" \/>\n<meta property=\"og:description\" content=\"Z avgustom je tudi Evropo zajela vro\u010dina. Iz mnogih dr\u017eav \u017ee poro\u010dajo o vro\u010dinskih valovih in obve\u0161\u010dajo o raznoraznih ukrepih ter svetujejo, kako ravnati v tem primeru. Evropske dr\u017eave imajo kar nekaj podobnih ukrepov, obstajajo pa tudi nekatere posebnosti, ene novej\u0161e, druge \u017ee tradicionalne, kot je \u0161panska siesta.\" \/>\n<meta property=\"og:url\" content=\"https:\/\/hudo.com\/si\/aktualno\/evropske-drzave-nad-vrocinski-val-z-nekaterimi-posebnimi-ukrepi\/\" \/>\n<meta property=\"og:site_name\" content=\"Hudo Slovenija\" \/>\n<meta property=\"article:publisher\" content=\"https:\/\/www.facebook.com\/hudo.si\" \/>\n<meta property=\"article:published_time\" content=\"2018-08-02T09:10:49+00:00\" \/>\n<meta property=\"og:image\" content=\"https:\/\/hudo.com\/si\/wp-content\/uploads\/sites\/2\/2018\/07\/profimedia-0378055860.jpg\" \/>\n\t<meta property=\"og:image:width\" content=\"1250\" \/>\n\t<meta property=\"og:image:height\" content=\"894\" \/>\n\t<meta property=\"og:image:type\" content=\"image\/jpeg\" \/>\n<meta name=\"author\" content=\"M. N., STA\" \/>\n<meta name=\"twitter:card\" content=\"summary_large_image\" \/>\n<meta name=\"twitter:creator\" content=\"@hudo_si\" \/>\n<meta name=\"twitter:site\" content=\"@hudo_si\" \/>\n<meta name=\"twitter:label1\" content=\"Written by\" \/>\n\t<meta name=\"twitter:data1\" content=\"M. N., STA\" \/>\n\t<meta name=\"twitter:label2\" content=\"Est. reading time\" \/>\n\t<meta name=\"twitter:data2\" content=\"4 minute\" \/>\n<script type=\"application\/ld+json\" class=\"yoast-schema-graph\">{\"@context\":\"https:\/\/schema.org\",\"@graph\":[{\"@type\":\"Article\",\"@id\":\"https:\/\/hudo.com\/si\/aktualno\/evropske-drzave-nad-vrocinski-val-z-nekaterimi-posebnimi-ukrepi\/#article\",\"isPartOf\":{\"@id\":\"https:\/\/hudo.com\/si\/aktualno\/evropske-drzave-nad-vrocinski-val-z-nekaterimi-posebnimi-ukrepi\/\"},\"author\":{\"name\":\"M. N., STA\",\"@id\":\"https:\/\/hudo.com\/si\/#\/schema\/person\/c2f10ce65d2e6ede2aeda5be2a0611fa\"},\"headline\":\"Evropske dr\u017eave nad vro\u010dinski val z nekaterimi posebnimi ukrepi\",\"datePublished\":\"2018-08-02T09:10:49+00:00\",\"dateModified\":\"2018-08-02T09:10:49+00:00\",\"mainEntityOfPage\":{\"@id\":\"https:\/\/hudo.com\/si\/aktualno\/evropske-drzave-nad-vrocinski-val-z-nekaterimi-posebnimi-ukrepi\/\"},\"wordCount\":728,\"publisher\":{\"@id\":\"https:\/\/hudo.com\/si\/#organization\"},\"keywords\":[\"evropa\",\"vro\u010dina\",\"vro\u010dinski val\"],\"articleSection\":[\"Aktualno\"],\"inLanguage\":\"sl-SI\"},{\"@type\":\"WebPage\",\"@id\":\"https:\/\/hudo.com\/si\/aktualno\/evropske-drzave-nad-vrocinski-val-z-nekaterimi-posebnimi-ukrepi\/\",\"url\":\"https:\/\/hudo.com\/si\/aktualno\/evropske-drzave-nad-vrocinski-val-z-nekaterimi-posebnimi-ukrepi\/\",\"name\":\"Evropske dr\u017eave nad vro\u010dinski val z nekaterimi posebnimi ukrepi - Hudo Slovenija\",\"isPartOf\":{\"@id\":\"https:\/\/hudo.com\/si\/#website\"},\"datePublished\":\"2018-08-02T09:10:49+00:00\",\"dateModified\":\"2018-08-02T09:10:49+00:00\",\"breadcrumb\":{\"@id\":\"https:\/\/hudo.com\/si\/aktualno\/evropske-drzave-nad-vrocinski-val-z-nekaterimi-posebnimi-ukrepi\/#breadcrumb\"},\"inLanguage\":\"sl-SI\",\"potentialAction\":[{\"@type\":\"ReadAction\",\"target\":[\"https:\/\/hudo.com\/si\/aktualno\/evropske-drzave-nad-vrocinski-val-z-nekaterimi-posebnimi-ukrepi\/\"]}]},{\"@type\":\"BreadcrumbList\",\"@id\":\"https:\/\/hudo.com\/si\/aktualno\/evropske-drzave-nad-vrocinski-val-z-nekaterimi-posebnimi-ukrepi\/#breadcrumb\",\"itemListElement\":[{\"@type\":\"ListItem\",\"position\":1,\"name\":\"Home\",\"item\":\"https:\/\/hudo.com\/si\/\"},{\"@type\":\"ListItem\",\"position\":2,\"name\":\"Evropske dr\u017eave nad vro\u010dinski val z nekaterimi posebnimi ukrepi\"}]},{\"@type\":\"WebSite\",\"@id\":\"https:\/\/hudo.com\/si\/#website\",\"url\":\"https:\/\/hudo.com\/si\/\",\"name\":\"Hudo Slovenija\",\"description\":\"Vse novice iz Slovenije in sveta\",\"publisher\":{\"@id\":\"https:\/\/hudo.com\/si\/#organization\"},\"potentialAction\":[{\"@type\":\"SearchAction\",\"target\":{\"@type\":\"EntryPoint\",\"urlTemplate\":\"https:\/\/hudo.com\/si\/?s={search_term_string}\"},\"query-input\":\"required name=search_term_string\"}],\"inLanguage\":\"sl-SI\"},{\"@type\":\"Organization\",\"@id\":\"https:\/\/hudo.com\/si\/#organization\",\"name\":\"VSN Media\",\"url\":\"https:\/\/hudo.com\/si\/\",\"logo\":{\"@type\":\"ImageObject\",\"inLanguage\":\"sl-SI\",\"@id\":\"https:\/\/hudo.com\/si\/#\/schema\/logo\/image\/\",\"url\":\"https:\/\/hudo.com\/si\/wp-content\/uploads\/sites\/2\/2021\/03\/hudo-app-2.png\",\"contentUrl\":\"https:\/\/hudo.com\/si\/wp-content\/uploads\/sites\/2\/2021\/03\/hudo-app-2.png\",\"width\":2185,\"height\":2167,\"caption\":\"VSN Media\"},\"image\":{\"@id\":\"https:\/\/hudo.com\/si\/#\/schema\/logo\/image\/\"},\"sameAs\":[\"https:\/\/www.facebook.com\/hudo.si\",\"https:\/\/twitter.com\/hudo_si\"]},{\"@type\":\"Person\",\"@id\":\"https:\/\/hudo.com\/si\/#\/schema\/person\/c2f10ce65d2e6ede2aeda5be2a0611fa\",\"name\":\"M. N., STA\",\"image\":{\"@type\":\"ImageObject\",\"inLanguage\":\"sl-SI\",\"@id\":\"https:\/\/hudo.com\/si\/#\/schema\/person\/image\/\",\"url\":\"https:\/\/secure.gravatar.com\/avatar\/f370d38daa10467f755c5c766a4cac20?s=96&d=mm&r=g\",\"contentUrl\":\"https:\/\/secure.gravatar.com\/avatar\/f370d38daa10467f755c5c766a4cac20?s=96&d=mm&r=g\",\"caption\":\"M. N., STA\"},\"url\":\"https:\/\/hudo.com\/si\/author\/mana\/\"}]}<\/script>\n<!-- \/ Yoast SEO plugin. -->","yoast_head_json":{"title":"Evropske dr\u017eave nad vro\u010dinski val z nekaterimi posebnimi ukrepi - Hudo Slovenija","robots":{"index":"index","follow":"follow","max-snippet":"max-snippet:-1","max-image-preview":"max-image-preview:large","max-video-preview":"max-video-preview:-1"},"canonical":"https:\/\/hudo.com\/si\/aktualno\/evropske-drzave-nad-vrocinski-val-z-nekaterimi-posebnimi-ukrepi\/","og_locale":"sl_SI","og_type":"article","og_title":"Evropske dr\u017eave nad vro\u010dinski val z nekaterimi posebnimi ukrepi - Hudo Slovenija","og_description":"Z avgustom je tudi Evropo zajela vro\u010dina. Iz mnogih dr\u017eav \u017ee poro\u010dajo o vro\u010dinskih valovih in obve\u0161\u010dajo o raznoraznih ukrepih ter svetujejo, kako ravnati v tem primeru. Evropske dr\u017eave imajo kar nekaj podobnih ukrepov, obstajajo pa tudi nekatere posebnosti, ene novej\u0161e, druge \u017ee tradicionalne, kot je \u0161panska siesta.","og_url":"https:\/\/hudo.com\/si\/aktualno\/evropske-drzave-nad-vrocinski-val-z-nekaterimi-posebnimi-ukrepi\/","og_site_name":"Hudo Slovenija","article_publisher":"https:\/\/www.facebook.com\/hudo.si","article_published_time":"2018-08-02T09:10:49+00:00","og_image":[{"width":1250,"height":894,"url":"https:\/\/hudo.com\/si\/wp-content\/uploads\/sites\/2\/2018\/07\/profimedia-0378055860.jpg","type":"image\/jpeg"}],"author":"M. N., STA","twitter_card":"summary_large_image","twitter_creator":"@hudo_si","twitter_site":"@hudo_si","twitter_misc":{"Written by":"M. N., STA","Est. reading time":"4 minute"},"schema":{"@context":"https:\/\/schema.org","@graph":[{"@type":"Article","@id":"https:\/\/hudo.com\/si\/aktualno\/evropske-drzave-nad-vrocinski-val-z-nekaterimi-posebnimi-ukrepi\/#article","isPartOf":{"@id":"https:\/\/hudo.com\/si\/aktualno\/evropske-drzave-nad-vrocinski-val-z-nekaterimi-posebnimi-ukrepi\/"},"author":{"name":"M. N., STA","@id":"https:\/\/hudo.com\/si\/#\/schema\/person\/c2f10ce65d2e6ede2aeda5be2a0611fa"},"headline":"Evropske dr\u017eave nad vro\u010dinski val z nekaterimi posebnimi ukrepi","datePublished":"2018-08-02T09:10:49+00:00","dateModified":"2018-08-02T09:10:49+00:00","mainEntityOfPage":{"@id":"https:\/\/hudo.com\/si\/aktualno\/evropske-drzave-nad-vrocinski-val-z-nekaterimi-posebnimi-ukrepi\/"},"wordCount":728,"publisher":{"@id":"https:\/\/hudo.com\/si\/#organization"},"keywords":["evropa","vro\u010dina","vro\u010dinski val"],"articleSection":["Aktualno"],"inLanguage":"sl-SI"},{"@type":"WebPage","@id":"https:\/\/hudo.com\/si\/aktualno\/evropske-drzave-nad-vrocinski-val-z-nekaterimi-posebnimi-ukrepi\/","url":"https:\/\/hudo.com\/si\/aktualno\/evropske-drzave-nad-vrocinski-val-z-nekaterimi-posebnimi-ukrepi\/","name":"Evropske dr\u017eave nad vro\u010dinski val z nekaterimi posebnimi ukrepi - Hudo Slovenija","isPartOf":{"@id":"https:\/\/hudo.com\/si\/#website"},"datePublished":"2018-08-02T09:10:49+00:00","dateModified":"2018-08-02T09:10:49+00:00","breadcrumb":{"@id":"https:\/\/hudo.com\/si\/aktualno\/evropske-drzave-nad-vrocinski-val-z-nekaterimi-posebnimi-ukrepi\/#breadcrumb"},"inLanguage":"sl-SI","potentialAction":[{"@type":"ReadAction","target":["https:\/\/hudo.com\/si\/aktualno\/evropske-drzave-nad-vrocinski-val-z-nekaterimi-posebnimi-ukrepi\/"]}]},{"@type":"BreadcrumbList","@id":"https:\/\/hudo.com\/si\/aktualno\/evropske-drzave-nad-vrocinski-val-z-nekaterimi-posebnimi-ukrepi\/#breadcrumb","itemListElement":[{"@type":"ListItem","position":1,"name":"Home","item":"https:\/\/hudo.com\/si\/"},{"@type":"ListItem","position":2,"name":"Evropske dr\u017eave nad vro\u010dinski val z nekaterimi posebnimi ukrepi"}]},{"@type":"WebSite","@id":"https:\/\/hudo.com\/si\/#website","url":"https:\/\/hudo.com\/si\/","name":"Hudo Slovenija","description":"Vse novice iz Slovenije in sveta","publisher":{"@id":"https:\/\/hudo.com\/si\/#organization"},"potentialAction":[{"@type":"SearchAction","target":{"@type":"EntryPoint","urlTemplate":"https:\/\/hudo.com\/si\/?s={search_term_string}"},"query-input":"required name=search_term_string"}],"inLanguage":"sl-SI"},{"@type":"Organization","@id":"https:\/\/hudo.com\/si\/#organization","name":"VSN Media","url":"https:\/\/hudo.com\/si\/","logo":{"@type":"ImageObject","inLanguage":"sl-SI","@id":"https:\/\/hudo.com\/si\/#\/schema\/logo\/image\/","url":"https:\/\/hudo.com\/si\/wp-content\/uploads\/sites\/2\/2021\/03\/hudo-app-2.png","contentUrl":"https:\/\/hudo.com\/si\/wp-content\/uploads\/sites\/2\/2021\/03\/hudo-app-2.png","width":2185,"height":2167,"caption":"VSN Media"},"image":{"@id":"https:\/\/hudo.com\/si\/#\/schema\/logo\/image\/"},"sameAs":["https:\/\/www.facebook.com\/hudo.si","https:\/\/twitter.com\/hudo_si"]},{"@type":"Person","@id":"https:\/\/hudo.com\/si\/#\/schema\/person\/c2f10ce65d2e6ede2aeda5be2a0611fa","name":"M. N., STA","image":{"@type":"ImageObject","inLanguage":"sl-SI","@id":"https:\/\/hudo.com\/si\/#\/schema\/person\/image\/","url":"https:\/\/secure.gravatar.com\/avatar\/f370d38daa10467f755c5c766a4cac20?s=96&d=mm&r=g","contentUrl":"https:\/\/secure.gravatar.com\/avatar\/f370d38daa10467f755c5c766a4cac20?s=96&d=mm&r=g","caption":"M. N., STA"},"url":"https:\/\/hudo.com\/si\/author\/mana\/"}]}},"amp_enabled":true,"_links":{"self":[{"href":"https:\/\/hudo.com\/si\/wp-json\/wp\/v2\/posts\/374877"}],"collection":[{"href":"https:\/\/hudo.com\/si\/wp-json\/wp\/v2\/posts"}],"about":[{"href":"https:\/\/hudo.com\/si\/wp-json\/wp\/v2\/types\/post"}],"author":[{"embeddable":true,"href":"https:\/\/hudo.com\/si\/wp-json\/wp\/v2\/users\/8"}],"replies":[{"embeddable":true,"href":"https:\/\/hudo.com\/si\/wp-json\/wp\/v2\/comments?post=374877"}],"version-history":[{"count":1,"href":"https:\/\/hudo.com\/si\/wp-json\/wp\/v2\/posts\/374877\/revisions"}],"predecessor-version":[{"id":374878,"href":"https:\/\/hudo.com\/si\/wp-json\/wp\/v2\/posts\/374877\/revisions\/374878"}],"wp:featuredmedia":[{"embeddable":true,"href":"https:\/\/hudo.com\/si\/wp-json\/wp\/v2\/media\/374047"}],"wp:attachment":[{"href":"https:\/\/hudo.com\/si\/wp-json\/wp\/v2\/media?parent=374877"}],"wp:term":[{"taxonomy":"category","embeddable":true,"href":"https:\/\/hudo.com\/si\/wp-json\/wp\/v2\/categories?post=374877"},{"taxonomy":"post_tag","embeddable":true,"href":"https:\/\/hudo.com\/si\/wp-json\/wp\/v2\/tags?post=374877"},{"taxonomy":"source","embeddable":true,"href":"https:\/\/hudo.com\/si\/wp-json\/wp\/v2\/source?post=374877"},{"taxonomy":"supertag","embeddable":true,"href":"https:\/\/hudo.com\/si\/wp-json\/wp\/v2\/supertag?post=374877"}],"curies":[{"name":"wp","href":"https:\/\/api.w.org\/{rel}","templated":true}]}}