{"id":374919,"date":"2018-08-02T20:56:48","date_gmt":"2018-08-02T18:56:48","guid":{"rendered":"http:\/\/hudo.com\/si\/?p=374919"},"modified":"2018-08-02T20:56:48","modified_gmt":"2018-08-02T18:56:48","slug":"jansa-o-sibki-vladi-brez-panike-zagotovo-ne-bo-dolgo-trajalo","status":"publish","type":"post","link":"https:\/\/hudo.com\/si\/aktualno\/jansa-o-sibki-vladi-brez-panike-zagotovo-ne-bo-dolgo-trajalo\/","title":{"rendered":"Jan\u0161a o \u0161ibki vladi: Brez panike, zagotovo ne bo dolgo trajalo"},"content":{"rendered":"<div class=\"text\">\n<p>Jan\u0161a je sicer pogajanja peterice strank pod okriljem Marjana \u0160arca z Levico v pogovoru, ki so ga posneli med taborom SDS v Bovcu, ocenil kot farso, saj da je popolnoma jasno, da neke stvari ne gredo skupaj, saj je Slovenija v EU in Natu.<\/p>\n<p>&#8220;Krog in pol &#8216;sredinskih&#8217; poskusov je za nami, te\u010de \u0161e polovica t. i. kroga obupanih, ko se sku\u0161a dobiti podalj\u0161ek oblasti za vsako ceno. Ni re\u010deno, da to ne bo uspelo, saj so silnice, ki vle\u010dejo v to smer, mo\u010dne. Zagotovo pa to ne bo dolgo trajalo, tako da nobene panike,&#8221; je ocenil predsednik SDS, ki je na nedavnih volitvah zmagala, a so parlamentarne stranke razen SNS in NSi njeno vabilo na koalicijske pogovore zavrnile.<\/p>\n<p>Jan\u0161a je spomnil, da je po pogovoru pri predsedniku dr\u017eave Borutu Pahorju ocenil, da &#8220;nima smisla igrati igro zapravljanja \u010dasa&#8221;, ker je v teku poskus sestavljanja de facto nestabilne, \u0161ibke vlade. Spomnil je tudi na svoje besede, da bo mogo\u010de prilo\u017enost za stabilno vlado, ki bi delala v dobro Slovenije, nastopila \u0161ele takrat, ko oz. \u010de bodo propadli vsi poskusi, da se vzpostavi \u0161ibka vlada, ki bi slu\u017eila zgolj za kuliso tistim, ki dejansko upravljajo s Slovenijo.<\/p>\n<p>Stranski u\u010dinek politike izklju\u010devanja SDS pa je po njegovih besedah, da imajo sedaj &#8220;na svojem gnoji\u0161\u010du kup malih petelin\u010dkov, ki kikirikajo vsak v svojo smer in jih zgolj od dale\u010d ni mo\u017eno vedno pravo\u010dasno in u\u010dinkovito usmerjati&#8221;.<\/p>\n<p>Po njegovih besedah globoka dr\u017eava zainteresirana za to\u010dno tak scenarij, kot pride zdaj &#8211; oblikovanje vlade, ki da je &#8220;dvakrat privezana&#8221; &#8211; prvi\u010d z vplivom, ki ga ima &#8220;zaledje, ozadje, kakorkoli temu re\u010demo, skratka tisti, ki niso nastopili na volitvah&#8221;, dodatno pa z nujno podporo formalno opozicijske &#8220;fanati\u010dne Levice&#8221;.<\/p>\n<p>Tak\u0161na vlada sicer po Jan\u0161evih ocenah ne bo mogla narediti ni\u010d, zato je pri\u0161lo tudi do poskusa, &#8220;da se NSi uporabi kot figov list&#8221;, da se sestavi vlada, ki bi navzven kazala znake uravnote\u017eenosti in reformni potencial. &#8220;NSi je ta trik pravo\u010dasno spregledala in se pravo\u010dasno umaknila, ni pa re\u010deno, da ne bo pri\u0161lo \u0161e do kak\u0161nega poskusa v tretjem krogu, \u010de bo do njega pri\u0161lo,&#8221; je dejal Jan\u0161a, saj bo takrat po njegovih besedah mo\u017enosti zmanjkovalo in se bo obup pove\u010deval, v to smer bo pa delal tudi individualni strah tistih, ki so bili prvi\u010d izvoljeni.<\/p>\n<\/div>\n","protected":false},"excerpt":{"rendered":"<p>Cilj SDS je sestaviti stabilno vlado, \u010de to ni mo\u017eno, je bolj\u0161e, da gremo na volitve, je v pogovoru za Radio Ognji\u0161\u010de ponovil prvak stranke Janez Jan\u0161a. Po njegovih besedah trenutno te\u010de druga polovica &#8220;t. i. kroga obupanih&#8221;. Ob tem ne zanika mo\u017enosti, da bo Slovenija vlado dobila, &#8220;zagotovo pa ne bo dolgo trajalo, tako da nobene panike&#8221;.<\/p>\n","protected":false},"author":5,"featured_media":311534,"comment_status":"closed","ping_status":"closed","sticky":false,"template":"","format":"standard","meta":{"footnotes":""},"categories":[1179],"tags":[5845,4650,4632,1595,4532],"source":[4511],"supertag":[],"acf":[],"yoast_head":"<!-- This site is optimized with the Yoast SEO plugin v21.3 - https:\/\/yoast.com\/wordpress\/plugins\/seo\/ -->\n<title>Jan\u0161a o \u0161ibki vladi: Brez panike, zagotovo ne bo dolgo trajalo - Hudo Slovenija<\/title>\n<meta name=\"robots\" content=\"index, follow, max-snippet:-1, max-image-preview:large, max-video-preview:-1\" \/>\n<link rel=\"canonical\" href=\"https:\/\/hudo.com\/si\/aktualno\/jansa-o-sibki-vladi-brez-panike-zagotovo-ne-bo-dolgo-trajalo\/\" \/>\n<meta property=\"og:locale\" content=\"sl_SI\" \/>\n<meta property=\"og:type\" content=\"article\" \/>\n<meta property=\"og:title\" content=\"Jan\u0161a o \u0161ibki vladi: Brez panike, zagotovo ne bo dolgo trajalo - Hudo Slovenija\" \/>\n<meta property=\"og:description\" content=\"Cilj SDS je sestaviti stabilno vlado, \u010de to ni mo\u017eno, je bolj\u0161e, da gremo na volitve, je v pogovoru za Radio Ognji\u0161\u010de ponovil prvak stranke Janez Jan\u0161a. Po njegovih besedah trenutno te\u010de druga polovica &quot;t. i. kroga obupanih&quot;. Ob tem ne zanika mo\u017enosti, da bo Slovenija vlado dobila, &quot;zagotovo pa ne bo dolgo trajalo, tako da nobene panike&quot;.\" \/>\n<meta property=\"og:url\" content=\"https:\/\/hudo.com\/si\/aktualno\/jansa-o-sibki-vladi-brez-panike-zagotovo-ne-bo-dolgo-trajalo\/\" \/>\n<meta property=\"og:site_name\" content=\"Hudo Slovenija\" \/>\n<meta property=\"article:publisher\" content=\"https:\/\/www.facebook.com\/hudo.si\" \/>\n<meta property=\"article:published_time\" content=\"2018-08-02T18:56:48+00:00\" \/>\n<meta property=\"og:image\" content=\"https:\/\/hudo.com\/si\/wp-content\/uploads\/sites\/2\/2017\/10\/profimedia-0025926870.jpg\" \/>\n\t<meta property=\"og:image:width\" content=\"1250\" \/>\n\t<meta property=\"og:image:height\" content=\"830\" \/>\n\t<meta property=\"og:image:type\" content=\"image\/jpeg\" \/>\n<meta name=\"author\" content=\"A. G., STA\" \/>\n<meta name=\"twitter:card\" content=\"summary_large_image\" \/>\n<meta name=\"twitter:creator\" content=\"@hudo_si\" \/>\n<meta name=\"twitter:site\" content=\"@hudo_si\" \/>\n<meta name=\"twitter:label1\" content=\"Written by\" \/>\n\t<meta name=\"twitter:data1\" content=\"A. G., STA\" \/>\n\t<meta name=\"twitter:label2\" content=\"Est. reading time\" \/>\n\t<meta name=\"twitter:data2\" content=\"2 minuti\" \/>\n<script type=\"application\/ld+json\" class=\"yoast-schema-graph\">{\"@context\":\"https:\/\/schema.org\",\"@graph\":[{\"@type\":\"Article\",\"@id\":\"https:\/\/hudo.com\/si\/aktualno\/jansa-o-sibki-vladi-brez-panike-zagotovo-ne-bo-dolgo-trajalo\/#article\",\"isPartOf\":{\"@id\":\"https:\/\/hudo.com\/si\/aktualno\/jansa-o-sibki-vladi-brez-panike-zagotovo-ne-bo-dolgo-trajalo\/\"},\"author\":{\"name\":\"A. G., STA\",\"@id\":\"https:\/\/hudo.com\/si\/#\/schema\/person\/2391667a63ea075ba94f2f2dc6b77537\"},\"headline\":\"Jan\u0161a o \u0161ibki vladi: Brez panike, zagotovo ne bo dolgo trajalo\",\"datePublished\":\"2018-08-02T18:56:48+00:00\",\"dateModified\":\"2018-08-02T18:56:48+00:00\",\"mainEntityOfPage\":{\"@id\":\"https:\/\/hudo.com\/si\/aktualno\/jansa-o-sibki-vladi-brez-panike-zagotovo-ne-bo-dolgo-trajalo\/\"},\"wordCount\":427,\"publisher\":{\"@id\":\"https:\/\/hudo.com\/si\/#organization\"},\"keywords\":[\"janez jan\u0161a\",\"koalicija\",\"SDS\",\"Slovenija\",\"vlada\"],\"articleSection\":[\"Aktualno\"],\"inLanguage\":\"sl-SI\"},{\"@type\":\"WebPage\",\"@id\":\"https:\/\/hudo.com\/si\/aktualno\/jansa-o-sibki-vladi-brez-panike-zagotovo-ne-bo-dolgo-trajalo\/\",\"url\":\"https:\/\/hudo.com\/si\/aktualno\/jansa-o-sibki-vladi-brez-panike-zagotovo-ne-bo-dolgo-trajalo\/\",\"name\":\"Jan\u0161a o \u0161ibki vladi: Brez panike, zagotovo ne bo dolgo trajalo - Hudo Slovenija\",\"isPartOf\":{\"@id\":\"https:\/\/hudo.com\/si\/#website\"},\"datePublished\":\"2018-08-02T18:56:48+00:00\",\"dateModified\":\"2018-08-02T18:56:48+00:00\",\"breadcrumb\":{\"@id\":\"https:\/\/hudo.com\/si\/aktualno\/jansa-o-sibki-vladi-brez-panike-zagotovo-ne-bo-dolgo-trajalo\/#breadcrumb\"},\"inLanguage\":\"sl-SI\",\"potentialAction\":[{\"@type\":\"ReadAction\",\"target\":[\"https:\/\/hudo.com\/si\/aktualno\/jansa-o-sibki-vladi-brez-panike-zagotovo-ne-bo-dolgo-trajalo\/\"]}]},{\"@type\":\"BreadcrumbList\",\"@id\":\"https:\/\/hudo.com\/si\/aktualno\/jansa-o-sibki-vladi-brez-panike-zagotovo-ne-bo-dolgo-trajalo\/#breadcrumb\",\"itemListElement\":[{\"@type\":\"ListItem\",\"position\":1,\"name\":\"Home\",\"item\":\"https:\/\/hudo.com\/si\/\"},{\"@type\":\"ListItem\",\"position\":2,\"name\":\"Jan\u0161a o \u0161ibki vladi: Brez panike, zagotovo ne bo dolgo trajalo\"}]},{\"@type\":\"WebSite\",\"@id\":\"https:\/\/hudo.com\/si\/#website\",\"url\":\"https:\/\/hudo.com\/si\/\",\"name\":\"Hudo Slovenija\",\"description\":\"Vse novice iz Slovenije in sveta\",\"publisher\":{\"@id\":\"https:\/\/hudo.com\/si\/#organization\"},\"potentialAction\":[{\"@type\":\"SearchAction\",\"target\":{\"@type\":\"EntryPoint\",\"urlTemplate\":\"https:\/\/hudo.com\/si\/?s={search_term_string}\"},\"query-input\":\"required name=search_term_string\"}],\"inLanguage\":\"sl-SI\"},{\"@type\":\"Organization\",\"@id\":\"https:\/\/hudo.com\/si\/#organization\",\"name\":\"VSN Media\",\"url\":\"https:\/\/hudo.com\/si\/\",\"logo\":{\"@type\":\"ImageObject\",\"inLanguage\":\"sl-SI\",\"@id\":\"https:\/\/hudo.com\/si\/#\/schema\/logo\/image\/\",\"url\":\"https:\/\/hudo.com\/si\/wp-content\/uploads\/sites\/2\/2021\/03\/hudo-app-2.png\",\"contentUrl\":\"https:\/\/hudo.com\/si\/wp-content\/uploads\/sites\/2\/2021\/03\/hudo-app-2.png\",\"width\":2185,\"height\":2167,\"caption\":\"VSN Media\"},\"image\":{\"@id\":\"https:\/\/hudo.com\/si\/#\/schema\/logo\/image\/\"},\"sameAs\":[\"https:\/\/www.facebook.com\/hudo.si\",\"https:\/\/twitter.com\/hudo_si\"]},{\"@type\":\"Person\",\"@id\":\"https:\/\/hudo.com\/si\/#\/schema\/person\/2391667a63ea075ba94f2f2dc6b77537\",\"name\":\"A. G., STA\",\"image\":{\"@type\":\"ImageObject\",\"inLanguage\":\"sl-SI\",\"@id\":\"https:\/\/hudo.com\/si\/#\/schema\/person\/image\/\",\"url\":\"https:\/\/secure.gravatar.com\/avatar\/e13d22ac3e442658d5025fbbe6238a79?s=96&d=mm&r=g\",\"contentUrl\":\"https:\/\/secure.gravatar.com\/avatar\/e13d22ac3e442658d5025fbbe6238a79?s=96&d=mm&r=g\",\"caption\":\"A. G., STA\"},\"url\":\"https:\/\/hudo.com\/si\/author\/alenka\/\"}]}<\/script>\n<!-- \/ Yoast SEO plugin. -->","yoast_head_json":{"title":"Jan\u0161a o \u0161ibki vladi: Brez panike, zagotovo ne bo dolgo trajalo - Hudo Slovenija","robots":{"index":"index","follow":"follow","max-snippet":"max-snippet:-1","max-image-preview":"max-image-preview:large","max-video-preview":"max-video-preview:-1"},"canonical":"https:\/\/hudo.com\/si\/aktualno\/jansa-o-sibki-vladi-brez-panike-zagotovo-ne-bo-dolgo-trajalo\/","og_locale":"sl_SI","og_type":"article","og_title":"Jan\u0161a o \u0161ibki vladi: Brez panike, zagotovo ne bo dolgo trajalo - Hudo Slovenija","og_description":"Cilj SDS je sestaviti stabilno vlado, \u010de to ni mo\u017eno, je bolj\u0161e, da gremo na volitve, je v pogovoru za Radio Ognji\u0161\u010de ponovil prvak stranke Janez Jan\u0161a. Po njegovih besedah trenutno te\u010de druga polovica \"t. i. kroga obupanih\". Ob tem ne zanika mo\u017enosti, da bo Slovenija vlado dobila, \"zagotovo pa ne bo dolgo trajalo, tako da nobene panike\".","og_url":"https:\/\/hudo.com\/si\/aktualno\/jansa-o-sibki-vladi-brez-panike-zagotovo-ne-bo-dolgo-trajalo\/","og_site_name":"Hudo Slovenija","article_publisher":"https:\/\/www.facebook.com\/hudo.si","article_published_time":"2018-08-02T18:56:48+00:00","og_image":[{"width":1250,"height":830,"url":"https:\/\/hudo.com\/si\/wp-content\/uploads\/sites\/2\/2017\/10\/profimedia-0025926870.jpg","type":"image\/jpeg"}],"author":"A. G., STA","twitter_card":"summary_large_image","twitter_creator":"@hudo_si","twitter_site":"@hudo_si","twitter_misc":{"Written by":"A. G., STA","Est. reading time":"2 minuti"},"schema":{"@context":"https:\/\/schema.org","@graph":[{"@type":"Article","@id":"https:\/\/hudo.com\/si\/aktualno\/jansa-o-sibki-vladi-brez-panike-zagotovo-ne-bo-dolgo-trajalo\/#article","isPartOf":{"@id":"https:\/\/hudo.com\/si\/aktualno\/jansa-o-sibki-vladi-brez-panike-zagotovo-ne-bo-dolgo-trajalo\/"},"author":{"name":"A. G., STA","@id":"https:\/\/hudo.com\/si\/#\/schema\/person\/2391667a63ea075ba94f2f2dc6b77537"},"headline":"Jan\u0161a o \u0161ibki vladi: Brez panike, zagotovo ne bo dolgo trajalo","datePublished":"2018-08-02T18:56:48+00:00","dateModified":"2018-08-02T18:56:48+00:00","mainEntityOfPage":{"@id":"https:\/\/hudo.com\/si\/aktualno\/jansa-o-sibki-vladi-brez-panike-zagotovo-ne-bo-dolgo-trajalo\/"},"wordCount":427,"publisher":{"@id":"https:\/\/hudo.com\/si\/#organization"},"keywords":["janez jan\u0161a","koalicija","SDS","Slovenija","vlada"],"articleSection":["Aktualno"],"inLanguage":"sl-SI"},{"@type":"WebPage","@id":"https:\/\/hudo.com\/si\/aktualno\/jansa-o-sibki-vladi-brez-panike-zagotovo-ne-bo-dolgo-trajalo\/","url":"https:\/\/hudo.com\/si\/aktualno\/jansa-o-sibki-vladi-brez-panike-zagotovo-ne-bo-dolgo-trajalo\/","name":"Jan\u0161a o \u0161ibki vladi: Brez panike, zagotovo ne bo dolgo trajalo - Hudo Slovenija","isPartOf":{"@id":"https:\/\/hudo.com\/si\/#website"},"datePublished":"2018-08-02T18:56:48+00:00","dateModified":"2018-08-02T18:56:48+00:00","breadcrumb":{"@id":"https:\/\/hudo.com\/si\/aktualno\/jansa-o-sibki-vladi-brez-panike-zagotovo-ne-bo-dolgo-trajalo\/#breadcrumb"},"inLanguage":"sl-SI","potentialAction":[{"@type":"ReadAction","target":["https:\/\/hudo.com\/si\/aktualno\/jansa-o-sibki-vladi-brez-panike-zagotovo-ne-bo-dolgo-trajalo\/"]}]},{"@type":"BreadcrumbList","@id":"https:\/\/hudo.com\/si\/aktualno\/jansa-o-sibki-vladi-brez-panike-zagotovo-ne-bo-dolgo-trajalo\/#breadcrumb","itemListElement":[{"@type":"ListItem","position":1,"name":"Home","item":"https:\/\/hudo.com\/si\/"},{"@type":"ListItem","position":2,"name":"Jan\u0161a o \u0161ibki vladi: Brez panike, zagotovo ne bo dolgo trajalo"}]},{"@type":"WebSite","@id":"https:\/\/hudo.com\/si\/#website","url":"https:\/\/hudo.com\/si\/","name":"Hudo Slovenija","description":"Vse novice iz Slovenije in sveta","publisher":{"@id":"https:\/\/hudo.com\/si\/#organization"},"potentialAction":[{"@type":"SearchAction","target":{"@type":"EntryPoint","urlTemplate":"https:\/\/hudo.com\/si\/?s={search_term_string}"},"query-input":"required name=search_term_string"}],"inLanguage":"sl-SI"},{"@type":"Organization","@id":"https:\/\/hudo.com\/si\/#organization","name":"VSN Media","url":"https:\/\/hudo.com\/si\/","logo":{"@type":"ImageObject","inLanguage":"sl-SI","@id":"https:\/\/hudo.com\/si\/#\/schema\/logo\/image\/","url":"https:\/\/hudo.com\/si\/wp-content\/uploads\/sites\/2\/2021\/03\/hudo-app-2.png","contentUrl":"https:\/\/hudo.com\/si\/wp-content\/uploads\/sites\/2\/2021\/03\/hudo-app-2.png","width":2185,"height":2167,"caption":"VSN Media"},"image":{"@id":"https:\/\/hudo.com\/si\/#\/schema\/logo\/image\/"},"sameAs":["https:\/\/www.facebook.com\/hudo.si","https:\/\/twitter.com\/hudo_si"]},{"@type":"Person","@id":"https:\/\/hudo.com\/si\/#\/schema\/person\/2391667a63ea075ba94f2f2dc6b77537","name":"A. G., STA","image":{"@type":"ImageObject","inLanguage":"sl-SI","@id":"https:\/\/hudo.com\/si\/#\/schema\/person\/image\/","url":"https:\/\/secure.gravatar.com\/avatar\/e13d22ac3e442658d5025fbbe6238a79?s=96&d=mm&r=g","contentUrl":"https:\/\/secure.gravatar.com\/avatar\/e13d22ac3e442658d5025fbbe6238a79?s=96&d=mm&r=g","caption":"A. G., STA"},"url":"https:\/\/hudo.com\/si\/author\/alenka\/"}]}},"amp_enabled":true,"_links":{"self":[{"href":"https:\/\/hudo.com\/si\/wp-json\/wp\/v2\/posts\/374919"}],"collection":[{"href":"https:\/\/hudo.com\/si\/wp-json\/wp\/v2\/posts"}],"about":[{"href":"https:\/\/hudo.com\/si\/wp-json\/wp\/v2\/types\/post"}],"author":[{"embeddable":true,"href":"https:\/\/hudo.com\/si\/wp-json\/wp\/v2\/users\/5"}],"replies":[{"embeddable":true,"href":"https:\/\/hudo.com\/si\/wp-json\/wp\/v2\/comments?post=374919"}],"version-history":[{"count":1,"href":"https:\/\/hudo.com\/si\/wp-json\/wp\/v2\/posts\/374919\/revisions"}],"predecessor-version":[{"id":374920,"href":"https:\/\/hudo.com\/si\/wp-json\/wp\/v2\/posts\/374919\/revisions\/374920"}],"wp:featuredmedia":[{"embeddable":true,"href":"https:\/\/hudo.com\/si\/wp-json\/wp\/v2\/media\/311534"}],"wp:attachment":[{"href":"https:\/\/hudo.com\/si\/wp-json\/wp\/v2\/media?parent=374919"}],"wp:term":[{"taxonomy":"category","embeddable":true,"href":"https:\/\/hudo.com\/si\/wp-json\/wp\/v2\/categories?post=374919"},{"taxonomy":"post_tag","embeddable":true,"href":"https:\/\/hudo.com\/si\/wp-json\/wp\/v2\/tags?post=374919"},{"taxonomy":"source","embeddable":true,"href":"https:\/\/hudo.com\/si\/wp-json\/wp\/v2\/source?post=374919"},{"taxonomy":"supertag","embeddable":true,"href":"https:\/\/hudo.com\/si\/wp-json\/wp\/v2\/supertag?post=374919"}],"curies":[{"name":"wp","href":"https:\/\/api.w.org\/{rel}","templated":true}]}}