{"id":375130,"date":"2018-08-06T13:30:32","date_gmt":"2018-08-06T11:30:32","guid":{"rendered":"http:\/\/hudo.com\/si\/?p=375130"},"modified":"2018-08-06T13:30:32","modified_gmt":"2018-08-06T11:30:32","slug":"trzaskega-jamarja-resili-iz-jame-na-italijanski-strani-kanina","status":"publish","type":"post","link":"https:\/\/hudo.com\/si\/aktualno\/trzaskega-jamarja-resili-iz-jame-na-italijanski-strani-kanina\/","title":{"rendered":"Tr\u017ea\u0161kega jamarja re\u0161ili iz jame na italijanski strani Kanina"},"content":{"rendered":"<div class=\"text\">\n<p>Na izhodu iz jame so 33-letnega jamarja pri\u010dakali tudi dru\u017einski \u010dlani. V re\u0161evanju je sodelovalo skupno deset jamarskih in gorskih re\u0161evalcev, tudi Slovencev.<\/p>\n<p>Tr\u017ea\u0161ki jamar je med raziskovanjem jame z izjemno te\u017ekim dostopom v steni na dvestometrski globini padel okoli 20 metrov globoko. Do ponesre\u010denca, ki ima hudo po\u0161kodovane roke in rebra, se je v soboto prebil slovenski zdravnik.<\/p>\n<p>Njegovo re\u0161evanje je bilo zahtevno, med drugim zato, ker do bili nekateri prehodi v jami preozki za nosila, zaradi \u010desar so jih morali raz\u0161iriti z eksplozivom. Jamar je tako skupaj z zdravnikom in bolni\u010darji v jami pre\u017eivel dve no\u010di.<\/p>\n<p>Ko so raz\u0161irili prehode, so dopoldne s po\u0161kodovanim jamarjem na nosilih re\u0161evalci pri\u0161li tudi \u010dez kriti\u010dno to\u010dko podzemnega slapa, od izhoda iz jame oddaljeno \u0161tirideset metrov.<\/p>\n<\/div>\n","protected":false},"excerpt":{"rendered":"<p>Tr\u017ea\u0161kega jamarja Stefana Guarniera, ki se je v soboto popoldne po\u0161kodoval po padcu v jami pod vrhom Kanina na italijanski strani, so po zahtevni operaciji danes re\u0161ili iz jame. Kot na spletni strani poro\u010da Primorski dnevnik, so ga iz jame izvlekli ob 12.35. Ponesre\u010denca naj bi s helikopterjem prepeljali v bolni\u0161nico v italijanskem Tolme\u010du.<\/p>\n","protected":false},"author":5,"featured_media":375083,"comment_status":"closed","ping_status":"closed","sticky":false,"template":"","format":"standard","meta":{"footnotes":""},"categories":[1179],"tags":[1938,1760,4834,7105,5143],"source":[4511],"supertag":[6103],"acf":[],"yoast_head":"<!-- This site is optimized with the Yoast SEO plugin v21.3 - https:\/\/yoast.com\/wordpress\/plugins\/seo\/ -->\n<title>Tr\u017ea\u0161kega jamarja re\u0161ili iz jame na italijanski strani Kanina - Hudo Slovenija<\/title>\n<meta name=\"robots\" content=\"index, follow, max-snippet:-1, max-image-preview:large, max-video-preview:-1\" \/>\n<link rel=\"canonical\" href=\"https:\/\/hudo.com\/si\/aktualno\/trzaskega-jamarja-resili-iz-jame-na-italijanski-strani-kanina\/\" \/>\n<meta property=\"og:locale\" content=\"sl_SI\" \/>\n<meta property=\"og:type\" content=\"article\" \/>\n<meta property=\"og:title\" content=\"Tr\u017ea\u0161kega jamarja re\u0161ili iz jame na italijanski strani Kanina - Hudo Slovenija\" \/>\n<meta property=\"og:description\" content=\"Tr\u017ea\u0161kega jamarja Stefana Guarniera, ki se je v soboto popoldne po\u0161kodoval po padcu v jami pod vrhom Kanina na italijanski strani, so po zahtevni operaciji danes re\u0161ili iz jame. Kot na spletni strani poro\u010da Primorski dnevnik, so ga iz jame izvlekli ob 12.35. Ponesre\u010denca naj bi s helikopterjem prepeljali v bolni\u0161nico v italijanskem Tolme\u010du.\" \/>\n<meta property=\"og:url\" content=\"https:\/\/hudo.com\/si\/aktualno\/trzaskega-jamarja-resili-iz-jame-na-italijanski-strani-kanina\/\" \/>\n<meta property=\"og:site_name\" content=\"Hudo Slovenija\" \/>\n<meta property=\"article:publisher\" content=\"https:\/\/www.facebook.com\/hudo.si\" \/>\n<meta property=\"article:published_time\" content=\"2018-08-06T11:30:32+00:00\" \/>\n<meta property=\"og:image\" content=\"https:\/\/hudo.com\/si\/wp-content\/uploads\/sites\/2\/2018\/08\/profimedia-0172004064.jpg\" \/>\n\t<meta property=\"og:image:width\" content=\"1250\" \/>\n\t<meta property=\"og:image:height\" content=\"833\" \/>\n\t<meta property=\"og:image:type\" content=\"image\/jpeg\" \/>\n<meta name=\"author\" content=\"A. G., STA\" \/>\n<meta name=\"twitter:card\" content=\"summary_large_image\" \/>\n<meta name=\"twitter:creator\" content=\"@hudo_si\" \/>\n<meta name=\"twitter:site\" content=\"@hudo_si\" \/>\n<meta name=\"twitter:label1\" content=\"Written by\" \/>\n\t<meta name=\"twitter:data1\" content=\"A. G., STA\" \/>\n\t<meta name=\"twitter:label2\" content=\"Est. reading time\" \/>\n\t<meta name=\"twitter:data2\" content=\"1 minuta\" \/>\n<script type=\"application\/ld+json\" class=\"yoast-schema-graph\">{\"@context\":\"https:\/\/schema.org\",\"@graph\":[{\"@type\":\"Article\",\"@id\":\"https:\/\/hudo.com\/si\/aktualno\/trzaskega-jamarja-resili-iz-jame-na-italijanski-strani-kanina\/#article\",\"isPartOf\":{\"@id\":\"https:\/\/hudo.com\/si\/aktualno\/trzaskega-jamarja-resili-iz-jame-na-italijanski-strani-kanina\/\"},\"author\":{\"name\":\"A. G., STA\",\"@id\":\"https:\/\/hudo.com\/si\/#\/schema\/person\/2391667a63ea075ba94f2f2dc6b77537\"},\"headline\":\"Tr\u017ea\u0161kega jamarja re\u0161ili iz jame na italijanski strani Kanina\",\"datePublished\":\"2018-08-06T11:30:32+00:00\",\"dateModified\":\"2018-08-06T11:30:32+00:00\",\"mainEntityOfPage\":{\"@id\":\"https:\/\/hudo.com\/si\/aktualno\/trzaskega-jamarja-resili-iz-jame-na-italijanski-strani-kanina\/\"},\"wordCount\":155,\"publisher\":{\"@id\":\"https:\/\/hudo.com\/si\/#organization\"},\"keywords\":[\"gore\",\"italija\",\"Kanin\",\"nesre\u010da\",\"re\u0161evanje\"],\"articleSection\":[\"Aktualno\"],\"inLanguage\":\"sl-SI\"},{\"@type\":\"WebPage\",\"@id\":\"https:\/\/hudo.com\/si\/aktualno\/trzaskega-jamarja-resili-iz-jame-na-italijanski-strani-kanina\/\",\"url\":\"https:\/\/hudo.com\/si\/aktualno\/trzaskega-jamarja-resili-iz-jame-na-italijanski-strani-kanina\/\",\"name\":\"Tr\u017ea\u0161kega jamarja re\u0161ili iz jame na italijanski strani Kanina - Hudo Slovenija\",\"isPartOf\":{\"@id\":\"https:\/\/hudo.com\/si\/#website\"},\"datePublished\":\"2018-08-06T11:30:32+00:00\",\"dateModified\":\"2018-08-06T11:30:32+00:00\",\"breadcrumb\":{\"@id\":\"https:\/\/hudo.com\/si\/aktualno\/trzaskega-jamarja-resili-iz-jame-na-italijanski-strani-kanina\/#breadcrumb\"},\"inLanguage\":\"sl-SI\",\"potentialAction\":[{\"@type\":\"ReadAction\",\"target\":[\"https:\/\/hudo.com\/si\/aktualno\/trzaskega-jamarja-resili-iz-jame-na-italijanski-strani-kanina\/\"]}]},{\"@type\":\"BreadcrumbList\",\"@id\":\"https:\/\/hudo.com\/si\/aktualno\/trzaskega-jamarja-resili-iz-jame-na-italijanski-strani-kanina\/#breadcrumb\",\"itemListElement\":[{\"@type\":\"ListItem\",\"position\":1,\"name\":\"Home\",\"item\":\"https:\/\/hudo.com\/si\/\"},{\"@type\":\"ListItem\",\"position\":2,\"name\":\"Tr\u017ea\u0161kega jamarja re\u0161ili iz jame na italijanski strani Kanina\"}]},{\"@type\":\"WebSite\",\"@id\":\"https:\/\/hudo.com\/si\/#website\",\"url\":\"https:\/\/hudo.com\/si\/\",\"name\":\"Hudo Slovenija\",\"description\":\"Vse novice iz Slovenije in sveta\",\"publisher\":{\"@id\":\"https:\/\/hudo.com\/si\/#organization\"},\"potentialAction\":[{\"@type\":\"SearchAction\",\"target\":{\"@type\":\"EntryPoint\",\"urlTemplate\":\"https:\/\/hudo.com\/si\/?s={search_term_string}\"},\"query-input\":\"required name=search_term_string\"}],\"inLanguage\":\"sl-SI\"},{\"@type\":\"Organization\",\"@id\":\"https:\/\/hudo.com\/si\/#organization\",\"name\":\"VSN Media\",\"url\":\"https:\/\/hudo.com\/si\/\",\"logo\":{\"@type\":\"ImageObject\",\"inLanguage\":\"sl-SI\",\"@id\":\"https:\/\/hudo.com\/si\/#\/schema\/logo\/image\/\",\"url\":\"https:\/\/hudo.com\/si\/wp-content\/uploads\/sites\/2\/2021\/03\/hudo-app-2.png\",\"contentUrl\":\"https:\/\/hudo.com\/si\/wp-content\/uploads\/sites\/2\/2021\/03\/hudo-app-2.png\",\"width\":2185,\"height\":2167,\"caption\":\"VSN Media\"},\"image\":{\"@id\":\"https:\/\/hudo.com\/si\/#\/schema\/logo\/image\/\"},\"sameAs\":[\"https:\/\/www.facebook.com\/hudo.si\",\"https:\/\/twitter.com\/hudo_si\"]},{\"@type\":\"Person\",\"@id\":\"https:\/\/hudo.com\/si\/#\/schema\/person\/2391667a63ea075ba94f2f2dc6b77537\",\"name\":\"A. G., STA\",\"image\":{\"@type\":\"ImageObject\",\"inLanguage\":\"sl-SI\",\"@id\":\"https:\/\/hudo.com\/si\/#\/schema\/person\/image\/\",\"url\":\"https:\/\/secure.gravatar.com\/avatar\/e13d22ac3e442658d5025fbbe6238a79?s=96&d=mm&r=g\",\"contentUrl\":\"https:\/\/secure.gravatar.com\/avatar\/e13d22ac3e442658d5025fbbe6238a79?s=96&d=mm&r=g\",\"caption\":\"A. G., STA\"},\"url\":\"https:\/\/hudo.com\/si\/author\/alenka\/\"}]}<\/script>\n<!-- \/ Yoast SEO plugin. -->","yoast_head_json":{"title":"Tr\u017ea\u0161kega jamarja re\u0161ili iz jame na italijanski strani Kanina - Hudo Slovenija","robots":{"index":"index","follow":"follow","max-snippet":"max-snippet:-1","max-image-preview":"max-image-preview:large","max-video-preview":"max-video-preview:-1"},"canonical":"https:\/\/hudo.com\/si\/aktualno\/trzaskega-jamarja-resili-iz-jame-na-italijanski-strani-kanina\/","og_locale":"sl_SI","og_type":"article","og_title":"Tr\u017ea\u0161kega jamarja re\u0161ili iz jame na italijanski strani Kanina - Hudo Slovenija","og_description":"Tr\u017ea\u0161kega jamarja Stefana Guarniera, ki se je v soboto popoldne po\u0161kodoval po padcu v jami pod vrhom Kanina na italijanski strani, so po zahtevni operaciji danes re\u0161ili iz jame. Kot na spletni strani poro\u010da Primorski dnevnik, so ga iz jame izvlekli ob 12.35. Ponesre\u010denca naj bi s helikopterjem prepeljali v bolni\u0161nico v italijanskem Tolme\u010du.","og_url":"https:\/\/hudo.com\/si\/aktualno\/trzaskega-jamarja-resili-iz-jame-na-italijanski-strani-kanina\/","og_site_name":"Hudo Slovenija","article_publisher":"https:\/\/www.facebook.com\/hudo.si","article_published_time":"2018-08-06T11:30:32+00:00","og_image":[{"width":1250,"height":833,"url":"https:\/\/hudo.com\/si\/wp-content\/uploads\/sites\/2\/2018\/08\/profimedia-0172004064.jpg","type":"image\/jpeg"}],"author":"A. G., STA","twitter_card":"summary_large_image","twitter_creator":"@hudo_si","twitter_site":"@hudo_si","twitter_misc":{"Written by":"A. G., STA","Est. reading time":"1 minuta"},"schema":{"@context":"https:\/\/schema.org","@graph":[{"@type":"Article","@id":"https:\/\/hudo.com\/si\/aktualno\/trzaskega-jamarja-resili-iz-jame-na-italijanski-strani-kanina\/#article","isPartOf":{"@id":"https:\/\/hudo.com\/si\/aktualno\/trzaskega-jamarja-resili-iz-jame-na-italijanski-strani-kanina\/"},"author":{"name":"A. G., STA","@id":"https:\/\/hudo.com\/si\/#\/schema\/person\/2391667a63ea075ba94f2f2dc6b77537"},"headline":"Tr\u017ea\u0161kega jamarja re\u0161ili iz jame na italijanski strani Kanina","datePublished":"2018-08-06T11:30:32+00:00","dateModified":"2018-08-06T11:30:32+00:00","mainEntityOfPage":{"@id":"https:\/\/hudo.com\/si\/aktualno\/trzaskega-jamarja-resili-iz-jame-na-italijanski-strani-kanina\/"},"wordCount":155,"publisher":{"@id":"https:\/\/hudo.com\/si\/#organization"},"keywords":["gore","italija","Kanin","nesre\u010da","re\u0161evanje"],"articleSection":["Aktualno"],"inLanguage":"sl-SI"},{"@type":"WebPage","@id":"https:\/\/hudo.com\/si\/aktualno\/trzaskega-jamarja-resili-iz-jame-na-italijanski-strani-kanina\/","url":"https:\/\/hudo.com\/si\/aktualno\/trzaskega-jamarja-resili-iz-jame-na-italijanski-strani-kanina\/","name":"Tr\u017ea\u0161kega jamarja re\u0161ili iz jame na italijanski strani Kanina - Hudo Slovenija","isPartOf":{"@id":"https:\/\/hudo.com\/si\/#website"},"datePublished":"2018-08-06T11:30:32+00:00","dateModified":"2018-08-06T11:30:32+00:00","breadcrumb":{"@id":"https:\/\/hudo.com\/si\/aktualno\/trzaskega-jamarja-resili-iz-jame-na-italijanski-strani-kanina\/#breadcrumb"},"inLanguage":"sl-SI","potentialAction":[{"@type":"ReadAction","target":["https:\/\/hudo.com\/si\/aktualno\/trzaskega-jamarja-resili-iz-jame-na-italijanski-strani-kanina\/"]}]},{"@type":"BreadcrumbList","@id":"https:\/\/hudo.com\/si\/aktualno\/trzaskega-jamarja-resili-iz-jame-na-italijanski-strani-kanina\/#breadcrumb","itemListElement":[{"@type":"ListItem","position":1,"name":"Home","item":"https:\/\/hudo.com\/si\/"},{"@type":"ListItem","position":2,"name":"Tr\u017ea\u0161kega jamarja re\u0161ili iz jame na italijanski strani Kanina"}]},{"@type":"WebSite","@id":"https:\/\/hudo.com\/si\/#website","url":"https:\/\/hudo.com\/si\/","name":"Hudo Slovenija","description":"Vse novice iz Slovenije in sveta","publisher":{"@id":"https:\/\/hudo.com\/si\/#organization"},"potentialAction":[{"@type":"SearchAction","target":{"@type":"EntryPoint","urlTemplate":"https:\/\/hudo.com\/si\/?s={search_term_string}"},"query-input":"required name=search_term_string"}],"inLanguage":"sl-SI"},{"@type":"Organization","@id":"https:\/\/hudo.com\/si\/#organization","name":"VSN Media","url":"https:\/\/hudo.com\/si\/","logo":{"@type":"ImageObject","inLanguage":"sl-SI","@id":"https:\/\/hudo.com\/si\/#\/schema\/logo\/image\/","url":"https:\/\/hudo.com\/si\/wp-content\/uploads\/sites\/2\/2021\/03\/hudo-app-2.png","contentUrl":"https:\/\/hudo.com\/si\/wp-content\/uploads\/sites\/2\/2021\/03\/hudo-app-2.png","width":2185,"height":2167,"caption":"VSN Media"},"image":{"@id":"https:\/\/hudo.com\/si\/#\/schema\/logo\/image\/"},"sameAs":["https:\/\/www.facebook.com\/hudo.si","https:\/\/twitter.com\/hudo_si"]},{"@type":"Person","@id":"https:\/\/hudo.com\/si\/#\/schema\/person\/2391667a63ea075ba94f2f2dc6b77537","name":"A. G., STA","image":{"@type":"ImageObject","inLanguage":"sl-SI","@id":"https:\/\/hudo.com\/si\/#\/schema\/person\/image\/","url":"https:\/\/secure.gravatar.com\/avatar\/e13d22ac3e442658d5025fbbe6238a79?s=96&d=mm&r=g","contentUrl":"https:\/\/secure.gravatar.com\/avatar\/e13d22ac3e442658d5025fbbe6238a79?s=96&d=mm&r=g","caption":"A. G., STA"},"url":"https:\/\/hudo.com\/si\/author\/alenka\/"}]}},"amp_enabled":true,"_links":{"self":[{"href":"https:\/\/hudo.com\/si\/wp-json\/wp\/v2\/posts\/375130"}],"collection":[{"href":"https:\/\/hudo.com\/si\/wp-json\/wp\/v2\/posts"}],"about":[{"href":"https:\/\/hudo.com\/si\/wp-json\/wp\/v2\/types\/post"}],"author":[{"embeddable":true,"href":"https:\/\/hudo.com\/si\/wp-json\/wp\/v2\/users\/5"}],"replies":[{"embeddable":true,"href":"https:\/\/hudo.com\/si\/wp-json\/wp\/v2\/comments?post=375130"}],"version-history":[{"count":1,"href":"https:\/\/hudo.com\/si\/wp-json\/wp\/v2\/posts\/375130\/revisions"}],"predecessor-version":[{"id":375131,"href":"https:\/\/hudo.com\/si\/wp-json\/wp\/v2\/posts\/375130\/revisions\/375131"}],"wp:featuredmedia":[{"embeddable":true,"href":"https:\/\/hudo.com\/si\/wp-json\/wp\/v2\/media\/375083"}],"wp:attachment":[{"href":"https:\/\/hudo.com\/si\/wp-json\/wp\/v2\/media?parent=375130"}],"wp:term":[{"taxonomy":"category","embeddable":true,"href":"https:\/\/hudo.com\/si\/wp-json\/wp\/v2\/categories?post=375130"},{"taxonomy":"post_tag","embeddable":true,"href":"https:\/\/hudo.com\/si\/wp-json\/wp\/v2\/tags?post=375130"},{"taxonomy":"source","embeddable":true,"href":"https:\/\/hudo.com\/si\/wp-json\/wp\/v2\/source?post=375130"},{"taxonomy":"supertag","embeddable":true,"href":"https:\/\/hudo.com\/si\/wp-json\/wp\/v2\/supertag?post=375130"}],"curies":[{"name":"wp","href":"https:\/\/api.w.org\/{rel}","templated":true}]}}