{"id":375205,"date":"2018-08-07T15:03:40","date_gmt":"2018-08-07T13:03:40","guid":{"rendered":"http:\/\/hudo.com\/si\/?p=375205"},"modified":"2018-08-07T15:03:40","modified_gmt":"2018-08-07T13:03:40","slug":"violeta-tomic-protokol-o-sodelovanju-s-peterico-se-ni-usklajen","status":"publish","type":"post","link":"https:\/\/hudo.com\/si\/aktualno\/violeta-tomic-protokol-o-sodelovanju-s-peterico-se-ni-usklajen\/","title":{"rendered":"Violeta Tomi\u0107: Protokol o sodelovanju s peterico \u0161e ni usklajen"},"content":{"rendered":"<div class=\"text\">\n<p>Levica po navedbah Tomi\u0107eve nikakor ne more pristati na to, da bi iz koalicijske pogodbe izlo\u010dili &#8220;pozitivne socialno usmerjene ukrepe&#8221;, ki so jih vanjo vnesli na pogajanjih Levice s strankami LM\u0160, SD, SMC, DeSUS in SAB. Med ukrepi, ki so jih v dveh dnevih pogajanj v Levici uspeli vnesti v koalicijsko pogodbo, je Tomi\u0107eva izpostavila zvi\u0161evanje pokojnin in pla\u010d ter ureditev vsem dostopnega javnega zdravstva in zmanj\u0161evanje \u010dakalnih vrst.<\/p>\n<p>Kot je dejala glede usklajevanja protokola o sodelovanju po dana\u0161njem sre\u010danju, \u0161e ostaja upanje, da podrobnosti v \u010detrtek dogovorijo predsedniki strank.<\/p>\n<p>Ob tem je poudarila, da Levica ni \u0161la v politiko, da &#8220;bi bila privesek neoliberalni vladi&#8221;, ampak so pri\u0161li z obljubo, da bodo spremenili politike, ne samo obrazov.<\/p>\n<p>Iz LM\u0160 pa so po dana\u0161njem triurnem usklajevanju protokola na ravni strokovnih skupin sporo\u010dili, da &#8220;je sklep strokovne skupine, da je bil narejen velik korak k uskladitvi kon\u010dnega dokumenta, da pa \u0161e vedno ostaja nekaj odprtih to\u010dk protokola, ki se bodo predvidoma re\u0161evale v prihodnjih dneh&#8221;.<\/p>\n<p>Potencialni koalicijski partnerji so predlog Levice o projektnem sodelovanju po besedah koordinatorja stranke Luka Mesca namre\u010d zavrnili in napisali novega. Kot je poudaril v ponedeljek, ka\u017ee, da si sodelovanje, na\u010din dela in zaveze eni in drugi predstavljajo druga\u010de.<\/p>\n<\/div>\n","protected":false},"excerpt":{"rendered":"<p>Levica se s peterico \u0161e ni uskladila v klju\u010dnih to\u010dkah protokola o sodelovanju z vlado Marjana \u0160arca, je dejala poslanka Levice Violeta Tomi\u0107. Kot pravi, se ka\u017eejo jasne intence, da bi po njihovi morebitni podpori \u0160arcu iz koalicijske pogodbe izlo\u010dili pozitivne socialno usmerjene ukrepe. Iz LM\u0160 pa so sporo\u010dili, da je bil danes narejen velik korak.<\/p>\n","protected":false},"author":5,"featured_media":371224,"comment_status":"closed","ping_status":"closed","sticky":false,"template":"","format":"standard","meta":{"footnotes":""},"categories":[1179],"tags":[4650,8983,1595,8979],"source":[4511],"supertag":[],"acf":[],"yoast_head":"<!-- This site is optimized with the Yoast SEO plugin v21.3 - https:\/\/yoast.com\/wordpress\/plugins\/seo\/ -->\n<title>Violeta Tomi\u0107: Protokol o sodelovanju s peterico \u0161e ni usklajen - Hudo Slovenija<\/title>\n<meta name=\"robots\" content=\"index, follow, max-snippet:-1, max-image-preview:large, max-video-preview:-1\" \/>\n<link rel=\"canonical\" href=\"https:\/\/hudo.com\/si\/aktualno\/violeta-tomic-protokol-o-sodelovanju-s-peterico-se-ni-usklajen\/\" \/>\n<meta property=\"og:locale\" content=\"sl_SI\" \/>\n<meta property=\"og:type\" content=\"article\" \/>\n<meta property=\"og:title\" content=\"Violeta Tomi\u0107: Protokol o sodelovanju s peterico \u0161e ni usklajen - Hudo Slovenija\" \/>\n<meta property=\"og:description\" content=\"Levica se s peterico \u0161e ni uskladila v klju\u010dnih to\u010dkah protokola o sodelovanju z vlado Marjana \u0160arca, je dejala poslanka Levice Violeta Tomi\u0107. Kot pravi, se ka\u017eejo jasne intence, da bi po njihovi morebitni podpori \u0160arcu iz koalicijske pogodbe izlo\u010dili pozitivne socialno usmerjene ukrepe. Iz LM\u0160 pa so sporo\u010dili, da je bil danes narejen velik korak.\" \/>\n<meta property=\"og:url\" content=\"https:\/\/hudo.com\/si\/aktualno\/violeta-tomic-protokol-o-sodelovanju-s-peterico-se-ni-usklajen\/\" \/>\n<meta property=\"og:site_name\" content=\"Hudo Slovenija\" \/>\n<meta property=\"article:publisher\" content=\"https:\/\/www.facebook.com\/hudo.si\" \/>\n<meta property=\"article:published_time\" content=\"2018-08-07T13:03:40+00:00\" \/>\n<meta property=\"og:image\" content=\"https:\/\/hudo.com\/si\/wp-content\/uploads\/sites\/2\/2018\/06\/profimedia-0349253820.jpg\" \/>\n\t<meta property=\"og:image:width\" content=\"1250\" \/>\n\t<meta property=\"og:image:height\" content=\"834\" \/>\n\t<meta property=\"og:image:type\" content=\"image\/jpeg\" \/>\n<meta name=\"author\" content=\"A. G., STA\" \/>\n<meta name=\"twitter:card\" content=\"summary_large_image\" \/>\n<meta name=\"twitter:creator\" content=\"@hudo_si\" \/>\n<meta name=\"twitter:site\" content=\"@hudo_si\" \/>\n<meta name=\"twitter:label1\" content=\"Written by\" \/>\n\t<meta name=\"twitter:data1\" content=\"A. G., STA\" \/>\n\t<meta name=\"twitter:label2\" content=\"Est. reading time\" \/>\n\t<meta name=\"twitter:data2\" content=\"1 minuta\" \/>\n<script type=\"application\/ld+json\" class=\"yoast-schema-graph\">{\"@context\":\"https:\/\/schema.org\",\"@graph\":[{\"@type\":\"Article\",\"@id\":\"https:\/\/hudo.com\/si\/aktualno\/violeta-tomic-protokol-o-sodelovanju-s-peterico-se-ni-usklajen\/#article\",\"isPartOf\":{\"@id\":\"https:\/\/hudo.com\/si\/aktualno\/violeta-tomic-protokol-o-sodelovanju-s-peterico-se-ni-usklajen\/\"},\"author\":{\"name\":\"A. G., STA\",\"@id\":\"https:\/\/hudo.com\/si\/#\/schema\/person\/2391667a63ea075ba94f2f2dc6b77537\"},\"headline\":\"Violeta Tomi\u0107: Protokol o sodelovanju s peterico \u0161e ni usklajen\",\"datePublished\":\"2018-08-07T13:03:40+00:00\",\"dateModified\":\"2018-08-07T13:03:40+00:00\",\"mainEntityOfPage\":{\"@id\":\"https:\/\/hudo.com\/si\/aktualno\/violeta-tomic-protokol-o-sodelovanju-s-peterico-se-ni-usklajen\/\"},\"wordCount\":228,\"publisher\":{\"@id\":\"https:\/\/hudo.com\/si\/#organization\"},\"keywords\":[\"koalicija\",\"levica\",\"Slovenija\",\"Violeta Tomi\u010d\"],\"articleSection\":[\"Aktualno\"],\"inLanguage\":\"sl-SI\"},{\"@type\":\"WebPage\",\"@id\":\"https:\/\/hudo.com\/si\/aktualno\/violeta-tomic-protokol-o-sodelovanju-s-peterico-se-ni-usklajen\/\",\"url\":\"https:\/\/hudo.com\/si\/aktualno\/violeta-tomic-protokol-o-sodelovanju-s-peterico-se-ni-usklajen\/\",\"name\":\"Violeta Tomi\u0107: Protokol o sodelovanju s peterico \u0161e ni usklajen - Hudo Slovenija\",\"isPartOf\":{\"@id\":\"https:\/\/hudo.com\/si\/#website\"},\"datePublished\":\"2018-08-07T13:03:40+00:00\",\"dateModified\":\"2018-08-07T13:03:40+00:00\",\"breadcrumb\":{\"@id\":\"https:\/\/hudo.com\/si\/aktualno\/violeta-tomic-protokol-o-sodelovanju-s-peterico-se-ni-usklajen\/#breadcrumb\"},\"inLanguage\":\"sl-SI\",\"potentialAction\":[{\"@type\":\"ReadAction\",\"target\":[\"https:\/\/hudo.com\/si\/aktualno\/violeta-tomic-protokol-o-sodelovanju-s-peterico-se-ni-usklajen\/\"]}]},{\"@type\":\"BreadcrumbList\",\"@id\":\"https:\/\/hudo.com\/si\/aktualno\/violeta-tomic-protokol-o-sodelovanju-s-peterico-se-ni-usklajen\/#breadcrumb\",\"itemListElement\":[{\"@type\":\"ListItem\",\"position\":1,\"name\":\"Home\",\"item\":\"https:\/\/hudo.com\/si\/\"},{\"@type\":\"ListItem\",\"position\":2,\"name\":\"Violeta Tomi\u0107: Protokol o sodelovanju s peterico \u0161e ni usklajen\"}]},{\"@type\":\"WebSite\",\"@id\":\"https:\/\/hudo.com\/si\/#website\",\"url\":\"https:\/\/hudo.com\/si\/\",\"name\":\"Hudo Slovenija\",\"description\":\"Vse novice iz Slovenije in sveta\",\"publisher\":{\"@id\":\"https:\/\/hudo.com\/si\/#organization\"},\"potentialAction\":[{\"@type\":\"SearchAction\",\"target\":{\"@type\":\"EntryPoint\",\"urlTemplate\":\"https:\/\/hudo.com\/si\/?s={search_term_string}\"},\"query-input\":\"required name=search_term_string\"}],\"inLanguage\":\"sl-SI\"},{\"@type\":\"Organization\",\"@id\":\"https:\/\/hudo.com\/si\/#organization\",\"name\":\"VSN Media\",\"url\":\"https:\/\/hudo.com\/si\/\",\"logo\":{\"@type\":\"ImageObject\",\"inLanguage\":\"sl-SI\",\"@id\":\"https:\/\/hudo.com\/si\/#\/schema\/logo\/image\/\",\"url\":\"https:\/\/hudo.com\/si\/wp-content\/uploads\/sites\/2\/2021\/03\/hudo-app-2.png\",\"contentUrl\":\"https:\/\/hudo.com\/si\/wp-content\/uploads\/sites\/2\/2021\/03\/hudo-app-2.png\",\"width\":2185,\"height\":2167,\"caption\":\"VSN Media\"},\"image\":{\"@id\":\"https:\/\/hudo.com\/si\/#\/schema\/logo\/image\/\"},\"sameAs\":[\"https:\/\/www.facebook.com\/hudo.si\",\"https:\/\/twitter.com\/hudo_si\"]},{\"@type\":\"Person\",\"@id\":\"https:\/\/hudo.com\/si\/#\/schema\/person\/2391667a63ea075ba94f2f2dc6b77537\",\"name\":\"A. G., STA\",\"image\":{\"@type\":\"ImageObject\",\"inLanguage\":\"sl-SI\",\"@id\":\"https:\/\/hudo.com\/si\/#\/schema\/person\/image\/\",\"url\":\"https:\/\/secure.gravatar.com\/avatar\/e13d22ac3e442658d5025fbbe6238a79?s=96&d=mm&r=g\",\"contentUrl\":\"https:\/\/secure.gravatar.com\/avatar\/e13d22ac3e442658d5025fbbe6238a79?s=96&d=mm&r=g\",\"caption\":\"A. G., STA\"},\"url\":\"https:\/\/hudo.com\/si\/author\/alenka\/\"}]}<\/script>\n<!-- \/ Yoast SEO plugin. -->","yoast_head_json":{"title":"Violeta Tomi\u0107: Protokol o sodelovanju s peterico \u0161e ni usklajen - Hudo Slovenija","robots":{"index":"index","follow":"follow","max-snippet":"max-snippet:-1","max-image-preview":"max-image-preview:large","max-video-preview":"max-video-preview:-1"},"canonical":"https:\/\/hudo.com\/si\/aktualno\/violeta-tomic-protokol-o-sodelovanju-s-peterico-se-ni-usklajen\/","og_locale":"sl_SI","og_type":"article","og_title":"Violeta Tomi\u0107: Protokol o sodelovanju s peterico \u0161e ni usklajen - Hudo Slovenija","og_description":"Levica se s peterico \u0161e ni uskladila v klju\u010dnih to\u010dkah protokola o sodelovanju z vlado Marjana \u0160arca, je dejala poslanka Levice Violeta Tomi\u0107. Kot pravi, se ka\u017eejo jasne intence, da bi po njihovi morebitni podpori \u0160arcu iz koalicijske pogodbe izlo\u010dili pozitivne socialno usmerjene ukrepe. Iz LM\u0160 pa so sporo\u010dili, da je bil danes narejen velik korak.","og_url":"https:\/\/hudo.com\/si\/aktualno\/violeta-tomic-protokol-o-sodelovanju-s-peterico-se-ni-usklajen\/","og_site_name":"Hudo Slovenija","article_publisher":"https:\/\/www.facebook.com\/hudo.si","article_published_time":"2018-08-07T13:03:40+00:00","og_image":[{"width":1250,"height":834,"url":"https:\/\/hudo.com\/si\/wp-content\/uploads\/sites\/2\/2018\/06\/profimedia-0349253820.jpg","type":"image\/jpeg"}],"author":"A. G., STA","twitter_card":"summary_large_image","twitter_creator":"@hudo_si","twitter_site":"@hudo_si","twitter_misc":{"Written by":"A. G., STA","Est. reading time":"1 minuta"},"schema":{"@context":"https:\/\/schema.org","@graph":[{"@type":"Article","@id":"https:\/\/hudo.com\/si\/aktualno\/violeta-tomic-protokol-o-sodelovanju-s-peterico-se-ni-usklajen\/#article","isPartOf":{"@id":"https:\/\/hudo.com\/si\/aktualno\/violeta-tomic-protokol-o-sodelovanju-s-peterico-se-ni-usklajen\/"},"author":{"name":"A. G., STA","@id":"https:\/\/hudo.com\/si\/#\/schema\/person\/2391667a63ea075ba94f2f2dc6b77537"},"headline":"Violeta Tomi\u0107: Protokol o sodelovanju s peterico \u0161e ni usklajen","datePublished":"2018-08-07T13:03:40+00:00","dateModified":"2018-08-07T13:03:40+00:00","mainEntityOfPage":{"@id":"https:\/\/hudo.com\/si\/aktualno\/violeta-tomic-protokol-o-sodelovanju-s-peterico-se-ni-usklajen\/"},"wordCount":228,"publisher":{"@id":"https:\/\/hudo.com\/si\/#organization"},"keywords":["koalicija","levica","Slovenija","Violeta Tomi\u010d"],"articleSection":["Aktualno"],"inLanguage":"sl-SI"},{"@type":"WebPage","@id":"https:\/\/hudo.com\/si\/aktualno\/violeta-tomic-protokol-o-sodelovanju-s-peterico-se-ni-usklajen\/","url":"https:\/\/hudo.com\/si\/aktualno\/violeta-tomic-protokol-o-sodelovanju-s-peterico-se-ni-usklajen\/","name":"Violeta Tomi\u0107: Protokol o sodelovanju s peterico \u0161e ni usklajen - Hudo Slovenija","isPartOf":{"@id":"https:\/\/hudo.com\/si\/#website"},"datePublished":"2018-08-07T13:03:40+00:00","dateModified":"2018-08-07T13:03:40+00:00","breadcrumb":{"@id":"https:\/\/hudo.com\/si\/aktualno\/violeta-tomic-protokol-o-sodelovanju-s-peterico-se-ni-usklajen\/#breadcrumb"},"inLanguage":"sl-SI","potentialAction":[{"@type":"ReadAction","target":["https:\/\/hudo.com\/si\/aktualno\/violeta-tomic-protokol-o-sodelovanju-s-peterico-se-ni-usklajen\/"]}]},{"@type":"BreadcrumbList","@id":"https:\/\/hudo.com\/si\/aktualno\/violeta-tomic-protokol-o-sodelovanju-s-peterico-se-ni-usklajen\/#breadcrumb","itemListElement":[{"@type":"ListItem","position":1,"name":"Home","item":"https:\/\/hudo.com\/si\/"},{"@type":"ListItem","position":2,"name":"Violeta Tomi\u0107: Protokol o sodelovanju s peterico \u0161e ni usklajen"}]},{"@type":"WebSite","@id":"https:\/\/hudo.com\/si\/#website","url":"https:\/\/hudo.com\/si\/","name":"Hudo Slovenija","description":"Vse novice iz Slovenije in sveta","publisher":{"@id":"https:\/\/hudo.com\/si\/#organization"},"potentialAction":[{"@type":"SearchAction","target":{"@type":"EntryPoint","urlTemplate":"https:\/\/hudo.com\/si\/?s={search_term_string}"},"query-input":"required name=search_term_string"}],"inLanguage":"sl-SI"},{"@type":"Organization","@id":"https:\/\/hudo.com\/si\/#organization","name":"VSN Media","url":"https:\/\/hudo.com\/si\/","logo":{"@type":"ImageObject","inLanguage":"sl-SI","@id":"https:\/\/hudo.com\/si\/#\/schema\/logo\/image\/","url":"https:\/\/hudo.com\/si\/wp-content\/uploads\/sites\/2\/2021\/03\/hudo-app-2.png","contentUrl":"https:\/\/hudo.com\/si\/wp-content\/uploads\/sites\/2\/2021\/03\/hudo-app-2.png","width":2185,"height":2167,"caption":"VSN Media"},"image":{"@id":"https:\/\/hudo.com\/si\/#\/schema\/logo\/image\/"},"sameAs":["https:\/\/www.facebook.com\/hudo.si","https:\/\/twitter.com\/hudo_si"]},{"@type":"Person","@id":"https:\/\/hudo.com\/si\/#\/schema\/person\/2391667a63ea075ba94f2f2dc6b77537","name":"A. G., STA","image":{"@type":"ImageObject","inLanguage":"sl-SI","@id":"https:\/\/hudo.com\/si\/#\/schema\/person\/image\/","url":"https:\/\/secure.gravatar.com\/avatar\/e13d22ac3e442658d5025fbbe6238a79?s=96&d=mm&r=g","contentUrl":"https:\/\/secure.gravatar.com\/avatar\/e13d22ac3e442658d5025fbbe6238a79?s=96&d=mm&r=g","caption":"A. G., STA"},"url":"https:\/\/hudo.com\/si\/author\/alenka\/"}]}},"amp_enabled":true,"_links":{"self":[{"href":"https:\/\/hudo.com\/si\/wp-json\/wp\/v2\/posts\/375205"}],"collection":[{"href":"https:\/\/hudo.com\/si\/wp-json\/wp\/v2\/posts"}],"about":[{"href":"https:\/\/hudo.com\/si\/wp-json\/wp\/v2\/types\/post"}],"author":[{"embeddable":true,"href":"https:\/\/hudo.com\/si\/wp-json\/wp\/v2\/users\/5"}],"replies":[{"embeddable":true,"href":"https:\/\/hudo.com\/si\/wp-json\/wp\/v2\/comments?post=375205"}],"version-history":[{"count":1,"href":"https:\/\/hudo.com\/si\/wp-json\/wp\/v2\/posts\/375205\/revisions"}],"predecessor-version":[{"id":375206,"href":"https:\/\/hudo.com\/si\/wp-json\/wp\/v2\/posts\/375205\/revisions\/375206"}],"wp:featuredmedia":[{"embeddable":true,"href":"https:\/\/hudo.com\/si\/wp-json\/wp\/v2\/media\/371224"}],"wp:attachment":[{"href":"https:\/\/hudo.com\/si\/wp-json\/wp\/v2\/media?parent=375205"}],"wp:term":[{"taxonomy":"category","embeddable":true,"href":"https:\/\/hudo.com\/si\/wp-json\/wp\/v2\/categories?post=375205"},{"taxonomy":"post_tag","embeddable":true,"href":"https:\/\/hudo.com\/si\/wp-json\/wp\/v2\/tags?post=375205"},{"taxonomy":"source","embeddable":true,"href":"https:\/\/hudo.com\/si\/wp-json\/wp\/v2\/source?post=375205"},{"taxonomy":"supertag","embeddable":true,"href":"https:\/\/hudo.com\/si\/wp-json\/wp\/v2\/supertag?post=375205"}],"curies":[{"name":"wp","href":"https:\/\/api.w.org\/{rel}","templated":true}]}}