{"id":375680,"date":"2018-08-14T18:25:42","date_gmt":"2018-08-14T16:25:42","guid":{"rendered":"http:\/\/hudo.com\/si\/?p=375680"},"modified":"2018-08-14T18:25:42","modified_gmt":"2018-08-14T16:25:42","slug":"slovenija-bo-v-prihodnjih-dveh-letih-posodobila-mejne-prehode","status":"publish","type":"post","link":"https:\/\/hudo.com\/si\/aktualno\/slovenija-bo-v-prihodnjih-dveh-letih-posodobila-mejne-prehode\/","title":{"rendered":"Slovenija bo v prihodnjih dveh letih posodobila mejne prehode"},"content":{"rendered":"<p>Ministrstvo za javno upravo je tako za leti 2019 in 2020 za upravljanje in vzdr\u017eevanje infrastrukture mejnih prehodov in za menjavo opreme skupno prejelo slabih 3,6 milijona evrov. Upravljanje in vzdr\u017eevanje infrastrukture je 100-odstotno financirano iz evropskih sredstev, pri financiranju opreme pa je potrebna 25-odstotna slovenska udele\u017eba, so sporo\u010dili iz vladnega urada za komuniciranje po dana\u0161nji dopisni seji vlade.<\/p>\n<p>Zaklju\u010dek projekta je predviden za konec leta 2020.<\/p>\n","protected":false},"excerpt":{"rendered":"<p>Vlada je danes potrdila, da se v veljavni na\u010drt razvojnih programov uvrsti nov projekt Vzdr\u017eevanje in oprema mejnih prehodov 2018-2020. Namen projekta je upravljanje in vzdr\u017eevanje mejnih prehodov in menjava dotrajane, zastarele, po\u0161kodovane opreme ter zagotavljanje schengenskih standardov, kar omogo\u010da pogoje za u\u010dinkovito schengensko kontrolo.<\/p>\n","protected":false},"author":7,"featured_media":369948,"comment_status":"closed","ping_status":"closed","sticky":false,"template":"","format":"standard","meta":{"footnotes":""},"categories":[1179],"tags":[3727,11396,1595],"source":[4511],"supertag":[],"acf":[],"yoast_head":"<!-- This site is optimized with the Yoast SEO plugin v21.3 - https:\/\/yoast.com\/wordpress\/plugins\/seo\/ -->\n<title>Slovenija bo v prihodnjih dveh letih posodobila mejne prehode - Hudo Slovenija<\/title>\n<meta name=\"robots\" content=\"index, follow, max-snippet:-1, max-image-preview:large, max-video-preview:-1\" \/>\n<link rel=\"canonical\" href=\"https:\/\/hudo.com\/si\/aktualno\/slovenija-bo-v-prihodnjih-dveh-letih-posodobila-mejne-prehode\/\" \/>\n<meta property=\"og:locale\" content=\"sl_SI\" \/>\n<meta property=\"og:type\" content=\"article\" \/>\n<meta property=\"og:title\" content=\"Slovenija bo v prihodnjih dveh letih posodobila mejne prehode - Hudo Slovenija\" \/>\n<meta property=\"og:description\" content=\"Vlada je danes potrdila, da se v veljavni na\u010drt razvojnih programov uvrsti nov projekt Vzdr\u017eevanje in oprema mejnih prehodov 2018-2020. Namen projekta je upravljanje in vzdr\u017eevanje mejnih prehodov in menjava dotrajane, zastarele, po\u0161kodovane opreme ter zagotavljanje schengenskih standardov, kar omogo\u010da pogoje za u\u010dinkovito schengensko kontrolo.\" \/>\n<meta property=\"og:url\" content=\"https:\/\/hudo.com\/si\/aktualno\/slovenija-bo-v-prihodnjih-dveh-letih-posodobila-mejne-prehode\/\" \/>\n<meta property=\"og:site_name\" content=\"Hudo Slovenija\" \/>\n<meta property=\"article:publisher\" content=\"https:\/\/www.facebook.com\/hudo.si\" \/>\n<meta property=\"article:published_time\" content=\"2018-08-14T16:25:42+00:00\" \/>\n<meta property=\"og:image\" content=\"https:\/\/hudo.com\/si\/wp-content\/uploads\/sites\/2\/2018\/05\/20170414-00773663.jpg\" \/>\n\t<meta property=\"og:image:width\" content=\"640\" \/>\n\t<meta property=\"og:image:height\" content=\"426\" \/>\n\t<meta property=\"og:image:type\" content=\"image\/jpeg\" \/>\n<meta name=\"author\" content=\"A. P., STA\" \/>\n<meta name=\"twitter:card\" content=\"summary_large_image\" \/>\n<meta name=\"twitter:creator\" content=\"@hudo_si\" \/>\n<meta name=\"twitter:site\" content=\"@hudo_si\" \/>\n<meta name=\"twitter:label1\" content=\"Written by\" \/>\n\t<meta name=\"twitter:data1\" content=\"A. P., STA\" \/>\n<script type=\"application\/ld+json\" class=\"yoast-schema-graph\">{\"@context\":\"https:\/\/schema.org\",\"@graph\":[{\"@type\":\"Article\",\"@id\":\"https:\/\/hudo.com\/si\/aktualno\/slovenija-bo-v-prihodnjih-dveh-letih-posodobila-mejne-prehode\/#article\",\"isPartOf\":{\"@id\":\"https:\/\/hudo.com\/si\/aktualno\/slovenija-bo-v-prihodnjih-dveh-letih-posodobila-mejne-prehode\/\"},\"author\":{\"name\":\"A. P., STA\",\"@id\":\"https:\/\/hudo.com\/si\/#\/schema\/person\/18f09c02475ba9e606e941a565b80cff\"},\"headline\":\"Slovenija bo v prihodnjih dveh letih posodobila mejne prehode\",\"datePublished\":\"2018-08-14T16:25:42+00:00\",\"dateModified\":\"2018-08-14T16:25:42+00:00\",\"mainEntityOfPage\":{\"@id\":\"https:\/\/hudo.com\/si\/aktualno\/slovenija-bo-v-prihodnjih-dveh-letih-posodobila-mejne-prehode\/\"},\"wordCount\":78,\"publisher\":{\"@id\":\"https:\/\/hudo.com\/si\/#organization\"},\"keywords\":[\"mejni prehod\",\"mejni prehodi\",\"Slovenija\"],\"articleSection\":[\"Aktualno\"],\"inLanguage\":\"sl-SI\"},{\"@type\":\"WebPage\",\"@id\":\"https:\/\/hudo.com\/si\/aktualno\/slovenija-bo-v-prihodnjih-dveh-letih-posodobila-mejne-prehode\/\",\"url\":\"https:\/\/hudo.com\/si\/aktualno\/slovenija-bo-v-prihodnjih-dveh-letih-posodobila-mejne-prehode\/\",\"name\":\"Slovenija bo v prihodnjih dveh letih posodobila mejne prehode - Hudo Slovenija\",\"isPartOf\":{\"@id\":\"https:\/\/hudo.com\/si\/#website\"},\"datePublished\":\"2018-08-14T16:25:42+00:00\",\"dateModified\":\"2018-08-14T16:25:42+00:00\",\"breadcrumb\":{\"@id\":\"https:\/\/hudo.com\/si\/aktualno\/slovenija-bo-v-prihodnjih-dveh-letih-posodobila-mejne-prehode\/#breadcrumb\"},\"inLanguage\":\"sl-SI\",\"potentialAction\":[{\"@type\":\"ReadAction\",\"target\":[\"https:\/\/hudo.com\/si\/aktualno\/slovenija-bo-v-prihodnjih-dveh-letih-posodobila-mejne-prehode\/\"]}]},{\"@type\":\"BreadcrumbList\",\"@id\":\"https:\/\/hudo.com\/si\/aktualno\/slovenija-bo-v-prihodnjih-dveh-letih-posodobila-mejne-prehode\/#breadcrumb\",\"itemListElement\":[{\"@type\":\"ListItem\",\"position\":1,\"name\":\"Home\",\"item\":\"https:\/\/hudo.com\/si\/\"},{\"@type\":\"ListItem\",\"position\":2,\"name\":\"Slovenija bo v prihodnjih dveh letih posodobila mejne prehode\"}]},{\"@type\":\"WebSite\",\"@id\":\"https:\/\/hudo.com\/si\/#website\",\"url\":\"https:\/\/hudo.com\/si\/\",\"name\":\"Hudo Slovenija\",\"description\":\"Vse novice iz Slovenije in sveta\",\"publisher\":{\"@id\":\"https:\/\/hudo.com\/si\/#organization\"},\"potentialAction\":[{\"@type\":\"SearchAction\",\"target\":{\"@type\":\"EntryPoint\",\"urlTemplate\":\"https:\/\/hudo.com\/si\/?s={search_term_string}\"},\"query-input\":\"required name=search_term_string\"}],\"inLanguage\":\"sl-SI\"},{\"@type\":\"Organization\",\"@id\":\"https:\/\/hudo.com\/si\/#organization\",\"name\":\"VSN Media\",\"url\":\"https:\/\/hudo.com\/si\/\",\"logo\":{\"@type\":\"ImageObject\",\"inLanguage\":\"sl-SI\",\"@id\":\"https:\/\/hudo.com\/si\/#\/schema\/logo\/image\/\",\"url\":\"https:\/\/hudo.com\/si\/wp-content\/uploads\/sites\/2\/2021\/03\/hudo-app-2.png\",\"contentUrl\":\"https:\/\/hudo.com\/si\/wp-content\/uploads\/sites\/2\/2021\/03\/hudo-app-2.png\",\"width\":2185,\"height\":2167,\"caption\":\"VSN Media\"},\"image\":{\"@id\":\"https:\/\/hudo.com\/si\/#\/schema\/logo\/image\/\"},\"sameAs\":[\"https:\/\/www.facebook.com\/hudo.si\",\"https:\/\/twitter.com\/hudo_si\"]},{\"@type\":\"Person\",\"@id\":\"https:\/\/hudo.com\/si\/#\/schema\/person\/18f09c02475ba9e606e941a565b80cff\",\"name\":\"A. P., STA\",\"image\":{\"@type\":\"ImageObject\",\"inLanguage\":\"sl-SI\",\"@id\":\"https:\/\/hudo.com\/si\/#\/schema\/person\/image\/\",\"url\":\"https:\/\/secure.gravatar.com\/avatar\/03eac8e609f5f04383125d80eaeaaf3e?s=96&d=mm&r=g\",\"contentUrl\":\"https:\/\/secure.gravatar.com\/avatar\/03eac8e609f5f04383125d80eaeaaf3e?s=96&d=mm&r=g\",\"caption\":\"A. P., STA\"},\"url\":\"https:\/\/hudo.com\/si\/author\/lubu\/\"}]}<\/script>\n<!-- \/ Yoast SEO plugin. -->","yoast_head_json":{"title":"Slovenija bo v prihodnjih dveh letih posodobila mejne prehode - Hudo Slovenija","robots":{"index":"index","follow":"follow","max-snippet":"max-snippet:-1","max-image-preview":"max-image-preview:large","max-video-preview":"max-video-preview:-1"},"canonical":"https:\/\/hudo.com\/si\/aktualno\/slovenija-bo-v-prihodnjih-dveh-letih-posodobila-mejne-prehode\/","og_locale":"sl_SI","og_type":"article","og_title":"Slovenija bo v prihodnjih dveh letih posodobila mejne prehode - Hudo Slovenija","og_description":"Vlada je danes potrdila, da se v veljavni na\u010drt razvojnih programov uvrsti nov projekt Vzdr\u017eevanje in oprema mejnih prehodov 2018-2020. Namen projekta je upravljanje in vzdr\u017eevanje mejnih prehodov in menjava dotrajane, zastarele, po\u0161kodovane opreme ter zagotavljanje schengenskih standardov, kar omogo\u010da pogoje za u\u010dinkovito schengensko kontrolo.","og_url":"https:\/\/hudo.com\/si\/aktualno\/slovenija-bo-v-prihodnjih-dveh-letih-posodobila-mejne-prehode\/","og_site_name":"Hudo Slovenija","article_publisher":"https:\/\/www.facebook.com\/hudo.si","article_published_time":"2018-08-14T16:25:42+00:00","og_image":[{"width":640,"height":426,"url":"https:\/\/hudo.com\/si\/wp-content\/uploads\/sites\/2\/2018\/05\/20170414-00773663.jpg","type":"image\/jpeg"}],"author":"A. P., STA","twitter_card":"summary_large_image","twitter_creator":"@hudo_si","twitter_site":"@hudo_si","twitter_misc":{"Written by":"A. P., STA"},"schema":{"@context":"https:\/\/schema.org","@graph":[{"@type":"Article","@id":"https:\/\/hudo.com\/si\/aktualno\/slovenija-bo-v-prihodnjih-dveh-letih-posodobila-mejne-prehode\/#article","isPartOf":{"@id":"https:\/\/hudo.com\/si\/aktualno\/slovenija-bo-v-prihodnjih-dveh-letih-posodobila-mejne-prehode\/"},"author":{"name":"A. P., STA","@id":"https:\/\/hudo.com\/si\/#\/schema\/person\/18f09c02475ba9e606e941a565b80cff"},"headline":"Slovenija bo v prihodnjih dveh letih posodobila mejne prehode","datePublished":"2018-08-14T16:25:42+00:00","dateModified":"2018-08-14T16:25:42+00:00","mainEntityOfPage":{"@id":"https:\/\/hudo.com\/si\/aktualno\/slovenija-bo-v-prihodnjih-dveh-letih-posodobila-mejne-prehode\/"},"wordCount":78,"publisher":{"@id":"https:\/\/hudo.com\/si\/#organization"},"keywords":["mejni prehod","mejni prehodi","Slovenija"],"articleSection":["Aktualno"],"inLanguage":"sl-SI"},{"@type":"WebPage","@id":"https:\/\/hudo.com\/si\/aktualno\/slovenija-bo-v-prihodnjih-dveh-letih-posodobila-mejne-prehode\/","url":"https:\/\/hudo.com\/si\/aktualno\/slovenija-bo-v-prihodnjih-dveh-letih-posodobila-mejne-prehode\/","name":"Slovenija bo v prihodnjih dveh letih posodobila mejne prehode - Hudo Slovenija","isPartOf":{"@id":"https:\/\/hudo.com\/si\/#website"},"datePublished":"2018-08-14T16:25:42+00:00","dateModified":"2018-08-14T16:25:42+00:00","breadcrumb":{"@id":"https:\/\/hudo.com\/si\/aktualno\/slovenija-bo-v-prihodnjih-dveh-letih-posodobila-mejne-prehode\/#breadcrumb"},"inLanguage":"sl-SI","potentialAction":[{"@type":"ReadAction","target":["https:\/\/hudo.com\/si\/aktualno\/slovenija-bo-v-prihodnjih-dveh-letih-posodobila-mejne-prehode\/"]}]},{"@type":"BreadcrumbList","@id":"https:\/\/hudo.com\/si\/aktualno\/slovenija-bo-v-prihodnjih-dveh-letih-posodobila-mejne-prehode\/#breadcrumb","itemListElement":[{"@type":"ListItem","position":1,"name":"Home","item":"https:\/\/hudo.com\/si\/"},{"@type":"ListItem","position":2,"name":"Slovenija bo v prihodnjih dveh letih posodobila mejne prehode"}]},{"@type":"WebSite","@id":"https:\/\/hudo.com\/si\/#website","url":"https:\/\/hudo.com\/si\/","name":"Hudo Slovenija","description":"Vse novice iz Slovenije in sveta","publisher":{"@id":"https:\/\/hudo.com\/si\/#organization"},"potentialAction":[{"@type":"SearchAction","target":{"@type":"EntryPoint","urlTemplate":"https:\/\/hudo.com\/si\/?s={search_term_string}"},"query-input":"required name=search_term_string"}],"inLanguage":"sl-SI"},{"@type":"Organization","@id":"https:\/\/hudo.com\/si\/#organization","name":"VSN Media","url":"https:\/\/hudo.com\/si\/","logo":{"@type":"ImageObject","inLanguage":"sl-SI","@id":"https:\/\/hudo.com\/si\/#\/schema\/logo\/image\/","url":"https:\/\/hudo.com\/si\/wp-content\/uploads\/sites\/2\/2021\/03\/hudo-app-2.png","contentUrl":"https:\/\/hudo.com\/si\/wp-content\/uploads\/sites\/2\/2021\/03\/hudo-app-2.png","width":2185,"height":2167,"caption":"VSN Media"},"image":{"@id":"https:\/\/hudo.com\/si\/#\/schema\/logo\/image\/"},"sameAs":["https:\/\/www.facebook.com\/hudo.si","https:\/\/twitter.com\/hudo_si"]},{"@type":"Person","@id":"https:\/\/hudo.com\/si\/#\/schema\/person\/18f09c02475ba9e606e941a565b80cff","name":"A. P., STA","image":{"@type":"ImageObject","inLanguage":"sl-SI","@id":"https:\/\/hudo.com\/si\/#\/schema\/person\/image\/","url":"https:\/\/secure.gravatar.com\/avatar\/03eac8e609f5f04383125d80eaeaaf3e?s=96&d=mm&r=g","contentUrl":"https:\/\/secure.gravatar.com\/avatar\/03eac8e609f5f04383125d80eaeaaf3e?s=96&d=mm&r=g","caption":"A. P., STA"},"url":"https:\/\/hudo.com\/si\/author\/lubu\/"}]}},"amp_enabled":true,"_links":{"self":[{"href":"https:\/\/hudo.com\/si\/wp-json\/wp\/v2\/posts\/375680"}],"collection":[{"href":"https:\/\/hudo.com\/si\/wp-json\/wp\/v2\/posts"}],"about":[{"href":"https:\/\/hudo.com\/si\/wp-json\/wp\/v2\/types\/post"}],"author":[{"embeddable":true,"href":"https:\/\/hudo.com\/si\/wp-json\/wp\/v2\/users\/7"}],"replies":[{"embeddable":true,"href":"https:\/\/hudo.com\/si\/wp-json\/wp\/v2\/comments?post=375680"}],"version-history":[{"count":1,"href":"https:\/\/hudo.com\/si\/wp-json\/wp\/v2\/posts\/375680\/revisions"}],"predecessor-version":[{"id":375681,"href":"https:\/\/hudo.com\/si\/wp-json\/wp\/v2\/posts\/375680\/revisions\/375681"}],"wp:featuredmedia":[{"embeddable":true,"href":"https:\/\/hudo.com\/si\/wp-json\/wp\/v2\/media\/369948"}],"wp:attachment":[{"href":"https:\/\/hudo.com\/si\/wp-json\/wp\/v2\/media?parent=375680"}],"wp:term":[{"taxonomy":"category","embeddable":true,"href":"https:\/\/hudo.com\/si\/wp-json\/wp\/v2\/categories?post=375680"},{"taxonomy":"post_tag","embeddable":true,"href":"https:\/\/hudo.com\/si\/wp-json\/wp\/v2\/tags?post=375680"},{"taxonomy":"source","embeddable":true,"href":"https:\/\/hudo.com\/si\/wp-json\/wp\/v2\/source?post=375680"},{"taxonomy":"supertag","embeddable":true,"href":"https:\/\/hudo.com\/si\/wp-json\/wp\/v2\/supertag?post=375680"}],"curies":[{"name":"wp","href":"https:\/\/api.w.org\/{rel}","templated":true}]}}