{"id":375712,"date":"2018-08-15T14:54:12","date_gmt":"2018-08-15T12:54:12","guid":{"rendered":"http:\/\/hudo.com\/si\/?p=375712"},"modified":"2018-08-15T14:54:12","modified_gmt":"2018-08-15T12:54:12","slug":"v-genovi-nasteli-ze-vec-kot-40-zrtev-zrusenja-viadukta","status":"publish","type":"post","link":"https:\/\/hudo.com\/si\/aktualno\/v-genovi-nasteli-ze-vec-kot-40-zrtev-zrusenja-viadukta\/","title":{"rendered":"V Genovi na\u0161teli \u017ee ve\u010d kot 40 \u017ertev zru\u0161enja viadukta"},"content":{"rendered":"<div class=\"text\">\n<p>&#8220;Ta trenutek vemo za 42 mrtvih, med njimi treh mladoletnikov,&#8221; je za italijansko televizijo RAI povedal Cozzi. Notranji minister Matteo Salvini je pred tem povedal, da so med mrtvimi tudi trije otroci, stari 8, 12 in 13 let.<\/p>\n<p>V ru\u0161evinah viadukta okoli 240 re\u0161evalcev in gasilcev s pomo\u010djo lavinskih psov \u0161e naprej i\u0161\u010de morebitne pre\u017eivele, poro\u010da nem\u0161ka tiskovna agencija dpa.<\/p>\n<p>Vzrok nesre\u010de viadukta na avtocesti A10, ki povezuje italijansko riviero in jug Francije in ki se je v torek zru\u0161il pribli\u017eno 40 metrov globoko na naseljeno obmo\u010dje, \u0161e vedno ni znan. Strokovnjaki menijo, da je bil most, ki je bil zgrajen v 60. letih 20. stoletja, \u017ee v za\u010detku slabo zasnovan, poleg tega pa da je bil verjetno tudi \u017ee dotrajan in slabo vzdr\u017eevan.<\/p>\n<p>A upravljavec avtoceste in tudi viadukta Autostrade per l&#8217;Italija zatrjuje, da so izvajali redna preverjanja strukturne trdnosti viadukta in da so testiranja dajala dobre rezultate. Preverjanje so izvajali na podlagi programa, ki je bil usklajen tudi z ministrstvom za promet, so sporo\u010dili iz podjetja.<\/p>\n<p>S tem so se odzvali na zahteve ministra za promet Danila Toninellija, da bi moralo celotno vodstvo enega najve\u010djih upravljavcev italijanskih avtocest odstopiti. Napovedal je tudi, da bodo podjetju odvzeli koncesijo za upravljanje italijanskih avtocest in izdali kazen v vi\u0161ini do 150 milijonov evrov.<\/p>\n<p>Notranji minister Matteo Salvini je sicer odgovornost za nesre\u010do pripisal tudi Evropski uniji in zahtevam po prora\u010dunskih omejitvah. Napovedal je prenovo infrastrukture in da pri zagotavljanju varnosti ne bodo gledali na stro\u0161ke, predvsem pa ne na evropske omejitve glede prora\u010dunske porabe.<\/p>\n<p>Stro\u0161ki za varnost na cestah, pri delu in v \u0161olah, &#8220;na katerih se vseskozi ru\u0161ijo strehe&#8221;, ne morejo biti odvisni o privolitve EU, je poudaril vodja evroskepti\u010dne desni\u010darske Lige.<\/p>\n<p>Komentatorji v Bruslju se sicer glede teh Salvinijevih besed dr\u017eijo za glavo. Portal Politico navaja, da EU nima nobenih posebnih politik, ki bi urejale vzdr\u017eevanje mostov in viaduktov. Ima pa 315 milijard evrov vreden program za obnovo infrastrukture, Evropska komisija pa tudi izdaja letna priporo\u010dila dr\u017eavam, kako bi lahko pametneje porabila denar. Priporo\u010dila Italiji za leto 2018, objavljena po volitvah, so bodo\u010di vladi predlagala &#8220;bolj\u0161e usmerjena vlaganja v krepitev raziskav, inovacij, digitalnih ve\u0161\u010din in infrastrukture&#8221;, navaja Politico.<\/p>\n<\/div>\n","protected":false},"excerpt":{"rendered":"<p>Re\u0161evalci v Genovi so na\u0161li \u017ee 42 smrtnih \u017ertev torkovega zru\u0161enja viadukta, je sporo\u010dil dr\u017eavni to\u017eilec Francesco Cozzi. Ranjenih je 16 ljudi, od tega jih je 12 v kriti\u010dnem stanju. Iskanje med ru\u0161evinami pa se nadaljuje in \u0161tevilo mrtvih bi se utegnilo \u0161e povi\u0161ati, je opozoril to\u017eilec.<\/p>\n","protected":false},"author":5,"featured_media":375713,"comment_status":"closed","ping_status":"closed","sticky":false,"template":"","format":"standard","meta":{"footnotes":""},"categories":[1179],"tags":[2112,11743,1760,11747],"source":[4511],"supertag":[6103],"acf":[],"yoast_head":"<!-- This site is optimized with the Yoast SEO plugin v21.3 - https:\/\/yoast.com\/wordpress\/plugins\/seo\/ -->\n<title>V Genovi na\u0161teli \u017ee ve\u010d kot 40 \u017ertev zru\u0161enja viadukta - Hudo Slovenija<\/title>\n<meta name=\"robots\" content=\"index, follow, max-snippet:-1, max-image-preview:large, max-video-preview:-1\" \/>\n<link rel=\"canonical\" href=\"https:\/\/hudo.com\/si\/aktualno\/v-genovi-nasteli-ze-vec-kot-40-zrtev-zrusenja-viadukta\/\" \/>\n<meta property=\"og:locale\" content=\"sl_SI\" \/>\n<meta property=\"og:type\" content=\"article\" \/>\n<meta property=\"og:title\" content=\"V Genovi na\u0161teli \u017ee ve\u010d kot 40 \u017ertev zru\u0161enja viadukta - Hudo Slovenija\" \/>\n<meta property=\"og:description\" content=\"Re\u0161evalci v Genovi so na\u0161li \u017ee 42 smrtnih \u017ertev torkovega zru\u0161enja viadukta, je sporo\u010dil dr\u017eavni to\u017eilec Francesco Cozzi. Ranjenih je 16 ljudi, od tega jih je 12 v kriti\u010dnem stanju. Iskanje med ru\u0161evinami pa se nadaljuje in \u0161tevilo mrtvih bi se utegnilo \u0161e povi\u0161ati, je opozoril to\u017eilec.\" \/>\n<meta property=\"og:url\" content=\"https:\/\/hudo.com\/si\/aktualno\/v-genovi-nasteli-ze-vec-kot-40-zrtev-zrusenja-viadukta\/\" \/>\n<meta property=\"og:site_name\" content=\"Hudo Slovenija\" \/>\n<meta property=\"article:publisher\" content=\"https:\/\/www.facebook.com\/hudo.si\" \/>\n<meta property=\"article:published_time\" content=\"2018-08-15T12:54:12+00:00\" \/>\n<meta property=\"og:image\" content=\"https:\/\/hudo.com\/si\/wp-content\/uploads\/sites\/2\/2018\/08\/profimedia-0382528547.jpg\" \/>\n\t<meta property=\"og:image:width\" content=\"1250\" \/>\n\t<meta property=\"og:image:height\" content=\"834\" \/>\n\t<meta property=\"og:image:type\" content=\"image\/jpeg\" \/>\n<meta name=\"author\" content=\"A. G., STA\" \/>\n<meta name=\"twitter:card\" content=\"summary_large_image\" \/>\n<meta name=\"twitter:creator\" content=\"@hudo_si\" \/>\n<meta name=\"twitter:site\" content=\"@hudo_si\" \/>\n<meta name=\"twitter:label1\" content=\"Written by\" \/>\n\t<meta name=\"twitter:data1\" content=\"A. G., STA\" \/>\n\t<meta name=\"twitter:label2\" content=\"Est. reading time\" \/>\n\t<meta name=\"twitter:data2\" content=\"2 minuti\" \/>\n<script type=\"application\/ld+json\" class=\"yoast-schema-graph\">{\"@context\":\"https:\/\/schema.org\",\"@graph\":[{\"@type\":\"Article\",\"@id\":\"https:\/\/hudo.com\/si\/aktualno\/v-genovi-nasteli-ze-vec-kot-40-zrtev-zrusenja-viadukta\/#article\",\"isPartOf\":{\"@id\":\"https:\/\/hudo.com\/si\/aktualno\/v-genovi-nasteli-ze-vec-kot-40-zrtev-zrusenja-viadukta\/\"},\"author\":{\"name\":\"A. G., STA\",\"@id\":\"https:\/\/hudo.com\/si\/#\/schema\/person\/2391667a63ea075ba94f2f2dc6b77537\"},\"headline\":\"V Genovi na\u0161teli \u017ee ve\u010d kot 40 \u017ertev zru\u0161enja viadukta\",\"datePublished\":\"2018-08-15T12:54:12+00:00\",\"dateModified\":\"2018-08-15T12:54:12+00:00\",\"mainEntityOfPage\":{\"@id\":\"https:\/\/hudo.com\/si\/aktualno\/v-genovi-nasteli-ze-vec-kot-40-zrtev-zrusenja-viadukta\/\"},\"wordCount\":391,\"publisher\":{\"@id\":\"https:\/\/hudo.com\/si\/#organization\"},\"keywords\":[\"ceste\",\"Genova\",\"italija\",\"zru\u0161itev viadukta\"],\"articleSection\":[\"Aktualno\"],\"inLanguage\":\"sl-SI\"},{\"@type\":\"WebPage\",\"@id\":\"https:\/\/hudo.com\/si\/aktualno\/v-genovi-nasteli-ze-vec-kot-40-zrtev-zrusenja-viadukta\/\",\"url\":\"https:\/\/hudo.com\/si\/aktualno\/v-genovi-nasteli-ze-vec-kot-40-zrtev-zrusenja-viadukta\/\",\"name\":\"V Genovi na\u0161teli \u017ee ve\u010d kot 40 \u017ertev zru\u0161enja viadukta - Hudo Slovenija\",\"isPartOf\":{\"@id\":\"https:\/\/hudo.com\/si\/#website\"},\"datePublished\":\"2018-08-15T12:54:12+00:00\",\"dateModified\":\"2018-08-15T12:54:12+00:00\",\"breadcrumb\":{\"@id\":\"https:\/\/hudo.com\/si\/aktualno\/v-genovi-nasteli-ze-vec-kot-40-zrtev-zrusenja-viadukta\/#breadcrumb\"},\"inLanguage\":\"sl-SI\",\"potentialAction\":[{\"@type\":\"ReadAction\",\"target\":[\"https:\/\/hudo.com\/si\/aktualno\/v-genovi-nasteli-ze-vec-kot-40-zrtev-zrusenja-viadukta\/\"]}]},{\"@type\":\"BreadcrumbList\",\"@id\":\"https:\/\/hudo.com\/si\/aktualno\/v-genovi-nasteli-ze-vec-kot-40-zrtev-zrusenja-viadukta\/#breadcrumb\",\"itemListElement\":[{\"@type\":\"ListItem\",\"position\":1,\"name\":\"Home\",\"item\":\"https:\/\/hudo.com\/si\/\"},{\"@type\":\"ListItem\",\"position\":2,\"name\":\"V Genovi na\u0161teli \u017ee ve\u010d kot 40 \u017ertev zru\u0161enja viadukta\"}]},{\"@type\":\"WebSite\",\"@id\":\"https:\/\/hudo.com\/si\/#website\",\"url\":\"https:\/\/hudo.com\/si\/\",\"name\":\"Hudo Slovenija\",\"description\":\"Vse novice iz Slovenije in sveta\",\"publisher\":{\"@id\":\"https:\/\/hudo.com\/si\/#organization\"},\"potentialAction\":[{\"@type\":\"SearchAction\",\"target\":{\"@type\":\"EntryPoint\",\"urlTemplate\":\"https:\/\/hudo.com\/si\/?s={search_term_string}\"},\"query-input\":\"required name=search_term_string\"}],\"inLanguage\":\"sl-SI\"},{\"@type\":\"Organization\",\"@id\":\"https:\/\/hudo.com\/si\/#organization\",\"name\":\"VSN Media\",\"url\":\"https:\/\/hudo.com\/si\/\",\"logo\":{\"@type\":\"ImageObject\",\"inLanguage\":\"sl-SI\",\"@id\":\"https:\/\/hudo.com\/si\/#\/schema\/logo\/image\/\",\"url\":\"https:\/\/hudo.com\/si\/wp-content\/uploads\/sites\/2\/2021\/03\/hudo-app-2.png\",\"contentUrl\":\"https:\/\/hudo.com\/si\/wp-content\/uploads\/sites\/2\/2021\/03\/hudo-app-2.png\",\"width\":2185,\"height\":2167,\"caption\":\"VSN Media\"},\"image\":{\"@id\":\"https:\/\/hudo.com\/si\/#\/schema\/logo\/image\/\"},\"sameAs\":[\"https:\/\/www.facebook.com\/hudo.si\",\"https:\/\/twitter.com\/hudo_si\"]},{\"@type\":\"Person\",\"@id\":\"https:\/\/hudo.com\/si\/#\/schema\/person\/2391667a63ea075ba94f2f2dc6b77537\",\"name\":\"A. G., STA\",\"image\":{\"@type\":\"ImageObject\",\"inLanguage\":\"sl-SI\",\"@id\":\"https:\/\/hudo.com\/si\/#\/schema\/person\/image\/\",\"url\":\"https:\/\/secure.gravatar.com\/avatar\/e13d22ac3e442658d5025fbbe6238a79?s=96&d=mm&r=g\",\"contentUrl\":\"https:\/\/secure.gravatar.com\/avatar\/e13d22ac3e442658d5025fbbe6238a79?s=96&d=mm&r=g\",\"caption\":\"A. G., STA\"},\"url\":\"https:\/\/hudo.com\/si\/author\/alenka\/\"}]}<\/script>\n<!-- \/ Yoast SEO plugin. -->","yoast_head_json":{"title":"V Genovi na\u0161teli \u017ee ve\u010d kot 40 \u017ertev zru\u0161enja viadukta - Hudo Slovenija","robots":{"index":"index","follow":"follow","max-snippet":"max-snippet:-1","max-image-preview":"max-image-preview:large","max-video-preview":"max-video-preview:-1"},"canonical":"https:\/\/hudo.com\/si\/aktualno\/v-genovi-nasteli-ze-vec-kot-40-zrtev-zrusenja-viadukta\/","og_locale":"sl_SI","og_type":"article","og_title":"V Genovi na\u0161teli \u017ee ve\u010d kot 40 \u017ertev zru\u0161enja viadukta - Hudo Slovenija","og_description":"Re\u0161evalci v Genovi so na\u0161li \u017ee 42 smrtnih \u017ertev torkovega zru\u0161enja viadukta, je sporo\u010dil dr\u017eavni to\u017eilec Francesco Cozzi. Ranjenih je 16 ljudi, od tega jih je 12 v kriti\u010dnem stanju. Iskanje med ru\u0161evinami pa se nadaljuje in \u0161tevilo mrtvih bi se utegnilo \u0161e povi\u0161ati, je opozoril to\u017eilec.","og_url":"https:\/\/hudo.com\/si\/aktualno\/v-genovi-nasteli-ze-vec-kot-40-zrtev-zrusenja-viadukta\/","og_site_name":"Hudo Slovenija","article_publisher":"https:\/\/www.facebook.com\/hudo.si","article_published_time":"2018-08-15T12:54:12+00:00","og_image":[{"width":1250,"height":834,"url":"https:\/\/hudo.com\/si\/wp-content\/uploads\/sites\/2\/2018\/08\/profimedia-0382528547.jpg","type":"image\/jpeg"}],"author":"A. G., STA","twitter_card":"summary_large_image","twitter_creator":"@hudo_si","twitter_site":"@hudo_si","twitter_misc":{"Written by":"A. G., STA","Est. reading time":"2 minuti"},"schema":{"@context":"https:\/\/schema.org","@graph":[{"@type":"Article","@id":"https:\/\/hudo.com\/si\/aktualno\/v-genovi-nasteli-ze-vec-kot-40-zrtev-zrusenja-viadukta\/#article","isPartOf":{"@id":"https:\/\/hudo.com\/si\/aktualno\/v-genovi-nasteli-ze-vec-kot-40-zrtev-zrusenja-viadukta\/"},"author":{"name":"A. G., STA","@id":"https:\/\/hudo.com\/si\/#\/schema\/person\/2391667a63ea075ba94f2f2dc6b77537"},"headline":"V Genovi na\u0161teli \u017ee ve\u010d kot 40 \u017ertev zru\u0161enja viadukta","datePublished":"2018-08-15T12:54:12+00:00","dateModified":"2018-08-15T12:54:12+00:00","mainEntityOfPage":{"@id":"https:\/\/hudo.com\/si\/aktualno\/v-genovi-nasteli-ze-vec-kot-40-zrtev-zrusenja-viadukta\/"},"wordCount":391,"publisher":{"@id":"https:\/\/hudo.com\/si\/#organization"},"keywords":["ceste","Genova","italija","zru\u0161itev viadukta"],"articleSection":["Aktualno"],"inLanguage":"sl-SI"},{"@type":"WebPage","@id":"https:\/\/hudo.com\/si\/aktualno\/v-genovi-nasteli-ze-vec-kot-40-zrtev-zrusenja-viadukta\/","url":"https:\/\/hudo.com\/si\/aktualno\/v-genovi-nasteli-ze-vec-kot-40-zrtev-zrusenja-viadukta\/","name":"V Genovi na\u0161teli \u017ee ve\u010d kot 40 \u017ertev zru\u0161enja viadukta - Hudo Slovenija","isPartOf":{"@id":"https:\/\/hudo.com\/si\/#website"},"datePublished":"2018-08-15T12:54:12+00:00","dateModified":"2018-08-15T12:54:12+00:00","breadcrumb":{"@id":"https:\/\/hudo.com\/si\/aktualno\/v-genovi-nasteli-ze-vec-kot-40-zrtev-zrusenja-viadukta\/#breadcrumb"},"inLanguage":"sl-SI","potentialAction":[{"@type":"ReadAction","target":["https:\/\/hudo.com\/si\/aktualno\/v-genovi-nasteli-ze-vec-kot-40-zrtev-zrusenja-viadukta\/"]}]},{"@type":"BreadcrumbList","@id":"https:\/\/hudo.com\/si\/aktualno\/v-genovi-nasteli-ze-vec-kot-40-zrtev-zrusenja-viadukta\/#breadcrumb","itemListElement":[{"@type":"ListItem","position":1,"name":"Home","item":"https:\/\/hudo.com\/si\/"},{"@type":"ListItem","position":2,"name":"V Genovi na\u0161teli \u017ee ve\u010d kot 40 \u017ertev zru\u0161enja viadukta"}]},{"@type":"WebSite","@id":"https:\/\/hudo.com\/si\/#website","url":"https:\/\/hudo.com\/si\/","name":"Hudo Slovenija","description":"Vse novice iz Slovenije in sveta","publisher":{"@id":"https:\/\/hudo.com\/si\/#organization"},"potentialAction":[{"@type":"SearchAction","target":{"@type":"EntryPoint","urlTemplate":"https:\/\/hudo.com\/si\/?s={search_term_string}"},"query-input":"required name=search_term_string"}],"inLanguage":"sl-SI"},{"@type":"Organization","@id":"https:\/\/hudo.com\/si\/#organization","name":"VSN Media","url":"https:\/\/hudo.com\/si\/","logo":{"@type":"ImageObject","inLanguage":"sl-SI","@id":"https:\/\/hudo.com\/si\/#\/schema\/logo\/image\/","url":"https:\/\/hudo.com\/si\/wp-content\/uploads\/sites\/2\/2021\/03\/hudo-app-2.png","contentUrl":"https:\/\/hudo.com\/si\/wp-content\/uploads\/sites\/2\/2021\/03\/hudo-app-2.png","width":2185,"height":2167,"caption":"VSN Media"},"image":{"@id":"https:\/\/hudo.com\/si\/#\/schema\/logo\/image\/"},"sameAs":["https:\/\/www.facebook.com\/hudo.si","https:\/\/twitter.com\/hudo_si"]},{"@type":"Person","@id":"https:\/\/hudo.com\/si\/#\/schema\/person\/2391667a63ea075ba94f2f2dc6b77537","name":"A. G., STA","image":{"@type":"ImageObject","inLanguage":"sl-SI","@id":"https:\/\/hudo.com\/si\/#\/schema\/person\/image\/","url":"https:\/\/secure.gravatar.com\/avatar\/e13d22ac3e442658d5025fbbe6238a79?s=96&d=mm&r=g","contentUrl":"https:\/\/secure.gravatar.com\/avatar\/e13d22ac3e442658d5025fbbe6238a79?s=96&d=mm&r=g","caption":"A. G., STA"},"url":"https:\/\/hudo.com\/si\/author\/alenka\/"}]}},"amp_enabled":true,"_links":{"self":[{"href":"https:\/\/hudo.com\/si\/wp-json\/wp\/v2\/posts\/375712"}],"collection":[{"href":"https:\/\/hudo.com\/si\/wp-json\/wp\/v2\/posts"}],"about":[{"href":"https:\/\/hudo.com\/si\/wp-json\/wp\/v2\/types\/post"}],"author":[{"embeddable":true,"href":"https:\/\/hudo.com\/si\/wp-json\/wp\/v2\/users\/5"}],"replies":[{"embeddable":true,"href":"https:\/\/hudo.com\/si\/wp-json\/wp\/v2\/comments?post=375712"}],"version-history":[{"count":1,"href":"https:\/\/hudo.com\/si\/wp-json\/wp\/v2\/posts\/375712\/revisions"}],"predecessor-version":[{"id":375714,"href":"https:\/\/hudo.com\/si\/wp-json\/wp\/v2\/posts\/375712\/revisions\/375714"}],"wp:featuredmedia":[{"embeddable":true,"href":"https:\/\/hudo.com\/si\/wp-json\/wp\/v2\/media\/375713"}],"wp:attachment":[{"href":"https:\/\/hudo.com\/si\/wp-json\/wp\/v2\/media?parent=375712"}],"wp:term":[{"taxonomy":"category","embeddable":true,"href":"https:\/\/hudo.com\/si\/wp-json\/wp\/v2\/categories?post=375712"},{"taxonomy":"post_tag","embeddable":true,"href":"https:\/\/hudo.com\/si\/wp-json\/wp\/v2\/tags?post=375712"},{"taxonomy":"source","embeddable":true,"href":"https:\/\/hudo.com\/si\/wp-json\/wp\/v2\/source?post=375712"},{"taxonomy":"supertag","embeddable":true,"href":"https:\/\/hudo.com\/si\/wp-json\/wp\/v2\/supertag?post=375712"}],"curies":[{"name":"wp","href":"https:\/\/api.w.org\/{rel}","templated":true}]}}