{"id":375844,"date":"2018-08-18T11:11:00","date_gmt":"2018-08-18T09:11:00","guid":{"rendered":"http:\/\/hudo.com\/si\/?p=375844"},"modified":"2018-08-18T11:11:00","modified_gmt":"2018-08-18T09:11:00","slug":"tuji-mediji-sarec-resil-slovenijo-pred-orbanovim-vplivom","status":"publish","type":"post","link":"https:\/\/hudo.com\/si\/aktualno\/tuji-mediji-sarec-resil-slovenijo-pred-orbanovim-vplivom\/","title":{"rendered":"Tuji mediji: \u0160arec re\u0161il Slovenijo pred Orbanovim vplivom"},"content":{"rendered":"<p>Tiskovna agencija Reuters, ki navaja politi\u010dne analitike, pi\u0161e, da je pred novo vlado te\u017eka pot. Po njihovi oceni bo manj\u0161inska vlada najverjetneje nestabilna, te\u017eko bo uveljaviti resne reforme.<\/p>\n<p>Tudi ameri\u0161ka televizija NBC je poro\u010dala o potencialni \u0161ibkosti manj\u0161inske vlade. Spomnili so \u0161e na igralsko preteklost mandatarja ter da si je pridobil slavo z impresijami vodje SDS Janeza Jan\u0161e. Za NBC je \u0160arec zatrdil, da bo svojo novo vlogo vzel resno in da je \u017ee polo\u017eaj \u017eupana prevzel z vso resnostjo.<\/p>\n<p>Medtem ko je NBC Jan\u0161o primerjal z ameri\u0161kim predsednikom Donaldom Trumpom, je \u0160arec za televizijo dejal, da se njegovi politi\u010dni vidiki ne skladajo s Trumpovimi. Po njegovem prepri\u010danju namre\u010d definiciji, kaj je desno in kaj levo, nista pomembni. &#8220;Bolj pomembno je, da se trudimo v smeri operativne in u\u010dinkovite vlade,&#8221; je \u0161e dejal za NBC.<\/p>\n<p>V mo\u010d vlade so podvomili tudi pri ameri\u0161kemu Bloombergu, a so dodali, da \u0160ar\u010deva koalicija ozna\u010duje redek primer v Evropski uniji, kjer so se razdrobljene sredinske stranke uprle populisti\u010dnemu izzivalcu.<\/p>\n<p>Opozorili so, da se EU soo\u010da s porastom protipriseljenskih in evroskepti\u010dnih strank, ki zmagujejo na volitvah od Italije do Poljske. S potrditvijo \u0160arca za mandatarja pa so onemogo\u010dili &#8220;Jan\u0161i, zavezniku evroskepti\u010dnega mad\u017earskega premierja Viktorja Orbana, da se vrne na oblast&#8221;.<\/p>\n<p>Tudi britanski \u010dasnik Financial Times pi\u0161e, da je \u0160arec z nominacijo za premierja premagal desnega zaveznika mad\u017earskega premierja, ki je sicer zmagal na junijskih parlamentarnih volitvah. S tem pa se lahko pomirijo v Bruslju, kjer so se bali, da bi lahko Jan\u0161a sicer proevropsko dr\u017eavo potisnil bli\u017eje Vi\u0161egrajski \u010detverici.<\/p>\n<p>Ve\u010d avstrijskih medijev, ki \u0160arca navajajo kot politika, ki se upira establi\u0161mentu, medtem \u0161e pi\u0161e, da je pred njim sedaj te\u017eka naloga podelitve ministrstev, izpostavljajo pa, da je najverjetnej\u0161i kandidat za zunanjega ministra dosedanji premier Miro Cerar.<\/p>\n","protected":false},"excerpt":{"rendered":"<p>Mediji v Evropi in ZDA so poro\u010dali, da je mandatarju za sestavno nove vlade Marjanu \u0160arcu uspel vzpon od komika do premierja. Med drugim so ga ozna\u010dili za politika, ki se upira establi\u0161mentu, manj\u0161inska vlada pa po mnenju nekaterih navedenih strokovnjakov ne zagotavlja stabilnosti v Sloveniji, zaradi \u010desar predvidevajo pred\u010dasne volitve.<\/p>\n","protected":false},"author":7,"featured_media":375845,"comment_status":"closed","ping_status":"closed","sticky":false,"template":"","format":"standard","meta":{"footnotes":""},"categories":[1179],"tags":[7810,4615,1595,6130],"source":[4511],"supertag":[],"acf":[],"yoast_head":"<!-- This site is optimized with the Yoast SEO plugin v21.3 - https:\/\/yoast.com\/wordpress\/plugins\/seo\/ -->\n<title>Tuji mediji: \u0160arec re\u0161il Slovenijo pred Orbanovim vplivom - Hudo Slovenija<\/title>\n<meta name=\"robots\" content=\"index, follow, max-snippet:-1, max-image-preview:large, max-video-preview:-1\" \/>\n<link rel=\"canonical\" href=\"https:\/\/hudo.com\/si\/aktualno\/tuji-mediji-sarec-resil-slovenijo-pred-orbanovim-vplivom\/\" \/>\n<meta property=\"og:locale\" content=\"sl_SI\" \/>\n<meta property=\"og:type\" content=\"article\" \/>\n<meta property=\"og:title\" content=\"Tuji mediji: \u0160arec re\u0161il Slovenijo pred Orbanovim vplivom - Hudo Slovenija\" \/>\n<meta property=\"og:description\" content=\"Mediji v Evropi in ZDA so poro\u010dali, da je mandatarju za sestavno nove vlade Marjanu \u0160arcu uspel vzpon od komika do premierja. Med drugim so ga ozna\u010dili za politika, ki se upira establi\u0161mentu, manj\u0161inska vlada pa po mnenju nekaterih navedenih strokovnjakov ne zagotavlja stabilnosti v Sloveniji, zaradi \u010desar predvidevajo pred\u010dasne volitve.\" \/>\n<meta property=\"og:url\" content=\"https:\/\/hudo.com\/si\/aktualno\/tuji-mediji-sarec-resil-slovenijo-pred-orbanovim-vplivom\/\" \/>\n<meta property=\"og:site_name\" content=\"Hudo Slovenija\" \/>\n<meta property=\"article:publisher\" content=\"https:\/\/www.facebook.com\/hudo.si\" \/>\n<meta property=\"article:published_time\" content=\"2018-08-18T09:11:00+00:00\" \/>\n<meta property=\"og:image\" content=\"https:\/\/hudo.com\/si\/wp-content\/uploads\/sites\/2\/2018\/08\/20180511-00859294.jpg\" \/>\n\t<meta property=\"og:image:width\" content=\"640\" \/>\n\t<meta property=\"og:image:height\" content=\"426\" \/>\n\t<meta property=\"og:image:type\" content=\"image\/jpeg\" \/>\n<meta name=\"author\" content=\"A. P., STA\" \/>\n<meta name=\"twitter:card\" content=\"summary_large_image\" \/>\n<meta name=\"twitter:creator\" content=\"@hudo_si\" \/>\n<meta name=\"twitter:site\" content=\"@hudo_si\" \/>\n<meta name=\"twitter:label1\" content=\"Written by\" \/>\n\t<meta name=\"twitter:data1\" content=\"A. P., STA\" \/>\n\t<meta name=\"twitter:label2\" content=\"Est. reading time\" \/>\n\t<meta name=\"twitter:data2\" content=\"2 minuti\" \/>\n<script type=\"application\/ld+json\" class=\"yoast-schema-graph\">{\"@context\":\"https:\/\/schema.org\",\"@graph\":[{\"@type\":\"Article\",\"@id\":\"https:\/\/hudo.com\/si\/aktualno\/tuji-mediji-sarec-resil-slovenijo-pred-orbanovim-vplivom\/#article\",\"isPartOf\":{\"@id\":\"https:\/\/hudo.com\/si\/aktualno\/tuji-mediji-sarec-resil-slovenijo-pred-orbanovim-vplivom\/\"},\"author\":{\"name\":\"A. P., STA\",\"@id\":\"https:\/\/hudo.com\/si\/#\/schema\/person\/18f09c02475ba9e606e941a565b80cff\"},\"headline\":\"Tuji mediji: \u0160arec re\u0161il Slovenijo pred Orbanovim vplivom\",\"datePublished\":\"2018-08-18T09:11:00+00:00\",\"dateModified\":\"2018-08-18T09:11:00+00:00\",\"mainEntityOfPage\":{\"@id\":\"https:\/\/hudo.com\/si\/aktualno\/tuji-mediji-sarec-resil-slovenijo-pred-orbanovim-vplivom\/\"},\"wordCount\":335,\"publisher\":{\"@id\":\"https:\/\/hudo.com\/si\/#organization\"},\"keywords\":[\"Marjan \u0160arec\",\"mediji\",\"Slovenija\",\"viktor orban\"],\"articleSection\":[\"Aktualno\"],\"inLanguage\":\"sl-SI\"},{\"@type\":\"WebPage\",\"@id\":\"https:\/\/hudo.com\/si\/aktualno\/tuji-mediji-sarec-resil-slovenijo-pred-orbanovim-vplivom\/\",\"url\":\"https:\/\/hudo.com\/si\/aktualno\/tuji-mediji-sarec-resil-slovenijo-pred-orbanovim-vplivom\/\",\"name\":\"Tuji mediji: \u0160arec re\u0161il Slovenijo pred Orbanovim vplivom - Hudo Slovenija\",\"isPartOf\":{\"@id\":\"https:\/\/hudo.com\/si\/#website\"},\"datePublished\":\"2018-08-18T09:11:00+00:00\",\"dateModified\":\"2018-08-18T09:11:00+00:00\",\"breadcrumb\":{\"@id\":\"https:\/\/hudo.com\/si\/aktualno\/tuji-mediji-sarec-resil-slovenijo-pred-orbanovim-vplivom\/#breadcrumb\"},\"inLanguage\":\"sl-SI\",\"potentialAction\":[{\"@type\":\"ReadAction\",\"target\":[\"https:\/\/hudo.com\/si\/aktualno\/tuji-mediji-sarec-resil-slovenijo-pred-orbanovim-vplivom\/\"]}]},{\"@type\":\"BreadcrumbList\",\"@id\":\"https:\/\/hudo.com\/si\/aktualno\/tuji-mediji-sarec-resil-slovenijo-pred-orbanovim-vplivom\/#breadcrumb\",\"itemListElement\":[{\"@type\":\"ListItem\",\"position\":1,\"name\":\"Home\",\"item\":\"https:\/\/hudo.com\/si\/\"},{\"@type\":\"ListItem\",\"position\":2,\"name\":\"Tuji mediji: \u0160arec re\u0161il Slovenijo pred Orbanovim vplivom\"}]},{\"@type\":\"WebSite\",\"@id\":\"https:\/\/hudo.com\/si\/#website\",\"url\":\"https:\/\/hudo.com\/si\/\",\"name\":\"Hudo Slovenija\",\"description\":\"Vse novice iz Slovenije in sveta\",\"publisher\":{\"@id\":\"https:\/\/hudo.com\/si\/#organization\"},\"potentialAction\":[{\"@type\":\"SearchAction\",\"target\":{\"@type\":\"EntryPoint\",\"urlTemplate\":\"https:\/\/hudo.com\/si\/?s={search_term_string}\"},\"query-input\":\"required name=search_term_string\"}],\"inLanguage\":\"sl-SI\"},{\"@type\":\"Organization\",\"@id\":\"https:\/\/hudo.com\/si\/#organization\",\"name\":\"VSN Media\",\"url\":\"https:\/\/hudo.com\/si\/\",\"logo\":{\"@type\":\"ImageObject\",\"inLanguage\":\"sl-SI\",\"@id\":\"https:\/\/hudo.com\/si\/#\/schema\/logo\/image\/\",\"url\":\"https:\/\/hudo.com\/si\/wp-content\/uploads\/sites\/2\/2021\/03\/hudo-app-2.png\",\"contentUrl\":\"https:\/\/hudo.com\/si\/wp-content\/uploads\/sites\/2\/2021\/03\/hudo-app-2.png\",\"width\":2185,\"height\":2167,\"caption\":\"VSN Media\"},\"image\":{\"@id\":\"https:\/\/hudo.com\/si\/#\/schema\/logo\/image\/\"},\"sameAs\":[\"https:\/\/www.facebook.com\/hudo.si\",\"https:\/\/twitter.com\/hudo_si\"]},{\"@type\":\"Person\",\"@id\":\"https:\/\/hudo.com\/si\/#\/schema\/person\/18f09c02475ba9e606e941a565b80cff\",\"name\":\"A. P., STA\",\"image\":{\"@type\":\"ImageObject\",\"inLanguage\":\"sl-SI\",\"@id\":\"https:\/\/hudo.com\/si\/#\/schema\/person\/image\/\",\"url\":\"https:\/\/secure.gravatar.com\/avatar\/03eac8e609f5f04383125d80eaeaaf3e?s=96&d=mm&r=g\",\"contentUrl\":\"https:\/\/secure.gravatar.com\/avatar\/03eac8e609f5f04383125d80eaeaaf3e?s=96&d=mm&r=g\",\"caption\":\"A. P., STA\"},\"url\":\"https:\/\/hudo.com\/si\/author\/lubu\/\"}]}<\/script>\n<!-- \/ Yoast SEO plugin. -->","yoast_head_json":{"title":"Tuji mediji: \u0160arec re\u0161il Slovenijo pred Orbanovim vplivom - Hudo Slovenija","robots":{"index":"index","follow":"follow","max-snippet":"max-snippet:-1","max-image-preview":"max-image-preview:large","max-video-preview":"max-video-preview:-1"},"canonical":"https:\/\/hudo.com\/si\/aktualno\/tuji-mediji-sarec-resil-slovenijo-pred-orbanovim-vplivom\/","og_locale":"sl_SI","og_type":"article","og_title":"Tuji mediji: \u0160arec re\u0161il Slovenijo pred Orbanovim vplivom - Hudo Slovenija","og_description":"Mediji v Evropi in ZDA so poro\u010dali, da je mandatarju za sestavno nove vlade Marjanu \u0160arcu uspel vzpon od komika do premierja. Med drugim so ga ozna\u010dili za politika, ki se upira establi\u0161mentu, manj\u0161inska vlada pa po mnenju nekaterih navedenih strokovnjakov ne zagotavlja stabilnosti v Sloveniji, zaradi \u010desar predvidevajo pred\u010dasne volitve.","og_url":"https:\/\/hudo.com\/si\/aktualno\/tuji-mediji-sarec-resil-slovenijo-pred-orbanovim-vplivom\/","og_site_name":"Hudo Slovenija","article_publisher":"https:\/\/www.facebook.com\/hudo.si","article_published_time":"2018-08-18T09:11:00+00:00","og_image":[{"width":640,"height":426,"url":"https:\/\/hudo.com\/si\/wp-content\/uploads\/sites\/2\/2018\/08\/20180511-00859294.jpg","type":"image\/jpeg"}],"author":"A. P., STA","twitter_card":"summary_large_image","twitter_creator":"@hudo_si","twitter_site":"@hudo_si","twitter_misc":{"Written by":"A. P., STA","Est. reading time":"2 minuti"},"schema":{"@context":"https:\/\/schema.org","@graph":[{"@type":"Article","@id":"https:\/\/hudo.com\/si\/aktualno\/tuji-mediji-sarec-resil-slovenijo-pred-orbanovim-vplivom\/#article","isPartOf":{"@id":"https:\/\/hudo.com\/si\/aktualno\/tuji-mediji-sarec-resil-slovenijo-pred-orbanovim-vplivom\/"},"author":{"name":"A. P., STA","@id":"https:\/\/hudo.com\/si\/#\/schema\/person\/18f09c02475ba9e606e941a565b80cff"},"headline":"Tuji mediji: \u0160arec re\u0161il Slovenijo pred Orbanovim vplivom","datePublished":"2018-08-18T09:11:00+00:00","dateModified":"2018-08-18T09:11:00+00:00","mainEntityOfPage":{"@id":"https:\/\/hudo.com\/si\/aktualno\/tuji-mediji-sarec-resil-slovenijo-pred-orbanovim-vplivom\/"},"wordCount":335,"publisher":{"@id":"https:\/\/hudo.com\/si\/#organization"},"keywords":["Marjan \u0160arec","mediji","Slovenija","viktor orban"],"articleSection":["Aktualno"],"inLanguage":"sl-SI"},{"@type":"WebPage","@id":"https:\/\/hudo.com\/si\/aktualno\/tuji-mediji-sarec-resil-slovenijo-pred-orbanovim-vplivom\/","url":"https:\/\/hudo.com\/si\/aktualno\/tuji-mediji-sarec-resil-slovenijo-pred-orbanovim-vplivom\/","name":"Tuji mediji: \u0160arec re\u0161il Slovenijo pred Orbanovim vplivom - Hudo Slovenija","isPartOf":{"@id":"https:\/\/hudo.com\/si\/#website"},"datePublished":"2018-08-18T09:11:00+00:00","dateModified":"2018-08-18T09:11:00+00:00","breadcrumb":{"@id":"https:\/\/hudo.com\/si\/aktualno\/tuji-mediji-sarec-resil-slovenijo-pred-orbanovim-vplivom\/#breadcrumb"},"inLanguage":"sl-SI","potentialAction":[{"@type":"ReadAction","target":["https:\/\/hudo.com\/si\/aktualno\/tuji-mediji-sarec-resil-slovenijo-pred-orbanovim-vplivom\/"]}]},{"@type":"BreadcrumbList","@id":"https:\/\/hudo.com\/si\/aktualno\/tuji-mediji-sarec-resil-slovenijo-pred-orbanovim-vplivom\/#breadcrumb","itemListElement":[{"@type":"ListItem","position":1,"name":"Home","item":"https:\/\/hudo.com\/si\/"},{"@type":"ListItem","position":2,"name":"Tuji mediji: \u0160arec re\u0161il Slovenijo pred Orbanovim vplivom"}]},{"@type":"WebSite","@id":"https:\/\/hudo.com\/si\/#website","url":"https:\/\/hudo.com\/si\/","name":"Hudo Slovenija","description":"Vse novice iz Slovenije in sveta","publisher":{"@id":"https:\/\/hudo.com\/si\/#organization"},"potentialAction":[{"@type":"SearchAction","target":{"@type":"EntryPoint","urlTemplate":"https:\/\/hudo.com\/si\/?s={search_term_string}"},"query-input":"required name=search_term_string"}],"inLanguage":"sl-SI"},{"@type":"Organization","@id":"https:\/\/hudo.com\/si\/#organization","name":"VSN Media","url":"https:\/\/hudo.com\/si\/","logo":{"@type":"ImageObject","inLanguage":"sl-SI","@id":"https:\/\/hudo.com\/si\/#\/schema\/logo\/image\/","url":"https:\/\/hudo.com\/si\/wp-content\/uploads\/sites\/2\/2021\/03\/hudo-app-2.png","contentUrl":"https:\/\/hudo.com\/si\/wp-content\/uploads\/sites\/2\/2021\/03\/hudo-app-2.png","width":2185,"height":2167,"caption":"VSN Media"},"image":{"@id":"https:\/\/hudo.com\/si\/#\/schema\/logo\/image\/"},"sameAs":["https:\/\/www.facebook.com\/hudo.si","https:\/\/twitter.com\/hudo_si"]},{"@type":"Person","@id":"https:\/\/hudo.com\/si\/#\/schema\/person\/18f09c02475ba9e606e941a565b80cff","name":"A. P., STA","image":{"@type":"ImageObject","inLanguage":"sl-SI","@id":"https:\/\/hudo.com\/si\/#\/schema\/person\/image\/","url":"https:\/\/secure.gravatar.com\/avatar\/03eac8e609f5f04383125d80eaeaaf3e?s=96&d=mm&r=g","contentUrl":"https:\/\/secure.gravatar.com\/avatar\/03eac8e609f5f04383125d80eaeaaf3e?s=96&d=mm&r=g","caption":"A. P., STA"},"url":"https:\/\/hudo.com\/si\/author\/lubu\/"}]}},"amp_enabled":true,"_links":{"self":[{"href":"https:\/\/hudo.com\/si\/wp-json\/wp\/v2\/posts\/375844"}],"collection":[{"href":"https:\/\/hudo.com\/si\/wp-json\/wp\/v2\/posts"}],"about":[{"href":"https:\/\/hudo.com\/si\/wp-json\/wp\/v2\/types\/post"}],"author":[{"embeddable":true,"href":"https:\/\/hudo.com\/si\/wp-json\/wp\/v2\/users\/7"}],"replies":[{"embeddable":true,"href":"https:\/\/hudo.com\/si\/wp-json\/wp\/v2\/comments?post=375844"}],"version-history":[{"count":1,"href":"https:\/\/hudo.com\/si\/wp-json\/wp\/v2\/posts\/375844\/revisions"}],"predecessor-version":[{"id":375846,"href":"https:\/\/hudo.com\/si\/wp-json\/wp\/v2\/posts\/375844\/revisions\/375846"}],"wp:featuredmedia":[{"embeddable":true,"href":"https:\/\/hudo.com\/si\/wp-json\/wp\/v2\/media\/375845"}],"wp:attachment":[{"href":"https:\/\/hudo.com\/si\/wp-json\/wp\/v2\/media?parent=375844"}],"wp:term":[{"taxonomy":"category","embeddable":true,"href":"https:\/\/hudo.com\/si\/wp-json\/wp\/v2\/categories?post=375844"},{"taxonomy":"post_tag","embeddable":true,"href":"https:\/\/hudo.com\/si\/wp-json\/wp\/v2\/tags?post=375844"},{"taxonomy":"source","embeddable":true,"href":"https:\/\/hudo.com\/si\/wp-json\/wp\/v2\/source?post=375844"},{"taxonomy":"supertag","embeddable":true,"href":"https:\/\/hudo.com\/si\/wp-json\/wp\/v2\/supertag?post=375844"}],"curies":[{"name":"wp","href":"https:\/\/api.w.org\/{rel}","templated":true}]}}