{"id":375850,"date":"2018-08-18T13:27:01","date_gmt":"2018-08-18T11:27:01","guid":{"rendered":"http:\/\/hudo.com\/si\/?p=375850"},"modified":"2018-08-18T13:27:24","modified_gmt":"2018-08-18T11:27:24","slug":"v-80-letu-umrl-nekdanji-generalni-sekretar-zn-kofi-annan","status":"publish","type":"post","link":"https:\/\/hudo.com\/si\/aktualno\/v-80-letu-umrl-nekdanji-generalni-sekretar-zn-kofi-annan\/","title":{"rendered":"V 80. letu umrl nekdanji generalni sekretar ZN Kofi Annan"},"content":{"rendered":"<p>\u017dalostno novico sta sporo\u010dili dru\u017eina Kofija Annana in njegova fundacija. V svojem celem \u017eivljenju se je boril za pravi\u010den in miren svet, so \u0161e zapisali.<\/p>\n<p>V njegovih zadnjih dneh so ga obkro\u017eali najbli\u017eji &#8211; \u017eena Nane in otroci Ama, Kojo in Nina.<\/p>\n<p>Zdru\u017eene narode je politik iz Gane vodil dva mandata, od leta 1997 do 2006, kasneje pa je postal posebni odposlanec ZN za Sirijo. Med zadnjimi podeljenimi mu nalogami je bila vloga posrednika v konfliktu med Mjanmarom in muslimansko manj\u0161ino Rohingya. Zadnja leta je \u017eivel v \u0160vici.<\/p>\n<p>Trenutni generalni sekretar ZN Antionio Guterres je sporo\u010dil, da ga je vest raz\u017ealostila. Annana je opisal kot vodilno silo za dobro. &#8220;Vzpel se je po polo\u017eajih, da je vodil organizacijo v novo tiso\u010dletje z neprimerljivim dostojanstvom in odlo\u010dnostjo,&#8221; navaja Guterresa francoska tiskovna agencija AFP.<\/p>\n","protected":false},"excerpt":{"rendered":"<p>V starosti 80 let je v bolni\u0161nici v \u0160vici preminil nekdanji generalni sekretar Zdru\u017eenih narodov Kofi Annan, so danes sporo\u010dili iz Mednarodne organizacije za migracije (IOM). Prvi afri\u0161ki politik na polo\u017eaju generalnega sekretarja ZN in Nobelov nagrajenec je umrl danes zjutraj po kraj\u0161i bolezni.<\/p>\n","protected":false},"author":7,"featured_media":375851,"comment_status":"closed","ping_status":"closed","sticky":false,"template":"","format":"standard","meta":{"footnotes":""},"categories":[1179],"tags":[11765,4669],"source":[4511],"supertag":[],"acf":[],"yoast_head":"<!-- This site is optimized with the Yoast SEO plugin v21.3 - https:\/\/yoast.com\/wordpress\/plugins\/seo\/ -->\n<title>V 80. letu umrl nekdanji generalni sekretar ZN Kofi Annan - Hudo Slovenija<\/title>\n<meta name=\"robots\" content=\"index, follow, max-snippet:-1, max-image-preview:large, max-video-preview:-1\" \/>\n<link rel=\"canonical\" href=\"https:\/\/hudo.com\/si\/aktualno\/v-80-letu-umrl-nekdanji-generalni-sekretar-zn-kofi-annan\/\" \/>\n<meta property=\"og:locale\" content=\"sl_SI\" \/>\n<meta property=\"og:type\" content=\"article\" \/>\n<meta property=\"og:title\" content=\"V 80. letu umrl nekdanji generalni sekretar ZN Kofi Annan - Hudo Slovenija\" \/>\n<meta property=\"og:description\" content=\"V starosti 80 let je v bolni\u0161nici v \u0160vici preminil nekdanji generalni sekretar Zdru\u017eenih narodov Kofi Annan, so danes sporo\u010dili iz Mednarodne organizacije za migracije (IOM). Prvi afri\u0161ki politik na polo\u017eaju generalnega sekretarja ZN in Nobelov nagrajenec je umrl danes zjutraj po kraj\u0161i bolezni.\" \/>\n<meta property=\"og:url\" content=\"https:\/\/hudo.com\/si\/aktualno\/v-80-letu-umrl-nekdanji-generalni-sekretar-zn-kofi-annan\/\" \/>\n<meta property=\"og:site_name\" content=\"Hudo Slovenija\" \/>\n<meta property=\"article:publisher\" content=\"https:\/\/www.facebook.com\/hudo.si\" \/>\n<meta property=\"article:published_time\" content=\"2018-08-18T11:27:01+00:00\" \/>\n<meta property=\"article:modified_time\" content=\"2018-08-18T11:27:24+00:00\" \/>\n<meta property=\"og:image\" content=\"https:\/\/hudo.com\/si\/wp-content\/uploads\/sites\/2\/2018\/08\/profimedia-0383032945.jpg\" \/>\n\t<meta property=\"og:image:width\" content=\"1250\" \/>\n\t<meta property=\"og:image:height\" content=\"833\" \/>\n\t<meta property=\"og:image:type\" content=\"image\/jpeg\" \/>\n<meta name=\"author\" content=\"A. P., STA\" \/>\n<meta name=\"twitter:card\" content=\"summary_large_image\" \/>\n<meta name=\"twitter:creator\" content=\"@hudo_si\" \/>\n<meta name=\"twitter:site\" content=\"@hudo_si\" \/>\n<meta name=\"twitter:label1\" content=\"Written by\" \/>\n\t<meta name=\"twitter:data1\" content=\"A. P., STA\" \/>\n\t<meta name=\"twitter:label2\" content=\"Est. reading time\" \/>\n\t<meta name=\"twitter:data2\" content=\"1 minuta\" \/>\n<script type=\"application\/ld+json\" class=\"yoast-schema-graph\">{\"@context\":\"https:\/\/schema.org\",\"@graph\":[{\"@type\":\"Article\",\"@id\":\"https:\/\/hudo.com\/si\/aktualno\/v-80-letu-umrl-nekdanji-generalni-sekretar-zn-kofi-annan\/#article\",\"isPartOf\":{\"@id\":\"https:\/\/hudo.com\/si\/aktualno\/v-80-letu-umrl-nekdanji-generalni-sekretar-zn-kofi-annan\/\"},\"author\":{\"name\":\"A. P., STA\",\"@id\":\"https:\/\/hudo.com\/si\/#\/schema\/person\/18f09c02475ba9e606e941a565b80cff\"},\"headline\":\"V 80. letu umrl nekdanji generalni sekretar ZN Kofi Annan\",\"datePublished\":\"2018-08-18T11:27:01+00:00\",\"dateModified\":\"2018-08-18T11:27:24+00:00\",\"mainEntityOfPage\":{\"@id\":\"https:\/\/hudo.com\/si\/aktualno\/v-80-letu-umrl-nekdanji-generalni-sekretar-zn-kofi-annan\/\"},\"wordCount\":151,\"publisher\":{\"@id\":\"https:\/\/hudo.com\/si\/#organization\"},\"keywords\":[\"kofi annan\",\"ZN\"],\"articleSection\":[\"Aktualno\"],\"inLanguage\":\"sl-SI\"},{\"@type\":\"WebPage\",\"@id\":\"https:\/\/hudo.com\/si\/aktualno\/v-80-letu-umrl-nekdanji-generalni-sekretar-zn-kofi-annan\/\",\"url\":\"https:\/\/hudo.com\/si\/aktualno\/v-80-letu-umrl-nekdanji-generalni-sekretar-zn-kofi-annan\/\",\"name\":\"V 80. letu umrl nekdanji generalni sekretar ZN Kofi Annan - Hudo Slovenija\",\"isPartOf\":{\"@id\":\"https:\/\/hudo.com\/si\/#website\"},\"datePublished\":\"2018-08-18T11:27:01+00:00\",\"dateModified\":\"2018-08-18T11:27:24+00:00\",\"breadcrumb\":{\"@id\":\"https:\/\/hudo.com\/si\/aktualno\/v-80-letu-umrl-nekdanji-generalni-sekretar-zn-kofi-annan\/#breadcrumb\"},\"inLanguage\":\"sl-SI\",\"potentialAction\":[{\"@type\":\"ReadAction\",\"target\":[\"https:\/\/hudo.com\/si\/aktualno\/v-80-letu-umrl-nekdanji-generalni-sekretar-zn-kofi-annan\/\"]}]},{\"@type\":\"BreadcrumbList\",\"@id\":\"https:\/\/hudo.com\/si\/aktualno\/v-80-letu-umrl-nekdanji-generalni-sekretar-zn-kofi-annan\/#breadcrumb\",\"itemListElement\":[{\"@type\":\"ListItem\",\"position\":1,\"name\":\"Home\",\"item\":\"https:\/\/hudo.com\/si\/\"},{\"@type\":\"ListItem\",\"position\":2,\"name\":\"V 80. letu umrl nekdanji generalni sekretar ZN Kofi Annan\"}]},{\"@type\":\"WebSite\",\"@id\":\"https:\/\/hudo.com\/si\/#website\",\"url\":\"https:\/\/hudo.com\/si\/\",\"name\":\"Hudo Slovenija\",\"description\":\"Vse novice iz Slovenije in sveta\",\"publisher\":{\"@id\":\"https:\/\/hudo.com\/si\/#organization\"},\"potentialAction\":[{\"@type\":\"SearchAction\",\"target\":{\"@type\":\"EntryPoint\",\"urlTemplate\":\"https:\/\/hudo.com\/si\/?s={search_term_string}\"},\"query-input\":\"required name=search_term_string\"}],\"inLanguage\":\"sl-SI\"},{\"@type\":\"Organization\",\"@id\":\"https:\/\/hudo.com\/si\/#organization\",\"name\":\"VSN Media\",\"url\":\"https:\/\/hudo.com\/si\/\",\"logo\":{\"@type\":\"ImageObject\",\"inLanguage\":\"sl-SI\",\"@id\":\"https:\/\/hudo.com\/si\/#\/schema\/logo\/image\/\",\"url\":\"https:\/\/hudo.com\/si\/wp-content\/uploads\/sites\/2\/2021\/03\/hudo-app-2.png\",\"contentUrl\":\"https:\/\/hudo.com\/si\/wp-content\/uploads\/sites\/2\/2021\/03\/hudo-app-2.png\",\"width\":2185,\"height\":2167,\"caption\":\"VSN Media\"},\"image\":{\"@id\":\"https:\/\/hudo.com\/si\/#\/schema\/logo\/image\/\"},\"sameAs\":[\"https:\/\/www.facebook.com\/hudo.si\",\"https:\/\/twitter.com\/hudo_si\"]},{\"@type\":\"Person\",\"@id\":\"https:\/\/hudo.com\/si\/#\/schema\/person\/18f09c02475ba9e606e941a565b80cff\",\"name\":\"A. P., STA\",\"image\":{\"@type\":\"ImageObject\",\"inLanguage\":\"sl-SI\",\"@id\":\"https:\/\/hudo.com\/si\/#\/schema\/person\/image\/\",\"url\":\"https:\/\/secure.gravatar.com\/avatar\/03eac8e609f5f04383125d80eaeaaf3e?s=96&d=mm&r=g\",\"contentUrl\":\"https:\/\/secure.gravatar.com\/avatar\/03eac8e609f5f04383125d80eaeaaf3e?s=96&d=mm&r=g\",\"caption\":\"A. P., STA\"},\"url\":\"https:\/\/hudo.com\/si\/author\/lubu\/\"}]}<\/script>\n<!-- \/ Yoast SEO plugin. -->","yoast_head_json":{"title":"V 80. letu umrl nekdanji generalni sekretar ZN Kofi Annan - Hudo Slovenija","robots":{"index":"index","follow":"follow","max-snippet":"max-snippet:-1","max-image-preview":"max-image-preview:large","max-video-preview":"max-video-preview:-1"},"canonical":"https:\/\/hudo.com\/si\/aktualno\/v-80-letu-umrl-nekdanji-generalni-sekretar-zn-kofi-annan\/","og_locale":"sl_SI","og_type":"article","og_title":"V 80. letu umrl nekdanji generalni sekretar ZN Kofi Annan - Hudo Slovenija","og_description":"V starosti 80 let je v bolni\u0161nici v \u0160vici preminil nekdanji generalni sekretar Zdru\u017eenih narodov Kofi Annan, so danes sporo\u010dili iz Mednarodne organizacije za migracije (IOM). Prvi afri\u0161ki politik na polo\u017eaju generalnega sekretarja ZN in Nobelov nagrajenec je umrl danes zjutraj po kraj\u0161i bolezni.","og_url":"https:\/\/hudo.com\/si\/aktualno\/v-80-letu-umrl-nekdanji-generalni-sekretar-zn-kofi-annan\/","og_site_name":"Hudo Slovenija","article_publisher":"https:\/\/www.facebook.com\/hudo.si","article_published_time":"2018-08-18T11:27:01+00:00","article_modified_time":"2018-08-18T11:27:24+00:00","og_image":[{"width":1250,"height":833,"url":"https:\/\/hudo.com\/si\/wp-content\/uploads\/sites\/2\/2018\/08\/profimedia-0383032945.jpg","type":"image\/jpeg"}],"author":"A. P., STA","twitter_card":"summary_large_image","twitter_creator":"@hudo_si","twitter_site":"@hudo_si","twitter_misc":{"Written by":"A. P., STA","Est. reading time":"1 minuta"},"schema":{"@context":"https:\/\/schema.org","@graph":[{"@type":"Article","@id":"https:\/\/hudo.com\/si\/aktualno\/v-80-letu-umrl-nekdanji-generalni-sekretar-zn-kofi-annan\/#article","isPartOf":{"@id":"https:\/\/hudo.com\/si\/aktualno\/v-80-letu-umrl-nekdanji-generalni-sekretar-zn-kofi-annan\/"},"author":{"name":"A. P., STA","@id":"https:\/\/hudo.com\/si\/#\/schema\/person\/18f09c02475ba9e606e941a565b80cff"},"headline":"V 80. letu umrl nekdanji generalni sekretar ZN Kofi Annan","datePublished":"2018-08-18T11:27:01+00:00","dateModified":"2018-08-18T11:27:24+00:00","mainEntityOfPage":{"@id":"https:\/\/hudo.com\/si\/aktualno\/v-80-letu-umrl-nekdanji-generalni-sekretar-zn-kofi-annan\/"},"wordCount":151,"publisher":{"@id":"https:\/\/hudo.com\/si\/#organization"},"keywords":["kofi annan","ZN"],"articleSection":["Aktualno"],"inLanguage":"sl-SI"},{"@type":"WebPage","@id":"https:\/\/hudo.com\/si\/aktualno\/v-80-letu-umrl-nekdanji-generalni-sekretar-zn-kofi-annan\/","url":"https:\/\/hudo.com\/si\/aktualno\/v-80-letu-umrl-nekdanji-generalni-sekretar-zn-kofi-annan\/","name":"V 80. letu umrl nekdanji generalni sekretar ZN Kofi Annan - Hudo Slovenija","isPartOf":{"@id":"https:\/\/hudo.com\/si\/#website"},"datePublished":"2018-08-18T11:27:01+00:00","dateModified":"2018-08-18T11:27:24+00:00","breadcrumb":{"@id":"https:\/\/hudo.com\/si\/aktualno\/v-80-letu-umrl-nekdanji-generalni-sekretar-zn-kofi-annan\/#breadcrumb"},"inLanguage":"sl-SI","potentialAction":[{"@type":"ReadAction","target":["https:\/\/hudo.com\/si\/aktualno\/v-80-letu-umrl-nekdanji-generalni-sekretar-zn-kofi-annan\/"]}]},{"@type":"BreadcrumbList","@id":"https:\/\/hudo.com\/si\/aktualno\/v-80-letu-umrl-nekdanji-generalni-sekretar-zn-kofi-annan\/#breadcrumb","itemListElement":[{"@type":"ListItem","position":1,"name":"Home","item":"https:\/\/hudo.com\/si\/"},{"@type":"ListItem","position":2,"name":"V 80. letu umrl nekdanji generalni sekretar ZN Kofi Annan"}]},{"@type":"WebSite","@id":"https:\/\/hudo.com\/si\/#website","url":"https:\/\/hudo.com\/si\/","name":"Hudo Slovenija","description":"Vse novice iz Slovenije in sveta","publisher":{"@id":"https:\/\/hudo.com\/si\/#organization"},"potentialAction":[{"@type":"SearchAction","target":{"@type":"EntryPoint","urlTemplate":"https:\/\/hudo.com\/si\/?s={search_term_string}"},"query-input":"required name=search_term_string"}],"inLanguage":"sl-SI"},{"@type":"Organization","@id":"https:\/\/hudo.com\/si\/#organization","name":"VSN Media","url":"https:\/\/hudo.com\/si\/","logo":{"@type":"ImageObject","inLanguage":"sl-SI","@id":"https:\/\/hudo.com\/si\/#\/schema\/logo\/image\/","url":"https:\/\/hudo.com\/si\/wp-content\/uploads\/sites\/2\/2021\/03\/hudo-app-2.png","contentUrl":"https:\/\/hudo.com\/si\/wp-content\/uploads\/sites\/2\/2021\/03\/hudo-app-2.png","width":2185,"height":2167,"caption":"VSN Media"},"image":{"@id":"https:\/\/hudo.com\/si\/#\/schema\/logo\/image\/"},"sameAs":["https:\/\/www.facebook.com\/hudo.si","https:\/\/twitter.com\/hudo_si"]},{"@type":"Person","@id":"https:\/\/hudo.com\/si\/#\/schema\/person\/18f09c02475ba9e606e941a565b80cff","name":"A. P., STA","image":{"@type":"ImageObject","inLanguage":"sl-SI","@id":"https:\/\/hudo.com\/si\/#\/schema\/person\/image\/","url":"https:\/\/secure.gravatar.com\/avatar\/03eac8e609f5f04383125d80eaeaaf3e?s=96&d=mm&r=g","contentUrl":"https:\/\/secure.gravatar.com\/avatar\/03eac8e609f5f04383125d80eaeaaf3e?s=96&d=mm&r=g","caption":"A. P., STA"},"url":"https:\/\/hudo.com\/si\/author\/lubu\/"}]}},"amp_enabled":true,"_links":{"self":[{"href":"https:\/\/hudo.com\/si\/wp-json\/wp\/v2\/posts\/375850"}],"collection":[{"href":"https:\/\/hudo.com\/si\/wp-json\/wp\/v2\/posts"}],"about":[{"href":"https:\/\/hudo.com\/si\/wp-json\/wp\/v2\/types\/post"}],"author":[{"embeddable":true,"href":"https:\/\/hudo.com\/si\/wp-json\/wp\/v2\/users\/7"}],"replies":[{"embeddable":true,"href":"https:\/\/hudo.com\/si\/wp-json\/wp\/v2\/comments?post=375850"}],"version-history":[{"count":1,"href":"https:\/\/hudo.com\/si\/wp-json\/wp\/v2\/posts\/375850\/revisions"}],"predecessor-version":[{"id":375852,"href":"https:\/\/hudo.com\/si\/wp-json\/wp\/v2\/posts\/375850\/revisions\/375852"}],"wp:featuredmedia":[{"embeddable":true,"href":"https:\/\/hudo.com\/si\/wp-json\/wp\/v2\/media\/375851"}],"wp:attachment":[{"href":"https:\/\/hudo.com\/si\/wp-json\/wp\/v2\/media?parent=375850"}],"wp:term":[{"taxonomy":"category","embeddable":true,"href":"https:\/\/hudo.com\/si\/wp-json\/wp\/v2\/categories?post=375850"},{"taxonomy":"post_tag","embeddable":true,"href":"https:\/\/hudo.com\/si\/wp-json\/wp\/v2\/tags?post=375850"},{"taxonomy":"source","embeddable":true,"href":"https:\/\/hudo.com\/si\/wp-json\/wp\/v2\/source?post=375850"},{"taxonomy":"supertag","embeddable":true,"href":"https:\/\/hudo.com\/si\/wp-json\/wp\/v2\/supertag?post=375850"}],"curies":[{"name":"wp","href":"https:\/\/api.w.org\/{rel}","templated":true}]}}