{"id":375855,"date":"2018-08-19T08:21:53","date_gmt":"2018-08-19T06:21:53","guid":{"rendered":"http:\/\/hudo.com\/si\/?p=375855"},"modified":"2018-08-19T08:21:53","modified_gmt":"2018-08-19T06:21:53","slug":"zacenja-se-hadz-na-tradicionalnem-romanju-v-savdsko-meko-bodo-kljub-sporom-dobrodosli-tudi-verniki-iz-irana-katarja","status":"publish","type":"post","link":"https:\/\/hudo.com\/si\/aktualno\/zacenja-se-hadz-na-tradicionalnem-romanju-v-savdsko-meko-bodo-kljub-sporom-dobrodosli-tudi-verniki-iz-irana-katarja\/","title":{"rendered":"Za\u010denja se had\u017e: Na tradicionalnem romanju v savdsko Meko bodo kljub sporom dobrodo\u0161li tudi verniki iz Irana in Katarja"},"content":{"rendered":"<p>V Savdsko Arabijo je do \u010detrtka prispelo \u017ee ve\u010d kot 1,6 milijona vernikov. Skupine so bile oble\u010dene v razli\u010dne barve, da so se lo\u010dile med seboj. Za romanje pa se bodo nato preoblekli v preprosta bela obla\u010dila, ki simbolizirajo enakost pred Alahom, versko enotnost in prizadevanje za duhovno prenovo.<\/p>\n<p>Leto\u0161njega romanja se v organizaciji slovenske islamske skupnosti udele\u017euje 17 romarjev iz Slovenije.<\/p>\n<p>Kljub trajajo\u010demu sporu med regionalnima silama Iranom in Savdsko Arabijo je Rijad tudi letos dovolil, da se romanja udele\u017eijo iranski romarji. Okoli 85.000 Irancev se je \u017ee v za\u010detku julija odpravilo na pot, poro\u010da avstrijska tiskovna agencija APA.<\/p>\n<p>Prav tako bodo lahko sedemkrat v nasprotni smeri urinega kazalca Kabo obkro\u017eili Katarci, \u010deprav sta Doha in Rijad lani prekinili diplomatske stike.<\/p>\n<p>Meka je najsvetej\u0161e muslimansko mesto, had\u017e pa eden od petih stebrov muslimanske vere. Koran predpisuje, da mora vsak polnoletni musliman, ki je fizi\u010dno sposoben in si lahko privo\u0161\u010di potovanje, vsaj enkrat v \u017eivljenju opraviti romanje v rojstni kraj preroka Mohameda.<\/p>\n<p>Had\u017e v simboli\u010dnem smislu predstavlja tudi sodni dan, na katerega se bo moral vsak musliman v skladu z islamskim naukom pred Alahom zagovarjati za svoja dejanja.<\/p>\n<p>Med petdnevnim romanjem se bodo romarji zbrali tudi na gori Arafat, kjer naj bi imel prerok Mohamed zadnjo pridigo. Vrhunec bo v torek, ko se za\u010denja kurban bajram, ki se obele\u017euje z obrednim kamenjanjem hudi\u010da. Kurban bajram je poleg ramazanskega bajrama drugi najpomembnej\u0161i praznik za muslimane.<\/p>\n<p>Osrednja slovesnost ob kurban bajramu v Sloveniji bo sicer v Ljubljani v \u0161portni dvorani Slovan na Kodeljevem, kjer bo molitev vodil mufti Ned\u017ead Grabus.<\/p>\n<p>Med had\u017eom leta 2015 je pri\u0161lo do mno\u017ei\u010dnega prerivanja, med katerim je bilo do smrti poteptanih na stotine romarjev. Po uradnih savdskih podatkih je v tragediji umrlo 769 ljudi, po navedbah razli\u010dnih medijev pa ve\u010d kot 2000, med njimi je bilo po podatkih iranskih oblasti tudi ve\u010d kot 460 Irancev.<\/p>\n","protected":false},"excerpt":{"rendered":"<p>V Savdski Arabiji se danes za\u010denja tradicionalno muslimansko romanje v Meko, kjer letos organizatorji pri\u010dakujejo dva milijona vernikov.<\/p>\n","protected":false},"author":7,"featured_media":375856,"comment_status":"closed","ping_status":"closed","sticky":false,"template":"","format":"standard","meta":{"footnotes":""},"categories":[1179],"tags":[6241,8982,6282,11766,4540],"source":[4511],"supertag":[],"acf":[],"yoast_head":"<!-- This site is optimized with the Yoast SEO plugin v21.3 - https:\/\/yoast.com\/wordpress\/plugins\/seo\/ -->\n<title>Za\u010denja se had\u017e: Na tradicionalnem romanju v savdsko Meko bodo kljub sporom dobrodo\u0161li tudi verniki iz Irana in Katarja - Hudo Slovenija<\/title>\n<meta name=\"robots\" content=\"index, follow, max-snippet:-1, max-image-preview:large, max-video-preview:-1\" \/>\n<link rel=\"canonical\" href=\"https:\/\/hudo.com\/si\/aktualno\/zacenja-se-hadz-na-tradicionalnem-romanju-v-savdsko-meko-bodo-kljub-sporom-dobrodosli-tudi-verniki-iz-irana-katarja\/\" \/>\n<meta property=\"og:locale\" content=\"sl_SI\" \/>\n<meta property=\"og:type\" content=\"article\" \/>\n<meta property=\"og:title\" content=\"Za\u010denja se had\u017e: Na tradicionalnem romanju v savdsko Meko bodo kljub sporom dobrodo\u0161li tudi verniki iz Irana in Katarja - Hudo Slovenija\" \/>\n<meta property=\"og:description\" content=\"V Savdski Arabiji se danes za\u010denja tradicionalno muslimansko romanje v Meko, kjer letos organizatorji pri\u010dakujejo dva milijona vernikov.\" \/>\n<meta property=\"og:url\" content=\"https:\/\/hudo.com\/si\/aktualno\/zacenja-se-hadz-na-tradicionalnem-romanju-v-savdsko-meko-bodo-kljub-sporom-dobrodosli-tudi-verniki-iz-irana-katarja\/\" \/>\n<meta property=\"og:site_name\" content=\"Hudo Slovenija\" \/>\n<meta property=\"article:publisher\" content=\"https:\/\/www.facebook.com\/hudo.si\" \/>\n<meta property=\"article:published_time\" content=\"2018-08-19T06:21:53+00:00\" \/>\n<meta property=\"og:image\" content=\"https:\/\/hudo.com\/si\/wp-content\/uploads\/sites\/2\/2018\/08\/profimedia-0131805589.jpg\" \/>\n\t<meta property=\"og:image:width\" content=\"1250\" \/>\n\t<meta property=\"og:image:height\" content=\"701\" \/>\n\t<meta property=\"og:image:type\" content=\"image\/jpeg\" \/>\n<meta name=\"author\" content=\"A. P., STA\" \/>\n<meta name=\"twitter:card\" content=\"summary_large_image\" \/>\n<meta name=\"twitter:creator\" content=\"@hudo_si\" \/>\n<meta name=\"twitter:site\" content=\"@hudo_si\" \/>\n<meta name=\"twitter:label1\" content=\"Written by\" \/>\n\t<meta name=\"twitter:data1\" content=\"A. P., STA\" \/>\n\t<meta name=\"twitter:label2\" content=\"Est. reading time\" \/>\n\t<meta name=\"twitter:data2\" content=\"2 minuti\" \/>\n<script type=\"application\/ld+json\" class=\"yoast-schema-graph\">{\"@context\":\"https:\/\/schema.org\",\"@graph\":[{\"@type\":\"Article\",\"@id\":\"https:\/\/hudo.com\/si\/aktualno\/zacenja-se-hadz-na-tradicionalnem-romanju-v-savdsko-meko-bodo-kljub-sporom-dobrodosli-tudi-verniki-iz-irana-katarja\/#article\",\"isPartOf\":{\"@id\":\"https:\/\/hudo.com\/si\/aktualno\/zacenja-se-hadz-na-tradicionalnem-romanju-v-savdsko-meko-bodo-kljub-sporom-dobrodosli-tudi-verniki-iz-irana-katarja\/\"},\"author\":{\"name\":\"A. P., STA\",\"@id\":\"https:\/\/hudo.com\/si\/#\/schema\/person\/18f09c02475ba9e606e941a565b80cff\"},\"headline\":\"Za\u010denja se had\u017e: Na tradicionalnem romanju v savdsko Meko bodo kljub sporom dobrodo\u0161li tudi verniki iz Irana in Katarja\",\"datePublished\":\"2018-08-19T06:21:53+00:00\",\"dateModified\":\"2018-08-19T06:21:53+00:00\",\"mainEntityOfPage\":{\"@id\":\"https:\/\/hudo.com\/si\/aktualno\/zacenja-se-hadz-na-tradicionalnem-romanju-v-savdsko-meko-bodo-kljub-sporom-dobrodosli-tudi-verniki-iz-irana-katarja\/\"},\"wordCount\":347,\"publisher\":{\"@id\":\"https:\/\/hudo.com\/si\/#organization\"},\"keywords\":[\"Islam\",\"meka\",\"muslimanska vera\",\"romanje\",\"Savdska Arabija\"],\"articleSection\":[\"Aktualno\"],\"inLanguage\":\"sl-SI\"},{\"@type\":\"WebPage\",\"@id\":\"https:\/\/hudo.com\/si\/aktualno\/zacenja-se-hadz-na-tradicionalnem-romanju-v-savdsko-meko-bodo-kljub-sporom-dobrodosli-tudi-verniki-iz-irana-katarja\/\",\"url\":\"https:\/\/hudo.com\/si\/aktualno\/zacenja-se-hadz-na-tradicionalnem-romanju-v-savdsko-meko-bodo-kljub-sporom-dobrodosli-tudi-verniki-iz-irana-katarja\/\",\"name\":\"Za\u010denja se had\u017e: Na tradicionalnem romanju v savdsko Meko bodo kljub sporom dobrodo\u0161li tudi verniki iz Irana in Katarja - Hudo Slovenija\",\"isPartOf\":{\"@id\":\"https:\/\/hudo.com\/si\/#website\"},\"datePublished\":\"2018-08-19T06:21:53+00:00\",\"dateModified\":\"2018-08-19T06:21:53+00:00\",\"breadcrumb\":{\"@id\":\"https:\/\/hudo.com\/si\/aktualno\/zacenja-se-hadz-na-tradicionalnem-romanju-v-savdsko-meko-bodo-kljub-sporom-dobrodosli-tudi-verniki-iz-irana-katarja\/#breadcrumb\"},\"inLanguage\":\"sl-SI\",\"potentialAction\":[{\"@type\":\"ReadAction\",\"target\":[\"https:\/\/hudo.com\/si\/aktualno\/zacenja-se-hadz-na-tradicionalnem-romanju-v-savdsko-meko-bodo-kljub-sporom-dobrodosli-tudi-verniki-iz-irana-katarja\/\"]}]},{\"@type\":\"BreadcrumbList\",\"@id\":\"https:\/\/hudo.com\/si\/aktualno\/zacenja-se-hadz-na-tradicionalnem-romanju-v-savdsko-meko-bodo-kljub-sporom-dobrodosli-tudi-verniki-iz-irana-katarja\/#breadcrumb\",\"itemListElement\":[{\"@type\":\"ListItem\",\"position\":1,\"name\":\"Home\",\"item\":\"https:\/\/hudo.com\/si\/\"},{\"@type\":\"ListItem\",\"position\":2,\"name\":\"Za\u010denja se had\u017e: Na tradicionalnem romanju v savdsko Meko bodo kljub sporom dobrodo\u0161li tudi verniki iz Irana in Katarja\"}]},{\"@type\":\"WebSite\",\"@id\":\"https:\/\/hudo.com\/si\/#website\",\"url\":\"https:\/\/hudo.com\/si\/\",\"name\":\"Hudo Slovenija\",\"description\":\"Vse novice iz Slovenije in sveta\",\"publisher\":{\"@id\":\"https:\/\/hudo.com\/si\/#organization\"},\"potentialAction\":[{\"@type\":\"SearchAction\",\"target\":{\"@type\":\"EntryPoint\",\"urlTemplate\":\"https:\/\/hudo.com\/si\/?s={search_term_string}\"},\"query-input\":\"required name=search_term_string\"}],\"inLanguage\":\"sl-SI\"},{\"@type\":\"Organization\",\"@id\":\"https:\/\/hudo.com\/si\/#organization\",\"name\":\"VSN Media\",\"url\":\"https:\/\/hudo.com\/si\/\",\"logo\":{\"@type\":\"ImageObject\",\"inLanguage\":\"sl-SI\",\"@id\":\"https:\/\/hudo.com\/si\/#\/schema\/logo\/image\/\",\"url\":\"https:\/\/hudo.com\/si\/wp-content\/uploads\/sites\/2\/2021\/03\/hudo-app-2.png\",\"contentUrl\":\"https:\/\/hudo.com\/si\/wp-content\/uploads\/sites\/2\/2021\/03\/hudo-app-2.png\",\"width\":2185,\"height\":2167,\"caption\":\"VSN Media\"},\"image\":{\"@id\":\"https:\/\/hudo.com\/si\/#\/schema\/logo\/image\/\"},\"sameAs\":[\"https:\/\/www.facebook.com\/hudo.si\",\"https:\/\/twitter.com\/hudo_si\"]},{\"@type\":\"Person\",\"@id\":\"https:\/\/hudo.com\/si\/#\/schema\/person\/18f09c02475ba9e606e941a565b80cff\",\"name\":\"A. P., STA\",\"image\":{\"@type\":\"ImageObject\",\"inLanguage\":\"sl-SI\",\"@id\":\"https:\/\/hudo.com\/si\/#\/schema\/person\/image\/\",\"url\":\"https:\/\/secure.gravatar.com\/avatar\/03eac8e609f5f04383125d80eaeaaf3e?s=96&d=mm&r=g\",\"contentUrl\":\"https:\/\/secure.gravatar.com\/avatar\/03eac8e609f5f04383125d80eaeaaf3e?s=96&d=mm&r=g\",\"caption\":\"A. P., STA\"},\"url\":\"https:\/\/hudo.com\/si\/author\/lubu\/\"}]}<\/script>\n<!-- \/ Yoast SEO plugin. -->","yoast_head_json":{"title":"Za\u010denja se had\u017e: Na tradicionalnem romanju v savdsko Meko bodo kljub sporom dobrodo\u0161li tudi verniki iz Irana in Katarja - Hudo Slovenija","robots":{"index":"index","follow":"follow","max-snippet":"max-snippet:-1","max-image-preview":"max-image-preview:large","max-video-preview":"max-video-preview:-1"},"canonical":"https:\/\/hudo.com\/si\/aktualno\/zacenja-se-hadz-na-tradicionalnem-romanju-v-savdsko-meko-bodo-kljub-sporom-dobrodosli-tudi-verniki-iz-irana-katarja\/","og_locale":"sl_SI","og_type":"article","og_title":"Za\u010denja se had\u017e: Na tradicionalnem romanju v savdsko Meko bodo kljub sporom dobrodo\u0161li tudi verniki iz Irana in Katarja - Hudo Slovenija","og_description":"V Savdski Arabiji se danes za\u010denja tradicionalno muslimansko romanje v Meko, kjer letos organizatorji pri\u010dakujejo dva milijona vernikov.","og_url":"https:\/\/hudo.com\/si\/aktualno\/zacenja-se-hadz-na-tradicionalnem-romanju-v-savdsko-meko-bodo-kljub-sporom-dobrodosli-tudi-verniki-iz-irana-katarja\/","og_site_name":"Hudo Slovenija","article_publisher":"https:\/\/www.facebook.com\/hudo.si","article_published_time":"2018-08-19T06:21:53+00:00","og_image":[{"width":1250,"height":701,"url":"https:\/\/hudo.com\/si\/wp-content\/uploads\/sites\/2\/2018\/08\/profimedia-0131805589.jpg","type":"image\/jpeg"}],"author":"A. P., STA","twitter_card":"summary_large_image","twitter_creator":"@hudo_si","twitter_site":"@hudo_si","twitter_misc":{"Written by":"A. P., STA","Est. reading time":"2 minuti"},"schema":{"@context":"https:\/\/schema.org","@graph":[{"@type":"Article","@id":"https:\/\/hudo.com\/si\/aktualno\/zacenja-se-hadz-na-tradicionalnem-romanju-v-savdsko-meko-bodo-kljub-sporom-dobrodosli-tudi-verniki-iz-irana-katarja\/#article","isPartOf":{"@id":"https:\/\/hudo.com\/si\/aktualno\/zacenja-se-hadz-na-tradicionalnem-romanju-v-savdsko-meko-bodo-kljub-sporom-dobrodosli-tudi-verniki-iz-irana-katarja\/"},"author":{"name":"A. P., STA","@id":"https:\/\/hudo.com\/si\/#\/schema\/person\/18f09c02475ba9e606e941a565b80cff"},"headline":"Za\u010denja se had\u017e: Na tradicionalnem romanju v savdsko Meko bodo kljub sporom dobrodo\u0161li tudi verniki iz Irana in Katarja","datePublished":"2018-08-19T06:21:53+00:00","dateModified":"2018-08-19T06:21:53+00:00","mainEntityOfPage":{"@id":"https:\/\/hudo.com\/si\/aktualno\/zacenja-se-hadz-na-tradicionalnem-romanju-v-savdsko-meko-bodo-kljub-sporom-dobrodosli-tudi-verniki-iz-irana-katarja\/"},"wordCount":347,"publisher":{"@id":"https:\/\/hudo.com\/si\/#organization"},"keywords":["Islam","meka","muslimanska vera","romanje","Savdska Arabija"],"articleSection":["Aktualno"],"inLanguage":"sl-SI"},{"@type":"WebPage","@id":"https:\/\/hudo.com\/si\/aktualno\/zacenja-se-hadz-na-tradicionalnem-romanju-v-savdsko-meko-bodo-kljub-sporom-dobrodosli-tudi-verniki-iz-irana-katarja\/","url":"https:\/\/hudo.com\/si\/aktualno\/zacenja-se-hadz-na-tradicionalnem-romanju-v-savdsko-meko-bodo-kljub-sporom-dobrodosli-tudi-verniki-iz-irana-katarja\/","name":"Za\u010denja se had\u017e: Na tradicionalnem romanju v savdsko Meko bodo kljub sporom dobrodo\u0161li tudi verniki iz Irana in Katarja - Hudo Slovenija","isPartOf":{"@id":"https:\/\/hudo.com\/si\/#website"},"datePublished":"2018-08-19T06:21:53+00:00","dateModified":"2018-08-19T06:21:53+00:00","breadcrumb":{"@id":"https:\/\/hudo.com\/si\/aktualno\/zacenja-se-hadz-na-tradicionalnem-romanju-v-savdsko-meko-bodo-kljub-sporom-dobrodosli-tudi-verniki-iz-irana-katarja\/#breadcrumb"},"inLanguage":"sl-SI","potentialAction":[{"@type":"ReadAction","target":["https:\/\/hudo.com\/si\/aktualno\/zacenja-se-hadz-na-tradicionalnem-romanju-v-savdsko-meko-bodo-kljub-sporom-dobrodosli-tudi-verniki-iz-irana-katarja\/"]}]},{"@type":"BreadcrumbList","@id":"https:\/\/hudo.com\/si\/aktualno\/zacenja-se-hadz-na-tradicionalnem-romanju-v-savdsko-meko-bodo-kljub-sporom-dobrodosli-tudi-verniki-iz-irana-katarja\/#breadcrumb","itemListElement":[{"@type":"ListItem","position":1,"name":"Home","item":"https:\/\/hudo.com\/si\/"},{"@type":"ListItem","position":2,"name":"Za\u010denja se had\u017e: Na tradicionalnem romanju v savdsko Meko bodo kljub sporom dobrodo\u0161li tudi verniki iz Irana in Katarja"}]},{"@type":"WebSite","@id":"https:\/\/hudo.com\/si\/#website","url":"https:\/\/hudo.com\/si\/","name":"Hudo Slovenija","description":"Vse novice iz Slovenije in sveta","publisher":{"@id":"https:\/\/hudo.com\/si\/#organization"},"potentialAction":[{"@type":"SearchAction","target":{"@type":"EntryPoint","urlTemplate":"https:\/\/hudo.com\/si\/?s={search_term_string}"},"query-input":"required name=search_term_string"}],"inLanguage":"sl-SI"},{"@type":"Organization","@id":"https:\/\/hudo.com\/si\/#organization","name":"VSN Media","url":"https:\/\/hudo.com\/si\/","logo":{"@type":"ImageObject","inLanguage":"sl-SI","@id":"https:\/\/hudo.com\/si\/#\/schema\/logo\/image\/","url":"https:\/\/hudo.com\/si\/wp-content\/uploads\/sites\/2\/2021\/03\/hudo-app-2.png","contentUrl":"https:\/\/hudo.com\/si\/wp-content\/uploads\/sites\/2\/2021\/03\/hudo-app-2.png","width":2185,"height":2167,"caption":"VSN Media"},"image":{"@id":"https:\/\/hudo.com\/si\/#\/schema\/logo\/image\/"},"sameAs":["https:\/\/www.facebook.com\/hudo.si","https:\/\/twitter.com\/hudo_si"]},{"@type":"Person","@id":"https:\/\/hudo.com\/si\/#\/schema\/person\/18f09c02475ba9e606e941a565b80cff","name":"A. P., STA","image":{"@type":"ImageObject","inLanguage":"sl-SI","@id":"https:\/\/hudo.com\/si\/#\/schema\/person\/image\/","url":"https:\/\/secure.gravatar.com\/avatar\/03eac8e609f5f04383125d80eaeaaf3e?s=96&d=mm&r=g","contentUrl":"https:\/\/secure.gravatar.com\/avatar\/03eac8e609f5f04383125d80eaeaaf3e?s=96&d=mm&r=g","caption":"A. P., STA"},"url":"https:\/\/hudo.com\/si\/author\/lubu\/"}]}},"amp_enabled":true,"_links":{"self":[{"href":"https:\/\/hudo.com\/si\/wp-json\/wp\/v2\/posts\/375855"}],"collection":[{"href":"https:\/\/hudo.com\/si\/wp-json\/wp\/v2\/posts"}],"about":[{"href":"https:\/\/hudo.com\/si\/wp-json\/wp\/v2\/types\/post"}],"author":[{"embeddable":true,"href":"https:\/\/hudo.com\/si\/wp-json\/wp\/v2\/users\/7"}],"replies":[{"embeddable":true,"href":"https:\/\/hudo.com\/si\/wp-json\/wp\/v2\/comments?post=375855"}],"version-history":[{"count":1,"href":"https:\/\/hudo.com\/si\/wp-json\/wp\/v2\/posts\/375855\/revisions"}],"predecessor-version":[{"id":375857,"href":"https:\/\/hudo.com\/si\/wp-json\/wp\/v2\/posts\/375855\/revisions\/375857"}],"wp:featuredmedia":[{"embeddable":true,"href":"https:\/\/hudo.com\/si\/wp-json\/wp\/v2\/media\/375856"}],"wp:attachment":[{"href":"https:\/\/hudo.com\/si\/wp-json\/wp\/v2\/media?parent=375855"}],"wp:term":[{"taxonomy":"category","embeddable":true,"href":"https:\/\/hudo.com\/si\/wp-json\/wp\/v2\/categories?post=375855"},{"taxonomy":"post_tag","embeddable":true,"href":"https:\/\/hudo.com\/si\/wp-json\/wp\/v2\/tags?post=375855"},{"taxonomy":"source","embeddable":true,"href":"https:\/\/hudo.com\/si\/wp-json\/wp\/v2\/source?post=375855"},{"taxonomy":"supertag","embeddable":true,"href":"https:\/\/hudo.com\/si\/wp-json\/wp\/v2\/supertag?post=375855"}],"curies":[{"name":"wp","href":"https:\/\/api.w.org\/{rel}","templated":true}]}}