{"id":375903,"date":"2018-08-20T12:46:10","date_gmt":"2018-08-20T10:46:10","guid":{"rendered":"http:\/\/hudo.com\/si\/?p=375903"},"modified":"2018-08-20T12:46:10","modified_gmt":"2018-08-20T10:46:10","slug":"zgodovinski-dan-grcija-po-osmih-letih-izstopa-iz-mehanizma-mednarodne-financne-pomoci","status":"publish","type":"post","link":"https:\/\/hudo.com\/si\/aktualno\/zgodovinski-dan-grcija-po-osmih-letih-izstopa-iz-mehanizma-mednarodne-financne-pomoci\/","title":{"rendered":"Zgodovinski dan: Gr\u010dija po osmih letih izstopa iz mehanizma mednarodne finan\u010dne pomo\u010di"},"content":{"rendered":"<p>Finan\u010dni ministri dr\u017eav so dogovor o sve\u017enju odlo\u010ditev v povezavi z iztekom programa pomo\u010di za Gr\u010dijo dosegli konec junija, ob izjavah, da gre za konec osemletne gr\u0161ke krize, ki je na trenutke spominjala na me\u0161anico drame in tragedije.<\/p>\n<p>&#8220;Zaklju\u010dek programa &#8230; ozna\u010duje pomemben trenutek za Gr\u010dijo in Evropo. Medtem ko so evropski partnerji izkazali svojo solidarnost, so se Grki odzvali na vsak izziv z zna\u010dilnim pogumom in odlo\u010dnostjo,&#8221; je v izjavi danes poudaril predsednik Evropske komisije Jean-Claude Juncker. &#8220;Vedno sem se boril za to, da bi Gr\u010dija ostala v srcu Evrope. Sedaj, ko Grki za\u010denjajo novo poglavje v zgodovini, lahko name vedno ra\u010dunajo kot na zaveznika, partnerja in prijatelja,&#8221; je dodal.<\/p>\n<p>Evropski komisar za gospodarske zadeve Pierre Moscovici je priznal, da je bilo zadnjih osem let za Gr\u010dijo in njene prebivalce &#8220;posebej te\u017ekih&#8221;. Obmo\u010dje z evrom je po njegovem z dana\u0161njim dnem &#8220;potegnilo simboli\u010dno \u010drto&#8221; pod eksisten\u010dno krizo, Gr\u010dija pa je z obse\u017enimi reformami postavila temelje za trajno okrevanje. Vendar pa bo te temelje morala tudi vzdr\u017eevati in negovati, da bodo Grki lahko &#8220;v celoti pobrali sadove svojih naporov in \u017ertev&#8221;, je dodal. Evropa bo Gr\u010diji \u0161e naprej stala ob strani.<\/p>\n<p>&#8220;Uspelo vam je!&#8221; pa je na spletnem dru\u017ebenem omre\u017eju Twitter zapisal predsednik Evropskega sveta Donald Tusk. Gr\u010diji in njenim prebivalcem je \u010destital in izpostavil njihove velike napore in evropsko solidarnost, ki so skupaj pripeljali do uspeha.<\/p>\n<p>Gr\u010dija je od leta 2010 od mednarodnih posojilodajalcev prejela 274 milijard evrov pomo\u010di v treh programih. V zameno je morala izpolniti ve\u010d kot 450 ukrepov in pristati na \u0161tevilne te\u017eke reforme, na primer na trgu dela, v javni upravi in dav\u010dnem sistemu.<\/p>\n<p>Samo evrske partnerice Gr\u010dije &#8211; v mehanizmu finan\u010dne pomo\u010di je v prvih dveh programih sodeloval tudi Mednarodni denarni sklad (IMF) &#8211; so dr\u017eavi namenile 242 milijard evrov posojil bilateralno in prek za\u010dasnega in stalnega sklada za stabilnost evra EFSF in ESM, poleg tega pa so sprejele \u0161e vrsto drugih ukrepov v pomo\u010d dr\u017eavi, med njimi odpis nekoliko ve\u010d kot 100 milijard evrov zasebnih dolgov leta 2012.<\/p>\n<p>Zadnji finan\u010dni obrok, ki so ga junija potrdili ministri in ga je Gr\u010dija dobila pred dnevi, je bil 15 milijard evrov, za pokritje finan\u010dnih potreb v prihodnjih 22 mesecih pa bo Gr\u010dija dobila \u0161e zajetno denarno rezervo 24,1 milijarde evrov. Obenem so se evrske dr\u017eave dogovorile \u0161e o ukrepih za zagotavljanje vzdr\u017enosti ogromnega gr\u0161kega dolga, ki je pri okoli 180 odstotkih BDP \u0161e vedno dale\u010d najve\u010dji v obmo\u010dju evra.<\/p>\n<p>Dogovorjeno je bilo desetletno podalj\u0161anje ro\u010dnosti posojil v okviru EFSF, desetletni odlog obresti in amortizacije, Gr\u010dija pa bo lahko tudi dobila nazaj obresti, ki so jih nabrale \u010dlanice obmo\u010dja evra od gr\u0161kih dr\u017eavnih obveznic.<\/p>\n<p>V dele\u017eu od BDP je enega najve\u010djih naporov za pomo\u010d Gr\u010diji in drugim evrskim dr\u017eavam, ki so potrebovale finan\u010dno pomo\u010d, naredila tudi Slovenija, na kar je odhajajo\u010da finan\u010dna ministrica Mateja Vrani\u010dar Erman \u0161e enkrat ve\u010d opozorila tudi ob omenjenem junijskem dogovoru evroskupine.<\/p>\n<p>Po podatkih Eurostata s konca 2017 je bila Slovenija prek bilateralnega posojila Gr\u010diji in v okviru mehanizma poro\u0161tev EFSF do \u010dlanic obmo\u010dja evra, ki so dobile pomo\u010d, izpostavljena v vi\u0161ini 1,15 milijarde evrov, kar predstavlja 2,7 odstotka BDP, od tega do Gr\u010dije v vi\u0161ini 0,9 milijarde evrov, kar predstavlja 2,1 odstotka BDP. V te \u0161tevilke niso zajeta posojila Gr\u010diji prek ESM, ki sam nosi tveganja za kritje morebitnih izgub iz posojil dr\u017eavam v te\u017eavah. \u010clanice obmo\u010dja evra so medtem delni\u010darke ESM in jam\u010dijo za obveznosti s svojim vpla\u010danim oz. vpisanim kapitalom \u0161ele po iz\u010drpanju rezerv ESM. Vpla\u010dani kapital Slovenije v ESM je 342 milijonov evrov.<\/p>\n<p>V vsakem primeru se po osmih letih odvisnosti od tuje pomo\u010di, v katerih so se vrstili krizni sestanki v dramati\u010dnih belih no\u010deh, ko se je zdel grexit, torej izstop Gr\u010dije iz obmo\u010dja evra, pogosto zelo blizu, dr\u017eava zdaj vendarle le postavlja na lastne noge.<\/p>\n<p>A izzivi za Gr\u010dijo so kar precej ve\u010dji kot za ostale dr\u017eave, ki so morale skozi program pomo\u010di, torej Irsko, Portugalsko, \u0160panijo in Ciper. IMF tako izra\u017ea dvom, da bo dogovorjeni nabor nadaljnjih ukrepov zadostoval za srednjero\u010dno in dolgoro\u010dno vzdr\u017enost gr\u0161kega dolga, pri tem pa je pred sredozemsko dr\u017eavo, ki je v krizi izgubila skoraj \u010detrtino BDP, ob za zdaj le po\u010dasni gospodarski rasti in reformni utrujenosti \u0161e dolga pot okrevanja.<\/p>\n<p>Gr\u010dijo po izteku programa \u010daka tudi stro\u017eji mehanizem nadzora, kot velja za druge \u010dlanice, ki so potrebovale finan\u010dno pomo\u010d. Pri njem bo sodeloval tudi IMF.<\/p>\n","protected":false},"excerpt":{"rendered":"<p>Za Gr\u010dijo, naj\u0161ibkej\u0161i \u010dlen obmo\u010dja evra, ki je bila v minulih osmih letih pogosto na robu bankrota in izstopa iz obmo\u010dja skupne evropske valute, je danes zgodovinski dan. \u0160e vedno prezadol\u017eena dr\u017eava namre\u010d kon\u010duje tretji program finan\u010dne pomo\u010di in se bo lahko postopoma ob nemalo izzivih in \u0161e vedno strogem nadzoru postavila na lastne noge.<\/p>\n","protected":false},"author":8,"featured_media":372580,"comment_status":"closed","ping_status":"closed","sticky":false,"template":"","format":"standard","meta":{"footnotes":""},"categories":[1179],"tags":[10954,3235],"source":[4511],"supertag":[6103],"acf":[],"yoast_head":"<!-- This site is optimized with the Yoast SEO plugin v21.3 - https:\/\/yoast.com\/wordpress\/plugins\/seo\/ -->\n<title>Zgodovinski dan: Gr\u010dija po osmih letih izstopa iz mehanizma mednarodne finan\u010dne pomo\u010di - Hudo Slovenija<\/title>\n<meta name=\"robots\" content=\"index, follow, max-snippet:-1, max-image-preview:large, max-video-preview:-1\" \/>\n<link rel=\"canonical\" href=\"https:\/\/hudo.com\/si\/aktualno\/zgodovinski-dan-grcija-po-osmih-letih-izstopa-iz-mehanizma-mednarodne-financne-pomoci\/\" \/>\n<meta property=\"og:locale\" content=\"sl_SI\" \/>\n<meta property=\"og:type\" content=\"article\" \/>\n<meta property=\"og:title\" content=\"Zgodovinski dan: Gr\u010dija po osmih letih izstopa iz mehanizma mednarodne finan\u010dne pomo\u010di - Hudo Slovenija\" \/>\n<meta property=\"og:description\" content=\"Za Gr\u010dijo, naj\u0161ibkej\u0161i \u010dlen obmo\u010dja evra, ki je bila v minulih osmih letih pogosto na robu bankrota in izstopa iz obmo\u010dja skupne evropske valute, je danes zgodovinski dan. \u0160e vedno prezadol\u017eena dr\u017eava namre\u010d kon\u010duje tretji program finan\u010dne pomo\u010di in se bo lahko postopoma ob nemalo izzivih in \u0161e vedno strogem nadzoru postavila na lastne noge.\" \/>\n<meta property=\"og:url\" content=\"https:\/\/hudo.com\/si\/aktualno\/zgodovinski-dan-grcija-po-osmih-letih-izstopa-iz-mehanizma-mednarodne-financne-pomoci\/\" \/>\n<meta property=\"og:site_name\" content=\"Hudo Slovenija\" \/>\n<meta property=\"article:publisher\" content=\"https:\/\/www.facebook.com\/hudo.si\" \/>\n<meta property=\"article:published_time\" content=\"2018-08-20T10:46:10+00:00\" \/>\n<meta property=\"og:image\" content=\"https:\/\/hudo.com\/si\/wp-content\/uploads\/sites\/2\/2018\/06\/profimedia-0147655845.jpg\" \/>\n\t<meta property=\"og:image:width\" content=\"1250\" \/>\n\t<meta property=\"og:image:height\" content=\"815\" \/>\n\t<meta property=\"og:image:type\" content=\"image\/jpeg\" \/>\n<meta name=\"author\" content=\"M. N., STA\" \/>\n<meta name=\"twitter:card\" content=\"summary_large_image\" \/>\n<meta name=\"twitter:creator\" content=\"@hudo_si\" \/>\n<meta name=\"twitter:site\" content=\"@hudo_si\" \/>\n<meta name=\"twitter:label1\" content=\"Written by\" \/>\n\t<meta name=\"twitter:data1\" content=\"M. N., STA\" \/>\n\t<meta name=\"twitter:label2\" content=\"Est. reading time\" \/>\n\t<meta name=\"twitter:data2\" content=\"4 minute\" \/>\n<script type=\"application\/ld+json\" class=\"yoast-schema-graph\">{\"@context\":\"https:\/\/schema.org\",\"@graph\":[{\"@type\":\"Article\",\"@id\":\"https:\/\/hudo.com\/si\/aktualno\/zgodovinski-dan-grcija-po-osmih-letih-izstopa-iz-mehanizma-mednarodne-financne-pomoci\/#article\",\"isPartOf\":{\"@id\":\"https:\/\/hudo.com\/si\/aktualno\/zgodovinski-dan-grcija-po-osmih-letih-izstopa-iz-mehanizma-mednarodne-financne-pomoci\/\"},\"author\":{\"name\":\"M. N., STA\",\"@id\":\"https:\/\/hudo.com\/si\/#\/schema\/person\/c2f10ce65d2e6ede2aeda5be2a0611fa\"},\"headline\":\"Zgodovinski dan: Gr\u010dija po osmih letih izstopa iz mehanizma mednarodne finan\u010dne pomo\u010di\",\"datePublished\":\"2018-08-20T10:46:10+00:00\",\"dateModified\":\"2018-08-20T10:46:10+00:00\",\"mainEntityOfPage\":{\"@id\":\"https:\/\/hudo.com\/si\/aktualno\/zgodovinski-dan-grcija-po-osmih-letih-izstopa-iz-mehanizma-mednarodne-financne-pomoci\/\"},\"wordCount\":820,\"publisher\":{\"@id\":\"https:\/\/hudo.com\/si\/#organization\"},\"keywords\":[\"finan\u010dna pomo\u010d\",\"gr\u010dija\"],\"articleSection\":[\"Aktualno\"],\"inLanguage\":\"sl-SI\"},{\"@type\":\"WebPage\",\"@id\":\"https:\/\/hudo.com\/si\/aktualno\/zgodovinski-dan-grcija-po-osmih-letih-izstopa-iz-mehanizma-mednarodne-financne-pomoci\/\",\"url\":\"https:\/\/hudo.com\/si\/aktualno\/zgodovinski-dan-grcija-po-osmih-letih-izstopa-iz-mehanizma-mednarodne-financne-pomoci\/\",\"name\":\"Zgodovinski dan: Gr\u010dija po osmih letih izstopa iz mehanizma mednarodne finan\u010dne pomo\u010di - Hudo Slovenija\",\"isPartOf\":{\"@id\":\"https:\/\/hudo.com\/si\/#website\"},\"datePublished\":\"2018-08-20T10:46:10+00:00\",\"dateModified\":\"2018-08-20T10:46:10+00:00\",\"breadcrumb\":{\"@id\":\"https:\/\/hudo.com\/si\/aktualno\/zgodovinski-dan-grcija-po-osmih-letih-izstopa-iz-mehanizma-mednarodne-financne-pomoci\/#breadcrumb\"},\"inLanguage\":\"sl-SI\",\"potentialAction\":[{\"@type\":\"ReadAction\",\"target\":[\"https:\/\/hudo.com\/si\/aktualno\/zgodovinski-dan-grcija-po-osmih-letih-izstopa-iz-mehanizma-mednarodne-financne-pomoci\/\"]}]},{\"@type\":\"BreadcrumbList\",\"@id\":\"https:\/\/hudo.com\/si\/aktualno\/zgodovinski-dan-grcija-po-osmih-letih-izstopa-iz-mehanizma-mednarodne-financne-pomoci\/#breadcrumb\",\"itemListElement\":[{\"@type\":\"ListItem\",\"position\":1,\"name\":\"Home\",\"item\":\"https:\/\/hudo.com\/si\/\"},{\"@type\":\"ListItem\",\"position\":2,\"name\":\"Zgodovinski dan: Gr\u010dija po osmih letih izstopa iz mehanizma mednarodne finan\u010dne pomo\u010di\"}]},{\"@type\":\"WebSite\",\"@id\":\"https:\/\/hudo.com\/si\/#website\",\"url\":\"https:\/\/hudo.com\/si\/\",\"name\":\"Hudo Slovenija\",\"description\":\"Vse novice iz Slovenije in sveta\",\"publisher\":{\"@id\":\"https:\/\/hudo.com\/si\/#organization\"},\"potentialAction\":[{\"@type\":\"SearchAction\",\"target\":{\"@type\":\"EntryPoint\",\"urlTemplate\":\"https:\/\/hudo.com\/si\/?s={search_term_string}\"},\"query-input\":\"required name=search_term_string\"}],\"inLanguage\":\"sl-SI\"},{\"@type\":\"Organization\",\"@id\":\"https:\/\/hudo.com\/si\/#organization\",\"name\":\"VSN Media\",\"url\":\"https:\/\/hudo.com\/si\/\",\"logo\":{\"@type\":\"ImageObject\",\"inLanguage\":\"sl-SI\",\"@id\":\"https:\/\/hudo.com\/si\/#\/schema\/logo\/image\/\",\"url\":\"https:\/\/hudo.com\/si\/wp-content\/uploads\/sites\/2\/2021\/03\/hudo-app-2.png\",\"contentUrl\":\"https:\/\/hudo.com\/si\/wp-content\/uploads\/sites\/2\/2021\/03\/hudo-app-2.png\",\"width\":2185,\"height\":2167,\"caption\":\"VSN Media\"},\"image\":{\"@id\":\"https:\/\/hudo.com\/si\/#\/schema\/logo\/image\/\"},\"sameAs\":[\"https:\/\/www.facebook.com\/hudo.si\",\"https:\/\/twitter.com\/hudo_si\"]},{\"@type\":\"Person\",\"@id\":\"https:\/\/hudo.com\/si\/#\/schema\/person\/c2f10ce65d2e6ede2aeda5be2a0611fa\",\"name\":\"M. N., STA\",\"image\":{\"@type\":\"ImageObject\",\"inLanguage\":\"sl-SI\",\"@id\":\"https:\/\/hudo.com\/si\/#\/schema\/person\/image\/\",\"url\":\"https:\/\/secure.gravatar.com\/avatar\/f370d38daa10467f755c5c766a4cac20?s=96&d=mm&r=g\",\"contentUrl\":\"https:\/\/secure.gravatar.com\/avatar\/f370d38daa10467f755c5c766a4cac20?s=96&d=mm&r=g\",\"caption\":\"M. N., STA\"},\"url\":\"https:\/\/hudo.com\/si\/author\/mana\/\"}]}<\/script>\n<!-- \/ Yoast SEO plugin. -->","yoast_head_json":{"title":"Zgodovinski dan: Gr\u010dija po osmih letih izstopa iz mehanizma mednarodne finan\u010dne pomo\u010di - Hudo Slovenija","robots":{"index":"index","follow":"follow","max-snippet":"max-snippet:-1","max-image-preview":"max-image-preview:large","max-video-preview":"max-video-preview:-1"},"canonical":"https:\/\/hudo.com\/si\/aktualno\/zgodovinski-dan-grcija-po-osmih-letih-izstopa-iz-mehanizma-mednarodne-financne-pomoci\/","og_locale":"sl_SI","og_type":"article","og_title":"Zgodovinski dan: Gr\u010dija po osmih letih izstopa iz mehanizma mednarodne finan\u010dne pomo\u010di - Hudo Slovenija","og_description":"Za Gr\u010dijo, naj\u0161ibkej\u0161i \u010dlen obmo\u010dja evra, ki je bila v minulih osmih letih pogosto na robu bankrota in izstopa iz obmo\u010dja skupne evropske valute, je danes zgodovinski dan. \u0160e vedno prezadol\u017eena dr\u017eava namre\u010d kon\u010duje tretji program finan\u010dne pomo\u010di in se bo lahko postopoma ob nemalo izzivih in \u0161e vedno strogem nadzoru postavila na lastne noge.","og_url":"https:\/\/hudo.com\/si\/aktualno\/zgodovinski-dan-grcija-po-osmih-letih-izstopa-iz-mehanizma-mednarodne-financne-pomoci\/","og_site_name":"Hudo Slovenija","article_publisher":"https:\/\/www.facebook.com\/hudo.si","article_published_time":"2018-08-20T10:46:10+00:00","og_image":[{"width":1250,"height":815,"url":"https:\/\/hudo.com\/si\/wp-content\/uploads\/sites\/2\/2018\/06\/profimedia-0147655845.jpg","type":"image\/jpeg"}],"author":"M. N., STA","twitter_card":"summary_large_image","twitter_creator":"@hudo_si","twitter_site":"@hudo_si","twitter_misc":{"Written by":"M. N., STA","Est. reading time":"4 minute"},"schema":{"@context":"https:\/\/schema.org","@graph":[{"@type":"Article","@id":"https:\/\/hudo.com\/si\/aktualno\/zgodovinski-dan-grcija-po-osmih-letih-izstopa-iz-mehanizma-mednarodne-financne-pomoci\/#article","isPartOf":{"@id":"https:\/\/hudo.com\/si\/aktualno\/zgodovinski-dan-grcija-po-osmih-letih-izstopa-iz-mehanizma-mednarodne-financne-pomoci\/"},"author":{"name":"M. N., STA","@id":"https:\/\/hudo.com\/si\/#\/schema\/person\/c2f10ce65d2e6ede2aeda5be2a0611fa"},"headline":"Zgodovinski dan: Gr\u010dija po osmih letih izstopa iz mehanizma mednarodne finan\u010dne pomo\u010di","datePublished":"2018-08-20T10:46:10+00:00","dateModified":"2018-08-20T10:46:10+00:00","mainEntityOfPage":{"@id":"https:\/\/hudo.com\/si\/aktualno\/zgodovinski-dan-grcija-po-osmih-letih-izstopa-iz-mehanizma-mednarodne-financne-pomoci\/"},"wordCount":820,"publisher":{"@id":"https:\/\/hudo.com\/si\/#organization"},"keywords":["finan\u010dna pomo\u010d","gr\u010dija"],"articleSection":["Aktualno"],"inLanguage":"sl-SI"},{"@type":"WebPage","@id":"https:\/\/hudo.com\/si\/aktualno\/zgodovinski-dan-grcija-po-osmih-letih-izstopa-iz-mehanizma-mednarodne-financne-pomoci\/","url":"https:\/\/hudo.com\/si\/aktualno\/zgodovinski-dan-grcija-po-osmih-letih-izstopa-iz-mehanizma-mednarodne-financne-pomoci\/","name":"Zgodovinski dan: Gr\u010dija po osmih letih izstopa iz mehanizma mednarodne finan\u010dne pomo\u010di - Hudo Slovenija","isPartOf":{"@id":"https:\/\/hudo.com\/si\/#website"},"datePublished":"2018-08-20T10:46:10+00:00","dateModified":"2018-08-20T10:46:10+00:00","breadcrumb":{"@id":"https:\/\/hudo.com\/si\/aktualno\/zgodovinski-dan-grcija-po-osmih-letih-izstopa-iz-mehanizma-mednarodne-financne-pomoci\/#breadcrumb"},"inLanguage":"sl-SI","potentialAction":[{"@type":"ReadAction","target":["https:\/\/hudo.com\/si\/aktualno\/zgodovinski-dan-grcija-po-osmih-letih-izstopa-iz-mehanizma-mednarodne-financne-pomoci\/"]}]},{"@type":"BreadcrumbList","@id":"https:\/\/hudo.com\/si\/aktualno\/zgodovinski-dan-grcija-po-osmih-letih-izstopa-iz-mehanizma-mednarodne-financne-pomoci\/#breadcrumb","itemListElement":[{"@type":"ListItem","position":1,"name":"Home","item":"https:\/\/hudo.com\/si\/"},{"@type":"ListItem","position":2,"name":"Zgodovinski dan: Gr\u010dija po osmih letih izstopa iz mehanizma mednarodne finan\u010dne pomo\u010di"}]},{"@type":"WebSite","@id":"https:\/\/hudo.com\/si\/#website","url":"https:\/\/hudo.com\/si\/","name":"Hudo Slovenija","description":"Vse novice iz Slovenije in sveta","publisher":{"@id":"https:\/\/hudo.com\/si\/#organization"},"potentialAction":[{"@type":"SearchAction","target":{"@type":"EntryPoint","urlTemplate":"https:\/\/hudo.com\/si\/?s={search_term_string}"},"query-input":"required name=search_term_string"}],"inLanguage":"sl-SI"},{"@type":"Organization","@id":"https:\/\/hudo.com\/si\/#organization","name":"VSN Media","url":"https:\/\/hudo.com\/si\/","logo":{"@type":"ImageObject","inLanguage":"sl-SI","@id":"https:\/\/hudo.com\/si\/#\/schema\/logo\/image\/","url":"https:\/\/hudo.com\/si\/wp-content\/uploads\/sites\/2\/2021\/03\/hudo-app-2.png","contentUrl":"https:\/\/hudo.com\/si\/wp-content\/uploads\/sites\/2\/2021\/03\/hudo-app-2.png","width":2185,"height":2167,"caption":"VSN Media"},"image":{"@id":"https:\/\/hudo.com\/si\/#\/schema\/logo\/image\/"},"sameAs":["https:\/\/www.facebook.com\/hudo.si","https:\/\/twitter.com\/hudo_si"]},{"@type":"Person","@id":"https:\/\/hudo.com\/si\/#\/schema\/person\/c2f10ce65d2e6ede2aeda5be2a0611fa","name":"M. N., STA","image":{"@type":"ImageObject","inLanguage":"sl-SI","@id":"https:\/\/hudo.com\/si\/#\/schema\/person\/image\/","url":"https:\/\/secure.gravatar.com\/avatar\/f370d38daa10467f755c5c766a4cac20?s=96&d=mm&r=g","contentUrl":"https:\/\/secure.gravatar.com\/avatar\/f370d38daa10467f755c5c766a4cac20?s=96&d=mm&r=g","caption":"M. N., STA"},"url":"https:\/\/hudo.com\/si\/author\/mana\/"}]}},"amp_enabled":true,"_links":{"self":[{"href":"https:\/\/hudo.com\/si\/wp-json\/wp\/v2\/posts\/375903"}],"collection":[{"href":"https:\/\/hudo.com\/si\/wp-json\/wp\/v2\/posts"}],"about":[{"href":"https:\/\/hudo.com\/si\/wp-json\/wp\/v2\/types\/post"}],"author":[{"embeddable":true,"href":"https:\/\/hudo.com\/si\/wp-json\/wp\/v2\/users\/8"}],"replies":[{"embeddable":true,"href":"https:\/\/hudo.com\/si\/wp-json\/wp\/v2\/comments?post=375903"}],"version-history":[{"count":1,"href":"https:\/\/hudo.com\/si\/wp-json\/wp\/v2\/posts\/375903\/revisions"}],"predecessor-version":[{"id":375905,"href":"https:\/\/hudo.com\/si\/wp-json\/wp\/v2\/posts\/375903\/revisions\/375905"}],"wp:featuredmedia":[{"embeddable":true,"href":"https:\/\/hudo.com\/si\/wp-json\/wp\/v2\/media\/372580"}],"wp:attachment":[{"href":"https:\/\/hudo.com\/si\/wp-json\/wp\/v2\/media?parent=375903"}],"wp:term":[{"taxonomy":"category","embeddable":true,"href":"https:\/\/hudo.com\/si\/wp-json\/wp\/v2\/categories?post=375903"},{"taxonomy":"post_tag","embeddable":true,"href":"https:\/\/hudo.com\/si\/wp-json\/wp\/v2\/tags?post=375903"},{"taxonomy":"source","embeddable":true,"href":"https:\/\/hudo.com\/si\/wp-json\/wp\/v2\/source?post=375903"},{"taxonomy":"supertag","embeddable":true,"href":"https:\/\/hudo.com\/si\/wp-json\/wp\/v2\/supertag?post=375903"}],"curies":[{"name":"wp","href":"https:\/\/api.w.org\/{rel}","templated":true}]}}