{"id":375979,"date":"2018-08-21T12:43:44","date_gmt":"2018-08-21T10:43:44","guid":{"rendered":"http:\/\/hudo.com\/si\/?p=375979"},"modified":"2018-08-21T12:43:44","modified_gmt":"2018-08-21T10:43:44","slug":"papezu-se-v-vse-bolj-napredni-irski-obeta-mlacen-sprejem","status":"publish","type":"post","link":"https:\/\/hudo.com\/si\/aktualno\/papezu-se-v-vse-bolj-napredni-irski-obeta-mlacen-sprejem\/","title":{"rendered":"Pape\u017eu se v vse bolj napredni Irski obeta mla\u010den sprejem"},"content":{"rendered":"<p>Fran\u010di\u0161ek bo na dogodkih med obiskom v soboto in nedeljo po pri\u010dakovanjih pritegnil ob\u010dutno manj\u0161e mno\u017eice, kot jih je Janez Pavel II., ki je bil kot zadnji pape\u017e na obisku na zelenem otoku leta 1979. Takrat se je razli\u010dnih dogodkov po dr\u017eavi udele\u017eilo ve\u010d kot dva milijona ljudi, navaja nem\u0161ka tiskovna agencija dpa.<\/p>\n<p>Ko je Irsko obiskal Janez Pavel II., sta bila razveza in homoseksualnost v dr\u017eavi nezakoniti, a odtlej so na plan pri\u0161li \u0161tevilni cerkveni \u0161kandali, od spolnih zlorab do prikrivanja kriminalne dejavnosti. Irska javnost je danes seznanjena tudi z desetletji zlorab v ustanovah, ki so jih vodili cerkveni redovi, med katerimi so zloglasne pralnice sester Magdalenk, kjer so \u017eenske zadr\u017eevali kot su\u017enje, njihove otroke pa dajali v posvojitve.<\/p>\n<p>\u010ceprav se velika ve\u010dina Ircev \u0161e vedno izreka za katoli\u010dane &#8211; 78,3 odstotka v popisu prebivalstva leta 2016 &#8211; so \u0161tevilni med njimi leta 2015 ignorirali cerkveni nauk in na referendumu podprli poroke istospolnih parov. Podobno se je zgodilo maja letos, ko je 66,4 odstotka volivcev glasovalo za rahljanje ostre irske zakonodaje o splavu.<\/p>\n<p>Od argentinskega pape\u017ea tako irsko politi\u010dno vodstvo kot tamkaj\u0161nje cerkveno vodstvo pri\u010dakujeta jasno obsodbo spolnih zlorab v Cerkvi. Dublinski nad\u0161kof Diarmuid Martin je v nedeljo med pridigo Fran\u010di\u0161ka pozval, naj odkrito spregovori o katoli\u0161kih strukturah, ki omogo\u010dajo zlorabo otrok, in poudaril, da samo opravi\u010dilo ni dovolj.<\/p>\n<p>Fran\u010di\u0161ek sam je v ponedeljek v lu\u010di \u0161kandala spolnih zlorab na tiso\u010de otrok s strani katoli\u0161kih duhovnikov v ameri\u0161ki Pensilvaniji te ostro obsodil in priznal, da je Cerkev predolgo ignorirala bole\u010dino \u017ertev. Kot pi\u0161e avstrijska tiskovna agencija APA, je tudi na Irskem od pape\u017ea skoraj zagotovo mo\u010d pri\u010dakovati jasne besede na to temo.<\/p>\n<p>Osrednji namen pape\u017eevega apostolskega potovanja na Irsko je udele\u017eba na devetem svetovnem sre\u010danju dru\u017ein, ki se z udele\u017ebo ve\u010d deset tiso\u010d ljudi iz prek 100 dr\u017eav za\u010denja \u017ee drevi, tokrat pod geslom Evangelij dru\u017eine: veselje za svet.<\/p>\n<p>Delegacijo iz Slovenije bo na sre\u010danju vodil ljubljanski nad\u0161kof metropolit Stanislav Zore v spremstvu patra Toma\u017ea Miku\u0161a ter zakoncev Marka in Katarine Nzobandora z otroki, napovedujejo pri Slovenski \u0161kofovski konferenci.<\/p>\n<p>Vrhunec dogajanja bosta festival dru\u017ein na stadionu Croke Park v Dublinu v soboto zve\u010der, na katerem ob pape\u017eu pri\u010dakujejo 80.000 ljudi, in sklepna ma\u0161a v dublinskem parku Phoenix v nedeljo zve\u010der, ki jo bo daroval Fran\u010di\u0161ek. Jorge Mario Bergoglio bo po pri\u010dakovanjih tudi v nedeljo dopoldne ob obisku Marijinega sveti\u0161\u010da v Knocku na zahodu Irskem pritegnil okoli 45.000 ljudi.<\/p>\n<p>A nekatere vstopnice za dogodke s pape\u017eem naj bi ljudje rezervirali v znak protesta oz. v \u017eelji, da bo videti prazne sede\u017ee. Eden izmed protestnikov je za \u010dasnik Irish Times povedal, da je pod imenom Jezus Kristus rezerviral 800 vstopnic. Privr\u017eenci njegove skupine Say Nope to the Pope (Reci ne pape\u017eu) na dru\u017ebenem omre\u017eju Facebook bodo poleg tega v nedeljo pripravili protestni pohod skozi Dublin do spomenika Spominski vrt. Tam prav v \u010dasu pape\u017eeve nedeljske ma\u0161e pripravljajo tudi shod v znak solidarnosti z \u017ertvami duhovni\u0161kih spolnih zlorab.<\/p>\n<p>Fran\u010di\u0161ek bo sicer 32-urno potovanje na Irskem za\u010del v soboto dopoldne. Najprej ga bo v svoji rezidenci zasebno sprejel predsednik Michael D Higgins, nato pa se bo na dublinskem gradu se\u0161el \u0161e s premierjem Leom Varadkarjem, homoseksualcem, ki je uspe\u0161no vodil kampanji za poroke istospolnih parov in rahljanje zakonodaje o splavu.<\/p>\n<p>Varadkar je za irske medije povedal, da namerava med sre\u010danjem s pape\u017eem spregovoriti o resni\u010dnih skrbeh Ircev glede dedi\u0161\u010dine preteklosti, kar je vzbudilo upe, da bo govora tudi o zlorabah s strani duhovnikov in ustanov na Irskem.<\/p>\n<p>Na dublinskem gradu bo po pri\u010dakovanjih Fran\u010di\u0161ek imel tudi prvi govor. Poleg \u017ee omenjenih nastopov v okviru svetovnega sre\u010danja dru\u017ein in obiska sveti\u0161\u010da v Knocku, kamor bo poletel z letalom, ima sveti o\u010de na programu \u0161e sobotni obisk kapucinskega dnevnega centra, kjer se bo sre\u010dal z brezdomci.<\/p>\n","protected":false},"excerpt":{"rendered":"<p>Pape\u017e Fran\u010di\u0161ek bo konec tedna na Irskem, globoko katoli\u0161ki dr\u017eavi, kjer pa ga morda \u010daka bolj mla\u010dna dobrodo\u0161lica, saj prebivalstvo tudi zaradi spolnih zlorab v Cerkvi vse bolj zavra\u010da vatikanske nauke o \u017eenskah, homoseksualnosti in splavu. Vrhunec obiska bo Fran\u010di\u0161kova ma\u0161a na svetovnem sre\u010danju dru\u017ein, ki se na Irskem za\u010denja \u017ee drevi.<\/p>\n","protected":false},"author":7,"featured_media":309142,"comment_status":"closed","ping_status":"closed","sticky":false,"template":"","format":"standard","meta":{"footnotes":""},"categories":[1179],"tags":[5913,5652,6625],"source":[4511],"supertag":[],"acf":[],"yoast_head":"<!-- This site is optimized with the Yoast SEO plugin v21.3 - https:\/\/yoast.com\/wordpress\/plugins\/seo\/ -->\n<title>Pape\u017eu se v vse bolj napredni Irski obeta mla\u010den sprejem - Hudo Slovenija<\/title>\n<meta name=\"robots\" content=\"index, follow, max-snippet:-1, max-image-preview:large, max-video-preview:-1\" \/>\n<link rel=\"canonical\" href=\"https:\/\/hudo.com\/si\/aktualno\/papezu-se-v-vse-bolj-napredni-irski-obeta-mlacen-sprejem\/\" \/>\n<meta property=\"og:locale\" content=\"sl_SI\" \/>\n<meta property=\"og:type\" content=\"article\" \/>\n<meta property=\"og:title\" content=\"Pape\u017eu se v vse bolj napredni Irski obeta mla\u010den sprejem - Hudo Slovenija\" \/>\n<meta property=\"og:description\" content=\"Pape\u017e Fran\u010di\u0161ek bo konec tedna na Irskem, globoko katoli\u0161ki dr\u017eavi, kjer pa ga morda \u010daka bolj mla\u010dna dobrodo\u0161lica, saj prebivalstvo tudi zaradi spolnih zlorab v Cerkvi vse bolj zavra\u010da vatikanske nauke o \u017eenskah, homoseksualnosti in splavu. Vrhunec obiska bo Fran\u010di\u0161kova ma\u0161a na svetovnem sre\u010danju dru\u017ein, ki se na Irskem za\u010denja \u017ee drevi.\" \/>\n<meta property=\"og:url\" content=\"https:\/\/hudo.com\/si\/aktualno\/papezu-se-v-vse-bolj-napredni-irski-obeta-mlacen-sprejem\/\" \/>\n<meta property=\"og:site_name\" content=\"Hudo Slovenija\" \/>\n<meta property=\"article:publisher\" content=\"https:\/\/www.facebook.com\/hudo.si\" \/>\n<meta property=\"article:published_time\" content=\"2018-08-21T10:43:44+00:00\" \/>\n<meta property=\"og:image\" content=\"https:\/\/hudo.com\/si\/wp-content\/uploads\/sites\/2\/2017\/10\/profimedia-0352510629.jpg\" \/>\n\t<meta property=\"og:image:width\" content=\"1250\" \/>\n\t<meta property=\"og:image:height\" content=\"856\" \/>\n\t<meta property=\"og:image:type\" content=\"image\/jpeg\" \/>\n<meta name=\"author\" content=\"A. P., STA\" \/>\n<meta name=\"twitter:card\" content=\"summary_large_image\" \/>\n<meta name=\"twitter:creator\" content=\"@hudo_si\" \/>\n<meta name=\"twitter:site\" content=\"@hudo_si\" \/>\n<meta name=\"twitter:label1\" content=\"Written by\" \/>\n\t<meta name=\"twitter:data1\" content=\"A. P., STA\" \/>\n\t<meta name=\"twitter:label2\" content=\"Est. reading time\" \/>\n\t<meta name=\"twitter:data2\" content=\"3 minute\" \/>\n<script type=\"application\/ld+json\" class=\"yoast-schema-graph\">{\"@context\":\"https:\/\/schema.org\",\"@graph\":[{\"@type\":\"Article\",\"@id\":\"https:\/\/hudo.com\/si\/aktualno\/papezu-se-v-vse-bolj-napredni-irski-obeta-mlacen-sprejem\/#article\",\"isPartOf\":{\"@id\":\"https:\/\/hudo.com\/si\/aktualno\/papezu-se-v-vse-bolj-napredni-irski-obeta-mlacen-sprejem\/\"},\"author\":{\"name\":\"A. P., STA\",\"@id\":\"https:\/\/hudo.com\/si\/#\/schema\/person\/18f09c02475ba9e606e941a565b80cff\"},\"headline\":\"Pape\u017eu se v vse bolj napredni Irski obeta mla\u010den sprejem\",\"datePublished\":\"2018-08-21T10:43:44+00:00\",\"dateModified\":\"2018-08-21T10:43:44+00:00\",\"mainEntityOfPage\":{\"@id\":\"https:\/\/hudo.com\/si\/aktualno\/papezu-se-v-vse-bolj-napredni-irski-obeta-mlacen-sprejem\/\"},\"wordCount\":708,\"publisher\":{\"@id\":\"https:\/\/hudo.com\/si\/#organization\"},\"keywords\":[\"Irska\",\"pape\u017e fran\u010di\u0161ek\",\"RKC\"],\"articleSection\":[\"Aktualno\"],\"inLanguage\":\"sl-SI\"},{\"@type\":\"WebPage\",\"@id\":\"https:\/\/hudo.com\/si\/aktualno\/papezu-se-v-vse-bolj-napredni-irski-obeta-mlacen-sprejem\/\",\"url\":\"https:\/\/hudo.com\/si\/aktualno\/papezu-se-v-vse-bolj-napredni-irski-obeta-mlacen-sprejem\/\",\"name\":\"Pape\u017eu se v vse bolj napredni Irski obeta mla\u010den sprejem - Hudo Slovenija\",\"isPartOf\":{\"@id\":\"https:\/\/hudo.com\/si\/#website\"},\"datePublished\":\"2018-08-21T10:43:44+00:00\",\"dateModified\":\"2018-08-21T10:43:44+00:00\",\"breadcrumb\":{\"@id\":\"https:\/\/hudo.com\/si\/aktualno\/papezu-se-v-vse-bolj-napredni-irski-obeta-mlacen-sprejem\/#breadcrumb\"},\"inLanguage\":\"sl-SI\",\"potentialAction\":[{\"@type\":\"ReadAction\",\"target\":[\"https:\/\/hudo.com\/si\/aktualno\/papezu-se-v-vse-bolj-napredni-irski-obeta-mlacen-sprejem\/\"]}]},{\"@type\":\"BreadcrumbList\",\"@id\":\"https:\/\/hudo.com\/si\/aktualno\/papezu-se-v-vse-bolj-napredni-irski-obeta-mlacen-sprejem\/#breadcrumb\",\"itemListElement\":[{\"@type\":\"ListItem\",\"position\":1,\"name\":\"Home\",\"item\":\"https:\/\/hudo.com\/si\/\"},{\"@type\":\"ListItem\",\"position\":2,\"name\":\"Pape\u017eu se v vse bolj napredni Irski obeta mla\u010den sprejem\"}]},{\"@type\":\"WebSite\",\"@id\":\"https:\/\/hudo.com\/si\/#website\",\"url\":\"https:\/\/hudo.com\/si\/\",\"name\":\"Hudo Slovenija\",\"description\":\"Vse novice iz Slovenije in sveta\",\"publisher\":{\"@id\":\"https:\/\/hudo.com\/si\/#organization\"},\"potentialAction\":[{\"@type\":\"SearchAction\",\"target\":{\"@type\":\"EntryPoint\",\"urlTemplate\":\"https:\/\/hudo.com\/si\/?s={search_term_string}\"},\"query-input\":\"required name=search_term_string\"}],\"inLanguage\":\"sl-SI\"},{\"@type\":\"Organization\",\"@id\":\"https:\/\/hudo.com\/si\/#organization\",\"name\":\"VSN Media\",\"url\":\"https:\/\/hudo.com\/si\/\",\"logo\":{\"@type\":\"ImageObject\",\"inLanguage\":\"sl-SI\",\"@id\":\"https:\/\/hudo.com\/si\/#\/schema\/logo\/image\/\",\"url\":\"https:\/\/hudo.com\/si\/wp-content\/uploads\/sites\/2\/2021\/03\/hudo-app-2.png\",\"contentUrl\":\"https:\/\/hudo.com\/si\/wp-content\/uploads\/sites\/2\/2021\/03\/hudo-app-2.png\",\"width\":2185,\"height\":2167,\"caption\":\"VSN Media\"},\"image\":{\"@id\":\"https:\/\/hudo.com\/si\/#\/schema\/logo\/image\/\"},\"sameAs\":[\"https:\/\/www.facebook.com\/hudo.si\",\"https:\/\/twitter.com\/hudo_si\"]},{\"@type\":\"Person\",\"@id\":\"https:\/\/hudo.com\/si\/#\/schema\/person\/18f09c02475ba9e606e941a565b80cff\",\"name\":\"A. P., STA\",\"image\":{\"@type\":\"ImageObject\",\"inLanguage\":\"sl-SI\",\"@id\":\"https:\/\/hudo.com\/si\/#\/schema\/person\/image\/\",\"url\":\"https:\/\/secure.gravatar.com\/avatar\/03eac8e609f5f04383125d80eaeaaf3e?s=96&d=mm&r=g\",\"contentUrl\":\"https:\/\/secure.gravatar.com\/avatar\/03eac8e609f5f04383125d80eaeaaf3e?s=96&d=mm&r=g\",\"caption\":\"A. P., STA\"},\"url\":\"https:\/\/hudo.com\/si\/author\/lubu\/\"}]}<\/script>\n<!-- \/ Yoast SEO plugin. -->","yoast_head_json":{"title":"Pape\u017eu se v vse bolj napredni Irski obeta mla\u010den sprejem - Hudo Slovenija","robots":{"index":"index","follow":"follow","max-snippet":"max-snippet:-1","max-image-preview":"max-image-preview:large","max-video-preview":"max-video-preview:-1"},"canonical":"https:\/\/hudo.com\/si\/aktualno\/papezu-se-v-vse-bolj-napredni-irski-obeta-mlacen-sprejem\/","og_locale":"sl_SI","og_type":"article","og_title":"Pape\u017eu se v vse bolj napredni Irski obeta mla\u010den sprejem - Hudo Slovenija","og_description":"Pape\u017e Fran\u010di\u0161ek bo konec tedna na Irskem, globoko katoli\u0161ki dr\u017eavi, kjer pa ga morda \u010daka bolj mla\u010dna dobrodo\u0161lica, saj prebivalstvo tudi zaradi spolnih zlorab v Cerkvi vse bolj zavra\u010da vatikanske nauke o \u017eenskah, homoseksualnosti in splavu. Vrhunec obiska bo Fran\u010di\u0161kova ma\u0161a na svetovnem sre\u010danju dru\u017ein, ki se na Irskem za\u010denja \u017ee drevi.","og_url":"https:\/\/hudo.com\/si\/aktualno\/papezu-se-v-vse-bolj-napredni-irski-obeta-mlacen-sprejem\/","og_site_name":"Hudo Slovenija","article_publisher":"https:\/\/www.facebook.com\/hudo.si","article_published_time":"2018-08-21T10:43:44+00:00","og_image":[{"width":1250,"height":856,"url":"https:\/\/hudo.com\/si\/wp-content\/uploads\/sites\/2\/2017\/10\/profimedia-0352510629.jpg","type":"image\/jpeg"}],"author":"A. P., STA","twitter_card":"summary_large_image","twitter_creator":"@hudo_si","twitter_site":"@hudo_si","twitter_misc":{"Written by":"A. P., STA","Est. reading time":"3 minute"},"schema":{"@context":"https:\/\/schema.org","@graph":[{"@type":"Article","@id":"https:\/\/hudo.com\/si\/aktualno\/papezu-se-v-vse-bolj-napredni-irski-obeta-mlacen-sprejem\/#article","isPartOf":{"@id":"https:\/\/hudo.com\/si\/aktualno\/papezu-se-v-vse-bolj-napredni-irski-obeta-mlacen-sprejem\/"},"author":{"name":"A. P., STA","@id":"https:\/\/hudo.com\/si\/#\/schema\/person\/18f09c02475ba9e606e941a565b80cff"},"headline":"Pape\u017eu se v vse bolj napredni Irski obeta mla\u010den sprejem","datePublished":"2018-08-21T10:43:44+00:00","dateModified":"2018-08-21T10:43:44+00:00","mainEntityOfPage":{"@id":"https:\/\/hudo.com\/si\/aktualno\/papezu-se-v-vse-bolj-napredni-irski-obeta-mlacen-sprejem\/"},"wordCount":708,"publisher":{"@id":"https:\/\/hudo.com\/si\/#organization"},"keywords":["Irska","pape\u017e fran\u010di\u0161ek","RKC"],"articleSection":["Aktualno"],"inLanguage":"sl-SI"},{"@type":"WebPage","@id":"https:\/\/hudo.com\/si\/aktualno\/papezu-se-v-vse-bolj-napredni-irski-obeta-mlacen-sprejem\/","url":"https:\/\/hudo.com\/si\/aktualno\/papezu-se-v-vse-bolj-napredni-irski-obeta-mlacen-sprejem\/","name":"Pape\u017eu se v vse bolj napredni Irski obeta mla\u010den sprejem - Hudo Slovenija","isPartOf":{"@id":"https:\/\/hudo.com\/si\/#website"},"datePublished":"2018-08-21T10:43:44+00:00","dateModified":"2018-08-21T10:43:44+00:00","breadcrumb":{"@id":"https:\/\/hudo.com\/si\/aktualno\/papezu-se-v-vse-bolj-napredni-irski-obeta-mlacen-sprejem\/#breadcrumb"},"inLanguage":"sl-SI","potentialAction":[{"@type":"ReadAction","target":["https:\/\/hudo.com\/si\/aktualno\/papezu-se-v-vse-bolj-napredni-irski-obeta-mlacen-sprejem\/"]}]},{"@type":"BreadcrumbList","@id":"https:\/\/hudo.com\/si\/aktualno\/papezu-se-v-vse-bolj-napredni-irski-obeta-mlacen-sprejem\/#breadcrumb","itemListElement":[{"@type":"ListItem","position":1,"name":"Home","item":"https:\/\/hudo.com\/si\/"},{"@type":"ListItem","position":2,"name":"Pape\u017eu se v vse bolj napredni Irski obeta mla\u010den sprejem"}]},{"@type":"WebSite","@id":"https:\/\/hudo.com\/si\/#website","url":"https:\/\/hudo.com\/si\/","name":"Hudo Slovenija","description":"Vse novice iz Slovenije in sveta","publisher":{"@id":"https:\/\/hudo.com\/si\/#organization"},"potentialAction":[{"@type":"SearchAction","target":{"@type":"EntryPoint","urlTemplate":"https:\/\/hudo.com\/si\/?s={search_term_string}"},"query-input":"required name=search_term_string"}],"inLanguage":"sl-SI"},{"@type":"Organization","@id":"https:\/\/hudo.com\/si\/#organization","name":"VSN Media","url":"https:\/\/hudo.com\/si\/","logo":{"@type":"ImageObject","inLanguage":"sl-SI","@id":"https:\/\/hudo.com\/si\/#\/schema\/logo\/image\/","url":"https:\/\/hudo.com\/si\/wp-content\/uploads\/sites\/2\/2021\/03\/hudo-app-2.png","contentUrl":"https:\/\/hudo.com\/si\/wp-content\/uploads\/sites\/2\/2021\/03\/hudo-app-2.png","width":2185,"height":2167,"caption":"VSN Media"},"image":{"@id":"https:\/\/hudo.com\/si\/#\/schema\/logo\/image\/"},"sameAs":["https:\/\/www.facebook.com\/hudo.si","https:\/\/twitter.com\/hudo_si"]},{"@type":"Person","@id":"https:\/\/hudo.com\/si\/#\/schema\/person\/18f09c02475ba9e606e941a565b80cff","name":"A. P., STA","image":{"@type":"ImageObject","inLanguage":"sl-SI","@id":"https:\/\/hudo.com\/si\/#\/schema\/person\/image\/","url":"https:\/\/secure.gravatar.com\/avatar\/03eac8e609f5f04383125d80eaeaaf3e?s=96&d=mm&r=g","contentUrl":"https:\/\/secure.gravatar.com\/avatar\/03eac8e609f5f04383125d80eaeaaf3e?s=96&d=mm&r=g","caption":"A. P., STA"},"url":"https:\/\/hudo.com\/si\/author\/lubu\/"}]}},"amp_enabled":true,"_links":{"self":[{"href":"https:\/\/hudo.com\/si\/wp-json\/wp\/v2\/posts\/375979"}],"collection":[{"href":"https:\/\/hudo.com\/si\/wp-json\/wp\/v2\/posts"}],"about":[{"href":"https:\/\/hudo.com\/si\/wp-json\/wp\/v2\/types\/post"}],"author":[{"embeddable":true,"href":"https:\/\/hudo.com\/si\/wp-json\/wp\/v2\/users\/7"}],"replies":[{"embeddable":true,"href":"https:\/\/hudo.com\/si\/wp-json\/wp\/v2\/comments?post=375979"}],"version-history":[{"count":1,"href":"https:\/\/hudo.com\/si\/wp-json\/wp\/v2\/posts\/375979\/revisions"}],"predecessor-version":[{"id":375983,"href":"https:\/\/hudo.com\/si\/wp-json\/wp\/v2\/posts\/375979\/revisions\/375983"}],"wp:featuredmedia":[{"embeddable":true,"href":"https:\/\/hudo.com\/si\/wp-json\/wp\/v2\/media\/309142"}],"wp:attachment":[{"href":"https:\/\/hudo.com\/si\/wp-json\/wp\/v2\/media?parent=375979"}],"wp:term":[{"taxonomy":"category","embeddable":true,"href":"https:\/\/hudo.com\/si\/wp-json\/wp\/v2\/categories?post=375979"},{"taxonomy":"post_tag","embeddable":true,"href":"https:\/\/hudo.com\/si\/wp-json\/wp\/v2\/tags?post=375979"},{"taxonomy":"source","embeddable":true,"href":"https:\/\/hudo.com\/si\/wp-json\/wp\/v2\/source?post=375979"},{"taxonomy":"supertag","embeddable":true,"href":"https:\/\/hudo.com\/si\/wp-json\/wp\/v2\/supertag?post=375979"}],"curies":[{"name":"wp","href":"https:\/\/api.w.org\/{rel}","templated":true}]}}