{"id":376080,"date":"2018-08-22T13:43:29","date_gmt":"2018-08-22T11:43:29","guid":{"rendered":"http:\/\/hudo.com\/si\/?p=376080"},"modified":"2018-08-22T13:43:29","modified_gmt":"2018-08-22T11:43:29","slug":"pozar-blizu-aten-ki-je-terjal-najmanj-96-smrtnih-zrtev-zakrivil-domacin","status":"publish","type":"post","link":"https:\/\/hudo.com\/si\/aktualno\/pozar-blizu-aten-ki-je-terjal-najmanj-96-smrtnih-zrtev-zakrivil-domacin\/","title":{"rendered":"Po\u017ear blizu Aten, ki je terjal najmanj 96 smrtnih \u017ertev, zakrivil doma\u010din"},"content":{"rendered":"<div class=\"text\">\n<p>Po prvih rezultatih preiskave gr\u0161kih gasilcev je prebivalec nehote spro\u017eil po\u017ear 23. julija in sicer na hribu nad najhuje prizadetim obmo\u010djem. Ker ni dobro pogasil gori\u0161\u010da, je mo\u010dan veter razpihal \u017eerjavico in ogenj se je nato hitro raz\u0161iril, je razvidno iz poro\u010dila gasilcev, ki so ga v torek objavili gr\u0161ki mediji.<\/p>\n<p>A katastrofa se je zgodila tudi zaradi pomanjkljivega \u0161tevila gasilcev, gasilskih vozil in letal za ga\u0161enje, saj so bili v istem \u010dasu zaposleni s po\u017earom zahodno od Aten. Te\u017eave so bile \u0161e v koordinaciji ter z zamudo pri razglasitvi evakuacije za ogro\u017eena obmo\u010dja, povzema poro\u010dilo nem\u0161ka tiskovna agencija dpa.<\/p>\n<p>Gr\u0161ko pravosodje je sicer uvedlo lo\u010deno preiskavo katastrofe. V po\u017earu, ki je med drugim opusto\u0161il letovi\u0161\u010de Mati blizu Aten, je bilo uni\u010denih ali huje po\u0161kodovanih ve\u010d kot 4000 stavb. Ve\u010d oseb se \u0161e zdravi v bolni\u0161nicah.<\/p>\n<p>Po po\u017earih je odstopil namestnik notranjega ministra, pristojen za civilno za\u0161\u010dito Nikos Toskas, zamenjana pa sta bila tudi na\u010delnika policije in gasilcev.<\/p>\n<p>Gr\u0161ki premier Aleksis Cipras je obljubil 500 milijonov evrov za reorganizacijo slu\u017eb za naravne nesre\u010de ter napovedal, da bodo zru\u0161ili 3200 nezakonito zgrajenih poslopij, ki zapirajo dostop do cest in obale na Atiki. Veliko \u0161tevilo \u017ertev je namre\u010d med drugim posledica tega, da mnogi zaradi zaprtosti dostopov do morja niso uspeli zbe\u017eati pred ognjenimi zublji.<\/p>\n<\/div>\n","protected":false},"excerpt":{"rendered":"<p>Nepreviden prebivalec, premalo gasilcev, mo\u010dan veter in nedostopen teren so glede na preiskavo gr\u0161kih gasilcev vzroki za smrtonosen po\u017ear vzhodno od Aten, ki je julija terjal najmanj 96 smrtnih \u017ertev. Mo\u0161ki je na hribu za\u017egal suhe veje, a kasneje ni pravilno pogasil ognja, zaradi mo\u010dnega vetra pa so se ognjeni zublji razplamteli.<\/p>\n","protected":false},"author":5,"featured_media":374531,"comment_status":"closed","ping_status":"closed","sticky":false,"template":"","format":"standard","meta":{"footnotes":""},"categories":[1179],"tags":[3235,5016],"source":[4511],"supertag":[6103],"acf":[],"yoast_head":"<!-- This site is optimized with the Yoast SEO plugin v21.3 - https:\/\/yoast.com\/wordpress\/plugins\/seo\/ -->\n<title>Po\u017ear blizu Aten, ki je terjal najmanj 96 smrtnih \u017ertev, zakrivil doma\u010din - Hudo Slovenija<\/title>\n<meta name=\"robots\" content=\"index, follow, max-snippet:-1, max-image-preview:large, max-video-preview:-1\" \/>\n<link rel=\"canonical\" href=\"https:\/\/hudo.com\/si\/aktualno\/pozar-blizu-aten-ki-je-terjal-najmanj-96-smrtnih-zrtev-zakrivil-domacin\/\" \/>\n<meta property=\"og:locale\" content=\"sl_SI\" \/>\n<meta property=\"og:type\" content=\"article\" \/>\n<meta property=\"og:title\" content=\"Po\u017ear blizu Aten, ki je terjal najmanj 96 smrtnih \u017ertev, zakrivil doma\u010din - Hudo Slovenija\" \/>\n<meta property=\"og:description\" content=\"Nepreviden prebivalec, premalo gasilcev, mo\u010dan veter in nedostopen teren so glede na preiskavo gr\u0161kih gasilcev vzroki za smrtonosen po\u017ear vzhodno od Aten, ki je julija terjal najmanj 96 smrtnih \u017ertev. Mo\u0161ki je na hribu za\u017egal suhe veje, a kasneje ni pravilno pogasil ognja, zaradi mo\u010dnega vetra pa so se ognjeni zublji razplamteli.\" \/>\n<meta property=\"og:url\" content=\"https:\/\/hudo.com\/si\/aktualno\/pozar-blizu-aten-ki-je-terjal-najmanj-96-smrtnih-zrtev-zakrivil-domacin\/\" \/>\n<meta property=\"og:site_name\" content=\"Hudo Slovenija\" \/>\n<meta property=\"article:publisher\" content=\"https:\/\/www.facebook.com\/hudo.si\" \/>\n<meta property=\"article:published_time\" content=\"2018-08-22T11:43:29+00:00\" \/>\n<meta property=\"og:image\" content=\"https:\/\/hudo.com\/si\/wp-content\/uploads\/sites\/2\/2018\/07\/profimedia-0379367783.jpg\" \/>\n\t<meta property=\"og:image:width\" content=\"1250\" \/>\n\t<meta property=\"og:image:height\" content=\"833\" \/>\n\t<meta property=\"og:image:type\" content=\"image\/jpeg\" \/>\n<meta name=\"author\" content=\"A. G., STA\" \/>\n<meta name=\"twitter:card\" content=\"summary_large_image\" \/>\n<meta name=\"twitter:creator\" content=\"@hudo_si\" \/>\n<meta name=\"twitter:site\" content=\"@hudo_si\" \/>\n<meta name=\"twitter:label1\" content=\"Written by\" \/>\n\t<meta name=\"twitter:data1\" content=\"A. G., STA\" \/>\n\t<meta name=\"twitter:label2\" content=\"Est. reading time\" \/>\n\t<meta name=\"twitter:data2\" content=\"1 minuta\" \/>\n<script type=\"application\/ld+json\" class=\"yoast-schema-graph\">{\"@context\":\"https:\/\/schema.org\",\"@graph\":[{\"@type\":\"Article\",\"@id\":\"https:\/\/hudo.com\/si\/aktualno\/pozar-blizu-aten-ki-je-terjal-najmanj-96-smrtnih-zrtev-zakrivil-domacin\/#article\",\"isPartOf\":{\"@id\":\"https:\/\/hudo.com\/si\/aktualno\/pozar-blizu-aten-ki-je-terjal-najmanj-96-smrtnih-zrtev-zakrivil-domacin\/\"},\"author\":{\"name\":\"A. G., STA\",\"@id\":\"https:\/\/hudo.com\/si\/#\/schema\/person\/2391667a63ea075ba94f2f2dc6b77537\"},\"headline\":\"Po\u017ear blizu Aten, ki je terjal najmanj 96 smrtnih \u017ertev, zakrivil doma\u010din\",\"datePublished\":\"2018-08-22T11:43:29+00:00\",\"dateModified\":\"2018-08-22T11:43:29+00:00\",\"mainEntityOfPage\":{\"@id\":\"https:\/\/hudo.com\/si\/aktualno\/pozar-blizu-aten-ki-je-terjal-najmanj-96-smrtnih-zrtev-zakrivil-domacin\/\"},\"wordCount\":254,\"publisher\":{\"@id\":\"https:\/\/hudo.com\/si\/#organization\"},\"keywords\":[\"gr\u010dija\",\"po\u017ear\"],\"articleSection\":[\"Aktualno\"],\"inLanguage\":\"sl-SI\"},{\"@type\":\"WebPage\",\"@id\":\"https:\/\/hudo.com\/si\/aktualno\/pozar-blizu-aten-ki-je-terjal-najmanj-96-smrtnih-zrtev-zakrivil-domacin\/\",\"url\":\"https:\/\/hudo.com\/si\/aktualno\/pozar-blizu-aten-ki-je-terjal-najmanj-96-smrtnih-zrtev-zakrivil-domacin\/\",\"name\":\"Po\u017ear blizu Aten, ki je terjal najmanj 96 smrtnih \u017ertev, zakrivil doma\u010din - Hudo Slovenija\",\"isPartOf\":{\"@id\":\"https:\/\/hudo.com\/si\/#website\"},\"datePublished\":\"2018-08-22T11:43:29+00:00\",\"dateModified\":\"2018-08-22T11:43:29+00:00\",\"breadcrumb\":{\"@id\":\"https:\/\/hudo.com\/si\/aktualno\/pozar-blizu-aten-ki-je-terjal-najmanj-96-smrtnih-zrtev-zakrivil-domacin\/#breadcrumb\"},\"inLanguage\":\"sl-SI\",\"potentialAction\":[{\"@type\":\"ReadAction\",\"target\":[\"https:\/\/hudo.com\/si\/aktualno\/pozar-blizu-aten-ki-je-terjal-najmanj-96-smrtnih-zrtev-zakrivil-domacin\/\"]}]},{\"@type\":\"BreadcrumbList\",\"@id\":\"https:\/\/hudo.com\/si\/aktualno\/pozar-blizu-aten-ki-je-terjal-najmanj-96-smrtnih-zrtev-zakrivil-domacin\/#breadcrumb\",\"itemListElement\":[{\"@type\":\"ListItem\",\"position\":1,\"name\":\"Home\",\"item\":\"https:\/\/hudo.com\/si\/\"},{\"@type\":\"ListItem\",\"position\":2,\"name\":\"Po\u017ear blizu Aten, ki je terjal najmanj 96 smrtnih \u017ertev, zakrivil doma\u010din\"}]},{\"@type\":\"WebSite\",\"@id\":\"https:\/\/hudo.com\/si\/#website\",\"url\":\"https:\/\/hudo.com\/si\/\",\"name\":\"Hudo Slovenija\",\"description\":\"Vse novice iz Slovenije in sveta\",\"publisher\":{\"@id\":\"https:\/\/hudo.com\/si\/#organization\"},\"potentialAction\":[{\"@type\":\"SearchAction\",\"target\":{\"@type\":\"EntryPoint\",\"urlTemplate\":\"https:\/\/hudo.com\/si\/?s={search_term_string}\"},\"query-input\":\"required name=search_term_string\"}],\"inLanguage\":\"sl-SI\"},{\"@type\":\"Organization\",\"@id\":\"https:\/\/hudo.com\/si\/#organization\",\"name\":\"VSN Media\",\"url\":\"https:\/\/hudo.com\/si\/\",\"logo\":{\"@type\":\"ImageObject\",\"inLanguage\":\"sl-SI\",\"@id\":\"https:\/\/hudo.com\/si\/#\/schema\/logo\/image\/\",\"url\":\"https:\/\/hudo.com\/si\/wp-content\/uploads\/sites\/2\/2021\/03\/hudo-app-2.png\",\"contentUrl\":\"https:\/\/hudo.com\/si\/wp-content\/uploads\/sites\/2\/2021\/03\/hudo-app-2.png\",\"width\":2185,\"height\":2167,\"caption\":\"VSN Media\"},\"image\":{\"@id\":\"https:\/\/hudo.com\/si\/#\/schema\/logo\/image\/\"},\"sameAs\":[\"https:\/\/www.facebook.com\/hudo.si\",\"https:\/\/twitter.com\/hudo_si\"]},{\"@type\":\"Person\",\"@id\":\"https:\/\/hudo.com\/si\/#\/schema\/person\/2391667a63ea075ba94f2f2dc6b77537\",\"name\":\"A. G., STA\",\"image\":{\"@type\":\"ImageObject\",\"inLanguage\":\"sl-SI\",\"@id\":\"https:\/\/hudo.com\/si\/#\/schema\/person\/image\/\",\"url\":\"https:\/\/secure.gravatar.com\/avatar\/e13d22ac3e442658d5025fbbe6238a79?s=96&d=mm&r=g\",\"contentUrl\":\"https:\/\/secure.gravatar.com\/avatar\/e13d22ac3e442658d5025fbbe6238a79?s=96&d=mm&r=g\",\"caption\":\"A. G., STA\"},\"url\":\"https:\/\/hudo.com\/si\/author\/alenka\/\"}]}<\/script>\n<!-- \/ Yoast SEO plugin. -->","yoast_head_json":{"title":"Po\u017ear blizu Aten, ki je terjal najmanj 96 smrtnih \u017ertev, zakrivil doma\u010din - Hudo Slovenija","robots":{"index":"index","follow":"follow","max-snippet":"max-snippet:-1","max-image-preview":"max-image-preview:large","max-video-preview":"max-video-preview:-1"},"canonical":"https:\/\/hudo.com\/si\/aktualno\/pozar-blizu-aten-ki-je-terjal-najmanj-96-smrtnih-zrtev-zakrivil-domacin\/","og_locale":"sl_SI","og_type":"article","og_title":"Po\u017ear blizu Aten, ki je terjal najmanj 96 smrtnih \u017ertev, zakrivil doma\u010din - Hudo Slovenija","og_description":"Nepreviden prebivalec, premalo gasilcev, mo\u010dan veter in nedostopen teren so glede na preiskavo gr\u0161kih gasilcev vzroki za smrtonosen po\u017ear vzhodno od Aten, ki je julija terjal najmanj 96 smrtnih \u017ertev. Mo\u0161ki je na hribu za\u017egal suhe veje, a kasneje ni pravilno pogasil ognja, zaradi mo\u010dnega vetra pa so se ognjeni zublji razplamteli.","og_url":"https:\/\/hudo.com\/si\/aktualno\/pozar-blizu-aten-ki-je-terjal-najmanj-96-smrtnih-zrtev-zakrivil-domacin\/","og_site_name":"Hudo Slovenija","article_publisher":"https:\/\/www.facebook.com\/hudo.si","article_published_time":"2018-08-22T11:43:29+00:00","og_image":[{"width":1250,"height":833,"url":"https:\/\/hudo.com\/si\/wp-content\/uploads\/sites\/2\/2018\/07\/profimedia-0379367783.jpg","type":"image\/jpeg"}],"author":"A. G., STA","twitter_card":"summary_large_image","twitter_creator":"@hudo_si","twitter_site":"@hudo_si","twitter_misc":{"Written by":"A. G., STA","Est. reading time":"1 minuta"},"schema":{"@context":"https:\/\/schema.org","@graph":[{"@type":"Article","@id":"https:\/\/hudo.com\/si\/aktualno\/pozar-blizu-aten-ki-je-terjal-najmanj-96-smrtnih-zrtev-zakrivil-domacin\/#article","isPartOf":{"@id":"https:\/\/hudo.com\/si\/aktualno\/pozar-blizu-aten-ki-je-terjal-najmanj-96-smrtnih-zrtev-zakrivil-domacin\/"},"author":{"name":"A. G., STA","@id":"https:\/\/hudo.com\/si\/#\/schema\/person\/2391667a63ea075ba94f2f2dc6b77537"},"headline":"Po\u017ear blizu Aten, ki je terjal najmanj 96 smrtnih \u017ertev, zakrivil doma\u010din","datePublished":"2018-08-22T11:43:29+00:00","dateModified":"2018-08-22T11:43:29+00:00","mainEntityOfPage":{"@id":"https:\/\/hudo.com\/si\/aktualno\/pozar-blizu-aten-ki-je-terjal-najmanj-96-smrtnih-zrtev-zakrivil-domacin\/"},"wordCount":254,"publisher":{"@id":"https:\/\/hudo.com\/si\/#organization"},"keywords":["gr\u010dija","po\u017ear"],"articleSection":["Aktualno"],"inLanguage":"sl-SI"},{"@type":"WebPage","@id":"https:\/\/hudo.com\/si\/aktualno\/pozar-blizu-aten-ki-je-terjal-najmanj-96-smrtnih-zrtev-zakrivil-domacin\/","url":"https:\/\/hudo.com\/si\/aktualno\/pozar-blizu-aten-ki-je-terjal-najmanj-96-smrtnih-zrtev-zakrivil-domacin\/","name":"Po\u017ear blizu Aten, ki je terjal najmanj 96 smrtnih \u017ertev, zakrivil doma\u010din - Hudo Slovenija","isPartOf":{"@id":"https:\/\/hudo.com\/si\/#website"},"datePublished":"2018-08-22T11:43:29+00:00","dateModified":"2018-08-22T11:43:29+00:00","breadcrumb":{"@id":"https:\/\/hudo.com\/si\/aktualno\/pozar-blizu-aten-ki-je-terjal-najmanj-96-smrtnih-zrtev-zakrivil-domacin\/#breadcrumb"},"inLanguage":"sl-SI","potentialAction":[{"@type":"ReadAction","target":["https:\/\/hudo.com\/si\/aktualno\/pozar-blizu-aten-ki-je-terjal-najmanj-96-smrtnih-zrtev-zakrivil-domacin\/"]}]},{"@type":"BreadcrumbList","@id":"https:\/\/hudo.com\/si\/aktualno\/pozar-blizu-aten-ki-je-terjal-najmanj-96-smrtnih-zrtev-zakrivil-domacin\/#breadcrumb","itemListElement":[{"@type":"ListItem","position":1,"name":"Home","item":"https:\/\/hudo.com\/si\/"},{"@type":"ListItem","position":2,"name":"Po\u017ear blizu Aten, ki je terjal najmanj 96 smrtnih \u017ertev, zakrivil doma\u010din"}]},{"@type":"WebSite","@id":"https:\/\/hudo.com\/si\/#website","url":"https:\/\/hudo.com\/si\/","name":"Hudo Slovenija","description":"Vse novice iz Slovenije in sveta","publisher":{"@id":"https:\/\/hudo.com\/si\/#organization"},"potentialAction":[{"@type":"SearchAction","target":{"@type":"EntryPoint","urlTemplate":"https:\/\/hudo.com\/si\/?s={search_term_string}"},"query-input":"required name=search_term_string"}],"inLanguage":"sl-SI"},{"@type":"Organization","@id":"https:\/\/hudo.com\/si\/#organization","name":"VSN Media","url":"https:\/\/hudo.com\/si\/","logo":{"@type":"ImageObject","inLanguage":"sl-SI","@id":"https:\/\/hudo.com\/si\/#\/schema\/logo\/image\/","url":"https:\/\/hudo.com\/si\/wp-content\/uploads\/sites\/2\/2021\/03\/hudo-app-2.png","contentUrl":"https:\/\/hudo.com\/si\/wp-content\/uploads\/sites\/2\/2021\/03\/hudo-app-2.png","width":2185,"height":2167,"caption":"VSN Media"},"image":{"@id":"https:\/\/hudo.com\/si\/#\/schema\/logo\/image\/"},"sameAs":["https:\/\/www.facebook.com\/hudo.si","https:\/\/twitter.com\/hudo_si"]},{"@type":"Person","@id":"https:\/\/hudo.com\/si\/#\/schema\/person\/2391667a63ea075ba94f2f2dc6b77537","name":"A. G., STA","image":{"@type":"ImageObject","inLanguage":"sl-SI","@id":"https:\/\/hudo.com\/si\/#\/schema\/person\/image\/","url":"https:\/\/secure.gravatar.com\/avatar\/e13d22ac3e442658d5025fbbe6238a79?s=96&d=mm&r=g","contentUrl":"https:\/\/secure.gravatar.com\/avatar\/e13d22ac3e442658d5025fbbe6238a79?s=96&d=mm&r=g","caption":"A. G., STA"},"url":"https:\/\/hudo.com\/si\/author\/alenka\/"}]}},"amp_enabled":true,"_links":{"self":[{"href":"https:\/\/hudo.com\/si\/wp-json\/wp\/v2\/posts\/376080"}],"collection":[{"href":"https:\/\/hudo.com\/si\/wp-json\/wp\/v2\/posts"}],"about":[{"href":"https:\/\/hudo.com\/si\/wp-json\/wp\/v2\/types\/post"}],"author":[{"embeddable":true,"href":"https:\/\/hudo.com\/si\/wp-json\/wp\/v2\/users\/5"}],"replies":[{"embeddable":true,"href":"https:\/\/hudo.com\/si\/wp-json\/wp\/v2\/comments?post=376080"}],"version-history":[{"count":1,"href":"https:\/\/hudo.com\/si\/wp-json\/wp\/v2\/posts\/376080\/revisions"}],"predecessor-version":[{"id":376081,"href":"https:\/\/hudo.com\/si\/wp-json\/wp\/v2\/posts\/376080\/revisions\/376081"}],"wp:featuredmedia":[{"embeddable":true,"href":"https:\/\/hudo.com\/si\/wp-json\/wp\/v2\/media\/374531"}],"wp:attachment":[{"href":"https:\/\/hudo.com\/si\/wp-json\/wp\/v2\/media?parent=376080"}],"wp:term":[{"taxonomy":"category","embeddable":true,"href":"https:\/\/hudo.com\/si\/wp-json\/wp\/v2\/categories?post=376080"},{"taxonomy":"post_tag","embeddable":true,"href":"https:\/\/hudo.com\/si\/wp-json\/wp\/v2\/tags?post=376080"},{"taxonomy":"source","embeddable":true,"href":"https:\/\/hudo.com\/si\/wp-json\/wp\/v2\/source?post=376080"},{"taxonomy":"supertag","embeddable":true,"href":"https:\/\/hudo.com\/si\/wp-json\/wp\/v2\/supertag?post=376080"}],"curies":[{"name":"wp","href":"https:\/\/api.w.org\/{rel}","templated":true}]}}