{"id":376250,"date":"2018-08-26T14:17:21","date_gmt":"2018-08-26T12:17:21","guid":{"rendered":"http:\/\/hudo.com\/si\/?p=376250"},"modified":"2018-08-26T11:20:02","modified_gmt":"2018-08-26T09:20:02","slug":"vedno-vec-opozoril-o-nezakonitem-ubijanju-ptic-v-sloveniji","status":"publish","type":"post","link":"https:\/\/hudo.com\/si\/aktualno\/vedno-vec-opozoril-o-nezakonitem-ubijanju-ptic-v-sloveniji\/","title":{"rendered":"Vedno ve\u010d opozoril o nezakonitem ubijanju ptic v Sloveniji"},"content":{"rendered":"<p>V dru\u0161tvu so za\u010deli \u0161tiriletni projekt Proti nezakonitemu ubijanju ptic na jadranski selitveni poti, ki ga podpira nem\u0161ka naravovarstvena fundacija Euronatur. Z njim sku\u0161ajo pticam zagotoviti varnej\u0161o selitev. &#8220;A \u017ee prvi podatki po le nekaj tednih dela ka\u017eejo, da je stanje pri nas precej slab\u0161e, kot se je verjelo doslej,&#8221; so opozorili v sporo\u010dilu za javnost.<\/p>\n<p>&#8220;Doslej smo verjeli, da je Slovenija nekak\u0161na oaza, kjer so ptice selivke varne pred nezakonitim ubijanjem. Sploh v primerjavi s sosednjo Italijo in balkanskimi dr\u017eavami, kjer je kriminal nad pticami vsesplo\u0161no raz\u0161irjen. A \u017ee po prvih tednih zbiranja podatkov se ka\u017ee, da je tega bistveno ve\u010d, kot smo verjeli doslej,&#8221; so zapisali. Zbrali so \u017ee informacije o ve\u010d kot 200 primerih suma na nezakonita ravnanja.<\/p>\n<p>&#8220;Videti je, da je v Sloveniji precej lova ptic pevk za namene zadr\u017eevanja v kletkah,&#8221; so pojasnili. Sporno ravnanje je bolj raz\u0161irjeno v zahodni Sloveniji ter najverjetneje povezano z italijanskim \u010drnim trgom in ukinitvijo mejnih kontrol.<\/p>\n<p>&#8220;Presenetile so nas tudi informacije o lovu ptic ujed s pastmi. Podatki ka\u017eejo na raz\u0161irjeno trgovino s pastmi za tovrstni nezakoniti lov,&#8221; so dodali.<\/p>\n<p>V zvezi z nezakonitim lovom ptic pevk so v zadnjih letih na okoljsko in\u0161pekcijo posredovali ve\u010d prijav zoper konkretne storilce, a in\u0161pekcija po navedbah dru\u0161tva ni ukrepala.<\/p>\n<p>Dru\u0161tvo vabi ob\u010dane, ki so zaznali sume nezakonitega lova in ubijanja ptic, da mu informacije posredujejo prek spletne po\u0161te. Posebej naj bodo pozorni na osebe, ki lovijo ptice z mre\u017eami ali pastmi ter na kletke oz. voljere, v katerih se zadr\u017eujejo prosto\u017eive\u010de vrste. Sporo\u010dijo naj tudi, \u010de najdejo ptico, za katero sumijo, da je bila ustreljena.<\/p>\n","protected":false},"excerpt":{"rendered":"<p>Dru\u0161tvo za opazovanje in prou\u010devanje ptic Slovenije je opozorilo na nezakonito ubijanje ptic v Sloveniji. V le nekaj tednih so zbrali informacije o ve\u010d kot 200 primerih suma nezakonitih ravnanj, so sporo\u010dili pred dnevi. Ob\u010dane pozivajo, naj bodo pozorni na nezakonit lov in ubijanje ptic.<\/p>\n","protected":false},"author":8,"featured_media":376251,"comment_status":"closed","ping_status":"closed","sticky":false,"template":"","format":"standard","meta":{"footnotes":""},"categories":[1179],"tags":[11816,1595],"source":[4511],"supertag":[],"acf":[],"yoast_head":"<!-- This site is optimized with the Yoast SEO plugin v21.3 - https:\/\/yoast.com\/wordpress\/plugins\/seo\/ -->\n<title>Vedno ve\u010d opozoril o nezakonitem ubijanju ptic v Sloveniji - Hudo Slovenija<\/title>\n<meta name=\"robots\" content=\"index, follow, max-snippet:-1, max-image-preview:large, max-video-preview:-1\" \/>\n<link rel=\"canonical\" href=\"https:\/\/hudo.com\/si\/aktualno\/vedno-vec-opozoril-o-nezakonitem-ubijanju-ptic-v-sloveniji\/\" \/>\n<meta property=\"og:locale\" content=\"sl_SI\" \/>\n<meta property=\"og:type\" content=\"article\" \/>\n<meta property=\"og:title\" content=\"Vedno ve\u010d opozoril o nezakonitem ubijanju ptic v Sloveniji - Hudo Slovenija\" \/>\n<meta property=\"og:description\" content=\"Dru\u0161tvo za opazovanje in prou\u010devanje ptic Slovenije je opozorilo na nezakonito ubijanje ptic v Sloveniji. V le nekaj tednih so zbrali informacije o ve\u010d kot 200 primerih suma nezakonitih ravnanj, so sporo\u010dili pred dnevi. Ob\u010dane pozivajo, naj bodo pozorni na nezakonit lov in ubijanje ptic.\" \/>\n<meta property=\"og:url\" content=\"https:\/\/hudo.com\/si\/aktualno\/vedno-vec-opozoril-o-nezakonitem-ubijanju-ptic-v-sloveniji\/\" \/>\n<meta property=\"og:site_name\" content=\"Hudo Slovenija\" \/>\n<meta property=\"article:publisher\" content=\"https:\/\/www.facebook.com\/hudo.si\" \/>\n<meta property=\"article:published_time\" content=\"2018-08-26T12:17:21+00:00\" \/>\n<meta property=\"article:modified_time\" content=\"2018-08-26T09:20:02+00:00\" \/>\n<meta property=\"og:image\" content=\"https:\/\/hudo.com\/si\/wp-content\/uploads\/sites\/2\/2018\/08\/profimedia-0323257527.jpg\" \/>\n\t<meta property=\"og:image:width\" content=\"960\" \/>\n\t<meta property=\"og:image:height\" content=\"640\" \/>\n\t<meta property=\"og:image:type\" content=\"image\/jpeg\" \/>\n<meta name=\"author\" content=\"M. N., STA\" \/>\n<meta name=\"twitter:card\" content=\"summary_large_image\" \/>\n<meta name=\"twitter:creator\" content=\"@hudo_si\" \/>\n<meta name=\"twitter:site\" content=\"@hudo_si\" \/>\n<meta name=\"twitter:label1\" content=\"Written by\" \/>\n\t<meta name=\"twitter:data1\" content=\"M. N., STA\" \/>\n\t<meta name=\"twitter:label2\" content=\"Est. reading time\" \/>\n\t<meta name=\"twitter:data2\" content=\"1 minuta\" \/>\n<script type=\"application\/ld+json\" class=\"yoast-schema-graph\">{\"@context\":\"https:\/\/schema.org\",\"@graph\":[{\"@type\":\"Article\",\"@id\":\"https:\/\/hudo.com\/si\/aktualno\/vedno-vec-opozoril-o-nezakonitem-ubijanju-ptic-v-sloveniji\/#article\",\"isPartOf\":{\"@id\":\"https:\/\/hudo.com\/si\/aktualno\/vedno-vec-opozoril-o-nezakonitem-ubijanju-ptic-v-sloveniji\/\"},\"author\":{\"name\":\"M. N., STA\",\"@id\":\"https:\/\/hudo.com\/si\/#\/schema\/person\/c2f10ce65d2e6ede2aeda5be2a0611fa\"},\"headline\":\"Vedno ve\u010d opozoril o nezakonitem ubijanju ptic v Sloveniji\",\"datePublished\":\"2018-08-26T12:17:21+00:00\",\"dateModified\":\"2018-08-26T09:20:02+00:00\",\"mainEntityOfPage\":{\"@id\":\"https:\/\/hudo.com\/si\/aktualno\/vedno-vec-opozoril-o-nezakonitem-ubijanju-ptic-v-sloveniji\/\"},\"wordCount\":300,\"publisher\":{\"@id\":\"https:\/\/hudo.com\/si\/#organization\"},\"keywords\":[\"nezakonito ubijanje ptic\",\"Slovenija\"],\"articleSection\":[\"Aktualno\"],\"inLanguage\":\"sl-SI\"},{\"@type\":\"WebPage\",\"@id\":\"https:\/\/hudo.com\/si\/aktualno\/vedno-vec-opozoril-o-nezakonitem-ubijanju-ptic-v-sloveniji\/\",\"url\":\"https:\/\/hudo.com\/si\/aktualno\/vedno-vec-opozoril-o-nezakonitem-ubijanju-ptic-v-sloveniji\/\",\"name\":\"Vedno ve\u010d opozoril o nezakonitem ubijanju ptic v Sloveniji - Hudo Slovenija\",\"isPartOf\":{\"@id\":\"https:\/\/hudo.com\/si\/#website\"},\"datePublished\":\"2018-08-26T12:17:21+00:00\",\"dateModified\":\"2018-08-26T09:20:02+00:00\",\"breadcrumb\":{\"@id\":\"https:\/\/hudo.com\/si\/aktualno\/vedno-vec-opozoril-o-nezakonitem-ubijanju-ptic-v-sloveniji\/#breadcrumb\"},\"inLanguage\":\"sl-SI\",\"potentialAction\":[{\"@type\":\"ReadAction\",\"target\":[\"https:\/\/hudo.com\/si\/aktualno\/vedno-vec-opozoril-o-nezakonitem-ubijanju-ptic-v-sloveniji\/\"]}]},{\"@type\":\"BreadcrumbList\",\"@id\":\"https:\/\/hudo.com\/si\/aktualno\/vedno-vec-opozoril-o-nezakonitem-ubijanju-ptic-v-sloveniji\/#breadcrumb\",\"itemListElement\":[{\"@type\":\"ListItem\",\"position\":1,\"name\":\"Home\",\"item\":\"https:\/\/hudo.com\/si\/\"},{\"@type\":\"ListItem\",\"position\":2,\"name\":\"Vedno ve\u010d opozoril o nezakonitem ubijanju ptic v Sloveniji\"}]},{\"@type\":\"WebSite\",\"@id\":\"https:\/\/hudo.com\/si\/#website\",\"url\":\"https:\/\/hudo.com\/si\/\",\"name\":\"Hudo Slovenija\",\"description\":\"Vse novice iz Slovenije in sveta\",\"publisher\":{\"@id\":\"https:\/\/hudo.com\/si\/#organization\"},\"potentialAction\":[{\"@type\":\"SearchAction\",\"target\":{\"@type\":\"EntryPoint\",\"urlTemplate\":\"https:\/\/hudo.com\/si\/?s={search_term_string}\"},\"query-input\":\"required name=search_term_string\"}],\"inLanguage\":\"sl-SI\"},{\"@type\":\"Organization\",\"@id\":\"https:\/\/hudo.com\/si\/#organization\",\"name\":\"VSN Media\",\"url\":\"https:\/\/hudo.com\/si\/\",\"logo\":{\"@type\":\"ImageObject\",\"inLanguage\":\"sl-SI\",\"@id\":\"https:\/\/hudo.com\/si\/#\/schema\/logo\/image\/\",\"url\":\"https:\/\/hudo.com\/si\/wp-content\/uploads\/sites\/2\/2021\/03\/hudo-app-2.png\",\"contentUrl\":\"https:\/\/hudo.com\/si\/wp-content\/uploads\/sites\/2\/2021\/03\/hudo-app-2.png\",\"width\":2185,\"height\":2167,\"caption\":\"VSN Media\"},\"image\":{\"@id\":\"https:\/\/hudo.com\/si\/#\/schema\/logo\/image\/\"},\"sameAs\":[\"https:\/\/www.facebook.com\/hudo.si\",\"https:\/\/twitter.com\/hudo_si\"]},{\"@type\":\"Person\",\"@id\":\"https:\/\/hudo.com\/si\/#\/schema\/person\/c2f10ce65d2e6ede2aeda5be2a0611fa\",\"name\":\"M. N., STA\",\"image\":{\"@type\":\"ImageObject\",\"inLanguage\":\"sl-SI\",\"@id\":\"https:\/\/hudo.com\/si\/#\/schema\/person\/image\/\",\"url\":\"https:\/\/secure.gravatar.com\/avatar\/f370d38daa10467f755c5c766a4cac20?s=96&d=mm&r=g\",\"contentUrl\":\"https:\/\/secure.gravatar.com\/avatar\/f370d38daa10467f755c5c766a4cac20?s=96&d=mm&r=g\",\"caption\":\"M. N., STA\"},\"url\":\"https:\/\/hudo.com\/si\/author\/mana\/\"}]}<\/script>\n<!-- \/ Yoast SEO plugin. -->","yoast_head_json":{"title":"Vedno ve\u010d opozoril o nezakonitem ubijanju ptic v Sloveniji - Hudo Slovenija","robots":{"index":"index","follow":"follow","max-snippet":"max-snippet:-1","max-image-preview":"max-image-preview:large","max-video-preview":"max-video-preview:-1"},"canonical":"https:\/\/hudo.com\/si\/aktualno\/vedno-vec-opozoril-o-nezakonitem-ubijanju-ptic-v-sloveniji\/","og_locale":"sl_SI","og_type":"article","og_title":"Vedno ve\u010d opozoril o nezakonitem ubijanju ptic v Sloveniji - Hudo Slovenija","og_description":"Dru\u0161tvo za opazovanje in prou\u010devanje ptic Slovenije je opozorilo na nezakonito ubijanje ptic v Sloveniji. V le nekaj tednih so zbrali informacije o ve\u010d kot 200 primerih suma nezakonitih ravnanj, so sporo\u010dili pred dnevi. Ob\u010dane pozivajo, naj bodo pozorni na nezakonit lov in ubijanje ptic.","og_url":"https:\/\/hudo.com\/si\/aktualno\/vedno-vec-opozoril-o-nezakonitem-ubijanju-ptic-v-sloveniji\/","og_site_name":"Hudo Slovenija","article_publisher":"https:\/\/www.facebook.com\/hudo.si","article_published_time":"2018-08-26T12:17:21+00:00","article_modified_time":"2018-08-26T09:20:02+00:00","og_image":[{"width":960,"height":640,"url":"https:\/\/hudo.com\/si\/wp-content\/uploads\/sites\/2\/2018\/08\/profimedia-0323257527.jpg","type":"image\/jpeg"}],"author":"M. N., STA","twitter_card":"summary_large_image","twitter_creator":"@hudo_si","twitter_site":"@hudo_si","twitter_misc":{"Written by":"M. N., STA","Est. reading time":"1 minuta"},"schema":{"@context":"https:\/\/schema.org","@graph":[{"@type":"Article","@id":"https:\/\/hudo.com\/si\/aktualno\/vedno-vec-opozoril-o-nezakonitem-ubijanju-ptic-v-sloveniji\/#article","isPartOf":{"@id":"https:\/\/hudo.com\/si\/aktualno\/vedno-vec-opozoril-o-nezakonitem-ubijanju-ptic-v-sloveniji\/"},"author":{"name":"M. N., STA","@id":"https:\/\/hudo.com\/si\/#\/schema\/person\/c2f10ce65d2e6ede2aeda5be2a0611fa"},"headline":"Vedno ve\u010d opozoril o nezakonitem ubijanju ptic v Sloveniji","datePublished":"2018-08-26T12:17:21+00:00","dateModified":"2018-08-26T09:20:02+00:00","mainEntityOfPage":{"@id":"https:\/\/hudo.com\/si\/aktualno\/vedno-vec-opozoril-o-nezakonitem-ubijanju-ptic-v-sloveniji\/"},"wordCount":300,"publisher":{"@id":"https:\/\/hudo.com\/si\/#organization"},"keywords":["nezakonito ubijanje ptic","Slovenija"],"articleSection":["Aktualno"],"inLanguage":"sl-SI"},{"@type":"WebPage","@id":"https:\/\/hudo.com\/si\/aktualno\/vedno-vec-opozoril-o-nezakonitem-ubijanju-ptic-v-sloveniji\/","url":"https:\/\/hudo.com\/si\/aktualno\/vedno-vec-opozoril-o-nezakonitem-ubijanju-ptic-v-sloveniji\/","name":"Vedno ve\u010d opozoril o nezakonitem ubijanju ptic v Sloveniji - Hudo Slovenija","isPartOf":{"@id":"https:\/\/hudo.com\/si\/#website"},"datePublished":"2018-08-26T12:17:21+00:00","dateModified":"2018-08-26T09:20:02+00:00","breadcrumb":{"@id":"https:\/\/hudo.com\/si\/aktualno\/vedno-vec-opozoril-o-nezakonitem-ubijanju-ptic-v-sloveniji\/#breadcrumb"},"inLanguage":"sl-SI","potentialAction":[{"@type":"ReadAction","target":["https:\/\/hudo.com\/si\/aktualno\/vedno-vec-opozoril-o-nezakonitem-ubijanju-ptic-v-sloveniji\/"]}]},{"@type":"BreadcrumbList","@id":"https:\/\/hudo.com\/si\/aktualno\/vedno-vec-opozoril-o-nezakonitem-ubijanju-ptic-v-sloveniji\/#breadcrumb","itemListElement":[{"@type":"ListItem","position":1,"name":"Home","item":"https:\/\/hudo.com\/si\/"},{"@type":"ListItem","position":2,"name":"Vedno ve\u010d opozoril o nezakonitem ubijanju ptic v Sloveniji"}]},{"@type":"WebSite","@id":"https:\/\/hudo.com\/si\/#website","url":"https:\/\/hudo.com\/si\/","name":"Hudo Slovenija","description":"Vse novice iz Slovenije in sveta","publisher":{"@id":"https:\/\/hudo.com\/si\/#organization"},"potentialAction":[{"@type":"SearchAction","target":{"@type":"EntryPoint","urlTemplate":"https:\/\/hudo.com\/si\/?s={search_term_string}"},"query-input":"required name=search_term_string"}],"inLanguage":"sl-SI"},{"@type":"Organization","@id":"https:\/\/hudo.com\/si\/#organization","name":"VSN Media","url":"https:\/\/hudo.com\/si\/","logo":{"@type":"ImageObject","inLanguage":"sl-SI","@id":"https:\/\/hudo.com\/si\/#\/schema\/logo\/image\/","url":"https:\/\/hudo.com\/si\/wp-content\/uploads\/sites\/2\/2021\/03\/hudo-app-2.png","contentUrl":"https:\/\/hudo.com\/si\/wp-content\/uploads\/sites\/2\/2021\/03\/hudo-app-2.png","width":2185,"height":2167,"caption":"VSN Media"},"image":{"@id":"https:\/\/hudo.com\/si\/#\/schema\/logo\/image\/"},"sameAs":["https:\/\/www.facebook.com\/hudo.si","https:\/\/twitter.com\/hudo_si"]},{"@type":"Person","@id":"https:\/\/hudo.com\/si\/#\/schema\/person\/c2f10ce65d2e6ede2aeda5be2a0611fa","name":"M. N., STA","image":{"@type":"ImageObject","inLanguage":"sl-SI","@id":"https:\/\/hudo.com\/si\/#\/schema\/person\/image\/","url":"https:\/\/secure.gravatar.com\/avatar\/f370d38daa10467f755c5c766a4cac20?s=96&d=mm&r=g","contentUrl":"https:\/\/secure.gravatar.com\/avatar\/f370d38daa10467f755c5c766a4cac20?s=96&d=mm&r=g","caption":"M. N., STA"},"url":"https:\/\/hudo.com\/si\/author\/mana\/"}]}},"amp_enabled":true,"_links":{"self":[{"href":"https:\/\/hudo.com\/si\/wp-json\/wp\/v2\/posts\/376250"}],"collection":[{"href":"https:\/\/hudo.com\/si\/wp-json\/wp\/v2\/posts"}],"about":[{"href":"https:\/\/hudo.com\/si\/wp-json\/wp\/v2\/types\/post"}],"author":[{"embeddable":true,"href":"https:\/\/hudo.com\/si\/wp-json\/wp\/v2\/users\/8"}],"replies":[{"embeddable":true,"href":"https:\/\/hudo.com\/si\/wp-json\/wp\/v2\/comments?post=376250"}],"version-history":[{"count":1,"href":"https:\/\/hudo.com\/si\/wp-json\/wp\/v2\/posts\/376250\/revisions"}],"predecessor-version":[{"id":376252,"href":"https:\/\/hudo.com\/si\/wp-json\/wp\/v2\/posts\/376250\/revisions\/376252"}],"wp:featuredmedia":[{"embeddable":true,"href":"https:\/\/hudo.com\/si\/wp-json\/wp\/v2\/media\/376251"}],"wp:attachment":[{"href":"https:\/\/hudo.com\/si\/wp-json\/wp\/v2\/media?parent=376250"}],"wp:term":[{"taxonomy":"category","embeddable":true,"href":"https:\/\/hudo.com\/si\/wp-json\/wp\/v2\/categories?post=376250"},{"taxonomy":"post_tag","embeddable":true,"href":"https:\/\/hudo.com\/si\/wp-json\/wp\/v2\/tags?post=376250"},{"taxonomy":"source","embeddable":true,"href":"https:\/\/hudo.com\/si\/wp-json\/wp\/v2\/source?post=376250"},{"taxonomy":"supertag","embeddable":true,"href":"https:\/\/hudo.com\/si\/wp-json\/wp\/v2\/supertag?post=376250"}],"curies":[{"name":"wp","href":"https:\/\/api.w.org\/{rel}","templated":true}]}}