{"id":376539,"date":"2018-08-31T10:15:46","date_gmt":"2018-08-31T08:15:46","guid":{"rendered":"http:\/\/hudo.com\/si\/?p=376539"},"modified":"2018-08-31T10:16:26","modified_gmt":"2018-08-31T08:16:26","slug":"juncker-evropejci-vec-ne-bomo-prestavljali-ure-na-zimski-cas","status":"publish","type":"post","link":"https:\/\/hudo.com\/si\/aktualno\/juncker-evropejci-vec-ne-bomo-prestavljali-ure-na-zimski-cas\/","title":{"rendered":"Juncker: Prestavljanje ure bomo ukinili!"},"content":{"rendered":"<p>Rezultati vpra\u0161alnika, v okviru katerega je ve\u010d kot 4,6 milijona Evropejcev podalo svoje mnenje o ureditvi poletnega \u010dasa, so pokazali, da je velika ve\u010dina Evropejcev proti premikanju ure. Po neuradnih podatkih, ki so ta teden pricurljali v javnost, se je 80 odstotkov sodelujo\u010dih izreklo proti premikanju ure dvakrat letno.<\/p>\n<p>Predsednik komisije je prepri\u010dan, da bo zato poslej v EU le \u0161e poletni \u010das. Kot je dejal, se bo pri Evropski komisiji zavzel za pripravo ustreznega zakonodajnega predloga, nato pa so na potezi dr\u017eave \u010dlanice in Evropski parlament.<\/p>\n<p>Kot je dejal Juncker v jutranji oddaji ZDF, ni smiselno spra\u0161evati ljudi, kaj mislijo, potem pa ignorirati njihovega mnenja. &#8220;Ljudje to \u017eelijo, mi bomo to naredili,&#8221; je \u0161e poudaril, kot pi\u0161e na spletni strani televizije.<\/p>\n<p>Oceno sedaj veljavne direktive je z resolucijo o poletnem \u010dasu februarja letos zahteval Evropski parlament, ki je od komisije zahteval tudi pripravo sprememb, \u010de bodo potrebne.<\/p>\n<p>Po sedanji zakonodaji EU o ureditvi poletnega \u010dasa je treba ure premakniti dvakrat letno, da bi upo\u0161tevali spreminjanje dol\u017eine dnevne svetlobe in izkoristili razpolo\u017eljivo svetlobo v dolo\u010denem obdobju. Ureditev poletnega \u010dasa na ravni EU velja od leta 1980 in zagotavlja enoten pristop glede premika ure na enotnem trgu. Dr\u017eave EU so neodvisno od ureditve poletnega \u010dasa razvr\u0161\u010dene v tri razli\u010dne \u010dasovne pasove.<\/p>\n<p>V Evropski uniji velja ureditev poletnega \u010dasa od leta 1980, kar zagotavlja enoten pristop glede premika ure na enotnem trgu. Nekatere \u010dlanice pa so poletni \u010das za\u010dele uporabljati \u017ee pred tem. V Sloveniji so tako kot drugod v nekdanji Jugoslaviji premik ure uvedli leta 1982.<\/p>\n","protected":false},"excerpt":{"rendered":"<p>Predsednik Evropske komisije Jean Claude Juncker je napovedal, da bo v EU poslej le \u0161e poletni \u010das. &#8220;Glasovanje je bilo jasno: Ve\u010dina sodelujo\u010dih v posvetovalnem vpra\u0161alniku EU si \u017eeli trajen poletni \u010das. Tako tudi bo,&#8221; je danes dejal za nem\u0161ko televizijo ZDF.<\/p>\n","protected":false},"author":7,"featured_media":376540,"comment_status":"closed","ping_status":"closed","sticky":false,"template":"","format":"standard","meta":{"footnotes":""},"categories":[1179],"tags":[1768,4545,1910,5667,10827],"source":[4511],"supertag":[],"acf":[],"yoast_head":"<!-- This site is optimized with the Yoast SEO plugin v21.3 - https:\/\/yoast.com\/wordpress\/plugins\/seo\/ -->\n<title>Juncker: Prestavljanje ure bomo ukinili! - Hudo Slovenija<\/title>\n<meta name=\"robots\" content=\"index, follow, max-snippet:-1, max-image-preview:large, max-video-preview:-1\" \/>\n<link rel=\"canonical\" href=\"https:\/\/hudo.com\/si\/aktualno\/juncker-evropejci-vec-ne-bomo-prestavljali-ure-na-zimski-cas\/\" \/>\n<meta property=\"og:locale\" content=\"sl_SI\" \/>\n<meta property=\"og:type\" content=\"article\" \/>\n<meta property=\"og:title\" content=\"Juncker: Prestavljanje ure bomo ukinili! - Hudo Slovenija\" \/>\n<meta property=\"og:description\" content=\"Predsednik Evropske komisije Jean Claude Juncker je napovedal, da bo v EU poslej le \u0161e poletni \u010das. &quot;Glasovanje je bilo jasno: Ve\u010dina sodelujo\u010dih v posvetovalnem vpra\u0161alniku EU si \u017eeli trajen poletni \u010das. Tako tudi bo,&quot; je danes dejal za nem\u0161ko televizijo ZDF.\" \/>\n<meta property=\"og:url\" content=\"https:\/\/hudo.com\/si\/aktualno\/juncker-evropejci-vec-ne-bomo-prestavljali-ure-na-zimski-cas\/\" \/>\n<meta property=\"og:site_name\" content=\"Hudo Slovenija\" \/>\n<meta property=\"article:publisher\" content=\"https:\/\/www.facebook.com\/hudo.si\" \/>\n<meta property=\"article:published_time\" content=\"2018-08-31T08:15:46+00:00\" \/>\n<meta property=\"article:modified_time\" content=\"2018-08-31T08:16:26+00:00\" \/>\n<meta property=\"og:image\" content=\"https:\/\/hudo.com\/si\/wp-content\/uploads\/sites\/2\/2018\/08\/profimedia-0102479898.jpg\" \/>\n\t<meta property=\"og:image:width\" content=\"1250\" \/>\n\t<meta property=\"og:image:height\" content=\"833\" \/>\n\t<meta property=\"og:image:type\" content=\"image\/jpeg\" \/>\n<meta name=\"author\" content=\"A. P., STA\" \/>\n<meta name=\"twitter:card\" content=\"summary_large_image\" \/>\n<meta name=\"twitter:creator\" content=\"@hudo_si\" \/>\n<meta name=\"twitter:site\" content=\"@hudo_si\" \/>\n<meta name=\"twitter:label1\" content=\"Written by\" \/>\n\t<meta name=\"twitter:data1\" content=\"A. P., STA\" \/>\n\t<meta name=\"twitter:label2\" content=\"Est. reading time\" \/>\n\t<meta name=\"twitter:data2\" content=\"1 minuta\" \/>\n<script type=\"application\/ld+json\" class=\"yoast-schema-graph\">{\"@context\":\"https:\/\/schema.org\",\"@graph\":[{\"@type\":\"Article\",\"@id\":\"https:\/\/hudo.com\/si\/aktualno\/juncker-evropejci-vec-ne-bomo-prestavljali-ure-na-zimski-cas\/#article\",\"isPartOf\":{\"@id\":\"https:\/\/hudo.com\/si\/aktualno\/juncker-evropejci-vec-ne-bomo-prestavljali-ure-na-zimski-cas\/\"},\"author\":{\"name\":\"A. P., STA\",\"@id\":\"https:\/\/hudo.com\/si\/#\/schema\/person\/18f09c02475ba9e606e941a565b80cff\"},\"headline\":\"Juncker: Prestavljanje ure bomo ukinili!\",\"datePublished\":\"2018-08-31T08:15:46+00:00\",\"dateModified\":\"2018-08-31T08:16:26+00:00\",\"mainEntityOfPage\":{\"@id\":\"https:\/\/hudo.com\/si\/aktualno\/juncker-evropejci-vec-ne-bomo-prestavljali-ure-na-zimski-cas\/\"},\"wordCount\":270,\"publisher\":{\"@id\":\"https:\/\/hudo.com\/si\/#organization\"},\"keywords\":[\"evropa\",\"Evropska komisija\",\"evropska unija\",\"Jean-Claude Juncker\",\"poletni \u010das\"],\"articleSection\":[\"Aktualno\"],\"inLanguage\":\"sl-SI\"},{\"@type\":\"WebPage\",\"@id\":\"https:\/\/hudo.com\/si\/aktualno\/juncker-evropejci-vec-ne-bomo-prestavljali-ure-na-zimski-cas\/\",\"url\":\"https:\/\/hudo.com\/si\/aktualno\/juncker-evropejci-vec-ne-bomo-prestavljali-ure-na-zimski-cas\/\",\"name\":\"Juncker: Prestavljanje ure bomo ukinili! - Hudo Slovenija\",\"isPartOf\":{\"@id\":\"https:\/\/hudo.com\/si\/#website\"},\"datePublished\":\"2018-08-31T08:15:46+00:00\",\"dateModified\":\"2018-08-31T08:16:26+00:00\",\"breadcrumb\":{\"@id\":\"https:\/\/hudo.com\/si\/aktualno\/juncker-evropejci-vec-ne-bomo-prestavljali-ure-na-zimski-cas\/#breadcrumb\"},\"inLanguage\":\"sl-SI\",\"potentialAction\":[{\"@type\":\"ReadAction\",\"target\":[\"https:\/\/hudo.com\/si\/aktualno\/juncker-evropejci-vec-ne-bomo-prestavljali-ure-na-zimski-cas\/\"]}]},{\"@type\":\"BreadcrumbList\",\"@id\":\"https:\/\/hudo.com\/si\/aktualno\/juncker-evropejci-vec-ne-bomo-prestavljali-ure-na-zimski-cas\/#breadcrumb\",\"itemListElement\":[{\"@type\":\"ListItem\",\"position\":1,\"name\":\"Home\",\"item\":\"https:\/\/hudo.com\/si\/\"},{\"@type\":\"ListItem\",\"position\":2,\"name\":\"Juncker: Prestavljanje ure bomo ukinili!\"}]},{\"@type\":\"WebSite\",\"@id\":\"https:\/\/hudo.com\/si\/#website\",\"url\":\"https:\/\/hudo.com\/si\/\",\"name\":\"Hudo Slovenija\",\"description\":\"Vse novice iz Slovenije in sveta\",\"publisher\":{\"@id\":\"https:\/\/hudo.com\/si\/#organization\"},\"potentialAction\":[{\"@type\":\"SearchAction\",\"target\":{\"@type\":\"EntryPoint\",\"urlTemplate\":\"https:\/\/hudo.com\/si\/?s={search_term_string}\"},\"query-input\":\"required name=search_term_string\"}],\"inLanguage\":\"sl-SI\"},{\"@type\":\"Organization\",\"@id\":\"https:\/\/hudo.com\/si\/#organization\",\"name\":\"VSN Media\",\"url\":\"https:\/\/hudo.com\/si\/\",\"logo\":{\"@type\":\"ImageObject\",\"inLanguage\":\"sl-SI\",\"@id\":\"https:\/\/hudo.com\/si\/#\/schema\/logo\/image\/\",\"url\":\"https:\/\/hudo.com\/si\/wp-content\/uploads\/sites\/2\/2021\/03\/hudo-app-2.png\",\"contentUrl\":\"https:\/\/hudo.com\/si\/wp-content\/uploads\/sites\/2\/2021\/03\/hudo-app-2.png\",\"width\":2185,\"height\":2167,\"caption\":\"VSN Media\"},\"image\":{\"@id\":\"https:\/\/hudo.com\/si\/#\/schema\/logo\/image\/\"},\"sameAs\":[\"https:\/\/www.facebook.com\/hudo.si\",\"https:\/\/twitter.com\/hudo_si\"]},{\"@type\":\"Person\",\"@id\":\"https:\/\/hudo.com\/si\/#\/schema\/person\/18f09c02475ba9e606e941a565b80cff\",\"name\":\"A. P., STA\",\"image\":{\"@type\":\"ImageObject\",\"inLanguage\":\"sl-SI\",\"@id\":\"https:\/\/hudo.com\/si\/#\/schema\/person\/image\/\",\"url\":\"https:\/\/secure.gravatar.com\/avatar\/03eac8e609f5f04383125d80eaeaaf3e?s=96&d=mm&r=g\",\"contentUrl\":\"https:\/\/secure.gravatar.com\/avatar\/03eac8e609f5f04383125d80eaeaaf3e?s=96&d=mm&r=g\",\"caption\":\"A. P., STA\"},\"url\":\"https:\/\/hudo.com\/si\/author\/lubu\/\"}]}<\/script>\n<!-- \/ Yoast SEO plugin. -->","yoast_head_json":{"title":"Juncker: Prestavljanje ure bomo ukinili! - Hudo Slovenija","robots":{"index":"index","follow":"follow","max-snippet":"max-snippet:-1","max-image-preview":"max-image-preview:large","max-video-preview":"max-video-preview:-1"},"canonical":"https:\/\/hudo.com\/si\/aktualno\/juncker-evropejci-vec-ne-bomo-prestavljali-ure-na-zimski-cas\/","og_locale":"sl_SI","og_type":"article","og_title":"Juncker: Prestavljanje ure bomo ukinili! - Hudo Slovenija","og_description":"Predsednik Evropske komisije Jean Claude Juncker je napovedal, da bo v EU poslej le \u0161e poletni \u010das. \"Glasovanje je bilo jasno: Ve\u010dina sodelujo\u010dih v posvetovalnem vpra\u0161alniku EU si \u017eeli trajen poletni \u010das. Tako tudi bo,\" je danes dejal za nem\u0161ko televizijo ZDF.","og_url":"https:\/\/hudo.com\/si\/aktualno\/juncker-evropejci-vec-ne-bomo-prestavljali-ure-na-zimski-cas\/","og_site_name":"Hudo Slovenija","article_publisher":"https:\/\/www.facebook.com\/hudo.si","article_published_time":"2018-08-31T08:15:46+00:00","article_modified_time":"2018-08-31T08:16:26+00:00","og_image":[{"width":1250,"height":833,"url":"https:\/\/hudo.com\/si\/wp-content\/uploads\/sites\/2\/2018\/08\/profimedia-0102479898.jpg","type":"image\/jpeg"}],"author":"A. P., STA","twitter_card":"summary_large_image","twitter_creator":"@hudo_si","twitter_site":"@hudo_si","twitter_misc":{"Written by":"A. P., STA","Est. reading time":"1 minuta"},"schema":{"@context":"https:\/\/schema.org","@graph":[{"@type":"Article","@id":"https:\/\/hudo.com\/si\/aktualno\/juncker-evropejci-vec-ne-bomo-prestavljali-ure-na-zimski-cas\/#article","isPartOf":{"@id":"https:\/\/hudo.com\/si\/aktualno\/juncker-evropejci-vec-ne-bomo-prestavljali-ure-na-zimski-cas\/"},"author":{"name":"A. P., STA","@id":"https:\/\/hudo.com\/si\/#\/schema\/person\/18f09c02475ba9e606e941a565b80cff"},"headline":"Juncker: Prestavljanje ure bomo ukinili!","datePublished":"2018-08-31T08:15:46+00:00","dateModified":"2018-08-31T08:16:26+00:00","mainEntityOfPage":{"@id":"https:\/\/hudo.com\/si\/aktualno\/juncker-evropejci-vec-ne-bomo-prestavljali-ure-na-zimski-cas\/"},"wordCount":270,"publisher":{"@id":"https:\/\/hudo.com\/si\/#organization"},"keywords":["evropa","Evropska komisija","evropska unija","Jean-Claude Juncker","poletni \u010das"],"articleSection":["Aktualno"],"inLanguage":"sl-SI"},{"@type":"WebPage","@id":"https:\/\/hudo.com\/si\/aktualno\/juncker-evropejci-vec-ne-bomo-prestavljali-ure-na-zimski-cas\/","url":"https:\/\/hudo.com\/si\/aktualno\/juncker-evropejci-vec-ne-bomo-prestavljali-ure-na-zimski-cas\/","name":"Juncker: Prestavljanje ure bomo ukinili! - Hudo Slovenija","isPartOf":{"@id":"https:\/\/hudo.com\/si\/#website"},"datePublished":"2018-08-31T08:15:46+00:00","dateModified":"2018-08-31T08:16:26+00:00","breadcrumb":{"@id":"https:\/\/hudo.com\/si\/aktualno\/juncker-evropejci-vec-ne-bomo-prestavljali-ure-na-zimski-cas\/#breadcrumb"},"inLanguage":"sl-SI","potentialAction":[{"@type":"ReadAction","target":["https:\/\/hudo.com\/si\/aktualno\/juncker-evropejci-vec-ne-bomo-prestavljali-ure-na-zimski-cas\/"]}]},{"@type":"BreadcrumbList","@id":"https:\/\/hudo.com\/si\/aktualno\/juncker-evropejci-vec-ne-bomo-prestavljali-ure-na-zimski-cas\/#breadcrumb","itemListElement":[{"@type":"ListItem","position":1,"name":"Home","item":"https:\/\/hudo.com\/si\/"},{"@type":"ListItem","position":2,"name":"Juncker: Prestavljanje ure bomo ukinili!"}]},{"@type":"WebSite","@id":"https:\/\/hudo.com\/si\/#website","url":"https:\/\/hudo.com\/si\/","name":"Hudo Slovenija","description":"Vse novice iz Slovenije in sveta","publisher":{"@id":"https:\/\/hudo.com\/si\/#organization"},"potentialAction":[{"@type":"SearchAction","target":{"@type":"EntryPoint","urlTemplate":"https:\/\/hudo.com\/si\/?s={search_term_string}"},"query-input":"required name=search_term_string"}],"inLanguage":"sl-SI"},{"@type":"Organization","@id":"https:\/\/hudo.com\/si\/#organization","name":"VSN Media","url":"https:\/\/hudo.com\/si\/","logo":{"@type":"ImageObject","inLanguage":"sl-SI","@id":"https:\/\/hudo.com\/si\/#\/schema\/logo\/image\/","url":"https:\/\/hudo.com\/si\/wp-content\/uploads\/sites\/2\/2021\/03\/hudo-app-2.png","contentUrl":"https:\/\/hudo.com\/si\/wp-content\/uploads\/sites\/2\/2021\/03\/hudo-app-2.png","width":2185,"height":2167,"caption":"VSN Media"},"image":{"@id":"https:\/\/hudo.com\/si\/#\/schema\/logo\/image\/"},"sameAs":["https:\/\/www.facebook.com\/hudo.si","https:\/\/twitter.com\/hudo_si"]},{"@type":"Person","@id":"https:\/\/hudo.com\/si\/#\/schema\/person\/18f09c02475ba9e606e941a565b80cff","name":"A. P., STA","image":{"@type":"ImageObject","inLanguage":"sl-SI","@id":"https:\/\/hudo.com\/si\/#\/schema\/person\/image\/","url":"https:\/\/secure.gravatar.com\/avatar\/03eac8e609f5f04383125d80eaeaaf3e?s=96&d=mm&r=g","contentUrl":"https:\/\/secure.gravatar.com\/avatar\/03eac8e609f5f04383125d80eaeaaf3e?s=96&d=mm&r=g","caption":"A. P., STA"},"url":"https:\/\/hudo.com\/si\/author\/lubu\/"}]}},"amp_enabled":true,"_links":{"self":[{"href":"https:\/\/hudo.com\/si\/wp-json\/wp\/v2\/posts\/376539"}],"collection":[{"href":"https:\/\/hudo.com\/si\/wp-json\/wp\/v2\/posts"}],"about":[{"href":"https:\/\/hudo.com\/si\/wp-json\/wp\/v2\/types\/post"}],"author":[{"embeddable":true,"href":"https:\/\/hudo.com\/si\/wp-json\/wp\/v2\/users\/7"}],"replies":[{"embeddable":true,"href":"https:\/\/hudo.com\/si\/wp-json\/wp\/v2\/comments?post=376539"}],"version-history":[{"count":2,"href":"https:\/\/hudo.com\/si\/wp-json\/wp\/v2\/posts\/376539\/revisions"}],"predecessor-version":[{"id":376543,"href":"https:\/\/hudo.com\/si\/wp-json\/wp\/v2\/posts\/376539\/revisions\/376543"}],"wp:featuredmedia":[{"embeddable":true,"href":"https:\/\/hudo.com\/si\/wp-json\/wp\/v2\/media\/376540"}],"wp:attachment":[{"href":"https:\/\/hudo.com\/si\/wp-json\/wp\/v2\/media?parent=376539"}],"wp:term":[{"taxonomy":"category","embeddable":true,"href":"https:\/\/hudo.com\/si\/wp-json\/wp\/v2\/categories?post=376539"},{"taxonomy":"post_tag","embeddable":true,"href":"https:\/\/hudo.com\/si\/wp-json\/wp\/v2\/tags?post=376539"},{"taxonomy":"source","embeddable":true,"href":"https:\/\/hudo.com\/si\/wp-json\/wp\/v2\/source?post=376539"},{"taxonomy":"supertag","embeddable":true,"href":"https:\/\/hudo.com\/si\/wp-json\/wp\/v2\/supertag?post=376539"}],"curies":[{"name":"wp","href":"https:\/\/api.w.org\/{rel}","templated":true}]}}