{"id":376542,"date":"2018-08-31T10:26:51","date_gmt":"2018-08-31T08:26:51","guid":{"rendered":"http:\/\/hudo.com\/si\/?p=376542"},"modified":"2018-08-31T10:26:51","modified_gmt":"2018-08-31T08:26:51","slug":"policisti-gorski-resevalci-vec-ur-na-obmocju-kranjske-gore-iskali-americanko","status":"publish","type":"post","link":"https:\/\/hudo.com\/si\/aktualno\/policisti-gorski-resevalci-vec-ur-na-obmocju-kranjske-gore-iskali-americanko\/","title":{"rendered":"Policisti in gorski re\u0161evalci ve\u010d ur na obmo\u010dju Kranjske Gore iskali Ameri\u010danko"},"content":{"rendered":"<div class=\"text\">\n<p>Kot so danes sporo\u010dili s kranjske policijske uprave, se je Ameri\u010danka med vzpenjanjem proti Jalov\u0161ki \u0161krbini raz\u0161la s \u010cehinjo, ker je bila \u010cehinja bolje pripravljena od nje in je zato od\u0161la naprej. Ker Ameri\u010danke v razumnem \u010dasu ni bilo na dogovorjenem razpotju, se je \u010cehinja po isti poti za\u010dela vra\u010dati in jo iskala, vendar je ni na\u0161la. V Tamarju je okoli 14. ure prijavila izginotje. Telefon Ameri\u010danke pa ni bil dosegljiv.<\/p>\n<p>Policija je takoj spro\u017eila iskalno akcijo s helikopterjem in gorskimi re\u0161evalci. Policisti so preverjali planinske postojanke in med planinci iskali informacije, \u010de jo je kdo videl, policijski helikopter je ve\u010dje in zahtevno obmo\u010dje pregledoval iz zraka, gorski re\u0161evalci pa so jo iskali na ve\u010d razli\u010dnih poteh in preverjali vpisne knjige na vrhovih.<\/p>\n<p>Sledi o Ameri\u010danki ni bilo, vse do okoli 19. ure, ko je policiste poklicala oskrbnica zaveti\u0161\u010da pod \u0160pi\u010dkom v Julijcih in sporo\u010dila, da se je pogre\u0161ana zglasila v ko\u010di.<\/p>\n<p>Policisti so z njo \u017ee opravili razgovor in ugotovili, da sta bili planinki slabo dogovorjeni, kam sploh gresta. Zato sta \u0161li na enem od razpotij vsaka v svojo smer in se zgre\u0161ili. Ameri\u010danka poti ni poznala, med tavanjem po obmo\u010dju pa je do zaveti\u0161\u010da zve\u010der pri\u0161la \u010disto po sre\u010dnem naklju\u010dju.<\/p>\n<p>Taka dejanja planincev po opozorilu policije povzro\u010dijo vihar aktivnosti, vsako izginotje v gorah pa je obravnavajo pod predpostavko, da se je nekomu nekaj resnega zgodilo. Aktivnosti so zelo zahtevne. Zato policija ponovno opozarja na premi\u0161ljena dejanja v gorah in ve\u010d razuma med planinci.<\/p>\n<p>&#8220;\u010ce ne ve\u0161 kam gre\u0161, ne hodi tja ali pa si zagotovi pomo\u010d gorskih vodnikov. \u010ce hodi\u0161 v dvoje, hodi skupaj in se prilagajaj slab\u0161emu. Telefon v gorah ti ne pomaga, \u010de ne more\u0161 klicati. Brez\u017ei\u010dnega omre\u017eja v gorah ni, razen morda na nekaterih planinskih postojankah. Vse to in \u0161e ve\u010d so samo osnove. Upo\u0161tevajte jih! Apeliramo tudi na stanodajalce in ostale, ki dajejo nasvete tujcem,&#8221; so \u0161e zapisali kranjski policisti.<\/p>\n<\/div>\n","protected":false},"excerpt":{"rendered":"<p>Policisti in gorski re\u0161evalci so v \u010detrtek v gorah na obmo\u010dju Kranjske Gore ve\u010d ur iskali ameri\u0161ko dr\u017eavljanko, ki ni prispela na dogovorjeno mesto. V gorah je bila z dr\u017eavljanko \u010ce\u0161ke. Na\u0161li so jo \u0161ele zve\u010der, ko je policiste poklicala oskrbnica zaveti\u0161\u010da pod \u0160pi\u010dkom v Julijcih in sporo\u010dila, da se je pogre\u0161ana zglasila v ko\u010di.<\/p>\n","protected":false},"author":5,"featured_media":376544,"comment_status":"closed","ping_status":"closed","sticky":false,"template":"","format":"standard","meta":{"footnotes":""},"categories":[1179],"tags":[1938,11847,1894,1728,5143,1595],"source":[4511],"supertag":[],"acf":[],"yoast_head":"<!-- This site is optimized with the Yoast SEO plugin v21.3 - https:\/\/yoast.com\/wordpress\/plugins\/seo\/ -->\n<title>Policisti in gorski re\u0161evalci ve\u010d ur na obmo\u010dju Kranjske Gore iskali Ameri\u010danko - Hudo Slovenija<\/title>\n<meta name=\"robots\" content=\"index, follow, max-snippet:-1, max-image-preview:large, max-video-preview:-1\" \/>\n<link rel=\"canonical\" href=\"https:\/\/hudo.com\/si\/aktualno\/policisti-gorski-resevalci-vec-ur-na-obmocju-kranjske-gore-iskali-americanko\/\" \/>\n<meta property=\"og:locale\" content=\"sl_SI\" \/>\n<meta property=\"og:type\" content=\"article\" \/>\n<meta property=\"og:title\" content=\"Policisti in gorski re\u0161evalci ve\u010d ur na obmo\u010dju Kranjske Gore iskali Ameri\u010danko - Hudo Slovenija\" \/>\n<meta property=\"og:description\" content=\"Policisti in gorski re\u0161evalci so v \u010detrtek v gorah na obmo\u010dju Kranjske Gore ve\u010d ur iskali ameri\u0161ko dr\u017eavljanko, ki ni prispela na dogovorjeno mesto. V gorah je bila z dr\u017eavljanko \u010ce\u0161ke. Na\u0161li so jo \u0161ele zve\u010der, ko je policiste poklicala oskrbnica zaveti\u0161\u010da pod \u0160pi\u010dkom v Julijcih in sporo\u010dila, da se je pogre\u0161ana zglasila v ko\u010di.\" \/>\n<meta property=\"og:url\" content=\"https:\/\/hudo.com\/si\/aktualno\/policisti-gorski-resevalci-vec-ur-na-obmocju-kranjske-gore-iskali-americanko\/\" \/>\n<meta property=\"og:site_name\" content=\"Hudo Slovenija\" \/>\n<meta property=\"article:publisher\" content=\"https:\/\/www.facebook.com\/hudo.si\" \/>\n<meta property=\"article:published_time\" content=\"2018-08-31T08:26:51+00:00\" \/>\n<meta property=\"og:image\" content=\"https:\/\/hudo.com\/si\/wp-content\/uploads\/sites\/2\/2018\/08\/profimedia-0087331043.jpg\" \/>\n\t<meta property=\"og:image:width\" content=\"1250\" \/>\n\t<meta property=\"og:image:height\" content=\"837\" \/>\n\t<meta property=\"og:image:type\" content=\"image\/jpeg\" \/>\n<meta name=\"author\" content=\"A. G., STA\" \/>\n<meta name=\"twitter:card\" content=\"summary_large_image\" \/>\n<meta name=\"twitter:creator\" content=\"@hudo_si\" \/>\n<meta name=\"twitter:site\" content=\"@hudo_si\" \/>\n<meta name=\"twitter:label1\" content=\"Written by\" \/>\n\t<meta name=\"twitter:data1\" content=\"A. G., STA\" \/>\n\t<meta name=\"twitter:label2\" content=\"Est. reading time\" \/>\n\t<meta name=\"twitter:data2\" content=\"2 minuti\" \/>\n<script type=\"application\/ld+json\" class=\"yoast-schema-graph\">{\"@context\":\"https:\/\/schema.org\",\"@graph\":[{\"@type\":\"Article\",\"@id\":\"https:\/\/hudo.com\/si\/aktualno\/policisti-gorski-resevalci-vec-ur-na-obmocju-kranjske-gore-iskali-americanko\/#article\",\"isPartOf\":{\"@id\":\"https:\/\/hudo.com\/si\/aktualno\/policisti-gorski-resevalci-vec-ur-na-obmocju-kranjske-gore-iskali-americanko\/\"},\"author\":{\"name\":\"A. G., STA\",\"@id\":\"https:\/\/hudo.com\/si\/#\/schema\/person\/2391667a63ea075ba94f2f2dc6b77537\"},\"headline\":\"Policisti in gorski re\u0161evalci ve\u010d ur na obmo\u010dju Kranjske Gore iskali Ameri\u010danko\",\"datePublished\":\"2018-08-31T08:26:51+00:00\",\"dateModified\":\"2018-08-31T08:26:51+00:00\",\"mainEntityOfPage\":{\"@id\":\"https:\/\/hudo.com\/si\/aktualno\/policisti-gorski-resevalci-vec-ur-na-obmocju-kranjske-gore-iskali-americanko\/\"},\"wordCount\":366,\"publisher\":{\"@id\":\"https:\/\/hudo.com\/si\/#organization\"},\"keywords\":[\"gore\",\"iskalna akcija\",\"Kranjska Gora\",\"policija\",\"re\u0161evanje\",\"Slovenija\"],\"articleSection\":[\"Aktualno\"],\"inLanguage\":\"sl-SI\"},{\"@type\":\"WebPage\",\"@id\":\"https:\/\/hudo.com\/si\/aktualno\/policisti-gorski-resevalci-vec-ur-na-obmocju-kranjske-gore-iskali-americanko\/\",\"url\":\"https:\/\/hudo.com\/si\/aktualno\/policisti-gorski-resevalci-vec-ur-na-obmocju-kranjske-gore-iskali-americanko\/\",\"name\":\"Policisti in gorski re\u0161evalci ve\u010d ur na obmo\u010dju Kranjske Gore iskali Ameri\u010danko - Hudo Slovenija\",\"isPartOf\":{\"@id\":\"https:\/\/hudo.com\/si\/#website\"},\"datePublished\":\"2018-08-31T08:26:51+00:00\",\"dateModified\":\"2018-08-31T08:26:51+00:00\",\"breadcrumb\":{\"@id\":\"https:\/\/hudo.com\/si\/aktualno\/policisti-gorski-resevalci-vec-ur-na-obmocju-kranjske-gore-iskali-americanko\/#breadcrumb\"},\"inLanguage\":\"sl-SI\",\"potentialAction\":[{\"@type\":\"ReadAction\",\"target\":[\"https:\/\/hudo.com\/si\/aktualno\/policisti-gorski-resevalci-vec-ur-na-obmocju-kranjske-gore-iskali-americanko\/\"]}]},{\"@type\":\"BreadcrumbList\",\"@id\":\"https:\/\/hudo.com\/si\/aktualno\/policisti-gorski-resevalci-vec-ur-na-obmocju-kranjske-gore-iskali-americanko\/#breadcrumb\",\"itemListElement\":[{\"@type\":\"ListItem\",\"position\":1,\"name\":\"Home\",\"item\":\"https:\/\/hudo.com\/si\/\"},{\"@type\":\"ListItem\",\"position\":2,\"name\":\"Policisti in gorski re\u0161evalci ve\u010d ur na obmo\u010dju Kranjske Gore iskali Ameri\u010danko\"}]},{\"@type\":\"WebSite\",\"@id\":\"https:\/\/hudo.com\/si\/#website\",\"url\":\"https:\/\/hudo.com\/si\/\",\"name\":\"Hudo Slovenija\",\"description\":\"Vse novice iz Slovenije in sveta\",\"publisher\":{\"@id\":\"https:\/\/hudo.com\/si\/#organization\"},\"potentialAction\":[{\"@type\":\"SearchAction\",\"target\":{\"@type\":\"EntryPoint\",\"urlTemplate\":\"https:\/\/hudo.com\/si\/?s={search_term_string}\"},\"query-input\":\"required name=search_term_string\"}],\"inLanguage\":\"sl-SI\"},{\"@type\":\"Organization\",\"@id\":\"https:\/\/hudo.com\/si\/#organization\",\"name\":\"VSN Media\",\"url\":\"https:\/\/hudo.com\/si\/\",\"logo\":{\"@type\":\"ImageObject\",\"inLanguage\":\"sl-SI\",\"@id\":\"https:\/\/hudo.com\/si\/#\/schema\/logo\/image\/\",\"url\":\"https:\/\/hudo.com\/si\/wp-content\/uploads\/sites\/2\/2021\/03\/hudo-app-2.png\",\"contentUrl\":\"https:\/\/hudo.com\/si\/wp-content\/uploads\/sites\/2\/2021\/03\/hudo-app-2.png\",\"width\":2185,\"height\":2167,\"caption\":\"VSN Media\"},\"image\":{\"@id\":\"https:\/\/hudo.com\/si\/#\/schema\/logo\/image\/\"},\"sameAs\":[\"https:\/\/www.facebook.com\/hudo.si\",\"https:\/\/twitter.com\/hudo_si\"]},{\"@type\":\"Person\",\"@id\":\"https:\/\/hudo.com\/si\/#\/schema\/person\/2391667a63ea075ba94f2f2dc6b77537\",\"name\":\"A. G., STA\",\"image\":{\"@type\":\"ImageObject\",\"inLanguage\":\"sl-SI\",\"@id\":\"https:\/\/hudo.com\/si\/#\/schema\/person\/image\/\",\"url\":\"https:\/\/secure.gravatar.com\/avatar\/e13d22ac3e442658d5025fbbe6238a79?s=96&d=mm&r=g\",\"contentUrl\":\"https:\/\/secure.gravatar.com\/avatar\/e13d22ac3e442658d5025fbbe6238a79?s=96&d=mm&r=g\",\"caption\":\"A. G., STA\"},\"url\":\"https:\/\/hudo.com\/si\/author\/alenka\/\"}]}<\/script>\n<!-- \/ Yoast SEO plugin. -->","yoast_head_json":{"title":"Policisti in gorski re\u0161evalci ve\u010d ur na obmo\u010dju Kranjske Gore iskali Ameri\u010danko - Hudo Slovenija","robots":{"index":"index","follow":"follow","max-snippet":"max-snippet:-1","max-image-preview":"max-image-preview:large","max-video-preview":"max-video-preview:-1"},"canonical":"https:\/\/hudo.com\/si\/aktualno\/policisti-gorski-resevalci-vec-ur-na-obmocju-kranjske-gore-iskali-americanko\/","og_locale":"sl_SI","og_type":"article","og_title":"Policisti in gorski re\u0161evalci ve\u010d ur na obmo\u010dju Kranjske Gore iskali Ameri\u010danko - Hudo Slovenija","og_description":"Policisti in gorski re\u0161evalci so v \u010detrtek v gorah na obmo\u010dju Kranjske Gore ve\u010d ur iskali ameri\u0161ko dr\u017eavljanko, ki ni prispela na dogovorjeno mesto. V gorah je bila z dr\u017eavljanko \u010ce\u0161ke. Na\u0161li so jo \u0161ele zve\u010der, ko je policiste poklicala oskrbnica zaveti\u0161\u010da pod \u0160pi\u010dkom v Julijcih in sporo\u010dila, da se je pogre\u0161ana zglasila v ko\u010di.","og_url":"https:\/\/hudo.com\/si\/aktualno\/policisti-gorski-resevalci-vec-ur-na-obmocju-kranjske-gore-iskali-americanko\/","og_site_name":"Hudo Slovenija","article_publisher":"https:\/\/www.facebook.com\/hudo.si","article_published_time":"2018-08-31T08:26:51+00:00","og_image":[{"width":1250,"height":837,"url":"https:\/\/hudo.com\/si\/wp-content\/uploads\/sites\/2\/2018\/08\/profimedia-0087331043.jpg","type":"image\/jpeg"}],"author":"A. G., STA","twitter_card":"summary_large_image","twitter_creator":"@hudo_si","twitter_site":"@hudo_si","twitter_misc":{"Written by":"A. G., STA","Est. reading time":"2 minuti"},"schema":{"@context":"https:\/\/schema.org","@graph":[{"@type":"Article","@id":"https:\/\/hudo.com\/si\/aktualno\/policisti-gorski-resevalci-vec-ur-na-obmocju-kranjske-gore-iskali-americanko\/#article","isPartOf":{"@id":"https:\/\/hudo.com\/si\/aktualno\/policisti-gorski-resevalci-vec-ur-na-obmocju-kranjske-gore-iskali-americanko\/"},"author":{"name":"A. G., STA","@id":"https:\/\/hudo.com\/si\/#\/schema\/person\/2391667a63ea075ba94f2f2dc6b77537"},"headline":"Policisti in gorski re\u0161evalci ve\u010d ur na obmo\u010dju Kranjske Gore iskali Ameri\u010danko","datePublished":"2018-08-31T08:26:51+00:00","dateModified":"2018-08-31T08:26:51+00:00","mainEntityOfPage":{"@id":"https:\/\/hudo.com\/si\/aktualno\/policisti-gorski-resevalci-vec-ur-na-obmocju-kranjske-gore-iskali-americanko\/"},"wordCount":366,"publisher":{"@id":"https:\/\/hudo.com\/si\/#organization"},"keywords":["gore","iskalna akcija","Kranjska Gora","policija","re\u0161evanje","Slovenija"],"articleSection":["Aktualno"],"inLanguage":"sl-SI"},{"@type":"WebPage","@id":"https:\/\/hudo.com\/si\/aktualno\/policisti-gorski-resevalci-vec-ur-na-obmocju-kranjske-gore-iskali-americanko\/","url":"https:\/\/hudo.com\/si\/aktualno\/policisti-gorski-resevalci-vec-ur-na-obmocju-kranjske-gore-iskali-americanko\/","name":"Policisti in gorski re\u0161evalci ve\u010d ur na obmo\u010dju Kranjske Gore iskali Ameri\u010danko - Hudo Slovenija","isPartOf":{"@id":"https:\/\/hudo.com\/si\/#website"},"datePublished":"2018-08-31T08:26:51+00:00","dateModified":"2018-08-31T08:26:51+00:00","breadcrumb":{"@id":"https:\/\/hudo.com\/si\/aktualno\/policisti-gorski-resevalci-vec-ur-na-obmocju-kranjske-gore-iskali-americanko\/#breadcrumb"},"inLanguage":"sl-SI","potentialAction":[{"@type":"ReadAction","target":["https:\/\/hudo.com\/si\/aktualno\/policisti-gorski-resevalci-vec-ur-na-obmocju-kranjske-gore-iskali-americanko\/"]}]},{"@type":"BreadcrumbList","@id":"https:\/\/hudo.com\/si\/aktualno\/policisti-gorski-resevalci-vec-ur-na-obmocju-kranjske-gore-iskali-americanko\/#breadcrumb","itemListElement":[{"@type":"ListItem","position":1,"name":"Home","item":"https:\/\/hudo.com\/si\/"},{"@type":"ListItem","position":2,"name":"Policisti in gorski re\u0161evalci ve\u010d ur na obmo\u010dju Kranjske Gore iskali Ameri\u010danko"}]},{"@type":"WebSite","@id":"https:\/\/hudo.com\/si\/#website","url":"https:\/\/hudo.com\/si\/","name":"Hudo Slovenija","description":"Vse novice iz Slovenije in sveta","publisher":{"@id":"https:\/\/hudo.com\/si\/#organization"},"potentialAction":[{"@type":"SearchAction","target":{"@type":"EntryPoint","urlTemplate":"https:\/\/hudo.com\/si\/?s={search_term_string}"},"query-input":"required name=search_term_string"}],"inLanguage":"sl-SI"},{"@type":"Organization","@id":"https:\/\/hudo.com\/si\/#organization","name":"VSN Media","url":"https:\/\/hudo.com\/si\/","logo":{"@type":"ImageObject","inLanguage":"sl-SI","@id":"https:\/\/hudo.com\/si\/#\/schema\/logo\/image\/","url":"https:\/\/hudo.com\/si\/wp-content\/uploads\/sites\/2\/2021\/03\/hudo-app-2.png","contentUrl":"https:\/\/hudo.com\/si\/wp-content\/uploads\/sites\/2\/2021\/03\/hudo-app-2.png","width":2185,"height":2167,"caption":"VSN Media"},"image":{"@id":"https:\/\/hudo.com\/si\/#\/schema\/logo\/image\/"},"sameAs":["https:\/\/www.facebook.com\/hudo.si","https:\/\/twitter.com\/hudo_si"]},{"@type":"Person","@id":"https:\/\/hudo.com\/si\/#\/schema\/person\/2391667a63ea075ba94f2f2dc6b77537","name":"A. G., STA","image":{"@type":"ImageObject","inLanguage":"sl-SI","@id":"https:\/\/hudo.com\/si\/#\/schema\/person\/image\/","url":"https:\/\/secure.gravatar.com\/avatar\/e13d22ac3e442658d5025fbbe6238a79?s=96&d=mm&r=g","contentUrl":"https:\/\/secure.gravatar.com\/avatar\/e13d22ac3e442658d5025fbbe6238a79?s=96&d=mm&r=g","caption":"A. G., STA"},"url":"https:\/\/hudo.com\/si\/author\/alenka\/"}]}},"amp_enabled":true,"_links":{"self":[{"href":"https:\/\/hudo.com\/si\/wp-json\/wp\/v2\/posts\/376542"}],"collection":[{"href":"https:\/\/hudo.com\/si\/wp-json\/wp\/v2\/posts"}],"about":[{"href":"https:\/\/hudo.com\/si\/wp-json\/wp\/v2\/types\/post"}],"author":[{"embeddable":true,"href":"https:\/\/hudo.com\/si\/wp-json\/wp\/v2\/users\/5"}],"replies":[{"embeddable":true,"href":"https:\/\/hudo.com\/si\/wp-json\/wp\/v2\/comments?post=376542"}],"version-history":[{"count":1,"href":"https:\/\/hudo.com\/si\/wp-json\/wp\/v2\/posts\/376542\/revisions"}],"predecessor-version":[{"id":376545,"href":"https:\/\/hudo.com\/si\/wp-json\/wp\/v2\/posts\/376542\/revisions\/376545"}],"wp:featuredmedia":[{"embeddable":true,"href":"https:\/\/hudo.com\/si\/wp-json\/wp\/v2\/media\/376544"}],"wp:attachment":[{"href":"https:\/\/hudo.com\/si\/wp-json\/wp\/v2\/media?parent=376542"}],"wp:term":[{"taxonomy":"category","embeddable":true,"href":"https:\/\/hudo.com\/si\/wp-json\/wp\/v2\/categories?post=376542"},{"taxonomy":"post_tag","embeddable":true,"href":"https:\/\/hudo.com\/si\/wp-json\/wp\/v2\/tags?post=376542"},{"taxonomy":"source","embeddable":true,"href":"https:\/\/hudo.com\/si\/wp-json\/wp\/v2\/source?post=376542"},{"taxonomy":"supertag","embeddable":true,"href":"https:\/\/hudo.com\/si\/wp-json\/wp\/v2\/supertag?post=376542"}],"curies":[{"name":"wp","href":"https:\/\/api.w.org\/{rel}","templated":true}]}}