{"id":376683,"date":"2018-09-03T10:30:46","date_gmt":"2018-09-03T08:30:46","guid":{"rendered":"http:\/\/hudo.com\/si\/?p=376683"},"modified":"2018-09-03T11:01:38","modified_gmt":"2018-09-03T09:01:38","slug":"je-ljerko-bizilj-v-resnici-odnesla-preplacana-ema-2017","status":"publish","type":"post","link":"https:\/\/hudo.com\/si\/vip\/je-ljerko-bizilj-v-resnici-odnesla-preplacana-ema-2017\/","title":{"rendered":"Je Ljerko Bizilj v resnici odnesla prepla\u010dana Ema 2017?"},"content":{"rendered":"<p>To so potrdili tudi na Radioteleviziji Slovenija (RTVS) in pojasnili, da zasebne to\u017ebe ne bodo spro\u017eili. Takratni urednik razvedrilnega programa Mario Galuni\u010d, nekdanja direktorica Televizija Slovenija (TVS) Ljerka Bizilj in takratni generalni direktor RTVS Marko Filli si lahko oddahnejo, poro\u010dajo Slovenske novice.<\/p>\n<p>TVS je po ugotovitvah vodstva RTVS za projekt predizbora slovenske skladbe za pesem Evrovizije &#8211; Ema 2017 namesto predvidenih 600.000 evrov porabila 1,3 milijona evrov. Vodstvo RTVS na \u010delu z generalnim direktorjem Igorjem Kaduncem je v zvezi z zadevo podalo kazensko ovadbo zoper neznanega storilca, s svojimi ugotovitvami pa je seznanilo tudi Komisijo za prepre\u010devanje korupcije.<\/p>\n<p>Razsipnost lanskoletne Eme in za nekatere sporno sklepanje pogodb izven postopkov javnega naro\u010danja sta dodobra razburila tako nadzorni kot programski svet RTVS. Najve\u010d o\u010ditkov je letelo prav na Biziljevo, ki pa vseskozi zanika kakr\u0161nekoli nepravilnosti pri izvedbi projekta. Po njenih navedbah je bila vi\u0161ina prekora\u010ditve &#8220;pribli\u017eno 310.000 evrov, ogla\u0161evalski in komercialni prihodki ob teh dogodkih pa so bili preko 400.000 evrov&#8221;.<\/p>\n<p>Pred\u010dasen odhod Biziljeve z mesta direktorice TVS povezujejo prav s primerom Ema 2017.<\/p>\n<p>Na RTVS so za \u010dasnik pojasnili, da so za 711.000 evrov odhodkov ve\u010d od na\u010drtovanih delno pokrili s 376.000 evri nadplanskih prihodkov, razliko v vi\u0161ini 335.000 evrov pa je TVS ve\u010dinoma uravnote\u017eila znotraj rebalansa programsko-produkcijskega na\u010drta. Delno je to posledi\u010dno vplivalo na rezultat RTVS.<\/p>\n<p>Kot so \u0161e pojasnili na RTVS je bil problem predvsem v tem, da organizacija dogodkov ni bila ustrezno predvidena v programsko-produkcijskem na\u010drtu za leto 2017 ter da se je v \u010dasovni stiski in \u017eelji po realizaciji ob\u0161lo sicer predvidene obi\u010dajne postopke. &#8220;Torej se zdi, da se je k temu projektu pristopalo s premajhno skrbnostjo,&#8221; so navedli.<\/p>\n<p>Prav zato so se po navedbah RTVS pojavili dvomi, v skladu s priporo\u010dilom sveta delavcev pa so podali ovadbo. Ker to\u017eilstvo ni zaznalo sumov kaznivih dejanj, na RTVS ne bodo nadaljevali pregona, ker za to ne vidijo potrebe, so \u0161e pojasnili za \u010dasnik.<\/p>\n","protected":false},"excerpt":{"rendered":"<p>To\u017eilstvo je 8. avgusta zavrglo kazensko ovadbo, ki jo je vodstvo RTVS vlo\u017eilo zoper neznanega storilca zaradi prepla\u010dila izvedbe projekta Ema 2017. Vodja ljubljanskega okro\u017enega to\u017eilstva Katarina Bergant je dejala, da so ovadbo zavrgli, ker naznanjeno dejanje ni kaznivo dejanje, ki se preganja po uradni dol\u017enosti, poro\u010dajo Slovenske novice.<\/p>\n","protected":false},"author":7,"featured_media":273336,"comment_status":"closed","ping_status":"closed","sticky":false,"template":"","format":"standard","meta":{"footnotes":""},"categories":[1093],"tags":[7197,5221,9039,7944,1595],"source":[4511],"supertag":[7150],"acf":[],"yoast_head":"<!-- This site is optimized with the Yoast SEO plugin v21.3 - https:\/\/yoast.com\/wordpress\/plugins\/seo\/ -->\n<title>Je Ljerko Bizilj v resnici odnesla prepla\u010dana Ema 2017? - Hudo Slovenija<\/title>\n<meta name=\"robots\" content=\"index, follow, max-snippet:-1, max-image-preview:large, max-video-preview:-1\" \/>\n<link rel=\"canonical\" href=\"https:\/\/hudo.com\/si\/vip\/je-ljerko-bizilj-v-resnici-odnesla-preplacana-ema-2017\/\" \/>\n<meta property=\"og:locale\" content=\"sl_SI\" \/>\n<meta property=\"og:type\" content=\"article\" \/>\n<meta property=\"og:title\" content=\"Je Ljerko Bizilj v resnici odnesla prepla\u010dana Ema 2017? - Hudo Slovenija\" \/>\n<meta property=\"og:description\" content=\"To\u017eilstvo je 8. avgusta zavrglo kazensko ovadbo, ki jo je vodstvo RTVS vlo\u017eilo zoper neznanega storilca zaradi prepla\u010dila izvedbe projekta Ema 2017. Vodja ljubljanskega okro\u017enega to\u017eilstva Katarina Bergant je dejala, da so ovadbo zavrgli, ker naznanjeno dejanje ni kaznivo dejanje, ki se preganja po uradni dol\u017enosti, poro\u010dajo Slovenske novice.\" \/>\n<meta property=\"og:url\" content=\"https:\/\/hudo.com\/si\/vip\/je-ljerko-bizilj-v-resnici-odnesla-preplacana-ema-2017\/\" \/>\n<meta property=\"og:site_name\" content=\"Hudo Slovenija\" \/>\n<meta property=\"article:publisher\" content=\"https:\/\/www.facebook.com\/hudo.si\" \/>\n<meta property=\"article:published_time\" content=\"2018-09-03T08:30:46+00:00\" \/>\n<meta property=\"article:modified_time\" content=\"2018-09-03T09:01:38+00:00\" \/>\n<meta property=\"og:image\" content=\"https:\/\/hudo.com\/si\/wp-content\/uploads\/sites\/2\/2017\/07\/profimedia-0312982355.jpg\" \/>\n\t<meta property=\"og:image:width\" content=\"1250\" \/>\n\t<meta property=\"og:image:height\" content=\"833\" \/>\n\t<meta property=\"og:image:type\" content=\"image\/jpeg\" \/>\n<meta name=\"author\" content=\"A. P., STA\" \/>\n<meta name=\"twitter:card\" content=\"summary_large_image\" \/>\n<meta name=\"twitter:creator\" content=\"@hudo_si\" \/>\n<meta name=\"twitter:site\" content=\"@hudo_si\" \/>\n<meta name=\"twitter:label1\" content=\"Written by\" \/>\n\t<meta name=\"twitter:data1\" content=\"A. P., STA\" \/>\n\t<meta name=\"twitter:label2\" content=\"Est. reading time\" \/>\n\t<meta name=\"twitter:data2\" content=\"2 minuti\" \/>\n<script type=\"application\/ld+json\" class=\"yoast-schema-graph\">{\"@context\":\"https:\/\/schema.org\",\"@graph\":[{\"@type\":\"Article\",\"@id\":\"https:\/\/hudo.com\/si\/vip\/je-ljerko-bizilj-v-resnici-odnesla-preplacana-ema-2017\/#article\",\"isPartOf\":{\"@id\":\"https:\/\/hudo.com\/si\/vip\/je-ljerko-bizilj-v-resnici-odnesla-preplacana-ema-2017\/\"},\"author\":{\"name\":\"A. P., STA\",\"@id\":\"https:\/\/hudo.com\/si\/#\/schema\/person\/18f09c02475ba9e606e941a565b80cff\"},\"headline\":\"Je Ljerko Bizilj v resnici odnesla prepla\u010dana Ema 2017?\",\"datePublished\":\"2018-09-03T08:30:46+00:00\",\"dateModified\":\"2018-09-03T09:01:38+00:00\",\"mainEntityOfPage\":{\"@id\":\"https:\/\/hudo.com\/si\/vip\/je-ljerko-bizilj-v-resnici-odnesla-preplacana-ema-2017\/\"},\"wordCount\":337,\"publisher\":{\"@id\":\"https:\/\/hudo.com\/si\/#organization\"},\"keywords\":[\"Ema 2017\",\"korupcija\",\"Ljerka Bizilj\",\"RTVS\",\"Slovenija\"],\"articleSection\":[\"VIP\"],\"inLanguage\":\"sl-SI\"},{\"@type\":\"WebPage\",\"@id\":\"https:\/\/hudo.com\/si\/vip\/je-ljerko-bizilj-v-resnici-odnesla-preplacana-ema-2017\/\",\"url\":\"https:\/\/hudo.com\/si\/vip\/je-ljerko-bizilj-v-resnici-odnesla-preplacana-ema-2017\/\",\"name\":\"Je Ljerko Bizilj v resnici odnesla prepla\u010dana Ema 2017? - Hudo Slovenija\",\"isPartOf\":{\"@id\":\"https:\/\/hudo.com\/si\/#website\"},\"datePublished\":\"2018-09-03T08:30:46+00:00\",\"dateModified\":\"2018-09-03T09:01:38+00:00\",\"breadcrumb\":{\"@id\":\"https:\/\/hudo.com\/si\/vip\/je-ljerko-bizilj-v-resnici-odnesla-preplacana-ema-2017\/#breadcrumb\"},\"inLanguage\":\"sl-SI\",\"potentialAction\":[{\"@type\":\"ReadAction\",\"target\":[\"https:\/\/hudo.com\/si\/vip\/je-ljerko-bizilj-v-resnici-odnesla-preplacana-ema-2017\/\"]}]},{\"@type\":\"BreadcrumbList\",\"@id\":\"https:\/\/hudo.com\/si\/vip\/je-ljerko-bizilj-v-resnici-odnesla-preplacana-ema-2017\/#breadcrumb\",\"itemListElement\":[{\"@type\":\"ListItem\",\"position\":1,\"name\":\"Home\",\"item\":\"https:\/\/hudo.com\/si\/\"},{\"@type\":\"ListItem\",\"position\":2,\"name\":\"Je Ljerko Bizilj v resnici odnesla prepla\u010dana Ema 2017?\"}]},{\"@type\":\"WebSite\",\"@id\":\"https:\/\/hudo.com\/si\/#website\",\"url\":\"https:\/\/hudo.com\/si\/\",\"name\":\"Hudo Slovenija\",\"description\":\"Vse novice iz Slovenije in sveta\",\"publisher\":{\"@id\":\"https:\/\/hudo.com\/si\/#organization\"},\"potentialAction\":[{\"@type\":\"SearchAction\",\"target\":{\"@type\":\"EntryPoint\",\"urlTemplate\":\"https:\/\/hudo.com\/si\/?s={search_term_string}\"},\"query-input\":\"required name=search_term_string\"}],\"inLanguage\":\"sl-SI\"},{\"@type\":\"Organization\",\"@id\":\"https:\/\/hudo.com\/si\/#organization\",\"name\":\"VSN Media\",\"url\":\"https:\/\/hudo.com\/si\/\",\"logo\":{\"@type\":\"ImageObject\",\"inLanguage\":\"sl-SI\",\"@id\":\"https:\/\/hudo.com\/si\/#\/schema\/logo\/image\/\",\"url\":\"https:\/\/hudo.com\/si\/wp-content\/uploads\/sites\/2\/2021\/03\/hudo-app-2.png\",\"contentUrl\":\"https:\/\/hudo.com\/si\/wp-content\/uploads\/sites\/2\/2021\/03\/hudo-app-2.png\",\"width\":2185,\"height\":2167,\"caption\":\"VSN Media\"},\"image\":{\"@id\":\"https:\/\/hudo.com\/si\/#\/schema\/logo\/image\/\"},\"sameAs\":[\"https:\/\/www.facebook.com\/hudo.si\",\"https:\/\/twitter.com\/hudo_si\"]},{\"@type\":\"Person\",\"@id\":\"https:\/\/hudo.com\/si\/#\/schema\/person\/18f09c02475ba9e606e941a565b80cff\",\"name\":\"A. P., STA\",\"image\":{\"@type\":\"ImageObject\",\"inLanguage\":\"sl-SI\",\"@id\":\"https:\/\/hudo.com\/si\/#\/schema\/person\/image\/\",\"url\":\"https:\/\/secure.gravatar.com\/avatar\/03eac8e609f5f04383125d80eaeaaf3e?s=96&d=mm&r=g\",\"contentUrl\":\"https:\/\/secure.gravatar.com\/avatar\/03eac8e609f5f04383125d80eaeaaf3e?s=96&d=mm&r=g\",\"caption\":\"A. P., STA\"},\"url\":\"https:\/\/hudo.com\/si\/author\/lubu\/\"}]}<\/script>\n<!-- \/ Yoast SEO plugin. -->","yoast_head_json":{"title":"Je Ljerko Bizilj v resnici odnesla prepla\u010dana Ema 2017? - Hudo Slovenija","robots":{"index":"index","follow":"follow","max-snippet":"max-snippet:-1","max-image-preview":"max-image-preview:large","max-video-preview":"max-video-preview:-1"},"canonical":"https:\/\/hudo.com\/si\/vip\/je-ljerko-bizilj-v-resnici-odnesla-preplacana-ema-2017\/","og_locale":"sl_SI","og_type":"article","og_title":"Je Ljerko Bizilj v resnici odnesla prepla\u010dana Ema 2017? - Hudo Slovenija","og_description":"To\u017eilstvo je 8. avgusta zavrglo kazensko ovadbo, ki jo je vodstvo RTVS vlo\u017eilo zoper neznanega storilca zaradi prepla\u010dila izvedbe projekta Ema 2017. Vodja ljubljanskega okro\u017enega to\u017eilstva Katarina Bergant je dejala, da so ovadbo zavrgli, ker naznanjeno dejanje ni kaznivo dejanje, ki se preganja po uradni dol\u017enosti, poro\u010dajo Slovenske novice.","og_url":"https:\/\/hudo.com\/si\/vip\/je-ljerko-bizilj-v-resnici-odnesla-preplacana-ema-2017\/","og_site_name":"Hudo Slovenija","article_publisher":"https:\/\/www.facebook.com\/hudo.si","article_published_time":"2018-09-03T08:30:46+00:00","article_modified_time":"2018-09-03T09:01:38+00:00","og_image":[{"width":1250,"height":833,"url":"https:\/\/hudo.com\/si\/wp-content\/uploads\/sites\/2\/2017\/07\/profimedia-0312982355.jpg","type":"image\/jpeg"}],"author":"A. P., STA","twitter_card":"summary_large_image","twitter_creator":"@hudo_si","twitter_site":"@hudo_si","twitter_misc":{"Written by":"A. P., STA","Est. reading time":"2 minuti"},"schema":{"@context":"https:\/\/schema.org","@graph":[{"@type":"Article","@id":"https:\/\/hudo.com\/si\/vip\/je-ljerko-bizilj-v-resnici-odnesla-preplacana-ema-2017\/#article","isPartOf":{"@id":"https:\/\/hudo.com\/si\/vip\/je-ljerko-bizilj-v-resnici-odnesla-preplacana-ema-2017\/"},"author":{"name":"A. P., STA","@id":"https:\/\/hudo.com\/si\/#\/schema\/person\/18f09c02475ba9e606e941a565b80cff"},"headline":"Je Ljerko Bizilj v resnici odnesla prepla\u010dana Ema 2017?","datePublished":"2018-09-03T08:30:46+00:00","dateModified":"2018-09-03T09:01:38+00:00","mainEntityOfPage":{"@id":"https:\/\/hudo.com\/si\/vip\/je-ljerko-bizilj-v-resnici-odnesla-preplacana-ema-2017\/"},"wordCount":337,"publisher":{"@id":"https:\/\/hudo.com\/si\/#organization"},"keywords":["Ema 2017","korupcija","Ljerka Bizilj","RTVS","Slovenija"],"articleSection":["VIP"],"inLanguage":"sl-SI"},{"@type":"WebPage","@id":"https:\/\/hudo.com\/si\/vip\/je-ljerko-bizilj-v-resnici-odnesla-preplacana-ema-2017\/","url":"https:\/\/hudo.com\/si\/vip\/je-ljerko-bizilj-v-resnici-odnesla-preplacana-ema-2017\/","name":"Je Ljerko Bizilj v resnici odnesla prepla\u010dana Ema 2017? - Hudo Slovenija","isPartOf":{"@id":"https:\/\/hudo.com\/si\/#website"},"datePublished":"2018-09-03T08:30:46+00:00","dateModified":"2018-09-03T09:01:38+00:00","breadcrumb":{"@id":"https:\/\/hudo.com\/si\/vip\/je-ljerko-bizilj-v-resnici-odnesla-preplacana-ema-2017\/#breadcrumb"},"inLanguage":"sl-SI","potentialAction":[{"@type":"ReadAction","target":["https:\/\/hudo.com\/si\/vip\/je-ljerko-bizilj-v-resnici-odnesla-preplacana-ema-2017\/"]}]},{"@type":"BreadcrumbList","@id":"https:\/\/hudo.com\/si\/vip\/je-ljerko-bizilj-v-resnici-odnesla-preplacana-ema-2017\/#breadcrumb","itemListElement":[{"@type":"ListItem","position":1,"name":"Home","item":"https:\/\/hudo.com\/si\/"},{"@type":"ListItem","position":2,"name":"Je Ljerko Bizilj v resnici odnesla prepla\u010dana Ema 2017?"}]},{"@type":"WebSite","@id":"https:\/\/hudo.com\/si\/#website","url":"https:\/\/hudo.com\/si\/","name":"Hudo Slovenija","description":"Vse novice iz Slovenije in sveta","publisher":{"@id":"https:\/\/hudo.com\/si\/#organization"},"potentialAction":[{"@type":"SearchAction","target":{"@type":"EntryPoint","urlTemplate":"https:\/\/hudo.com\/si\/?s={search_term_string}"},"query-input":"required name=search_term_string"}],"inLanguage":"sl-SI"},{"@type":"Organization","@id":"https:\/\/hudo.com\/si\/#organization","name":"VSN Media","url":"https:\/\/hudo.com\/si\/","logo":{"@type":"ImageObject","inLanguage":"sl-SI","@id":"https:\/\/hudo.com\/si\/#\/schema\/logo\/image\/","url":"https:\/\/hudo.com\/si\/wp-content\/uploads\/sites\/2\/2021\/03\/hudo-app-2.png","contentUrl":"https:\/\/hudo.com\/si\/wp-content\/uploads\/sites\/2\/2021\/03\/hudo-app-2.png","width":2185,"height":2167,"caption":"VSN Media"},"image":{"@id":"https:\/\/hudo.com\/si\/#\/schema\/logo\/image\/"},"sameAs":["https:\/\/www.facebook.com\/hudo.si","https:\/\/twitter.com\/hudo_si"]},{"@type":"Person","@id":"https:\/\/hudo.com\/si\/#\/schema\/person\/18f09c02475ba9e606e941a565b80cff","name":"A. P., STA","image":{"@type":"ImageObject","inLanguage":"sl-SI","@id":"https:\/\/hudo.com\/si\/#\/schema\/person\/image\/","url":"https:\/\/secure.gravatar.com\/avatar\/03eac8e609f5f04383125d80eaeaaf3e?s=96&d=mm&r=g","contentUrl":"https:\/\/secure.gravatar.com\/avatar\/03eac8e609f5f04383125d80eaeaaf3e?s=96&d=mm&r=g","caption":"A. P., STA"},"url":"https:\/\/hudo.com\/si\/author\/lubu\/"}]}},"amp_enabled":true,"_links":{"self":[{"href":"https:\/\/hudo.com\/si\/wp-json\/wp\/v2\/posts\/376683"}],"collection":[{"href":"https:\/\/hudo.com\/si\/wp-json\/wp\/v2\/posts"}],"about":[{"href":"https:\/\/hudo.com\/si\/wp-json\/wp\/v2\/types\/post"}],"author":[{"embeddable":true,"href":"https:\/\/hudo.com\/si\/wp-json\/wp\/v2\/users\/7"}],"replies":[{"embeddable":true,"href":"https:\/\/hudo.com\/si\/wp-json\/wp\/v2\/comments?post=376683"}],"version-history":[{"count":1,"href":"https:\/\/hudo.com\/si\/wp-json\/wp\/v2\/posts\/376683\/revisions"}],"predecessor-version":[{"id":376684,"href":"https:\/\/hudo.com\/si\/wp-json\/wp\/v2\/posts\/376683\/revisions\/376684"}],"wp:featuredmedia":[{"embeddable":true,"href":"https:\/\/hudo.com\/si\/wp-json\/wp\/v2\/media\/273336"}],"wp:attachment":[{"href":"https:\/\/hudo.com\/si\/wp-json\/wp\/v2\/media?parent=376683"}],"wp:term":[{"taxonomy":"category","embeddable":true,"href":"https:\/\/hudo.com\/si\/wp-json\/wp\/v2\/categories?post=376683"},{"taxonomy":"post_tag","embeddable":true,"href":"https:\/\/hudo.com\/si\/wp-json\/wp\/v2\/tags?post=376683"},{"taxonomy":"source","embeddable":true,"href":"https:\/\/hudo.com\/si\/wp-json\/wp\/v2\/source?post=376683"},{"taxonomy":"supertag","embeddable":true,"href":"https:\/\/hudo.com\/si\/wp-json\/wp\/v2\/supertag?post=376683"}],"curies":[{"name":"wp","href":"https:\/\/api.w.org\/{rel}","templated":true}]}}