{"id":376916,"date":"2018-09-06T19:39:55","date_gmt":"2018-09-06T17:39:55","guid":{"rendered":"http:\/\/hudo.com\/si\/?p=376916"},"modified":"2018-09-06T19:39:55","modified_gmt":"2018-09-06T17:39:55","slug":"recanka-tozila-mestno-upravo-bo-dobila-odskodnino-za-unicene-skornje","status":"publish","type":"post","link":"https:\/\/hudo.com\/si\/aktualno\/recanka-tozila-mestno-upravo-bo-dobila-odskodnino-za-unicene-skornje\/","title":{"rendered":"Re\u010danka to\u017eila mestno upravo in bo dobila od\u0161kodnino za uni\u010dene \u0161kornje"},"content":{"rendered":"<p>Mileti\u0107eva si je decembra lani, ko je odhajala iz fotografskega ateljeja, uni\u010dila \u0161kornje in nogavice na kovinskem pragu, ki je na vhodnih vratih prepre\u010deval vdor vode v primeru de\u017eja. Za re\u0161ki \u010dasnik Novi list je povedala, da je &#8220;nadstre\u0161ek razrezal usnje na \u0161kornju kot rezilo&#8221;.<\/p>\n<p>Po dogodku je poiskala pomo\u010d \u010devljarjev, ki so vsi po vrsti zatrdili, da popravilo ni mo\u017eno. Najemnik fotografskega ateljeja je zavra\u010dal odgovornost, \u010de\u0161 da je mesto lastnik prostora. Po prvem zahtevku za od\u0161kodnino so iz mestne uprave odgovorili, da niso odgovorni za \u0161kodo, je na svoji spletni strani poro\u010dal \u010dasnik.<\/p>\n<p>Mileti\u0107eva ni obupala, temve\u010d ji je uspelo dokazati, da je lastnik prostora dol\u017ean povrniti \u0161kodo, ki je nastala. Glede na to, da so bili \u0161kornji znamke Ugg uni\u010deni, je mestna uprava za gradnjo in vzdr\u017eevanje objektov za javne, poslovne in stanovanjske namene ugotovila, da je treba od\u0161kodnino ob predlo\u017eitvi ra\u010duna za nove \u0161kornje izpla\u010dati.<\/p>\n<p>\u017dupan Reke Vojko Obersnel je dogovor o poravnavi podpisal, Mileti\u0107eva pa \u010daka na izpla\u010dilo denarja za uni\u010deno premo\u017eenje, je \u0161e zapisal Novi list.<\/p>\n","protected":false},"excerpt":{"rendered":"<p>Re\u010danka Ivana Mileti\u0107 je zmagala v sporu z upravo mesta Reka, ki bo morala svoji some\u0161\u010danki pla\u010dati od\u0161kodnino za \u0161kornje, ki si jih je lani uni\u010dila na vhodnih vratih v mestni poslovni prostor. \u0160kornjev ni bilo ve\u010d mo\u017eno popraviti, \u0161koda pa je bila ocenjena na 1850 kun (255 evrov).<\/p>\n","protected":false},"author":8,"featured_media":376917,"comment_status":"closed","ping_status":"closed","sticky":false,"template":"","format":"standard","meta":{"footnotes":""},"categories":[1179],"tags":[1810,11895,4770,4814],"source":[4511],"supertag":[6103],"acf":[],"yoast_head":"<!-- This site is optimized with the Yoast SEO plugin v21.3 - https:\/\/yoast.com\/wordpress\/plugins\/seo\/ -->\n<title>Re\u010danka to\u017eila mestno upravo in bo dobila od\u0161kodnino za uni\u010dene \u0161kornje - Hudo Slovenija<\/title>\n<meta name=\"robots\" content=\"index, follow, max-snippet:-1, max-image-preview:large, max-video-preview:-1\" \/>\n<link rel=\"canonical\" href=\"https:\/\/hudo.com\/si\/aktualno\/recanka-tozila-mestno-upravo-bo-dobila-odskodnino-za-unicene-skornje\/\" \/>\n<meta property=\"og:locale\" content=\"sl_SI\" \/>\n<meta property=\"og:type\" content=\"article\" \/>\n<meta property=\"og:title\" content=\"Re\u010danka to\u017eila mestno upravo in bo dobila od\u0161kodnino za uni\u010dene \u0161kornje - Hudo Slovenija\" \/>\n<meta property=\"og:description\" content=\"Re\u010danka Ivana Mileti\u0107 je zmagala v sporu z upravo mesta Reka, ki bo morala svoji some\u0161\u010danki pla\u010dati od\u0161kodnino za \u0161kornje, ki si jih je lani uni\u010dila na vhodnih vratih v mestni poslovni prostor. \u0160kornjev ni bilo ve\u010d mo\u017eno popraviti, \u0161koda pa je bila ocenjena na 1850 kun (255 evrov).\" \/>\n<meta property=\"og:url\" content=\"https:\/\/hudo.com\/si\/aktualno\/recanka-tozila-mestno-upravo-bo-dobila-odskodnino-za-unicene-skornje\/\" \/>\n<meta property=\"og:site_name\" content=\"Hudo Slovenija\" \/>\n<meta property=\"article:publisher\" content=\"https:\/\/www.facebook.com\/hudo.si\" \/>\n<meta property=\"article:published_time\" content=\"2018-09-06T17:39:55+00:00\" \/>\n<meta property=\"og:image\" content=\"https:\/\/hudo.com\/si\/wp-content\/uploads\/sites\/2\/2018\/09\/profimedia-0098676679.jpg\" \/>\n\t<meta property=\"og:image:width\" content=\"1196\" \/>\n\t<meta property=\"og:image:height\" content=\"1250\" \/>\n\t<meta property=\"og:image:type\" content=\"image\/jpeg\" \/>\n<meta name=\"author\" content=\"M. N., STA\" \/>\n<meta name=\"twitter:card\" content=\"summary_large_image\" \/>\n<meta name=\"twitter:creator\" content=\"@hudo_si\" \/>\n<meta name=\"twitter:site\" content=\"@hudo_si\" \/>\n<meta name=\"twitter:label1\" content=\"Written by\" \/>\n\t<meta name=\"twitter:data1\" content=\"M. N., STA\" \/>\n\t<meta name=\"twitter:label2\" content=\"Est. reading time\" \/>\n\t<meta name=\"twitter:data2\" content=\"1 minuta\" \/>\n<script type=\"application\/ld+json\" class=\"yoast-schema-graph\">{\"@context\":\"https:\/\/schema.org\",\"@graph\":[{\"@type\":\"Article\",\"@id\":\"https:\/\/hudo.com\/si\/aktualno\/recanka-tozila-mestno-upravo-bo-dobila-odskodnino-za-unicene-skornje\/#article\",\"isPartOf\":{\"@id\":\"https:\/\/hudo.com\/si\/aktualno\/recanka-tozila-mestno-upravo-bo-dobila-odskodnino-za-unicene-skornje\/\"},\"author\":{\"name\":\"M. N., STA\",\"@id\":\"https:\/\/hudo.com\/si\/#\/schema\/person\/c2f10ce65d2e6ede2aeda5be2a0611fa\"},\"headline\":\"Re\u010danka to\u017eila mestno upravo in bo dobila od\u0161kodnino za uni\u010dene \u0161kornje\",\"datePublished\":\"2018-09-06T17:39:55+00:00\",\"dateModified\":\"2018-09-06T17:39:55+00:00\",\"mainEntityOfPage\":{\"@id\":\"https:\/\/hudo.com\/si\/aktualno\/recanka-tozila-mestno-upravo-bo-dobila-odskodnino-za-unicene-skornje\/\"},\"wordCount\":209,\"publisher\":{\"@id\":\"https:\/\/hudo.com\/si\/#organization\"},\"keywords\":[\"hrva\u0161ka\",\"\u0161kornji\",\"sodi\u0161\u010de\",\"to\u017eba\"],\"articleSection\":[\"Aktualno\"],\"inLanguage\":\"sl-SI\"},{\"@type\":\"WebPage\",\"@id\":\"https:\/\/hudo.com\/si\/aktualno\/recanka-tozila-mestno-upravo-bo-dobila-odskodnino-za-unicene-skornje\/\",\"url\":\"https:\/\/hudo.com\/si\/aktualno\/recanka-tozila-mestno-upravo-bo-dobila-odskodnino-za-unicene-skornje\/\",\"name\":\"Re\u010danka to\u017eila mestno upravo in bo dobila od\u0161kodnino za uni\u010dene \u0161kornje - Hudo Slovenija\",\"isPartOf\":{\"@id\":\"https:\/\/hudo.com\/si\/#website\"},\"datePublished\":\"2018-09-06T17:39:55+00:00\",\"dateModified\":\"2018-09-06T17:39:55+00:00\",\"breadcrumb\":{\"@id\":\"https:\/\/hudo.com\/si\/aktualno\/recanka-tozila-mestno-upravo-bo-dobila-odskodnino-za-unicene-skornje\/#breadcrumb\"},\"inLanguage\":\"sl-SI\",\"potentialAction\":[{\"@type\":\"ReadAction\",\"target\":[\"https:\/\/hudo.com\/si\/aktualno\/recanka-tozila-mestno-upravo-bo-dobila-odskodnino-za-unicene-skornje\/\"]}]},{\"@type\":\"BreadcrumbList\",\"@id\":\"https:\/\/hudo.com\/si\/aktualno\/recanka-tozila-mestno-upravo-bo-dobila-odskodnino-za-unicene-skornje\/#breadcrumb\",\"itemListElement\":[{\"@type\":\"ListItem\",\"position\":1,\"name\":\"Home\",\"item\":\"https:\/\/hudo.com\/si\/\"},{\"@type\":\"ListItem\",\"position\":2,\"name\":\"Re\u010danka to\u017eila mestno upravo in bo dobila od\u0161kodnino za uni\u010dene \u0161kornje\"}]},{\"@type\":\"WebSite\",\"@id\":\"https:\/\/hudo.com\/si\/#website\",\"url\":\"https:\/\/hudo.com\/si\/\",\"name\":\"Hudo Slovenija\",\"description\":\"Vse novice iz Slovenije in sveta\",\"publisher\":{\"@id\":\"https:\/\/hudo.com\/si\/#organization\"},\"potentialAction\":[{\"@type\":\"SearchAction\",\"target\":{\"@type\":\"EntryPoint\",\"urlTemplate\":\"https:\/\/hudo.com\/si\/?s={search_term_string}\"},\"query-input\":\"required name=search_term_string\"}],\"inLanguage\":\"sl-SI\"},{\"@type\":\"Organization\",\"@id\":\"https:\/\/hudo.com\/si\/#organization\",\"name\":\"VSN Media\",\"url\":\"https:\/\/hudo.com\/si\/\",\"logo\":{\"@type\":\"ImageObject\",\"inLanguage\":\"sl-SI\",\"@id\":\"https:\/\/hudo.com\/si\/#\/schema\/logo\/image\/\",\"url\":\"https:\/\/hudo.com\/si\/wp-content\/uploads\/sites\/2\/2021\/03\/hudo-app-2.png\",\"contentUrl\":\"https:\/\/hudo.com\/si\/wp-content\/uploads\/sites\/2\/2021\/03\/hudo-app-2.png\",\"width\":2185,\"height\":2167,\"caption\":\"VSN Media\"},\"image\":{\"@id\":\"https:\/\/hudo.com\/si\/#\/schema\/logo\/image\/\"},\"sameAs\":[\"https:\/\/www.facebook.com\/hudo.si\",\"https:\/\/twitter.com\/hudo_si\"]},{\"@type\":\"Person\",\"@id\":\"https:\/\/hudo.com\/si\/#\/schema\/person\/c2f10ce65d2e6ede2aeda5be2a0611fa\",\"name\":\"M. N., STA\",\"image\":{\"@type\":\"ImageObject\",\"inLanguage\":\"sl-SI\",\"@id\":\"https:\/\/hudo.com\/si\/#\/schema\/person\/image\/\",\"url\":\"https:\/\/secure.gravatar.com\/avatar\/f370d38daa10467f755c5c766a4cac20?s=96&d=mm&r=g\",\"contentUrl\":\"https:\/\/secure.gravatar.com\/avatar\/f370d38daa10467f755c5c766a4cac20?s=96&d=mm&r=g\",\"caption\":\"M. N., STA\"},\"url\":\"https:\/\/hudo.com\/si\/author\/mana\/\"}]}<\/script>\n<!-- \/ Yoast SEO plugin. -->","yoast_head_json":{"title":"Re\u010danka to\u017eila mestno upravo in bo dobila od\u0161kodnino za uni\u010dene \u0161kornje - Hudo Slovenija","robots":{"index":"index","follow":"follow","max-snippet":"max-snippet:-1","max-image-preview":"max-image-preview:large","max-video-preview":"max-video-preview:-1"},"canonical":"https:\/\/hudo.com\/si\/aktualno\/recanka-tozila-mestno-upravo-bo-dobila-odskodnino-za-unicene-skornje\/","og_locale":"sl_SI","og_type":"article","og_title":"Re\u010danka to\u017eila mestno upravo in bo dobila od\u0161kodnino za uni\u010dene \u0161kornje - Hudo Slovenija","og_description":"Re\u010danka Ivana Mileti\u0107 je zmagala v sporu z upravo mesta Reka, ki bo morala svoji some\u0161\u010danki pla\u010dati od\u0161kodnino za \u0161kornje, ki si jih je lani uni\u010dila na vhodnih vratih v mestni poslovni prostor. \u0160kornjev ni bilo ve\u010d mo\u017eno popraviti, \u0161koda pa je bila ocenjena na 1850 kun (255 evrov).","og_url":"https:\/\/hudo.com\/si\/aktualno\/recanka-tozila-mestno-upravo-bo-dobila-odskodnino-za-unicene-skornje\/","og_site_name":"Hudo Slovenija","article_publisher":"https:\/\/www.facebook.com\/hudo.si","article_published_time":"2018-09-06T17:39:55+00:00","og_image":[{"width":1196,"height":1250,"url":"https:\/\/hudo.com\/si\/wp-content\/uploads\/sites\/2\/2018\/09\/profimedia-0098676679.jpg","type":"image\/jpeg"}],"author":"M. N., STA","twitter_card":"summary_large_image","twitter_creator":"@hudo_si","twitter_site":"@hudo_si","twitter_misc":{"Written by":"M. N., STA","Est. reading time":"1 minuta"},"schema":{"@context":"https:\/\/schema.org","@graph":[{"@type":"Article","@id":"https:\/\/hudo.com\/si\/aktualno\/recanka-tozila-mestno-upravo-bo-dobila-odskodnino-za-unicene-skornje\/#article","isPartOf":{"@id":"https:\/\/hudo.com\/si\/aktualno\/recanka-tozila-mestno-upravo-bo-dobila-odskodnino-za-unicene-skornje\/"},"author":{"name":"M. N., STA","@id":"https:\/\/hudo.com\/si\/#\/schema\/person\/c2f10ce65d2e6ede2aeda5be2a0611fa"},"headline":"Re\u010danka to\u017eila mestno upravo in bo dobila od\u0161kodnino za uni\u010dene \u0161kornje","datePublished":"2018-09-06T17:39:55+00:00","dateModified":"2018-09-06T17:39:55+00:00","mainEntityOfPage":{"@id":"https:\/\/hudo.com\/si\/aktualno\/recanka-tozila-mestno-upravo-bo-dobila-odskodnino-za-unicene-skornje\/"},"wordCount":209,"publisher":{"@id":"https:\/\/hudo.com\/si\/#organization"},"keywords":["hrva\u0161ka","\u0161kornji","sodi\u0161\u010de","to\u017eba"],"articleSection":["Aktualno"],"inLanguage":"sl-SI"},{"@type":"WebPage","@id":"https:\/\/hudo.com\/si\/aktualno\/recanka-tozila-mestno-upravo-bo-dobila-odskodnino-za-unicene-skornje\/","url":"https:\/\/hudo.com\/si\/aktualno\/recanka-tozila-mestno-upravo-bo-dobila-odskodnino-za-unicene-skornje\/","name":"Re\u010danka to\u017eila mestno upravo in bo dobila od\u0161kodnino za uni\u010dene \u0161kornje - Hudo Slovenija","isPartOf":{"@id":"https:\/\/hudo.com\/si\/#website"},"datePublished":"2018-09-06T17:39:55+00:00","dateModified":"2018-09-06T17:39:55+00:00","breadcrumb":{"@id":"https:\/\/hudo.com\/si\/aktualno\/recanka-tozila-mestno-upravo-bo-dobila-odskodnino-za-unicene-skornje\/#breadcrumb"},"inLanguage":"sl-SI","potentialAction":[{"@type":"ReadAction","target":["https:\/\/hudo.com\/si\/aktualno\/recanka-tozila-mestno-upravo-bo-dobila-odskodnino-za-unicene-skornje\/"]}]},{"@type":"BreadcrumbList","@id":"https:\/\/hudo.com\/si\/aktualno\/recanka-tozila-mestno-upravo-bo-dobila-odskodnino-za-unicene-skornje\/#breadcrumb","itemListElement":[{"@type":"ListItem","position":1,"name":"Home","item":"https:\/\/hudo.com\/si\/"},{"@type":"ListItem","position":2,"name":"Re\u010danka to\u017eila mestno upravo in bo dobila od\u0161kodnino za uni\u010dene \u0161kornje"}]},{"@type":"WebSite","@id":"https:\/\/hudo.com\/si\/#website","url":"https:\/\/hudo.com\/si\/","name":"Hudo Slovenija","description":"Vse novice iz Slovenije in sveta","publisher":{"@id":"https:\/\/hudo.com\/si\/#organization"},"potentialAction":[{"@type":"SearchAction","target":{"@type":"EntryPoint","urlTemplate":"https:\/\/hudo.com\/si\/?s={search_term_string}"},"query-input":"required name=search_term_string"}],"inLanguage":"sl-SI"},{"@type":"Organization","@id":"https:\/\/hudo.com\/si\/#organization","name":"VSN Media","url":"https:\/\/hudo.com\/si\/","logo":{"@type":"ImageObject","inLanguage":"sl-SI","@id":"https:\/\/hudo.com\/si\/#\/schema\/logo\/image\/","url":"https:\/\/hudo.com\/si\/wp-content\/uploads\/sites\/2\/2021\/03\/hudo-app-2.png","contentUrl":"https:\/\/hudo.com\/si\/wp-content\/uploads\/sites\/2\/2021\/03\/hudo-app-2.png","width":2185,"height":2167,"caption":"VSN Media"},"image":{"@id":"https:\/\/hudo.com\/si\/#\/schema\/logo\/image\/"},"sameAs":["https:\/\/www.facebook.com\/hudo.si","https:\/\/twitter.com\/hudo_si"]},{"@type":"Person","@id":"https:\/\/hudo.com\/si\/#\/schema\/person\/c2f10ce65d2e6ede2aeda5be2a0611fa","name":"M. N., STA","image":{"@type":"ImageObject","inLanguage":"sl-SI","@id":"https:\/\/hudo.com\/si\/#\/schema\/person\/image\/","url":"https:\/\/secure.gravatar.com\/avatar\/f370d38daa10467f755c5c766a4cac20?s=96&d=mm&r=g","contentUrl":"https:\/\/secure.gravatar.com\/avatar\/f370d38daa10467f755c5c766a4cac20?s=96&d=mm&r=g","caption":"M. N., STA"},"url":"https:\/\/hudo.com\/si\/author\/mana\/"}]}},"amp_enabled":true,"_links":{"self":[{"href":"https:\/\/hudo.com\/si\/wp-json\/wp\/v2\/posts\/376916"}],"collection":[{"href":"https:\/\/hudo.com\/si\/wp-json\/wp\/v2\/posts"}],"about":[{"href":"https:\/\/hudo.com\/si\/wp-json\/wp\/v2\/types\/post"}],"author":[{"embeddable":true,"href":"https:\/\/hudo.com\/si\/wp-json\/wp\/v2\/users\/8"}],"replies":[{"embeddable":true,"href":"https:\/\/hudo.com\/si\/wp-json\/wp\/v2\/comments?post=376916"}],"version-history":[{"count":1,"href":"https:\/\/hudo.com\/si\/wp-json\/wp\/v2\/posts\/376916\/revisions"}],"predecessor-version":[{"id":376918,"href":"https:\/\/hudo.com\/si\/wp-json\/wp\/v2\/posts\/376916\/revisions\/376918"}],"wp:featuredmedia":[{"embeddable":true,"href":"https:\/\/hudo.com\/si\/wp-json\/wp\/v2\/media\/376917"}],"wp:attachment":[{"href":"https:\/\/hudo.com\/si\/wp-json\/wp\/v2\/media?parent=376916"}],"wp:term":[{"taxonomy":"category","embeddable":true,"href":"https:\/\/hudo.com\/si\/wp-json\/wp\/v2\/categories?post=376916"},{"taxonomy":"post_tag","embeddable":true,"href":"https:\/\/hudo.com\/si\/wp-json\/wp\/v2\/tags?post=376916"},{"taxonomy":"source","embeddable":true,"href":"https:\/\/hudo.com\/si\/wp-json\/wp\/v2\/source?post=376916"},{"taxonomy":"supertag","embeddable":true,"href":"https:\/\/hudo.com\/si\/wp-json\/wp\/v2\/supertag?post=376916"}],"curies":[{"name":"wp","href":"https:\/\/api.w.org\/{rel}","templated":true}]}}