{"id":377022,"date":"2018-09-08T19:00:09","date_gmt":"2018-09-08T17:00:09","guid":{"rendered":"http:\/\/hudo.com\/si\/?p=377022"},"modified":"2018-09-08T11:26:48","modified_gmt":"2018-09-08T09:26:48","slug":"popovic-napoveduje-da-se-bodo-v-koper-prisli-kopat-celo-turisti-iz-dubrovnika","status":"publish","type":"post","link":"https:\/\/hudo.com\/si\/zdrav-duh-telo\/popovic-napoveduje-da-se-bodo-v-koper-prisli-kopat-celo-turisti-iz-dubrovnika\/","title":{"rendered":"Popovi\u010d napoveduje, da se bodo v Koper pri\u0161li kopat celo turisti iz Dubrovnika"},"content":{"rendered":"<div id=\"center\">\n<article class=\"articleui\">\n<div class=\"text\">\n<p>&#8220;Naredili smo res ogromno, \u0161e neprimerno ve\u010d, kot smo sploh upali verjeti, da bomo lahko,&#8221; je Popovi\u010d ocenil minuli mandat. Pri tem je navedel \u0161tevilne za ob\u010dino pomembne infrastrukturne projekte, ki so se \u017ee oz. se zaklju\u010dujejo, od Centra vodnih \u0161portov v \u017dusterni do rekreacijskih in parkovnih povr\u0161in ob preurejeni Semedelski promenadi.<\/p>\n<p>Omenil je tudi skrb za objekte, namenjene \u0161olski in pred\u0161olski vzgoji, ter za komunalno in cestno-prometno infrastrukturo. Izpostavil je \u0161iritev t.i. Berto\u0161ke vpadnice v mesto in napovedal, da se bodo po objavi razpisa za izvajalca del ta za\u010dela konec tega ali najkasneje v za\u010detku prihodnjega leta.<\/p>\n<p>Prav tako bo zaradi prizadevanj ob\u010dine koprsko pristani\u0161\u010de dobilo dva nova vhoda, kar bo za 90 odstotkov razbremenilo promet, je dodal. Obeta se tudi izgradnja dveh novih kamionskih terminalov, ki bosta razbremenila obstoje\u010dega v bli\u017eini mestnega jedra.<\/p>\n<p>Velik poudarek daje Popovi\u010d razvoju turizma. &#8220;Vsa leta delamo na tem, da postanemo turisti\u010dno mesto, kar Koper pred 15 oziroma 16 leti niti slu\u010dajno ni bil,&#8221; je dejal.<\/p>\n<p>\u010ce bo ponovno izvoljen, namerava prihodnje leto Koper tudi uradno razglasiti za turisti\u010dno mesto. V ta namen bi morali po njegovih besedah urediti \u0161e dodatne pla\u017ene povr\u0161ine, ki bi na dolgi rok predstavljale ve\u010dji del obalnega pasu med koprskim pristani\u0161\u010dem in mejo z izolsko ob\u010dino.<\/p>\n<p>&#8220;Naslednje leto pri\u010dakujem, da bo ob celi obali polno ljudi in da se bodo iz Dubrovnika, kot sem obljubil, hodili kopat sem,&#8221; je optimisti\u010den \u017eupan.<\/p>\n<p>V kratkem bodo dobili tudi dokon\u010dno idejno zasnovo za dvigalo oz. stolp med obalo in Markovcem, ki &#8220;nas bo postavil \u0161e bolj na zemljevid svetovnega turizma&#8221;. Prihodnje leto pa naj bi kon\u010dno za\u017eivel potni\u0161ki terminal za vse pogostej\u0161e prihode turisti\u010dnih ladij, saj je Luka Koper v prora\u010dun za 2019 uvrstila tudi to postavko.<\/p>\n<p>Prav razvoj pristani\u0161\u010da je bil v zadnjih letih pogosto kamen spotike. Popovi\u010d je priznal, da odnosi z Luko Koper niso enostavni, da pa je dialog z novim predsednikom uprave Dimitrijem Zadelom, v katerem \u017eupan vidi sposobnega podjetnika, &#8220;neprimerno bolj\u0161i, kot je bil prej&#8221;. Po njegovih besedah proti koncu mandata Zadelovega predhodnika Dragomirja Mati\u0107a namre\u010d stikov sploh ni bilo ve\u010d.<\/p>\n<p>Tudi na drugih podro\u010djih imajo v Kopru veliko na\u010drtov. Tako je Popovi\u010d med drugim napovedal nova neprofitna stanovanja za mlade dru\u017eine in varovana stanovanja za starostnike, pridobitev novih komunalnih privezov, novo stavbo zdravstvenega doma, prenovo glavnih avtobusne in \u017eelezni\u0161ke postaje itn.<\/p>\n<p>Ob tem \u017eupan zavra\u010da o\u010ditke o zapostavljenosti pode\u017eelja, na kar med drugim opozarja opozicija v mestnem svetu (STA bo oceno opozicije o minulem mandatu prav tako objavila v okviru tematskega sklopa Lokalne volitve 2018). &#8220;Situacija je ravno obratna. Je pa res, da je na\u0161e pode\u017eelje izredno veliko,&#8221; trdi \u017eupan. O tem, da delajo dobro, se bodo strinjali prakti\u010dno v vseh krajevnih skupnostih, je dodal.<\/p>\n<p>Do Popovi\u010da in neizpolnjenih obljub o novi osnovni \u0161oli so bili sicer v tem mandatu zelo kriti\u010dni na \u0160kofijah. \u017dupan je ob tem pojasnil, da so v tamkaj\u0161nji \u0161oli obnovili marsikaj, od sanitarij do elektri\u010dnih instalacij, da pa narejeno pove\u010dini ni bilo vidno na zunaj. Sicer pa na ob\u010dini niso stali kri\u017eem rok, tako da bodo v naslednjem mandatu \u0161olo popolnoma obnovili in dogradili. &#8220;Idejno re\u0161itev \u017ee imamo,&#8221; je navedel Popovi\u010d.<\/p>\n<p>Odnosi z novo Ob\u010dino Ankaran so po besedah Popovi\u010da korektni, glede razvoja tega obmorskega kraja po njegovi odcepitvi od Kopra pa je napovedal: &#8220;Kaj se je naredilo v teh \u0161tirih letih v Ankaranu, bodo pa ocenjevali volivke in volivci.&#8221;<\/p>\n<p>Kar zadeva zadol\u017eenost koprske ob\u010dine, Popovi\u010d opozarja, da so izgubili precej rednih prihodkov prav na ra\u010dun ustanovitve Ob\u010dine Ankaran ter zaradi izgube stavbnega zemlji\u0161\u010da ob ustanovitvi naravnega rezervata \u0160kocjanski zatok.<\/p>\n<p>Kljub temu je Koper po njegovi oceni dale\u010d najuspe\u0161nej\u0161a ob\u010dina. Imajo za slabih 50 milijonov evrov kreditov, a so se tudi prihodki ob\u010dine precej pove\u010dali, vse ra\u010dune pla\u010dujejo v roku, zatrjuje. &#8220;To, kar delamo, si lahko privo\u0161\u010dimo. Imamo kredite, ampak brez te\u017eav pla\u010dujemo anuitete, nismo nikomur dol\u017eni,&#8221; je \u0161e pojasnil.<\/p>\n<p>Koprski \u017eupan si \u017eeli, da bi bila nova vlada pri svojem delu uspe\u0161na, v vladni ekipi pa vidi tudi \u0161tevilne sposobne obraze. Je pa vpra\u0161anje, pravi, koliko \u010dasa bo vlada trajala. Po njegovem mnenju je namre\u010d &#8220;malo slabo za\u010dela&#8221;, saj so podjetniki \u017ee na nogah, sam pa meni, da je vladi treba pustiti delati. &#8220;\u010ce si sami sebi ne bodo metali polen pod noge, znajo biti uspe\u0161ni,&#8221; je sklenil.<\/p>\n<\/div>\n<\/article>\n<\/div>\n<div id=\"sidebar\"><\/div>\n","protected":false},"excerpt":{"rendered":"<p>Koprski \u017eupan Boris Popovi\u010d, ki ob\u010dino vodi \u017ee 16 let in se bo letos potegoval za nov mandat, zadnja \u0161tiri leta ocenjuje kot izredno uspe\u0161na. Med prioritetami pa je v pogovoru za STA izpostavil zlasti razvoj turizma. Tako namerava \u017eupan Koper uradno razglasiti za turisti\u010dno mesto, kamor se bodo po njegovih besedah pri\u0161li kopat celo iz Dubrovnika.<\/p>\n","protected":false},"author":8,"featured_media":377023,"comment_status":"closed","ping_status":"closed","sticky":false,"template":"","format":"standard","meta":{"footnotes":""},"categories":[1],"tags":[5708,5494,8876,1917],"source":[4511],"supertag":[7541],"acf":[],"yoast_head":"<!-- This site is optimized with the Yoast SEO plugin v21.3 - https:\/\/yoast.com\/wordpress\/plugins\/seo\/ -->\n<title>Popovi\u010d napoveduje, da se bodo v Koper pri\u0161li kopat celo turisti iz Dubrovnika - Hudo Slovenija<\/title>\n<meta name=\"robots\" content=\"index, follow, max-snippet:-1, max-image-preview:large, max-video-preview:-1\" \/>\n<link rel=\"canonical\" href=\"https:\/\/hudo.com\/si\/zdrav-duh-telo\/popovic-napoveduje-da-se-bodo-v-koper-prisli-kopat-celo-turisti-iz-dubrovnika\/\" \/>\n<meta property=\"og:locale\" content=\"sl_SI\" \/>\n<meta property=\"og:type\" content=\"article\" \/>\n<meta property=\"og:title\" content=\"Popovi\u010d napoveduje, da se bodo v Koper pri\u0161li kopat celo turisti iz Dubrovnika - Hudo Slovenija\" \/>\n<meta property=\"og:description\" content=\"Koprski \u017eupan Boris Popovi\u010d, ki ob\u010dino vodi \u017ee 16 let in se bo letos potegoval za nov mandat, zadnja \u0161tiri leta ocenjuje kot izredno uspe\u0161na. Med prioritetami pa je v pogovoru za STA izpostavil zlasti razvoj turizma. Tako namerava \u017eupan Koper uradno razglasiti za turisti\u010dno mesto, kamor se bodo po njegovih besedah pri\u0161li kopat celo iz Dubrovnika.\" \/>\n<meta property=\"og:url\" content=\"https:\/\/hudo.com\/si\/zdrav-duh-telo\/popovic-napoveduje-da-se-bodo-v-koper-prisli-kopat-celo-turisti-iz-dubrovnika\/\" \/>\n<meta property=\"og:site_name\" content=\"Hudo Slovenija\" \/>\n<meta property=\"article:publisher\" content=\"https:\/\/www.facebook.com\/hudo.si\" \/>\n<meta property=\"article:published_time\" content=\"2018-09-08T17:00:09+00:00\" \/>\n<meta property=\"article:modified_time\" content=\"2018-09-08T09:26:48+00:00\" \/>\n<meta property=\"og:image\" content=\"https:\/\/hudo.com\/si\/wp-content\/uploads\/sites\/2\/2018\/09\/profimedia-0220614839.jpg\" \/>\n\t<meta property=\"og:image:width\" content=\"1250\" \/>\n\t<meta property=\"og:image:height\" content=\"962\" \/>\n\t<meta property=\"og:image:type\" content=\"image\/jpeg\" \/>\n<meta name=\"author\" content=\"M. N., STA\" \/>\n<meta name=\"twitter:card\" content=\"summary_large_image\" \/>\n<meta name=\"twitter:creator\" content=\"@hudo_si\" \/>\n<meta name=\"twitter:site\" content=\"@hudo_si\" \/>\n<meta name=\"twitter:label1\" content=\"Written by\" \/>\n\t<meta name=\"twitter:data1\" content=\"M. N., STA\" \/>\n\t<meta name=\"twitter:label2\" content=\"Est. reading time\" \/>\n\t<meta name=\"twitter:data2\" content=\"4 minute\" \/>\n<script type=\"application\/ld+json\" class=\"yoast-schema-graph\">{\"@context\":\"https:\/\/schema.org\",\"@graph\":[{\"@type\":\"Article\",\"@id\":\"https:\/\/hudo.com\/si\/zdrav-duh-telo\/popovic-napoveduje-da-se-bodo-v-koper-prisli-kopat-celo-turisti-iz-dubrovnika\/#article\",\"isPartOf\":{\"@id\":\"https:\/\/hudo.com\/si\/zdrav-duh-telo\/popovic-napoveduje-da-se-bodo-v-koper-prisli-kopat-celo-turisti-iz-dubrovnika\/\"},\"author\":{\"name\":\"M. N., STA\",\"@id\":\"https:\/\/hudo.com\/si\/#\/schema\/person\/c2f10ce65d2e6ede2aeda5be2a0611fa\"},\"headline\":\"Popovi\u010d napoveduje, da se bodo v Koper pri\u0161li kopat celo turisti iz Dubrovnika\",\"datePublished\":\"2018-09-08T17:00:09+00:00\",\"dateModified\":\"2018-09-08T09:26:48+00:00\",\"mainEntityOfPage\":{\"@id\":\"https:\/\/hudo.com\/si\/zdrav-duh-telo\/popovic-napoveduje-da-se-bodo-v-koper-prisli-kopat-celo-turisti-iz-dubrovnika\/\"},\"wordCount\":789,\"publisher\":{\"@id\":\"https:\/\/hudo.com\/si\/#organization\"},\"keywords\":[\"boris popovi\u010d\",\"koper\",\"lokalne volitve\",\"turizem\"],\"articleSection\":[\"Zdrav duh &amp; telo\"],\"inLanguage\":\"sl-SI\"},{\"@type\":\"WebPage\",\"@id\":\"https:\/\/hudo.com\/si\/zdrav-duh-telo\/popovic-napoveduje-da-se-bodo-v-koper-prisli-kopat-celo-turisti-iz-dubrovnika\/\",\"url\":\"https:\/\/hudo.com\/si\/zdrav-duh-telo\/popovic-napoveduje-da-se-bodo-v-koper-prisli-kopat-celo-turisti-iz-dubrovnika\/\",\"name\":\"Popovi\u010d napoveduje, da se bodo v Koper pri\u0161li kopat celo turisti iz Dubrovnika - Hudo Slovenija\",\"isPartOf\":{\"@id\":\"https:\/\/hudo.com\/si\/#website\"},\"datePublished\":\"2018-09-08T17:00:09+00:00\",\"dateModified\":\"2018-09-08T09:26:48+00:00\",\"breadcrumb\":{\"@id\":\"https:\/\/hudo.com\/si\/zdrav-duh-telo\/popovic-napoveduje-da-se-bodo-v-koper-prisli-kopat-celo-turisti-iz-dubrovnika\/#breadcrumb\"},\"inLanguage\":\"sl-SI\",\"potentialAction\":[{\"@type\":\"ReadAction\",\"target\":[\"https:\/\/hudo.com\/si\/zdrav-duh-telo\/popovic-napoveduje-da-se-bodo-v-koper-prisli-kopat-celo-turisti-iz-dubrovnika\/\"]}]},{\"@type\":\"BreadcrumbList\",\"@id\":\"https:\/\/hudo.com\/si\/zdrav-duh-telo\/popovic-napoveduje-da-se-bodo-v-koper-prisli-kopat-celo-turisti-iz-dubrovnika\/#breadcrumb\",\"itemListElement\":[{\"@type\":\"ListItem\",\"position\":1,\"name\":\"Home\",\"item\":\"https:\/\/hudo.com\/si\/\"},{\"@type\":\"ListItem\",\"position\":2,\"name\":\"Popovi\u010d napoveduje, da se bodo v Koper pri\u0161li kopat celo turisti iz Dubrovnika\"}]},{\"@type\":\"WebSite\",\"@id\":\"https:\/\/hudo.com\/si\/#website\",\"url\":\"https:\/\/hudo.com\/si\/\",\"name\":\"Hudo Slovenija\",\"description\":\"Vse novice iz Slovenije in sveta\",\"publisher\":{\"@id\":\"https:\/\/hudo.com\/si\/#organization\"},\"potentialAction\":[{\"@type\":\"SearchAction\",\"target\":{\"@type\":\"EntryPoint\",\"urlTemplate\":\"https:\/\/hudo.com\/si\/?s={search_term_string}\"},\"query-input\":\"required name=search_term_string\"}],\"inLanguage\":\"sl-SI\"},{\"@type\":\"Organization\",\"@id\":\"https:\/\/hudo.com\/si\/#organization\",\"name\":\"VSN Media\",\"url\":\"https:\/\/hudo.com\/si\/\",\"logo\":{\"@type\":\"ImageObject\",\"inLanguage\":\"sl-SI\",\"@id\":\"https:\/\/hudo.com\/si\/#\/schema\/logo\/image\/\",\"url\":\"https:\/\/hudo.com\/si\/wp-content\/uploads\/sites\/2\/2021\/03\/hudo-app-2.png\",\"contentUrl\":\"https:\/\/hudo.com\/si\/wp-content\/uploads\/sites\/2\/2021\/03\/hudo-app-2.png\",\"width\":2185,\"height\":2167,\"caption\":\"VSN Media\"},\"image\":{\"@id\":\"https:\/\/hudo.com\/si\/#\/schema\/logo\/image\/\"},\"sameAs\":[\"https:\/\/www.facebook.com\/hudo.si\",\"https:\/\/twitter.com\/hudo_si\"]},{\"@type\":\"Person\",\"@id\":\"https:\/\/hudo.com\/si\/#\/schema\/person\/c2f10ce65d2e6ede2aeda5be2a0611fa\",\"name\":\"M. N., STA\",\"image\":{\"@type\":\"ImageObject\",\"inLanguage\":\"sl-SI\",\"@id\":\"https:\/\/hudo.com\/si\/#\/schema\/person\/image\/\",\"url\":\"https:\/\/secure.gravatar.com\/avatar\/f370d38daa10467f755c5c766a4cac20?s=96&d=mm&r=g\",\"contentUrl\":\"https:\/\/secure.gravatar.com\/avatar\/f370d38daa10467f755c5c766a4cac20?s=96&d=mm&r=g\",\"caption\":\"M. N., STA\"},\"url\":\"https:\/\/hudo.com\/si\/author\/mana\/\"}]}<\/script>\n<!-- \/ Yoast SEO plugin. -->","yoast_head_json":{"title":"Popovi\u010d napoveduje, da se bodo v Koper pri\u0161li kopat celo turisti iz Dubrovnika - Hudo Slovenija","robots":{"index":"index","follow":"follow","max-snippet":"max-snippet:-1","max-image-preview":"max-image-preview:large","max-video-preview":"max-video-preview:-1"},"canonical":"https:\/\/hudo.com\/si\/zdrav-duh-telo\/popovic-napoveduje-da-se-bodo-v-koper-prisli-kopat-celo-turisti-iz-dubrovnika\/","og_locale":"sl_SI","og_type":"article","og_title":"Popovi\u010d napoveduje, da se bodo v Koper pri\u0161li kopat celo turisti iz Dubrovnika - Hudo Slovenija","og_description":"Koprski \u017eupan Boris Popovi\u010d, ki ob\u010dino vodi \u017ee 16 let in se bo letos potegoval za nov mandat, zadnja \u0161tiri leta ocenjuje kot izredno uspe\u0161na. Med prioritetami pa je v pogovoru za STA izpostavil zlasti razvoj turizma. Tako namerava \u017eupan Koper uradno razglasiti za turisti\u010dno mesto, kamor se bodo po njegovih besedah pri\u0161li kopat celo iz Dubrovnika.","og_url":"https:\/\/hudo.com\/si\/zdrav-duh-telo\/popovic-napoveduje-da-se-bodo-v-koper-prisli-kopat-celo-turisti-iz-dubrovnika\/","og_site_name":"Hudo Slovenija","article_publisher":"https:\/\/www.facebook.com\/hudo.si","article_published_time":"2018-09-08T17:00:09+00:00","article_modified_time":"2018-09-08T09:26:48+00:00","og_image":[{"width":1250,"height":962,"url":"https:\/\/hudo.com\/si\/wp-content\/uploads\/sites\/2\/2018\/09\/profimedia-0220614839.jpg","type":"image\/jpeg"}],"author":"M. N., STA","twitter_card":"summary_large_image","twitter_creator":"@hudo_si","twitter_site":"@hudo_si","twitter_misc":{"Written by":"M. N., STA","Est. reading time":"4 minute"},"schema":{"@context":"https:\/\/schema.org","@graph":[{"@type":"Article","@id":"https:\/\/hudo.com\/si\/zdrav-duh-telo\/popovic-napoveduje-da-se-bodo-v-koper-prisli-kopat-celo-turisti-iz-dubrovnika\/#article","isPartOf":{"@id":"https:\/\/hudo.com\/si\/zdrav-duh-telo\/popovic-napoveduje-da-se-bodo-v-koper-prisli-kopat-celo-turisti-iz-dubrovnika\/"},"author":{"name":"M. N., STA","@id":"https:\/\/hudo.com\/si\/#\/schema\/person\/c2f10ce65d2e6ede2aeda5be2a0611fa"},"headline":"Popovi\u010d napoveduje, da se bodo v Koper pri\u0161li kopat celo turisti iz Dubrovnika","datePublished":"2018-09-08T17:00:09+00:00","dateModified":"2018-09-08T09:26:48+00:00","mainEntityOfPage":{"@id":"https:\/\/hudo.com\/si\/zdrav-duh-telo\/popovic-napoveduje-da-se-bodo-v-koper-prisli-kopat-celo-turisti-iz-dubrovnika\/"},"wordCount":789,"publisher":{"@id":"https:\/\/hudo.com\/si\/#organization"},"keywords":["boris popovi\u010d","koper","lokalne volitve","turizem"],"articleSection":["Zdrav duh &amp; telo"],"inLanguage":"sl-SI"},{"@type":"WebPage","@id":"https:\/\/hudo.com\/si\/zdrav-duh-telo\/popovic-napoveduje-da-se-bodo-v-koper-prisli-kopat-celo-turisti-iz-dubrovnika\/","url":"https:\/\/hudo.com\/si\/zdrav-duh-telo\/popovic-napoveduje-da-se-bodo-v-koper-prisli-kopat-celo-turisti-iz-dubrovnika\/","name":"Popovi\u010d napoveduje, da se bodo v Koper pri\u0161li kopat celo turisti iz Dubrovnika - Hudo Slovenija","isPartOf":{"@id":"https:\/\/hudo.com\/si\/#website"},"datePublished":"2018-09-08T17:00:09+00:00","dateModified":"2018-09-08T09:26:48+00:00","breadcrumb":{"@id":"https:\/\/hudo.com\/si\/zdrav-duh-telo\/popovic-napoveduje-da-se-bodo-v-koper-prisli-kopat-celo-turisti-iz-dubrovnika\/#breadcrumb"},"inLanguage":"sl-SI","potentialAction":[{"@type":"ReadAction","target":["https:\/\/hudo.com\/si\/zdrav-duh-telo\/popovic-napoveduje-da-se-bodo-v-koper-prisli-kopat-celo-turisti-iz-dubrovnika\/"]}]},{"@type":"BreadcrumbList","@id":"https:\/\/hudo.com\/si\/zdrav-duh-telo\/popovic-napoveduje-da-se-bodo-v-koper-prisli-kopat-celo-turisti-iz-dubrovnika\/#breadcrumb","itemListElement":[{"@type":"ListItem","position":1,"name":"Home","item":"https:\/\/hudo.com\/si\/"},{"@type":"ListItem","position":2,"name":"Popovi\u010d napoveduje, da se bodo v Koper pri\u0161li kopat celo turisti iz Dubrovnika"}]},{"@type":"WebSite","@id":"https:\/\/hudo.com\/si\/#website","url":"https:\/\/hudo.com\/si\/","name":"Hudo Slovenija","description":"Vse novice iz Slovenije in sveta","publisher":{"@id":"https:\/\/hudo.com\/si\/#organization"},"potentialAction":[{"@type":"SearchAction","target":{"@type":"EntryPoint","urlTemplate":"https:\/\/hudo.com\/si\/?s={search_term_string}"},"query-input":"required name=search_term_string"}],"inLanguage":"sl-SI"},{"@type":"Organization","@id":"https:\/\/hudo.com\/si\/#organization","name":"VSN Media","url":"https:\/\/hudo.com\/si\/","logo":{"@type":"ImageObject","inLanguage":"sl-SI","@id":"https:\/\/hudo.com\/si\/#\/schema\/logo\/image\/","url":"https:\/\/hudo.com\/si\/wp-content\/uploads\/sites\/2\/2021\/03\/hudo-app-2.png","contentUrl":"https:\/\/hudo.com\/si\/wp-content\/uploads\/sites\/2\/2021\/03\/hudo-app-2.png","width":2185,"height":2167,"caption":"VSN Media"},"image":{"@id":"https:\/\/hudo.com\/si\/#\/schema\/logo\/image\/"},"sameAs":["https:\/\/www.facebook.com\/hudo.si","https:\/\/twitter.com\/hudo_si"]},{"@type":"Person","@id":"https:\/\/hudo.com\/si\/#\/schema\/person\/c2f10ce65d2e6ede2aeda5be2a0611fa","name":"M. N., STA","image":{"@type":"ImageObject","inLanguage":"sl-SI","@id":"https:\/\/hudo.com\/si\/#\/schema\/person\/image\/","url":"https:\/\/secure.gravatar.com\/avatar\/f370d38daa10467f755c5c766a4cac20?s=96&d=mm&r=g","contentUrl":"https:\/\/secure.gravatar.com\/avatar\/f370d38daa10467f755c5c766a4cac20?s=96&d=mm&r=g","caption":"M. N., STA"},"url":"https:\/\/hudo.com\/si\/author\/mana\/"}]}},"amp_enabled":true,"_links":{"self":[{"href":"https:\/\/hudo.com\/si\/wp-json\/wp\/v2\/posts\/377022"}],"collection":[{"href":"https:\/\/hudo.com\/si\/wp-json\/wp\/v2\/posts"}],"about":[{"href":"https:\/\/hudo.com\/si\/wp-json\/wp\/v2\/types\/post"}],"author":[{"embeddable":true,"href":"https:\/\/hudo.com\/si\/wp-json\/wp\/v2\/users\/8"}],"replies":[{"embeddable":true,"href":"https:\/\/hudo.com\/si\/wp-json\/wp\/v2\/comments?post=377022"}],"version-history":[{"count":1,"href":"https:\/\/hudo.com\/si\/wp-json\/wp\/v2\/posts\/377022\/revisions"}],"predecessor-version":[{"id":377024,"href":"https:\/\/hudo.com\/si\/wp-json\/wp\/v2\/posts\/377022\/revisions\/377024"}],"wp:featuredmedia":[{"embeddable":true,"href":"https:\/\/hudo.com\/si\/wp-json\/wp\/v2\/media\/377023"}],"wp:attachment":[{"href":"https:\/\/hudo.com\/si\/wp-json\/wp\/v2\/media?parent=377022"}],"wp:term":[{"taxonomy":"category","embeddable":true,"href":"https:\/\/hudo.com\/si\/wp-json\/wp\/v2\/categories?post=377022"},{"taxonomy":"post_tag","embeddable":true,"href":"https:\/\/hudo.com\/si\/wp-json\/wp\/v2\/tags?post=377022"},{"taxonomy":"source","embeddable":true,"href":"https:\/\/hudo.com\/si\/wp-json\/wp\/v2\/source?post=377022"},{"taxonomy":"supertag","embeddable":true,"href":"https:\/\/hudo.com\/si\/wp-json\/wp\/v2\/supertag?post=377022"}],"curies":[{"name":"wp","href":"https:\/\/api.w.org\/{rel}","templated":true}]}}