{"id":377425,"date":"2018-09-15T11:30:07","date_gmt":"2018-09-15T09:30:07","guid":{"rendered":"http:\/\/hudo.com\/si\/?p=377425"},"modified":"2018-09-15T11:30:07","modified_gmt":"2018-09-15T09:30:07","slug":"obmocje-sibenika-stresla-dva-mocnejsa-potresa","status":"publish","type":"post","link":"https:\/\/hudo.com\/si\/aktualno\/obmocje-sibenika-stresla-dva-mocnejsa-potresa\/","title":{"rendered":"Obmo\u010dje \u0160ibenika stresla dva mo\u010dnej\u0161a potresa"},"content":{"rendered":"<div class=\"text\">\n<p>Prvi potres je prebivalce vznemiril sredi no\u010di, ob 1.48. Dosegel je magnitudo 3,0, \u017eari\u0161\u010de pa je imel deset kilometrov severozahodno od \u0160ibenika, med Vodicami in Zatonom. Sledilo je ve\u010d popotresnih sunkov.<\/p>\n<p>Pristojne slu\u017ebe so prejele na desetine klicev zaskrbljenih prebivalcev, ki pa niso prijavili gmotne \u0161kode, dodaja Hina.<\/p>\n<p>Gre za drugo mo\u010dnej\u0161e tresenje tal v Dalmaciji v zadnjem tednu dni. Minuli petek je obmo\u010dje Imotskega stresel potres z magnitudo 3,7, poro\u010da hrva\u0161ki \u010dasnik Novi list.<\/p>\n<\/div>\n","protected":false},"excerpt":{"rendered":"<p>Obmo\u010dje \u0160ibenika na hrva\u0161kem Jadranu sta pono\u010di oziroma zgodaj davi stresla dva mo\u010dnej\u0161a potresa, ki pa nista povzro\u010dila \u0161kode, poro\u010da hrva\u0161ka tiskovna agencija Hina. Mo\u010dnej\u0161i je bil drugi sunek ob 5.09 zjutraj z magnitudo 4,2, ki je imel po podatkih Evro-sredozemskega seizmolo\u0161kega centra (EMSC) \u017eari\u0161\u010de pet kilometrov severozahodno od Zatona.<\/p>\n","protected":false},"author":5,"featured_media":171591,"comment_status":"closed","ping_status":"closed","sticky":false,"template":"","format":"standard","meta":{"footnotes":""},"categories":[1179],"tags":[1810,3718],"source":[4511],"supertag":[],"acf":[],"yoast_head":"<!-- This site is optimized with the Yoast SEO plugin v21.3 - https:\/\/yoast.com\/wordpress\/plugins\/seo\/ -->\n<title>Obmo\u010dje \u0160ibenika stresla dva mo\u010dnej\u0161a potresa - Hudo Slovenija<\/title>\n<meta name=\"robots\" content=\"index, follow, max-snippet:-1, max-image-preview:large, max-video-preview:-1\" \/>\n<link rel=\"canonical\" href=\"https:\/\/hudo.com\/si\/aktualno\/obmocje-sibenika-stresla-dva-mocnejsa-potresa\/\" \/>\n<meta property=\"og:locale\" content=\"sl_SI\" \/>\n<meta property=\"og:type\" content=\"article\" \/>\n<meta property=\"og:title\" content=\"Obmo\u010dje \u0160ibenika stresla dva mo\u010dnej\u0161a potresa - Hudo Slovenija\" \/>\n<meta property=\"og:description\" content=\"Obmo\u010dje \u0160ibenika na hrva\u0161kem Jadranu sta pono\u010di oziroma zgodaj davi stresla dva mo\u010dnej\u0161a potresa, ki pa nista povzro\u010dila \u0161kode, poro\u010da hrva\u0161ka tiskovna agencija Hina. Mo\u010dnej\u0161i je bil drugi sunek ob 5.09 zjutraj z magnitudo 4,2, ki je imel po podatkih Evro-sredozemskega seizmolo\u0161kega centra (EMSC) \u017eari\u0161\u010de pet kilometrov severozahodno od Zatona.\" \/>\n<meta property=\"og:url\" content=\"https:\/\/hudo.com\/si\/aktualno\/obmocje-sibenika-stresla-dva-mocnejsa-potresa\/\" \/>\n<meta property=\"og:site_name\" content=\"Hudo Slovenija\" \/>\n<meta property=\"article:publisher\" content=\"https:\/\/www.facebook.com\/hudo.si\" \/>\n<meta property=\"article:published_time\" content=\"2018-09-15T09:30:07+00:00\" \/>\n<meta property=\"og:image\" content=\"https:\/\/hudo.com\/si\/wp-content\/uploads\/sites\/2\/2016\/11\/profimedia-0294275091.jpg\" \/>\n\t<meta property=\"og:image:width\" content=\"1250\" \/>\n\t<meta property=\"og:image:height\" content=\"786\" \/>\n\t<meta property=\"og:image:type\" content=\"image\/jpeg\" \/>\n<meta name=\"author\" content=\"A. G., STA\" \/>\n<meta name=\"twitter:card\" content=\"summary_large_image\" \/>\n<meta name=\"twitter:creator\" content=\"@hudo_si\" \/>\n<meta name=\"twitter:site\" content=\"@hudo_si\" \/>\n<meta name=\"twitter:label1\" content=\"Written by\" \/>\n\t<meta name=\"twitter:data1\" content=\"A. G., STA\" \/>\n<script type=\"application\/ld+json\" class=\"yoast-schema-graph\">{\"@context\":\"https:\/\/schema.org\",\"@graph\":[{\"@type\":\"Article\",\"@id\":\"https:\/\/hudo.com\/si\/aktualno\/obmocje-sibenika-stresla-dva-mocnejsa-potresa\/#article\",\"isPartOf\":{\"@id\":\"https:\/\/hudo.com\/si\/aktualno\/obmocje-sibenika-stresla-dva-mocnejsa-potresa\/\"},\"author\":{\"name\":\"A. G., STA\",\"@id\":\"https:\/\/hudo.com\/si\/#\/schema\/person\/2391667a63ea075ba94f2f2dc6b77537\"},\"headline\":\"Obmo\u010dje \u0160ibenika stresla dva mo\u010dnej\u0161a potresa\",\"datePublished\":\"2018-09-15T09:30:07+00:00\",\"dateModified\":\"2018-09-15T09:30:07+00:00\",\"mainEntityOfPage\":{\"@id\":\"https:\/\/hudo.com\/si\/aktualno\/obmocje-sibenika-stresla-dva-mocnejsa-potresa\/\"},\"wordCount\":89,\"publisher\":{\"@id\":\"https:\/\/hudo.com\/si\/#organization\"},\"keywords\":[\"hrva\u0161ka\",\"potres\"],\"articleSection\":[\"Aktualno\"],\"inLanguage\":\"sl-SI\"},{\"@type\":\"WebPage\",\"@id\":\"https:\/\/hudo.com\/si\/aktualno\/obmocje-sibenika-stresla-dva-mocnejsa-potresa\/\",\"url\":\"https:\/\/hudo.com\/si\/aktualno\/obmocje-sibenika-stresla-dva-mocnejsa-potresa\/\",\"name\":\"Obmo\u010dje \u0160ibenika stresla dva mo\u010dnej\u0161a potresa - Hudo Slovenija\",\"isPartOf\":{\"@id\":\"https:\/\/hudo.com\/si\/#website\"},\"datePublished\":\"2018-09-15T09:30:07+00:00\",\"dateModified\":\"2018-09-15T09:30:07+00:00\",\"breadcrumb\":{\"@id\":\"https:\/\/hudo.com\/si\/aktualno\/obmocje-sibenika-stresla-dva-mocnejsa-potresa\/#breadcrumb\"},\"inLanguage\":\"sl-SI\",\"potentialAction\":[{\"@type\":\"ReadAction\",\"target\":[\"https:\/\/hudo.com\/si\/aktualno\/obmocje-sibenika-stresla-dva-mocnejsa-potresa\/\"]}]},{\"@type\":\"BreadcrumbList\",\"@id\":\"https:\/\/hudo.com\/si\/aktualno\/obmocje-sibenika-stresla-dva-mocnejsa-potresa\/#breadcrumb\",\"itemListElement\":[{\"@type\":\"ListItem\",\"position\":1,\"name\":\"Home\",\"item\":\"https:\/\/hudo.com\/si\/\"},{\"@type\":\"ListItem\",\"position\":2,\"name\":\"Obmo\u010dje \u0160ibenika stresla dva mo\u010dnej\u0161a potresa\"}]},{\"@type\":\"WebSite\",\"@id\":\"https:\/\/hudo.com\/si\/#website\",\"url\":\"https:\/\/hudo.com\/si\/\",\"name\":\"Hudo Slovenija\",\"description\":\"Vse novice iz Slovenije in sveta\",\"publisher\":{\"@id\":\"https:\/\/hudo.com\/si\/#organization\"},\"potentialAction\":[{\"@type\":\"SearchAction\",\"target\":{\"@type\":\"EntryPoint\",\"urlTemplate\":\"https:\/\/hudo.com\/si\/?s={search_term_string}\"},\"query-input\":\"required name=search_term_string\"}],\"inLanguage\":\"sl-SI\"},{\"@type\":\"Organization\",\"@id\":\"https:\/\/hudo.com\/si\/#organization\",\"name\":\"VSN Media\",\"url\":\"https:\/\/hudo.com\/si\/\",\"logo\":{\"@type\":\"ImageObject\",\"inLanguage\":\"sl-SI\",\"@id\":\"https:\/\/hudo.com\/si\/#\/schema\/logo\/image\/\",\"url\":\"https:\/\/hudo.com\/si\/wp-content\/uploads\/sites\/2\/2021\/03\/hudo-app-2.png\",\"contentUrl\":\"https:\/\/hudo.com\/si\/wp-content\/uploads\/sites\/2\/2021\/03\/hudo-app-2.png\",\"width\":2185,\"height\":2167,\"caption\":\"VSN Media\"},\"image\":{\"@id\":\"https:\/\/hudo.com\/si\/#\/schema\/logo\/image\/\"},\"sameAs\":[\"https:\/\/www.facebook.com\/hudo.si\",\"https:\/\/twitter.com\/hudo_si\"]},{\"@type\":\"Person\",\"@id\":\"https:\/\/hudo.com\/si\/#\/schema\/person\/2391667a63ea075ba94f2f2dc6b77537\",\"name\":\"A. G., STA\",\"image\":{\"@type\":\"ImageObject\",\"inLanguage\":\"sl-SI\",\"@id\":\"https:\/\/hudo.com\/si\/#\/schema\/person\/image\/\",\"url\":\"https:\/\/secure.gravatar.com\/avatar\/e13d22ac3e442658d5025fbbe6238a79?s=96&d=mm&r=g\",\"contentUrl\":\"https:\/\/secure.gravatar.com\/avatar\/e13d22ac3e442658d5025fbbe6238a79?s=96&d=mm&r=g\",\"caption\":\"A. G., STA\"},\"url\":\"https:\/\/hudo.com\/si\/author\/alenka\/\"}]}<\/script>\n<!-- \/ Yoast SEO plugin. -->","yoast_head_json":{"title":"Obmo\u010dje \u0160ibenika stresla dva mo\u010dnej\u0161a potresa - Hudo Slovenija","robots":{"index":"index","follow":"follow","max-snippet":"max-snippet:-1","max-image-preview":"max-image-preview:large","max-video-preview":"max-video-preview:-1"},"canonical":"https:\/\/hudo.com\/si\/aktualno\/obmocje-sibenika-stresla-dva-mocnejsa-potresa\/","og_locale":"sl_SI","og_type":"article","og_title":"Obmo\u010dje \u0160ibenika stresla dva mo\u010dnej\u0161a potresa - Hudo Slovenija","og_description":"Obmo\u010dje \u0160ibenika na hrva\u0161kem Jadranu sta pono\u010di oziroma zgodaj davi stresla dva mo\u010dnej\u0161a potresa, ki pa nista povzro\u010dila \u0161kode, poro\u010da hrva\u0161ka tiskovna agencija Hina. Mo\u010dnej\u0161i je bil drugi sunek ob 5.09 zjutraj z magnitudo 4,2, ki je imel po podatkih Evro-sredozemskega seizmolo\u0161kega centra (EMSC) \u017eari\u0161\u010de pet kilometrov severozahodno od Zatona.","og_url":"https:\/\/hudo.com\/si\/aktualno\/obmocje-sibenika-stresla-dva-mocnejsa-potresa\/","og_site_name":"Hudo Slovenija","article_publisher":"https:\/\/www.facebook.com\/hudo.si","article_published_time":"2018-09-15T09:30:07+00:00","og_image":[{"width":1250,"height":786,"url":"https:\/\/hudo.com\/si\/wp-content\/uploads\/sites\/2\/2016\/11\/profimedia-0294275091.jpg","type":"image\/jpeg"}],"author":"A. G., STA","twitter_card":"summary_large_image","twitter_creator":"@hudo_si","twitter_site":"@hudo_si","twitter_misc":{"Written by":"A. G., STA"},"schema":{"@context":"https:\/\/schema.org","@graph":[{"@type":"Article","@id":"https:\/\/hudo.com\/si\/aktualno\/obmocje-sibenika-stresla-dva-mocnejsa-potresa\/#article","isPartOf":{"@id":"https:\/\/hudo.com\/si\/aktualno\/obmocje-sibenika-stresla-dva-mocnejsa-potresa\/"},"author":{"name":"A. G., STA","@id":"https:\/\/hudo.com\/si\/#\/schema\/person\/2391667a63ea075ba94f2f2dc6b77537"},"headline":"Obmo\u010dje \u0160ibenika stresla dva mo\u010dnej\u0161a potresa","datePublished":"2018-09-15T09:30:07+00:00","dateModified":"2018-09-15T09:30:07+00:00","mainEntityOfPage":{"@id":"https:\/\/hudo.com\/si\/aktualno\/obmocje-sibenika-stresla-dva-mocnejsa-potresa\/"},"wordCount":89,"publisher":{"@id":"https:\/\/hudo.com\/si\/#organization"},"keywords":["hrva\u0161ka","potres"],"articleSection":["Aktualno"],"inLanguage":"sl-SI"},{"@type":"WebPage","@id":"https:\/\/hudo.com\/si\/aktualno\/obmocje-sibenika-stresla-dva-mocnejsa-potresa\/","url":"https:\/\/hudo.com\/si\/aktualno\/obmocje-sibenika-stresla-dva-mocnejsa-potresa\/","name":"Obmo\u010dje \u0160ibenika stresla dva mo\u010dnej\u0161a potresa - Hudo Slovenija","isPartOf":{"@id":"https:\/\/hudo.com\/si\/#website"},"datePublished":"2018-09-15T09:30:07+00:00","dateModified":"2018-09-15T09:30:07+00:00","breadcrumb":{"@id":"https:\/\/hudo.com\/si\/aktualno\/obmocje-sibenika-stresla-dva-mocnejsa-potresa\/#breadcrumb"},"inLanguage":"sl-SI","potentialAction":[{"@type":"ReadAction","target":["https:\/\/hudo.com\/si\/aktualno\/obmocje-sibenika-stresla-dva-mocnejsa-potresa\/"]}]},{"@type":"BreadcrumbList","@id":"https:\/\/hudo.com\/si\/aktualno\/obmocje-sibenika-stresla-dva-mocnejsa-potresa\/#breadcrumb","itemListElement":[{"@type":"ListItem","position":1,"name":"Home","item":"https:\/\/hudo.com\/si\/"},{"@type":"ListItem","position":2,"name":"Obmo\u010dje \u0160ibenika stresla dva mo\u010dnej\u0161a potresa"}]},{"@type":"WebSite","@id":"https:\/\/hudo.com\/si\/#website","url":"https:\/\/hudo.com\/si\/","name":"Hudo Slovenija","description":"Vse novice iz Slovenije in sveta","publisher":{"@id":"https:\/\/hudo.com\/si\/#organization"},"potentialAction":[{"@type":"SearchAction","target":{"@type":"EntryPoint","urlTemplate":"https:\/\/hudo.com\/si\/?s={search_term_string}"},"query-input":"required name=search_term_string"}],"inLanguage":"sl-SI"},{"@type":"Organization","@id":"https:\/\/hudo.com\/si\/#organization","name":"VSN Media","url":"https:\/\/hudo.com\/si\/","logo":{"@type":"ImageObject","inLanguage":"sl-SI","@id":"https:\/\/hudo.com\/si\/#\/schema\/logo\/image\/","url":"https:\/\/hudo.com\/si\/wp-content\/uploads\/sites\/2\/2021\/03\/hudo-app-2.png","contentUrl":"https:\/\/hudo.com\/si\/wp-content\/uploads\/sites\/2\/2021\/03\/hudo-app-2.png","width":2185,"height":2167,"caption":"VSN Media"},"image":{"@id":"https:\/\/hudo.com\/si\/#\/schema\/logo\/image\/"},"sameAs":["https:\/\/www.facebook.com\/hudo.si","https:\/\/twitter.com\/hudo_si"]},{"@type":"Person","@id":"https:\/\/hudo.com\/si\/#\/schema\/person\/2391667a63ea075ba94f2f2dc6b77537","name":"A. G., STA","image":{"@type":"ImageObject","inLanguage":"sl-SI","@id":"https:\/\/hudo.com\/si\/#\/schema\/person\/image\/","url":"https:\/\/secure.gravatar.com\/avatar\/e13d22ac3e442658d5025fbbe6238a79?s=96&d=mm&r=g","contentUrl":"https:\/\/secure.gravatar.com\/avatar\/e13d22ac3e442658d5025fbbe6238a79?s=96&d=mm&r=g","caption":"A. G., STA"},"url":"https:\/\/hudo.com\/si\/author\/alenka\/"}]}},"amp_enabled":true,"_links":{"self":[{"href":"https:\/\/hudo.com\/si\/wp-json\/wp\/v2\/posts\/377425"}],"collection":[{"href":"https:\/\/hudo.com\/si\/wp-json\/wp\/v2\/posts"}],"about":[{"href":"https:\/\/hudo.com\/si\/wp-json\/wp\/v2\/types\/post"}],"author":[{"embeddable":true,"href":"https:\/\/hudo.com\/si\/wp-json\/wp\/v2\/users\/5"}],"replies":[{"embeddable":true,"href":"https:\/\/hudo.com\/si\/wp-json\/wp\/v2\/comments?post=377425"}],"version-history":[{"count":1,"href":"https:\/\/hudo.com\/si\/wp-json\/wp\/v2\/posts\/377425\/revisions"}],"predecessor-version":[{"id":377426,"href":"https:\/\/hudo.com\/si\/wp-json\/wp\/v2\/posts\/377425\/revisions\/377426"}],"wp:featuredmedia":[{"embeddable":true,"href":"https:\/\/hudo.com\/si\/wp-json\/wp\/v2\/media\/171591"}],"wp:attachment":[{"href":"https:\/\/hudo.com\/si\/wp-json\/wp\/v2\/media?parent=377425"}],"wp:term":[{"taxonomy":"category","embeddable":true,"href":"https:\/\/hudo.com\/si\/wp-json\/wp\/v2\/categories?post=377425"},{"taxonomy":"post_tag","embeddable":true,"href":"https:\/\/hudo.com\/si\/wp-json\/wp\/v2\/tags?post=377425"},{"taxonomy":"source","embeddable":true,"href":"https:\/\/hudo.com\/si\/wp-json\/wp\/v2\/source?post=377425"},{"taxonomy":"supertag","embeddable":true,"href":"https:\/\/hudo.com\/si\/wp-json\/wp\/v2\/supertag?post=377425"}],"curies":[{"name":"wp","href":"https:\/\/api.w.org\/{rel}","templated":true}]}}