{"id":377688,"date":"2018-09-20T11:21:46","date_gmt":"2018-09-20T09:21:46","guid":{"rendered":"http:\/\/hudo.com\/si\/?p=377688"},"modified":"2018-09-20T12:25:29","modified_gmt":"2018-09-20T10:25:29","slug":"kako-si-je-sramezljiva-deklica-izborila-svetovno-slavo-o-tej-najstnici-danes-govori-cel-svet","status":"publish","type":"post","link":"https:\/\/hudo.com\/si\/vip\/kako-si-je-sramezljiva-deklica-izborila-svetovno-slavo-o-tej-najstnici-danes-govori-cel-svet\/","title":{"rendered":"Kako si je srame\u017eljiva deklica izborila svetovno slavo: O tej najstnici danes govori cel svet"},"content":{"rendered":"<p>Courtney Hadwin ni uspelo zmagati na ameri\u0161kem talent \u0161ovu America\u2019s Got Talent, ji je pa vsekakor uspelo to, da jo pozna cel svet.<\/p>\n<p>Za zmago v \u0161ovu se je potegovalo kar 10 razli\u010dnih talentov, na koncu pa je zmagal 26-letni Lim, ki je domov odnesel milijon dolarjev (860.000 evrov) in bo dobil svoj lasten \u0161ov v Las Vegasu.<\/p>\n<p>&#8220;Rekli smo ji, naj se sprosti. Zelo smo ponosni na njo. Kar bo, pa bo,&#8221; je za Daily Mail pred finalnim nastopom povedala Ann-Marie Hadwin, mama britanske najstni\u0161ke senzacije Courtney Hadwin<\/p>\n<p>Courtney je stara 14 let in prihaja iz mesteca Hesleden v Veliki Britaniji, kjer \u017eivi v skromnem domu.<span id=\"result_box\" class=\"\" lang=\"sl\"><\/span><\/p>\n<p><span id=\"result_box\" class=\"\" lang=\"sl\"><span class=\"\">Courtney je sodnike navdu\u0161ila v svoji izvedbi &#8221;River Deep &#8211; Mountain High&#8221; Tine Turner.<\/span><\/span><\/p>\n<p><div class=\"embed\"><div class=\"embed-notice\">Za ogled vstavljene vsebine morate omogo\u010diti <a href=\"#\" onclick=\"Optanon.ToggleInfoDisplay()\">shranjevanje pi\u0161kotkov v napravi<\/a><\/div><iframe loading=\"lazy\" title=\"Courtney Hadwin Brings ROCKER STYLE To Tina Turner Song On AGT Finales \ud83d\ude0d| America&#039;s Got Talent 2018\" width=\"500\" height=\"281\"  class=\"optanon-category-C0002-C0003-C0004\" optanon-src=\"https:\/\/www.youtube.com\/embed\/INiV1GjI5tg?feature=oembed\" frameborder=\"0\" allow=\"accelerometer; autoplay; clipboard-write; encrypted-media; gyroscope; picture-in-picture; web-share\" referrerpolicy=\"strict-origin-when-cross-origin\" allowfullscreen><\/iframe><\/div><\/p>\n<p>&#8220;Ti si zvezda v nastajanju,&#8221; ji je rekel sodnik Howie Mendel.<\/p>\n<p><span id=\"result_box\" class=\"\" lang=\"sl\"><span class=\"\">Courtney je presko\u010dila nekaj faz tekmovanja, ker si je \u017ee na avdiciji prislu\u017eila zlati gumb in se tako neposredno uvrstila v osmino finala.<\/span><\/span><\/p>\n<p><div class=\"embed\"><div class=\"embed-notice\">Za ogled vstavljene vsebine morate omogo\u010diti <a href=\"#\" onclick=\"Optanon.ToggleInfoDisplay()\">shranjevanje pi\u0161kotkov v napravi<\/a><\/div><iframe loading=\"lazy\" title=\"Courtney Hadwin: 13-Year-Old Golden Buzzer Winning Performance - America&#039;s Got Talent 2018\" width=\"500\" height=\"281\"  class=\"optanon-category-C0002-C0003-C0004\" optanon-src=\"https:\/\/www.youtube.com\/embed\/gPHVLxm8U-0?feature=oembed\" frameborder=\"0\" allow=\"accelerometer; autoplay; clipboard-write; encrypted-media; gyroscope; picture-in-picture\" allowfullscreen><\/iframe><\/div><\/p>\n<blockquote><p><a href=\"https:\/\/zenska.hudo.com\/vip\/glasba\/13-letna-sramezljiva-najstnica-je-na-ameriskih-talentih-imela-nastop-kakrsnega-ni-nihce-pricakoval\/\">Preberite \u0161e: 13-letna srame\u017eljiva najstnica je na ameri\u0161kih talentih imela nastop, kakr\u0161nega ni nih\u010de pri\u010dakoval<\/a><\/p><\/blockquote>\n<p>\u010ceprav je Courtney \u017ee postala senzacija, je medijem priznala, da je bilo zadnje leto zanjo zelo te\u017eko. Pred nekaj meseci ji je za las u\u0161la zmaga na \u0161ovu The Voice Kids Uk, ponavljala je razred, zaradi vsega tega pa so jo otroci v \u0161oli ves \u010das zbadali.<\/p>\n<p>Njen o\u010de je povedal, da je njegova h\u010derka izjemno srame\u017eljiva, ter da zelo te\u017eko vzpostavlja stik z drugimi ljudmi in spoznava nove prijatelje. Najla\u017eje komunicira prav skozi svoje petje.<\/p>\n<p>https:\/\/www.youtube.com\/watch?v=r93U_wt-rls<\/p>\n<p>Primerjajo jo z Janis Joplin in Tino Turner, med avdicijo pa je na noge spravila celo najbolj strogega sodnika Simona Cowella.<\/p>\n<p><span id=\"result_box\" class=\"\" lang=\"sl\"><span class=\"\">&#8220;<\/span><\/span>Zaboga, Courtney. Ko si pri\u0161la na oder si bila srame\u017eljiva deklica, ko pa zapoje\u0161, si kot levinja. Zato si mi absolutno zelo v\u0161e\u010d,\u201d je povedal.<\/p>\n<p>https:\/\/www.youtube.com\/watch?v=FxfaOYk4g2U<\/p>\n","protected":false},"excerpt":{"rendered":"<p>Srame\u017eljiva, zadr\u017eana in sila negotova deklica &#8230; Ko pa jo boste sli\u0161ali peti, boste ostali odprtih ust &#8230;<\/p>\n","protected":false},"author":6,"featured_media":377692,"comment_status":"closed","ping_status":"closed","sticky":false,"template":"","format":"standard","meta":{"footnotes":""},"categories":[1093],"tags":[11383],"source":[4511],"supertag":[],"acf":[],"yoast_head":"<!-- This site is optimized with the Yoast SEO plugin v21.3 - https:\/\/yoast.com\/wordpress\/plugins\/seo\/ -->\n<title>Kako si je srame\u017eljiva deklica izborila svetovno slavo: O tej najstnici danes govori cel svet - Hudo Slovenija<\/title>\n<meta name=\"robots\" content=\"index, follow, max-snippet:-1, max-image-preview:large, max-video-preview:-1\" \/>\n<link rel=\"canonical\" href=\"https:\/\/hudo.com\/si\/vip\/kako-si-je-sramezljiva-deklica-izborila-svetovno-slavo-o-tej-najstnici-danes-govori-cel-svet\/\" \/>\n<meta property=\"og:locale\" content=\"sl_SI\" \/>\n<meta property=\"og:type\" content=\"article\" \/>\n<meta property=\"og:title\" content=\"Kako si je srame\u017eljiva deklica izborila svetovno slavo: O tej najstnici danes govori cel svet - Hudo Slovenija\" \/>\n<meta property=\"og:description\" content=\"Srame\u017eljiva, zadr\u017eana in sila negotova deklica ... Ko pa jo boste sli\u0161ali peti, boste ostali odprtih ust ...\" \/>\n<meta property=\"og:url\" content=\"https:\/\/hudo.com\/si\/vip\/kako-si-je-sramezljiva-deklica-izborila-svetovno-slavo-o-tej-najstnici-danes-govori-cel-svet\/\" \/>\n<meta property=\"og:site_name\" content=\"Hudo Slovenija\" \/>\n<meta property=\"article:publisher\" content=\"https:\/\/www.facebook.com\/hudo.si\" \/>\n<meta property=\"article:published_time\" content=\"2018-09-20T09:21:46+00:00\" \/>\n<meta property=\"article:modified_time\" content=\"2018-09-20T10:25:29+00:00\" \/>\n<meta property=\"og:image\" content=\"https:\/\/hudo.com\/si\/wp-content\/uploads\/sites\/2\/2018\/09\/courtney_yt_19092018.jpg\" \/>\n\t<meta property=\"og:image:width\" content=\"765\" \/>\n\t<meta property=\"og:image:height\" content=\"407\" \/>\n\t<meta property=\"og:image:type\" content=\"image\/jpeg\" \/>\n<meta name=\"author\" content=\"A. G.\" \/>\n<meta name=\"twitter:card\" content=\"summary_large_image\" \/>\n<meta name=\"twitter:creator\" content=\"@hudo_si\" \/>\n<meta name=\"twitter:site\" content=\"@hudo_si\" \/>\n<meta name=\"twitter:label1\" content=\"Written by\" \/>\n\t<meta name=\"twitter:data1\" content=\"A. G.\" \/>\n\t<meta name=\"twitter:label2\" content=\"Est. reading time\" \/>\n\t<meta name=\"twitter:data2\" content=\"2 minuti\" \/>\n<script type=\"application\/ld+json\" class=\"yoast-schema-graph\">{\"@context\":\"https:\/\/schema.org\",\"@graph\":[{\"@type\":\"Article\",\"@id\":\"https:\/\/hudo.com\/si\/vip\/kako-si-je-sramezljiva-deklica-izborila-svetovno-slavo-o-tej-najstnici-danes-govori-cel-svet\/#article\",\"isPartOf\":{\"@id\":\"https:\/\/hudo.com\/si\/vip\/kako-si-je-sramezljiva-deklica-izborila-svetovno-slavo-o-tej-najstnici-danes-govori-cel-svet\/\"},\"author\":{\"name\":\"A. G.\",\"@id\":\"https:\/\/hudo.com\/si\/#\/schema\/person\/f95639a66e0dd2c682b0568634e85b8b\"},\"headline\":\"Kako si je srame\u017eljiva deklica izborila svetovno slavo: O tej najstnici danes govori cel svet\",\"datePublished\":\"2018-09-20T09:21:46+00:00\",\"dateModified\":\"2018-09-20T10:25:29+00:00\",\"mainEntityOfPage\":{\"@id\":\"https:\/\/hudo.com\/si\/vip\/kako-si-je-sramezljiva-deklica-izborila-svetovno-slavo-o-tej-najstnici-danes-govori-cel-svet\/\"},\"wordCount\":362,\"publisher\":{\"@id\":\"https:\/\/hudo.com\/si\/#organization\"},\"keywords\":[\"Courtney Hadwin\"],\"articleSection\":[\"VIP\"],\"inLanguage\":\"sl-SI\"},{\"@type\":\"WebPage\",\"@id\":\"https:\/\/hudo.com\/si\/vip\/kako-si-je-sramezljiva-deklica-izborila-svetovno-slavo-o-tej-najstnici-danes-govori-cel-svet\/\",\"url\":\"https:\/\/hudo.com\/si\/vip\/kako-si-je-sramezljiva-deklica-izborila-svetovno-slavo-o-tej-najstnici-danes-govori-cel-svet\/\",\"name\":\"Kako si je srame\u017eljiva deklica izborila svetovno slavo: O tej najstnici danes govori cel svet - Hudo Slovenija\",\"isPartOf\":{\"@id\":\"https:\/\/hudo.com\/si\/#website\"},\"datePublished\":\"2018-09-20T09:21:46+00:00\",\"dateModified\":\"2018-09-20T10:25:29+00:00\",\"breadcrumb\":{\"@id\":\"https:\/\/hudo.com\/si\/vip\/kako-si-je-sramezljiva-deklica-izborila-svetovno-slavo-o-tej-najstnici-danes-govori-cel-svet\/#breadcrumb\"},\"inLanguage\":\"sl-SI\",\"potentialAction\":[{\"@type\":\"ReadAction\",\"target\":[\"https:\/\/hudo.com\/si\/vip\/kako-si-je-sramezljiva-deklica-izborila-svetovno-slavo-o-tej-najstnici-danes-govori-cel-svet\/\"]}]},{\"@type\":\"BreadcrumbList\",\"@id\":\"https:\/\/hudo.com\/si\/vip\/kako-si-je-sramezljiva-deklica-izborila-svetovno-slavo-o-tej-najstnici-danes-govori-cel-svet\/#breadcrumb\",\"itemListElement\":[{\"@type\":\"ListItem\",\"position\":1,\"name\":\"Home\",\"item\":\"https:\/\/hudo.com\/si\/\"},{\"@type\":\"ListItem\",\"position\":2,\"name\":\"Kako si je srame\u017eljiva deklica izborila svetovno slavo: O tej najstnici danes govori cel svet\"}]},{\"@type\":\"WebSite\",\"@id\":\"https:\/\/hudo.com\/si\/#website\",\"url\":\"https:\/\/hudo.com\/si\/\",\"name\":\"Hudo Slovenija\",\"description\":\"Vse novice iz Slovenije in sveta\",\"publisher\":{\"@id\":\"https:\/\/hudo.com\/si\/#organization\"},\"potentialAction\":[{\"@type\":\"SearchAction\",\"target\":{\"@type\":\"EntryPoint\",\"urlTemplate\":\"https:\/\/hudo.com\/si\/?s={search_term_string}\"},\"query-input\":\"required name=search_term_string\"}],\"inLanguage\":\"sl-SI\"},{\"@type\":\"Organization\",\"@id\":\"https:\/\/hudo.com\/si\/#organization\",\"name\":\"VSN Media\",\"url\":\"https:\/\/hudo.com\/si\/\",\"logo\":{\"@type\":\"ImageObject\",\"inLanguage\":\"sl-SI\",\"@id\":\"https:\/\/hudo.com\/si\/#\/schema\/logo\/image\/\",\"url\":\"https:\/\/hudo.com\/si\/wp-content\/uploads\/sites\/2\/2021\/03\/hudo-app-2.png\",\"contentUrl\":\"https:\/\/hudo.com\/si\/wp-content\/uploads\/sites\/2\/2021\/03\/hudo-app-2.png\",\"width\":2185,\"height\":2167,\"caption\":\"VSN Media\"},\"image\":{\"@id\":\"https:\/\/hudo.com\/si\/#\/schema\/logo\/image\/\"},\"sameAs\":[\"https:\/\/www.facebook.com\/hudo.si\",\"https:\/\/twitter.com\/hudo_si\"]},{\"@type\":\"Person\",\"@id\":\"https:\/\/hudo.com\/si\/#\/schema\/person\/f95639a66e0dd2c682b0568634e85b8b\",\"name\":\"A. G.\",\"image\":{\"@type\":\"ImageObject\",\"inLanguage\":\"sl-SI\",\"@id\":\"https:\/\/hudo.com\/si\/#\/schema\/person\/image\/\",\"url\":\"https:\/\/secure.gravatar.com\/avatar\/9f44de561c70d5d80348d3ed0f4b142d?s=96&d=mm&r=g\",\"contentUrl\":\"https:\/\/secure.gravatar.com\/avatar\/9f44de561c70d5d80348d3ed0f4b142d?s=96&d=mm&r=g\",\"caption\":\"A. G.\"},\"url\":\"https:\/\/hudo.com\/si\/author\/alenkagrmek\/\"}]}<\/script>\n<!-- \/ Yoast SEO plugin. -->","yoast_head_json":{"title":"Kako si je srame\u017eljiva deklica izborila svetovno slavo: O tej najstnici danes govori cel svet - Hudo Slovenija","robots":{"index":"index","follow":"follow","max-snippet":"max-snippet:-1","max-image-preview":"max-image-preview:large","max-video-preview":"max-video-preview:-1"},"canonical":"https:\/\/hudo.com\/si\/vip\/kako-si-je-sramezljiva-deklica-izborila-svetovno-slavo-o-tej-najstnici-danes-govori-cel-svet\/","og_locale":"sl_SI","og_type":"article","og_title":"Kako si je srame\u017eljiva deklica izborila svetovno slavo: O tej najstnici danes govori cel svet - Hudo Slovenija","og_description":"Srame\u017eljiva, zadr\u017eana in sila negotova deklica ... Ko pa jo boste sli\u0161ali peti, boste ostali odprtih ust ...","og_url":"https:\/\/hudo.com\/si\/vip\/kako-si-je-sramezljiva-deklica-izborila-svetovno-slavo-o-tej-najstnici-danes-govori-cel-svet\/","og_site_name":"Hudo Slovenija","article_publisher":"https:\/\/www.facebook.com\/hudo.si","article_published_time":"2018-09-20T09:21:46+00:00","article_modified_time":"2018-09-20T10:25:29+00:00","og_image":[{"width":765,"height":407,"url":"https:\/\/hudo.com\/si\/wp-content\/uploads\/sites\/2\/2018\/09\/courtney_yt_19092018.jpg","type":"image\/jpeg"}],"author":"A. G.","twitter_card":"summary_large_image","twitter_creator":"@hudo_si","twitter_site":"@hudo_si","twitter_misc":{"Written by":"A. G.","Est. reading time":"2 minuti"},"schema":{"@context":"https:\/\/schema.org","@graph":[{"@type":"Article","@id":"https:\/\/hudo.com\/si\/vip\/kako-si-je-sramezljiva-deklica-izborila-svetovno-slavo-o-tej-najstnici-danes-govori-cel-svet\/#article","isPartOf":{"@id":"https:\/\/hudo.com\/si\/vip\/kako-si-je-sramezljiva-deklica-izborila-svetovno-slavo-o-tej-najstnici-danes-govori-cel-svet\/"},"author":{"name":"A. G.","@id":"https:\/\/hudo.com\/si\/#\/schema\/person\/f95639a66e0dd2c682b0568634e85b8b"},"headline":"Kako si je srame\u017eljiva deklica izborila svetovno slavo: O tej najstnici danes govori cel svet","datePublished":"2018-09-20T09:21:46+00:00","dateModified":"2018-09-20T10:25:29+00:00","mainEntityOfPage":{"@id":"https:\/\/hudo.com\/si\/vip\/kako-si-je-sramezljiva-deklica-izborila-svetovno-slavo-o-tej-najstnici-danes-govori-cel-svet\/"},"wordCount":362,"publisher":{"@id":"https:\/\/hudo.com\/si\/#organization"},"keywords":["Courtney Hadwin"],"articleSection":["VIP"],"inLanguage":"sl-SI"},{"@type":"WebPage","@id":"https:\/\/hudo.com\/si\/vip\/kako-si-je-sramezljiva-deklica-izborila-svetovno-slavo-o-tej-najstnici-danes-govori-cel-svet\/","url":"https:\/\/hudo.com\/si\/vip\/kako-si-je-sramezljiva-deklica-izborila-svetovno-slavo-o-tej-najstnici-danes-govori-cel-svet\/","name":"Kako si je srame\u017eljiva deklica izborila svetovno slavo: O tej najstnici danes govori cel svet - Hudo Slovenija","isPartOf":{"@id":"https:\/\/hudo.com\/si\/#website"},"datePublished":"2018-09-20T09:21:46+00:00","dateModified":"2018-09-20T10:25:29+00:00","breadcrumb":{"@id":"https:\/\/hudo.com\/si\/vip\/kako-si-je-sramezljiva-deklica-izborila-svetovno-slavo-o-tej-najstnici-danes-govori-cel-svet\/#breadcrumb"},"inLanguage":"sl-SI","potentialAction":[{"@type":"ReadAction","target":["https:\/\/hudo.com\/si\/vip\/kako-si-je-sramezljiva-deklica-izborila-svetovno-slavo-o-tej-najstnici-danes-govori-cel-svet\/"]}]},{"@type":"BreadcrumbList","@id":"https:\/\/hudo.com\/si\/vip\/kako-si-je-sramezljiva-deklica-izborila-svetovno-slavo-o-tej-najstnici-danes-govori-cel-svet\/#breadcrumb","itemListElement":[{"@type":"ListItem","position":1,"name":"Home","item":"https:\/\/hudo.com\/si\/"},{"@type":"ListItem","position":2,"name":"Kako si je srame\u017eljiva deklica izborila svetovno slavo: O tej najstnici danes govori cel svet"}]},{"@type":"WebSite","@id":"https:\/\/hudo.com\/si\/#website","url":"https:\/\/hudo.com\/si\/","name":"Hudo Slovenija","description":"Vse novice iz Slovenije in sveta","publisher":{"@id":"https:\/\/hudo.com\/si\/#organization"},"potentialAction":[{"@type":"SearchAction","target":{"@type":"EntryPoint","urlTemplate":"https:\/\/hudo.com\/si\/?s={search_term_string}"},"query-input":"required name=search_term_string"}],"inLanguage":"sl-SI"},{"@type":"Organization","@id":"https:\/\/hudo.com\/si\/#organization","name":"VSN Media","url":"https:\/\/hudo.com\/si\/","logo":{"@type":"ImageObject","inLanguage":"sl-SI","@id":"https:\/\/hudo.com\/si\/#\/schema\/logo\/image\/","url":"https:\/\/hudo.com\/si\/wp-content\/uploads\/sites\/2\/2021\/03\/hudo-app-2.png","contentUrl":"https:\/\/hudo.com\/si\/wp-content\/uploads\/sites\/2\/2021\/03\/hudo-app-2.png","width":2185,"height":2167,"caption":"VSN Media"},"image":{"@id":"https:\/\/hudo.com\/si\/#\/schema\/logo\/image\/"},"sameAs":["https:\/\/www.facebook.com\/hudo.si","https:\/\/twitter.com\/hudo_si"]},{"@type":"Person","@id":"https:\/\/hudo.com\/si\/#\/schema\/person\/f95639a66e0dd2c682b0568634e85b8b","name":"A. G.","image":{"@type":"ImageObject","inLanguage":"sl-SI","@id":"https:\/\/hudo.com\/si\/#\/schema\/person\/image\/","url":"https:\/\/secure.gravatar.com\/avatar\/9f44de561c70d5d80348d3ed0f4b142d?s=96&d=mm&r=g","contentUrl":"https:\/\/secure.gravatar.com\/avatar\/9f44de561c70d5d80348d3ed0f4b142d?s=96&d=mm&r=g","caption":"A. G."},"url":"https:\/\/hudo.com\/si\/author\/alenkagrmek\/"}]}},"amp_enabled":true,"_links":{"self":[{"href":"https:\/\/hudo.com\/si\/wp-json\/wp\/v2\/posts\/377688"}],"collection":[{"href":"https:\/\/hudo.com\/si\/wp-json\/wp\/v2\/posts"}],"about":[{"href":"https:\/\/hudo.com\/si\/wp-json\/wp\/v2\/types\/post"}],"author":[{"embeddable":true,"href":"https:\/\/hudo.com\/si\/wp-json\/wp\/v2\/users\/6"}],"replies":[{"embeddable":true,"href":"https:\/\/hudo.com\/si\/wp-json\/wp\/v2\/comments?post=377688"}],"version-history":[{"count":6,"href":"https:\/\/hudo.com\/si\/wp-json\/wp\/v2\/posts\/377688\/revisions"}],"predecessor-version":[{"id":377710,"href":"https:\/\/hudo.com\/si\/wp-json\/wp\/v2\/posts\/377688\/revisions\/377710"}],"wp:featuredmedia":[{"embeddable":true,"href":"https:\/\/hudo.com\/si\/wp-json\/wp\/v2\/media\/377692"}],"wp:attachment":[{"href":"https:\/\/hudo.com\/si\/wp-json\/wp\/v2\/media?parent=377688"}],"wp:term":[{"taxonomy":"category","embeddable":true,"href":"https:\/\/hudo.com\/si\/wp-json\/wp\/v2\/categories?post=377688"},{"taxonomy":"post_tag","embeddable":true,"href":"https:\/\/hudo.com\/si\/wp-json\/wp\/v2\/tags?post=377688"},{"taxonomy":"source","embeddable":true,"href":"https:\/\/hudo.com\/si\/wp-json\/wp\/v2\/source?post=377688"},{"taxonomy":"supertag","embeddable":true,"href":"https:\/\/hudo.com\/si\/wp-json\/wp\/v2\/supertag?post=377688"}],"curies":[{"name":"wp","href":"https:\/\/api.w.org\/{rel}","templated":true}]}}