{"id":377775,"date":"2018-09-21T11:12:33","date_gmt":"2018-09-21T09:12:33","guid":{"rendered":"http:\/\/hudo.com\/si\/?p=377775"},"modified":"2018-09-21T11:12:33","modified_gmt":"2018-09-21T09:12:33","slug":"zenska-tozi-nemsko-policijo-ker-zaradi-njih-ni-mogla-na-pocitnice","status":"publish","type":"post","link":"https:\/\/hudo.com\/si\/aktualno\/zenska-tozi-nemsko-policijo-ker-zaradi-njih-ni-mogla-na-pocitnice\/","title":{"rendered":"\u017denska to\u017ei nem\u0161ko policijo, ker zaradi njih ni mogla na po\u010ditnice"},"content":{"rendered":"<p>Nemka je maja lani sku\u0161ala odpotovati na po\u010ditnice na Majorko, a je morala pred varnostnim pregledom v vrsti \u010dakati eno uro, zaradi \u010desar je zamudila let. Zvezni policiji tako o\u010dita, da so imeli odprtih premalo nadzornih to\u010dk in na voljo premalo osebja, so v \u010detrtek sporo\u010dili s sodi\u0161\u010da v Bonnu.<\/p>\n<p>Medtem pa pri policiji trdijo, da je bilo tisti dan odprtih dovolj prehodov in da \u0161tevilo osebja dolo\u010dajo glede na pri\u010dakovano \u0161tevilo potnikov, o \u010demer jih obve\u0161\u010dajo z letali\u0161\u010da.<\/p>\n<p>Sodi\u0161\u010de mora sedaj presoditi, ali so \u010dakalne vrste nastale zaradi premajhnega \u0161tevila osebja ali za njimi ti\u010di kak drug razlog. Nemka je sicer izvensodno poravnavo, po katerih bi dobila 150 evrov, odklonila.<\/p>\n","protected":false},"excerpt":{"rendered":"<p>\u017denska je na letali\u0161\u010du K\u00f6ln\/Bonn zaradi \u010dakalne vrste pred varnostnim pregledom zamudila svoj let na \u0161panski otok Majorka in sedaj od policije, ki je po njenem zakrivila \u010dakalno vrsto, pred sodi\u0161\u010dem zahteva skoraj 740 evrov od\u0161kodnine, poro\u010da nem\u0161ka tiskovna agencija dpa.<\/p>\n","protected":false},"author":4,"featured_media":361507,"comment_status":"closed","ping_status":"closed","sticky":false,"template":"","format":"standard","meta":{"footnotes":""},"categories":[1179],"tags":[1770,3628,1728,4814],"source":[4511],"supertag":[6103],"acf":[],"yoast_head":"<!-- This site is optimized with the Yoast SEO plugin v21.3 - https:\/\/yoast.com\/wordpress\/plugins\/seo\/ -->\n<title>\u017denska to\u017ei nem\u0161ko policijo, ker zaradi njih ni mogla na po\u010ditnice - Hudo Slovenija<\/title>\n<meta name=\"robots\" content=\"index, follow, max-snippet:-1, max-image-preview:large, max-video-preview:-1\" \/>\n<link rel=\"canonical\" href=\"https:\/\/hudo.com\/si\/aktualno\/zenska-tozi-nemsko-policijo-ker-zaradi-njih-ni-mogla-na-pocitnice\/\" \/>\n<meta property=\"og:locale\" content=\"sl_SI\" \/>\n<meta property=\"og:type\" content=\"article\" \/>\n<meta property=\"og:title\" content=\"\u017denska to\u017ei nem\u0161ko policijo, ker zaradi njih ni mogla na po\u010ditnice - Hudo Slovenija\" \/>\n<meta property=\"og:description\" content=\"\u017denska je na letali\u0161\u010du K\u00f6ln\/Bonn zaradi \u010dakalne vrste pred varnostnim pregledom zamudila svoj let na \u0161panski otok Majorka in sedaj od policije, ki je po njenem zakrivila \u010dakalno vrsto, pred sodi\u0161\u010dem zahteva skoraj 740 evrov od\u0161kodnine, poro\u010da nem\u0161ka tiskovna agencija dpa.\" \/>\n<meta property=\"og:url\" content=\"https:\/\/hudo.com\/si\/aktualno\/zenska-tozi-nemsko-policijo-ker-zaradi-njih-ni-mogla-na-pocitnice\/\" \/>\n<meta property=\"og:site_name\" content=\"Hudo Slovenija\" \/>\n<meta property=\"article:publisher\" content=\"https:\/\/www.facebook.com\/hudo.si\" \/>\n<meta property=\"article:published_time\" content=\"2018-09-21T09:12:33+00:00\" \/>\n<meta property=\"og:image\" content=\"https:\/\/hudo.com\/si\/wp-content\/uploads\/sites\/2\/2018\/02\/profimedia-0250237621.jpg\" \/>\n\t<meta property=\"og:image:width\" content=\"1250\" \/>\n\t<meta property=\"og:image:height\" content=\"834\" \/>\n\t<meta property=\"og:image:type\" content=\"image\/jpeg\" \/>\n<meta name=\"author\" content=\"sabina\" \/>\n<meta name=\"twitter:card\" content=\"summary_large_image\" \/>\n<meta name=\"twitter:creator\" content=\"@hudo_si\" \/>\n<meta name=\"twitter:site\" content=\"@hudo_si\" \/>\n<meta name=\"twitter:label1\" content=\"Written by\" \/>\n\t<meta name=\"twitter:data1\" content=\"sabina\" \/>\n\t<meta name=\"twitter:label2\" content=\"Est. reading time\" \/>\n\t<meta name=\"twitter:data2\" content=\"1 minuta\" \/>\n<script type=\"application\/ld+json\" class=\"yoast-schema-graph\">{\"@context\":\"https:\/\/schema.org\",\"@graph\":[{\"@type\":\"Article\",\"@id\":\"https:\/\/hudo.com\/si\/aktualno\/zenska-tozi-nemsko-policijo-ker-zaradi-njih-ni-mogla-na-pocitnice\/#article\",\"isPartOf\":{\"@id\":\"https:\/\/hudo.com\/si\/aktualno\/zenska-tozi-nemsko-policijo-ker-zaradi-njih-ni-mogla-na-pocitnice\/\"},\"author\":{\"name\":\"sabina\",\"@id\":\"https:\/\/hudo.com\/si\/#\/schema\/person\/84c7fb414b1cd57255bce1dd0673a4a6\"},\"headline\":\"\u017denska to\u017ei nem\u0161ko policijo, ker zaradi njih ni mogla na po\u010ditnice\",\"datePublished\":\"2018-09-21T09:12:33+00:00\",\"dateModified\":\"2018-09-21T09:12:33+00:00\",\"mainEntityOfPage\":{\"@id\":\"https:\/\/hudo.com\/si\/aktualno\/zenska-tozi-nemsko-policijo-ker-zaradi-njih-ni-mogla-na-pocitnice\/\"},\"wordCount\":136,\"publisher\":{\"@id\":\"https:\/\/hudo.com\/si\/#organization\"},\"keywords\":[\"letalski promet\",\"nem\u010dija\",\"policija\",\"to\u017eba\"],\"articleSection\":[\"Aktualno\"],\"inLanguage\":\"sl-SI\"},{\"@type\":\"WebPage\",\"@id\":\"https:\/\/hudo.com\/si\/aktualno\/zenska-tozi-nemsko-policijo-ker-zaradi-njih-ni-mogla-na-pocitnice\/\",\"url\":\"https:\/\/hudo.com\/si\/aktualno\/zenska-tozi-nemsko-policijo-ker-zaradi-njih-ni-mogla-na-pocitnice\/\",\"name\":\"\u017denska to\u017ei nem\u0161ko policijo, ker zaradi njih ni mogla na po\u010ditnice - Hudo Slovenija\",\"isPartOf\":{\"@id\":\"https:\/\/hudo.com\/si\/#website\"},\"datePublished\":\"2018-09-21T09:12:33+00:00\",\"dateModified\":\"2018-09-21T09:12:33+00:00\",\"breadcrumb\":{\"@id\":\"https:\/\/hudo.com\/si\/aktualno\/zenska-tozi-nemsko-policijo-ker-zaradi-njih-ni-mogla-na-pocitnice\/#breadcrumb\"},\"inLanguage\":\"sl-SI\",\"potentialAction\":[{\"@type\":\"ReadAction\",\"target\":[\"https:\/\/hudo.com\/si\/aktualno\/zenska-tozi-nemsko-policijo-ker-zaradi-njih-ni-mogla-na-pocitnice\/\"]}]},{\"@type\":\"BreadcrumbList\",\"@id\":\"https:\/\/hudo.com\/si\/aktualno\/zenska-tozi-nemsko-policijo-ker-zaradi-njih-ni-mogla-na-pocitnice\/#breadcrumb\",\"itemListElement\":[{\"@type\":\"ListItem\",\"position\":1,\"name\":\"Home\",\"item\":\"https:\/\/hudo.com\/si\/\"},{\"@type\":\"ListItem\",\"position\":2,\"name\":\"\u017denska to\u017ei nem\u0161ko policijo, ker zaradi njih ni mogla na po\u010ditnice\"}]},{\"@type\":\"WebSite\",\"@id\":\"https:\/\/hudo.com\/si\/#website\",\"url\":\"https:\/\/hudo.com\/si\/\",\"name\":\"Hudo Slovenija\",\"description\":\"Vse novice iz Slovenije in sveta\",\"publisher\":{\"@id\":\"https:\/\/hudo.com\/si\/#organization\"},\"potentialAction\":[{\"@type\":\"SearchAction\",\"target\":{\"@type\":\"EntryPoint\",\"urlTemplate\":\"https:\/\/hudo.com\/si\/?s={search_term_string}\"},\"query-input\":\"required name=search_term_string\"}],\"inLanguage\":\"sl-SI\"},{\"@type\":\"Organization\",\"@id\":\"https:\/\/hudo.com\/si\/#organization\",\"name\":\"VSN Media\",\"url\":\"https:\/\/hudo.com\/si\/\",\"logo\":{\"@type\":\"ImageObject\",\"inLanguage\":\"sl-SI\",\"@id\":\"https:\/\/hudo.com\/si\/#\/schema\/logo\/image\/\",\"url\":\"https:\/\/hudo.com\/si\/wp-content\/uploads\/sites\/2\/2021\/03\/hudo-app-2.png\",\"contentUrl\":\"https:\/\/hudo.com\/si\/wp-content\/uploads\/sites\/2\/2021\/03\/hudo-app-2.png\",\"width\":2185,\"height\":2167,\"caption\":\"VSN Media\"},\"image\":{\"@id\":\"https:\/\/hudo.com\/si\/#\/schema\/logo\/image\/\"},\"sameAs\":[\"https:\/\/www.facebook.com\/hudo.si\",\"https:\/\/twitter.com\/hudo_si\"]},{\"@type\":\"Person\",\"@id\":\"https:\/\/hudo.com\/si\/#\/schema\/person\/84c7fb414b1cd57255bce1dd0673a4a6\",\"name\":\"sabina\",\"image\":{\"@type\":\"ImageObject\",\"inLanguage\":\"sl-SI\",\"@id\":\"https:\/\/hudo.com\/si\/#\/schema\/person\/image\/\",\"url\":\"https:\/\/secure.gravatar.com\/avatar\/d26b530b785e7e230c648fb636fefc8e?s=96&d=mm&r=g\",\"contentUrl\":\"https:\/\/secure.gravatar.com\/avatar\/d26b530b785e7e230c648fb636fefc8e?s=96&d=mm&r=g\",\"caption\":\"sabina\"},\"url\":\"https:\/\/hudo.com\/si\/author\/sabina\/\"}]}<\/script>\n<!-- \/ Yoast SEO plugin. -->","yoast_head_json":{"title":"\u017denska to\u017ei nem\u0161ko policijo, ker zaradi njih ni mogla na po\u010ditnice - Hudo Slovenija","robots":{"index":"index","follow":"follow","max-snippet":"max-snippet:-1","max-image-preview":"max-image-preview:large","max-video-preview":"max-video-preview:-1"},"canonical":"https:\/\/hudo.com\/si\/aktualno\/zenska-tozi-nemsko-policijo-ker-zaradi-njih-ni-mogla-na-pocitnice\/","og_locale":"sl_SI","og_type":"article","og_title":"\u017denska to\u017ei nem\u0161ko policijo, ker zaradi njih ni mogla na po\u010ditnice - Hudo Slovenija","og_description":"\u017denska je na letali\u0161\u010du K\u00f6ln\/Bonn zaradi \u010dakalne vrste pred varnostnim pregledom zamudila svoj let na \u0161panski otok Majorka in sedaj od policije, ki je po njenem zakrivila \u010dakalno vrsto, pred sodi\u0161\u010dem zahteva skoraj 740 evrov od\u0161kodnine, poro\u010da nem\u0161ka tiskovna agencija dpa.","og_url":"https:\/\/hudo.com\/si\/aktualno\/zenska-tozi-nemsko-policijo-ker-zaradi-njih-ni-mogla-na-pocitnice\/","og_site_name":"Hudo Slovenija","article_publisher":"https:\/\/www.facebook.com\/hudo.si","article_published_time":"2018-09-21T09:12:33+00:00","og_image":[{"width":1250,"height":834,"url":"https:\/\/hudo.com\/si\/wp-content\/uploads\/sites\/2\/2018\/02\/profimedia-0250237621.jpg","type":"image\/jpeg"}],"author":"sabina","twitter_card":"summary_large_image","twitter_creator":"@hudo_si","twitter_site":"@hudo_si","twitter_misc":{"Written by":"sabina","Est. reading time":"1 minuta"},"schema":{"@context":"https:\/\/schema.org","@graph":[{"@type":"Article","@id":"https:\/\/hudo.com\/si\/aktualno\/zenska-tozi-nemsko-policijo-ker-zaradi-njih-ni-mogla-na-pocitnice\/#article","isPartOf":{"@id":"https:\/\/hudo.com\/si\/aktualno\/zenska-tozi-nemsko-policijo-ker-zaradi-njih-ni-mogla-na-pocitnice\/"},"author":{"name":"sabina","@id":"https:\/\/hudo.com\/si\/#\/schema\/person\/84c7fb414b1cd57255bce1dd0673a4a6"},"headline":"\u017denska to\u017ei nem\u0161ko policijo, ker zaradi njih ni mogla na po\u010ditnice","datePublished":"2018-09-21T09:12:33+00:00","dateModified":"2018-09-21T09:12:33+00:00","mainEntityOfPage":{"@id":"https:\/\/hudo.com\/si\/aktualno\/zenska-tozi-nemsko-policijo-ker-zaradi-njih-ni-mogla-na-pocitnice\/"},"wordCount":136,"publisher":{"@id":"https:\/\/hudo.com\/si\/#organization"},"keywords":["letalski promet","nem\u010dija","policija","to\u017eba"],"articleSection":["Aktualno"],"inLanguage":"sl-SI"},{"@type":"WebPage","@id":"https:\/\/hudo.com\/si\/aktualno\/zenska-tozi-nemsko-policijo-ker-zaradi-njih-ni-mogla-na-pocitnice\/","url":"https:\/\/hudo.com\/si\/aktualno\/zenska-tozi-nemsko-policijo-ker-zaradi-njih-ni-mogla-na-pocitnice\/","name":"\u017denska to\u017ei nem\u0161ko policijo, ker zaradi njih ni mogla na po\u010ditnice - Hudo Slovenija","isPartOf":{"@id":"https:\/\/hudo.com\/si\/#website"},"datePublished":"2018-09-21T09:12:33+00:00","dateModified":"2018-09-21T09:12:33+00:00","breadcrumb":{"@id":"https:\/\/hudo.com\/si\/aktualno\/zenska-tozi-nemsko-policijo-ker-zaradi-njih-ni-mogla-na-pocitnice\/#breadcrumb"},"inLanguage":"sl-SI","potentialAction":[{"@type":"ReadAction","target":["https:\/\/hudo.com\/si\/aktualno\/zenska-tozi-nemsko-policijo-ker-zaradi-njih-ni-mogla-na-pocitnice\/"]}]},{"@type":"BreadcrumbList","@id":"https:\/\/hudo.com\/si\/aktualno\/zenska-tozi-nemsko-policijo-ker-zaradi-njih-ni-mogla-na-pocitnice\/#breadcrumb","itemListElement":[{"@type":"ListItem","position":1,"name":"Home","item":"https:\/\/hudo.com\/si\/"},{"@type":"ListItem","position":2,"name":"\u017denska to\u017ei nem\u0161ko policijo, ker zaradi njih ni mogla na po\u010ditnice"}]},{"@type":"WebSite","@id":"https:\/\/hudo.com\/si\/#website","url":"https:\/\/hudo.com\/si\/","name":"Hudo Slovenija","description":"Vse novice iz Slovenije in sveta","publisher":{"@id":"https:\/\/hudo.com\/si\/#organization"},"potentialAction":[{"@type":"SearchAction","target":{"@type":"EntryPoint","urlTemplate":"https:\/\/hudo.com\/si\/?s={search_term_string}"},"query-input":"required name=search_term_string"}],"inLanguage":"sl-SI"},{"@type":"Organization","@id":"https:\/\/hudo.com\/si\/#organization","name":"VSN Media","url":"https:\/\/hudo.com\/si\/","logo":{"@type":"ImageObject","inLanguage":"sl-SI","@id":"https:\/\/hudo.com\/si\/#\/schema\/logo\/image\/","url":"https:\/\/hudo.com\/si\/wp-content\/uploads\/sites\/2\/2021\/03\/hudo-app-2.png","contentUrl":"https:\/\/hudo.com\/si\/wp-content\/uploads\/sites\/2\/2021\/03\/hudo-app-2.png","width":2185,"height":2167,"caption":"VSN Media"},"image":{"@id":"https:\/\/hudo.com\/si\/#\/schema\/logo\/image\/"},"sameAs":["https:\/\/www.facebook.com\/hudo.si","https:\/\/twitter.com\/hudo_si"]},{"@type":"Person","@id":"https:\/\/hudo.com\/si\/#\/schema\/person\/84c7fb414b1cd57255bce1dd0673a4a6","name":"sabina","image":{"@type":"ImageObject","inLanguage":"sl-SI","@id":"https:\/\/hudo.com\/si\/#\/schema\/person\/image\/","url":"https:\/\/secure.gravatar.com\/avatar\/d26b530b785e7e230c648fb636fefc8e?s=96&d=mm&r=g","contentUrl":"https:\/\/secure.gravatar.com\/avatar\/d26b530b785e7e230c648fb636fefc8e?s=96&d=mm&r=g","caption":"sabina"},"url":"https:\/\/hudo.com\/si\/author\/sabina\/"}]}},"amp_enabled":true,"_links":{"self":[{"href":"https:\/\/hudo.com\/si\/wp-json\/wp\/v2\/posts\/377775"}],"collection":[{"href":"https:\/\/hudo.com\/si\/wp-json\/wp\/v2\/posts"}],"about":[{"href":"https:\/\/hudo.com\/si\/wp-json\/wp\/v2\/types\/post"}],"author":[{"embeddable":true,"href":"https:\/\/hudo.com\/si\/wp-json\/wp\/v2\/users\/4"}],"replies":[{"embeddable":true,"href":"https:\/\/hudo.com\/si\/wp-json\/wp\/v2\/comments?post=377775"}],"version-history":[{"count":1,"href":"https:\/\/hudo.com\/si\/wp-json\/wp\/v2\/posts\/377775\/revisions"}],"predecessor-version":[{"id":377776,"href":"https:\/\/hudo.com\/si\/wp-json\/wp\/v2\/posts\/377775\/revisions\/377776"}],"wp:featuredmedia":[{"embeddable":true,"href":"https:\/\/hudo.com\/si\/wp-json\/wp\/v2\/media\/361507"}],"wp:attachment":[{"href":"https:\/\/hudo.com\/si\/wp-json\/wp\/v2\/media?parent=377775"}],"wp:term":[{"taxonomy":"category","embeddable":true,"href":"https:\/\/hudo.com\/si\/wp-json\/wp\/v2\/categories?post=377775"},{"taxonomy":"post_tag","embeddable":true,"href":"https:\/\/hudo.com\/si\/wp-json\/wp\/v2\/tags?post=377775"},{"taxonomy":"source","embeddable":true,"href":"https:\/\/hudo.com\/si\/wp-json\/wp\/v2\/source?post=377775"},{"taxonomy":"supertag","embeddable":true,"href":"https:\/\/hudo.com\/si\/wp-json\/wp\/v2\/supertag?post=377775"}],"curies":[{"name":"wp","href":"https:\/\/api.w.org\/{rel}","templated":true}]}}