{"id":377844,"date":"2018-09-24T09:19:41","date_gmt":"2018-09-24T07:19:41","guid":{"rendered":"http:\/\/hudo.com\/si\/?p=377844"},"modified":"2018-09-24T12:24:44","modified_gmt":"2018-09-24T10:24:44","slug":"ujela-ga-je-kamera-danes-cel-svet-govori-o-tem-kaj-je-princ-harry-naredil-meghan","status":"publish","type":"post","link":"https:\/\/hudo.com\/si\/vip\/ujela-ga-je-kamera-danes-cel-svet-govori-o-tem-kaj-je-princ-harry-naredil-meghan\/","title":{"rendered":"Ujela ga je kamera: Danes cel svet govori o tem, kaj je princ Harry naredil Meghan"},"content":{"rendered":"<p>Na zabavi v Kensingtonski pala\u010di sta bili v sredi\u0161\u010du pozornosti prav nekdanja ameri\u0161ka igralka in njena mama Doria Ragland, medtem ko se je Harry dr\u017eal bolj ob strani, a vseeno dovolj blizu, da bi pomagal \u017eeni, \u010de bi se kaj zalomilo.<\/p>\n<p>V nekem trenutku je zapihal veter, ki je Meghan razmr\u0161il lase, Harry pa se je hitro zna\u0161el. Popravil ji je frizuro, se nasmejal, potem pa je glavo ne\u017eno naslonil na Meghanino ramo.<\/p>\n<blockquote class=\"instagram-media\" style=\"background: #FFF; border: 0; border-radius: 3px; box-shadow: 0 0 1px 0 rgba(0,0,0,0.5),0 1px 10px 0 rgba(0,0,0,0.15); margin: 1px; max-width: 540px; min-width: 326px; padding: 0; width: calc(100% - 2px);\" data-instgrm-permalink=\"https:\/\/www.instagram.com\/p\/Bn9JF-9HWKm\/?utm_source=ig_embed&amp;utm_medium=loading\" data-instgrm-version=\"12\">\n<div style=\"padding: 16px;\">\n<p>&nbsp;<\/p>\n<div style=\"display: flex; flex-direction: row; align-items: center;\"><\/div>\n<div style=\"padding: 19% 0;\"><\/div>\n<div style=\"display: block; height: 50px; margin: 0 auto 12px; width: 50px;\"><\/div>\n<div style=\"padding-top: 8px;\">\n<div style=\"color: #3897f0; font-family: Arial,sans-serif; font-size: 14px; font-style: normal; font-weight: 550; line-height: 18px;\">View this post on Instagram<\/div>\n<\/div>\n<div style=\"padding: 12.5% 0;\"><\/div>\n<div style=\"display: flex; flex-direction: row; margin-bottom: 14px; align-items: center;\"><\/div>\n<div style=\"display: flex; flex-direction: column; flex-grow: 1; justify-content: center; margin-bottom: 24px;\"><\/div>\n<p>&nbsp;<\/p>\n<p style=\"color: #c9c8cd; font-family: Arial,sans-serif; font-size: 14px; line-height: 17px; margin-bottom: 0; margin-top: 8px; overflow: hidden; padding: 8px 0 7px; text-align: center; text-overflow: ellipsis; white-space: nowrap;\"><a style=\"color: #c9c8cd; font-family: Arial,sans-serif; font-size: 14px; font-style: normal; font-weight: normal; line-height: 17px; text-decoration: none;\" href=\"https:\/\/www.instagram.com\/p\/Bn9JF-9HWKm\/?utm_source=ig_embed&amp;utm_medium=loading\" target=\"_blank\">A post shared by Meghan &amp; Harry \u2022 supporters (@harry_meghan_updates)<\/a> on <time style=\"font-family: Arial,sans-serif; font-size: 14px; line-height: 17px;\" datetime=\"2018-09-20T16:55:38+00:00\">Sep 20, 2018 at 9:55am PDT<\/time><\/p>\n<\/div>\n<\/blockquote>\n<p><div class=\"embed-notice\">Za ogled vstavljene vsebine morate omogo\u010diti <a href=\"#\" onclick=\"Optanon.ToggleInfoDisplay()\">shranjevanje pi\u0161kotkov v napravi<\/a><\/div><script async defer type=\"text\/plain\" class=\"optanon-category-C0002-C0003-C0004\" optanon-src=\"\/\/www.instagram.com\/embed.js\"><\/script><\/p>\n<p>Posnetek se je hitro raz\u0161iril po dru\u017ebenih omre\u017ejih.<\/p>\n<p>&#8220;Ko vam mo\u017e \u0161\u010diti hrbet,&#8221; so komentirali \u0161tevilni.<\/p>\n","protected":false},"excerpt":{"rendered":"<p>Po \u0161tirih mesecih zakona princ Harry ne skriva, da je o\u010daran nad svojo lepo \u017eeno Meghan Markle.<\/p>\n","protected":false},"author":6,"featured_media":377845,"comment_status":"closed","ping_status":"closed","sticky":false,"template":"","format":"standard","meta":{"footnotes":""},"categories":[1093],"tags":[11218,6934,3240],"source":[4511],"supertag":[],"acf":[],"yoast_head":"<!-- This site is optimized with the Yoast SEO plugin v21.3 - https:\/\/yoast.com\/wordpress\/plugins\/seo\/ -->\n<title>Ujela ga je kamera: Danes cel svet govori o tem, kaj je princ Harry naredil Meghan - Hudo Slovenija<\/title>\n<meta name=\"robots\" content=\"index, follow, max-snippet:-1, max-image-preview:large, max-video-preview:-1\" \/>\n<link rel=\"canonical\" href=\"https:\/\/hudo.com\/si\/vip\/ujela-ga-je-kamera-danes-cel-svet-govori-o-tem-kaj-je-princ-harry-naredil-meghan\/\" \/>\n<meta property=\"og:locale\" content=\"sl_SI\" \/>\n<meta property=\"og:type\" content=\"article\" \/>\n<meta property=\"og:title\" content=\"Ujela ga je kamera: Danes cel svet govori o tem, kaj je princ Harry naredil Meghan - Hudo Slovenija\" \/>\n<meta property=\"og:description\" content=\"Po \u0161tirih mesecih zakona princ Harry ne skriva, da je o\u010daran nad svojo lepo \u017eeno Meghan Markle.\" \/>\n<meta property=\"og:url\" content=\"https:\/\/hudo.com\/si\/vip\/ujela-ga-je-kamera-danes-cel-svet-govori-o-tem-kaj-je-princ-harry-naredil-meghan\/\" \/>\n<meta property=\"og:site_name\" content=\"Hudo Slovenija\" \/>\n<meta property=\"article:publisher\" content=\"https:\/\/www.facebook.com\/hudo.si\" \/>\n<meta property=\"article:published_time\" content=\"2018-09-24T07:19:41+00:00\" \/>\n<meta property=\"article:modified_time\" content=\"2018-09-24T10:24:44+00:00\" \/>\n<meta property=\"og:image\" content=\"https:\/\/hudo.com\/si\/wp-content\/uploads\/sites\/2\/2018\/09\/profimedia-0387598538.jpg\" \/>\n\t<meta property=\"og:image:width\" content=\"1250\" \/>\n\t<meta property=\"og:image:height\" content=\"952\" \/>\n\t<meta property=\"og:image:type\" content=\"image\/jpeg\" \/>\n<meta name=\"author\" content=\"A. G.\" \/>\n<meta name=\"twitter:card\" content=\"summary_large_image\" \/>\n<meta name=\"twitter:creator\" content=\"@hudo_si\" \/>\n<meta name=\"twitter:site\" content=\"@hudo_si\" \/>\n<meta name=\"twitter:label1\" content=\"Written by\" \/>\n\t<meta name=\"twitter:data1\" content=\"A. G.\" \/>\n\t<meta name=\"twitter:label2\" content=\"Est. reading time\" \/>\n\t<meta name=\"twitter:data2\" content=\"1 minuta\" \/>\n<script type=\"application\/ld+json\" class=\"yoast-schema-graph\">{\"@context\":\"https:\/\/schema.org\",\"@graph\":[{\"@type\":\"Article\",\"@id\":\"https:\/\/hudo.com\/si\/vip\/ujela-ga-je-kamera-danes-cel-svet-govori-o-tem-kaj-je-princ-harry-naredil-meghan\/#article\",\"isPartOf\":{\"@id\":\"https:\/\/hudo.com\/si\/vip\/ujela-ga-je-kamera-danes-cel-svet-govori-o-tem-kaj-je-princ-harry-naredil-meghan\/\"},\"author\":{\"name\":\"A. G.\",\"@id\":\"https:\/\/hudo.com\/si\/#\/schema\/person\/f95639a66e0dd2c682b0568634e85b8b\"},\"headline\":\"Ujela ga je kamera: Danes cel svet govori o tem, kaj je princ Harry naredil Meghan\",\"datePublished\":\"2018-09-24T07:19:41+00:00\",\"dateModified\":\"2018-09-24T10:24:44+00:00\",\"mainEntityOfPage\":{\"@id\":\"https:\/\/hudo.com\/si\/vip\/ujela-ga-je-kamera-danes-cel-svet-govori-o-tem-kaj-je-princ-harry-naredil-meghan\/\"},\"wordCount\":138,\"publisher\":{\"@id\":\"https:\/\/hudo.com\/si\/#organization\"},\"keywords\":[\"Doria Ragland\",\"Meghan Markle\",\"princ Harry\"],\"articleSection\":[\"VIP\"],\"inLanguage\":\"sl-SI\"},{\"@type\":\"WebPage\",\"@id\":\"https:\/\/hudo.com\/si\/vip\/ujela-ga-je-kamera-danes-cel-svet-govori-o-tem-kaj-je-princ-harry-naredil-meghan\/\",\"url\":\"https:\/\/hudo.com\/si\/vip\/ujela-ga-je-kamera-danes-cel-svet-govori-o-tem-kaj-je-princ-harry-naredil-meghan\/\",\"name\":\"Ujela ga je kamera: Danes cel svet govori o tem, kaj je princ Harry naredil Meghan - Hudo Slovenija\",\"isPartOf\":{\"@id\":\"https:\/\/hudo.com\/si\/#website\"},\"datePublished\":\"2018-09-24T07:19:41+00:00\",\"dateModified\":\"2018-09-24T10:24:44+00:00\",\"breadcrumb\":{\"@id\":\"https:\/\/hudo.com\/si\/vip\/ujela-ga-je-kamera-danes-cel-svet-govori-o-tem-kaj-je-princ-harry-naredil-meghan\/#breadcrumb\"},\"inLanguage\":\"sl-SI\",\"potentialAction\":[{\"@type\":\"ReadAction\",\"target\":[\"https:\/\/hudo.com\/si\/vip\/ujela-ga-je-kamera-danes-cel-svet-govori-o-tem-kaj-je-princ-harry-naredil-meghan\/\"]}]},{\"@type\":\"BreadcrumbList\",\"@id\":\"https:\/\/hudo.com\/si\/vip\/ujela-ga-je-kamera-danes-cel-svet-govori-o-tem-kaj-je-princ-harry-naredil-meghan\/#breadcrumb\",\"itemListElement\":[{\"@type\":\"ListItem\",\"position\":1,\"name\":\"Home\",\"item\":\"https:\/\/hudo.com\/si\/\"},{\"@type\":\"ListItem\",\"position\":2,\"name\":\"Ujela ga je kamera: Danes cel svet govori o tem, kaj je princ Harry naredil Meghan\"}]},{\"@type\":\"WebSite\",\"@id\":\"https:\/\/hudo.com\/si\/#website\",\"url\":\"https:\/\/hudo.com\/si\/\",\"name\":\"Hudo Slovenija\",\"description\":\"Vse novice iz Slovenije in sveta\",\"publisher\":{\"@id\":\"https:\/\/hudo.com\/si\/#organization\"},\"potentialAction\":[{\"@type\":\"SearchAction\",\"target\":{\"@type\":\"EntryPoint\",\"urlTemplate\":\"https:\/\/hudo.com\/si\/?s={search_term_string}\"},\"query-input\":\"required name=search_term_string\"}],\"inLanguage\":\"sl-SI\"},{\"@type\":\"Organization\",\"@id\":\"https:\/\/hudo.com\/si\/#organization\",\"name\":\"VSN Media\",\"url\":\"https:\/\/hudo.com\/si\/\",\"logo\":{\"@type\":\"ImageObject\",\"inLanguage\":\"sl-SI\",\"@id\":\"https:\/\/hudo.com\/si\/#\/schema\/logo\/image\/\",\"url\":\"https:\/\/hudo.com\/si\/wp-content\/uploads\/sites\/2\/2021\/03\/hudo-app-2.png\",\"contentUrl\":\"https:\/\/hudo.com\/si\/wp-content\/uploads\/sites\/2\/2021\/03\/hudo-app-2.png\",\"width\":2185,\"height\":2167,\"caption\":\"VSN Media\"},\"image\":{\"@id\":\"https:\/\/hudo.com\/si\/#\/schema\/logo\/image\/\"},\"sameAs\":[\"https:\/\/www.facebook.com\/hudo.si\",\"https:\/\/twitter.com\/hudo_si\"]},{\"@type\":\"Person\",\"@id\":\"https:\/\/hudo.com\/si\/#\/schema\/person\/f95639a66e0dd2c682b0568634e85b8b\",\"name\":\"A. G.\",\"image\":{\"@type\":\"ImageObject\",\"inLanguage\":\"sl-SI\",\"@id\":\"https:\/\/hudo.com\/si\/#\/schema\/person\/image\/\",\"url\":\"https:\/\/secure.gravatar.com\/avatar\/9f44de561c70d5d80348d3ed0f4b142d?s=96&d=mm&r=g\",\"contentUrl\":\"https:\/\/secure.gravatar.com\/avatar\/9f44de561c70d5d80348d3ed0f4b142d?s=96&d=mm&r=g\",\"caption\":\"A. G.\"},\"url\":\"https:\/\/hudo.com\/si\/author\/alenkagrmek\/\"}]}<\/script>\n<!-- \/ Yoast SEO plugin. -->","yoast_head_json":{"title":"Ujela ga je kamera: Danes cel svet govori o tem, kaj je princ Harry naredil Meghan - Hudo Slovenija","robots":{"index":"index","follow":"follow","max-snippet":"max-snippet:-1","max-image-preview":"max-image-preview:large","max-video-preview":"max-video-preview:-1"},"canonical":"https:\/\/hudo.com\/si\/vip\/ujela-ga-je-kamera-danes-cel-svet-govori-o-tem-kaj-je-princ-harry-naredil-meghan\/","og_locale":"sl_SI","og_type":"article","og_title":"Ujela ga je kamera: Danes cel svet govori o tem, kaj je princ Harry naredil Meghan - Hudo Slovenija","og_description":"Po \u0161tirih mesecih zakona princ Harry ne skriva, da je o\u010daran nad svojo lepo \u017eeno Meghan Markle.","og_url":"https:\/\/hudo.com\/si\/vip\/ujela-ga-je-kamera-danes-cel-svet-govori-o-tem-kaj-je-princ-harry-naredil-meghan\/","og_site_name":"Hudo Slovenija","article_publisher":"https:\/\/www.facebook.com\/hudo.si","article_published_time":"2018-09-24T07:19:41+00:00","article_modified_time":"2018-09-24T10:24:44+00:00","og_image":[{"width":1250,"height":952,"url":"https:\/\/hudo.com\/si\/wp-content\/uploads\/sites\/2\/2018\/09\/profimedia-0387598538.jpg","type":"image\/jpeg"}],"author":"A. G.","twitter_card":"summary_large_image","twitter_creator":"@hudo_si","twitter_site":"@hudo_si","twitter_misc":{"Written by":"A. G.","Est. reading time":"1 minuta"},"schema":{"@context":"https:\/\/schema.org","@graph":[{"@type":"Article","@id":"https:\/\/hudo.com\/si\/vip\/ujela-ga-je-kamera-danes-cel-svet-govori-o-tem-kaj-je-princ-harry-naredil-meghan\/#article","isPartOf":{"@id":"https:\/\/hudo.com\/si\/vip\/ujela-ga-je-kamera-danes-cel-svet-govori-o-tem-kaj-je-princ-harry-naredil-meghan\/"},"author":{"name":"A. G.","@id":"https:\/\/hudo.com\/si\/#\/schema\/person\/f95639a66e0dd2c682b0568634e85b8b"},"headline":"Ujela ga je kamera: Danes cel svet govori o tem, kaj je princ Harry naredil Meghan","datePublished":"2018-09-24T07:19:41+00:00","dateModified":"2018-09-24T10:24:44+00:00","mainEntityOfPage":{"@id":"https:\/\/hudo.com\/si\/vip\/ujela-ga-je-kamera-danes-cel-svet-govori-o-tem-kaj-je-princ-harry-naredil-meghan\/"},"wordCount":138,"publisher":{"@id":"https:\/\/hudo.com\/si\/#organization"},"keywords":["Doria Ragland","Meghan Markle","princ Harry"],"articleSection":["VIP"],"inLanguage":"sl-SI"},{"@type":"WebPage","@id":"https:\/\/hudo.com\/si\/vip\/ujela-ga-je-kamera-danes-cel-svet-govori-o-tem-kaj-je-princ-harry-naredil-meghan\/","url":"https:\/\/hudo.com\/si\/vip\/ujela-ga-je-kamera-danes-cel-svet-govori-o-tem-kaj-je-princ-harry-naredil-meghan\/","name":"Ujela ga je kamera: Danes cel svet govori o tem, kaj je princ Harry naredil Meghan - Hudo Slovenija","isPartOf":{"@id":"https:\/\/hudo.com\/si\/#website"},"datePublished":"2018-09-24T07:19:41+00:00","dateModified":"2018-09-24T10:24:44+00:00","breadcrumb":{"@id":"https:\/\/hudo.com\/si\/vip\/ujela-ga-je-kamera-danes-cel-svet-govori-o-tem-kaj-je-princ-harry-naredil-meghan\/#breadcrumb"},"inLanguage":"sl-SI","potentialAction":[{"@type":"ReadAction","target":["https:\/\/hudo.com\/si\/vip\/ujela-ga-je-kamera-danes-cel-svet-govori-o-tem-kaj-je-princ-harry-naredil-meghan\/"]}]},{"@type":"BreadcrumbList","@id":"https:\/\/hudo.com\/si\/vip\/ujela-ga-je-kamera-danes-cel-svet-govori-o-tem-kaj-je-princ-harry-naredil-meghan\/#breadcrumb","itemListElement":[{"@type":"ListItem","position":1,"name":"Home","item":"https:\/\/hudo.com\/si\/"},{"@type":"ListItem","position":2,"name":"Ujela ga je kamera: Danes cel svet govori o tem, kaj je princ Harry naredil Meghan"}]},{"@type":"WebSite","@id":"https:\/\/hudo.com\/si\/#website","url":"https:\/\/hudo.com\/si\/","name":"Hudo Slovenija","description":"Vse novice iz Slovenije in sveta","publisher":{"@id":"https:\/\/hudo.com\/si\/#organization"},"potentialAction":[{"@type":"SearchAction","target":{"@type":"EntryPoint","urlTemplate":"https:\/\/hudo.com\/si\/?s={search_term_string}"},"query-input":"required name=search_term_string"}],"inLanguage":"sl-SI"},{"@type":"Organization","@id":"https:\/\/hudo.com\/si\/#organization","name":"VSN Media","url":"https:\/\/hudo.com\/si\/","logo":{"@type":"ImageObject","inLanguage":"sl-SI","@id":"https:\/\/hudo.com\/si\/#\/schema\/logo\/image\/","url":"https:\/\/hudo.com\/si\/wp-content\/uploads\/sites\/2\/2021\/03\/hudo-app-2.png","contentUrl":"https:\/\/hudo.com\/si\/wp-content\/uploads\/sites\/2\/2021\/03\/hudo-app-2.png","width":2185,"height":2167,"caption":"VSN Media"},"image":{"@id":"https:\/\/hudo.com\/si\/#\/schema\/logo\/image\/"},"sameAs":["https:\/\/www.facebook.com\/hudo.si","https:\/\/twitter.com\/hudo_si"]},{"@type":"Person","@id":"https:\/\/hudo.com\/si\/#\/schema\/person\/f95639a66e0dd2c682b0568634e85b8b","name":"A. G.","image":{"@type":"ImageObject","inLanguage":"sl-SI","@id":"https:\/\/hudo.com\/si\/#\/schema\/person\/image\/","url":"https:\/\/secure.gravatar.com\/avatar\/9f44de561c70d5d80348d3ed0f4b142d?s=96&d=mm&r=g","contentUrl":"https:\/\/secure.gravatar.com\/avatar\/9f44de561c70d5d80348d3ed0f4b142d?s=96&d=mm&r=g","caption":"A. G."},"url":"https:\/\/hudo.com\/si\/author\/alenkagrmek\/"}]}},"amp_enabled":true,"_links":{"self":[{"href":"https:\/\/hudo.com\/si\/wp-json\/wp\/v2\/posts\/377844"}],"collection":[{"href":"https:\/\/hudo.com\/si\/wp-json\/wp\/v2\/posts"}],"about":[{"href":"https:\/\/hudo.com\/si\/wp-json\/wp\/v2\/types\/post"}],"author":[{"embeddable":true,"href":"https:\/\/hudo.com\/si\/wp-json\/wp\/v2\/users\/6"}],"replies":[{"embeddable":true,"href":"https:\/\/hudo.com\/si\/wp-json\/wp\/v2\/comments?post=377844"}],"version-history":[{"count":3,"href":"https:\/\/hudo.com\/si\/wp-json\/wp\/v2\/posts\/377844\/revisions"}],"predecessor-version":[{"id":377871,"href":"https:\/\/hudo.com\/si\/wp-json\/wp\/v2\/posts\/377844\/revisions\/377871"}],"wp:featuredmedia":[{"embeddable":true,"href":"https:\/\/hudo.com\/si\/wp-json\/wp\/v2\/media\/377845"}],"wp:attachment":[{"href":"https:\/\/hudo.com\/si\/wp-json\/wp\/v2\/media?parent=377844"}],"wp:term":[{"taxonomy":"category","embeddable":true,"href":"https:\/\/hudo.com\/si\/wp-json\/wp\/v2\/categories?post=377844"},{"taxonomy":"post_tag","embeddable":true,"href":"https:\/\/hudo.com\/si\/wp-json\/wp\/v2\/tags?post=377844"},{"taxonomy":"source","embeddable":true,"href":"https:\/\/hudo.com\/si\/wp-json\/wp\/v2\/source?post=377844"},{"taxonomy":"supertag","embeddable":true,"href":"https:\/\/hudo.com\/si\/wp-json\/wp\/v2\/supertag?post=377844"}],"curies":[{"name":"wp","href":"https:\/\/api.w.org\/{rel}","templated":true}]}}