{"id":378232,"date":"2018-09-28T19:11:33","date_gmt":"2018-09-28T17:11:33","guid":{"rendered":"http:\/\/hudo.com\/si\/?p=378232"},"modified":"2018-09-28T19:11:33","modified_gmt":"2018-09-28T17:11:33","slug":"gospodarski-kriminal-sodisca-obravnavajo-prepocasi","status":"publish","type":"post","link":"https:\/\/hudo.com\/si\/aktualno\/gospodarski-kriminal-sodisca-obravnavajo-prepocasi\/","title":{"rendered":"Gospodarski kriminal sodi\u0161\u010da obravnavajo prepo\u010dasi"},"content":{"rendered":"<p>Odbor DZ za pravosodje je ob obravnavi skupnega poro\u010dilo o delu dr\u017eavnih to\u017eilstev ter letnega poro\u010dila o delu Specializiranega dr\u017eavnega to\u017eilstva odprl nekaj najbolj aktualnih tem. Med njimi so spregovorili o zakonu o odvzemu premo\u017eenja nezakonitega izvora. Zaradi odlo\u010dbe ustavnega sodi\u0161\u010da so morali septembra letos umakniti to\u017ebe v devetih zadevah in eni prito\u017ebi, je pojasnil generalni dr\u017eavni to\u017eilec Drago \u0160keta. Zato bo trajalo kar nekaj let, da bodo ponovno za\u010deli obdelovati podatke in uspe\u0161no vlagati to\u017ebe za odvzem premo\u017eenja nezakonitega izvora.<\/p>\n<p>Kot je opozoril, se to\u017eilstvo soo\u010da s premalo pretehtanimi zakonskimi re\u0161itvami. Zato si \u017eelijo u\u010dinkovitej\u0161ega nabora ukrepov, ki bodo vzdr\u017eali ustavnopravno presojo. Vodja Specializiranega dr\u017eavnega to\u017eilstva Harij Furlan pa je ob tem opozoril, da ustavno sodi\u0161\u010de o vseh dolo\u010dbah zakona sploh \u0161e ni odlo\u010dilo in ni izklju\u010deno, da bo \u0161e kak\u0161na do\u017eivela podoben epilog, kot ga sporni 57. \u010dlen. Odvzem premo\u017eenja je sicer eno glavnih oro\u017eij za uspe\u0161en pregon storilcev, zato ga morata imeti policija in to\u017eilstvo tudi v prihodnje na razpolago, je dodal.<\/p>\n<p>Poslanec SDS Dejan Kaloh je to\u017eilstvu o\u010dital, da je bila v zadnjih petih letih vrednost to\u017ebenih zahtevkov za odvzem premo\u017eenja le 28 milijonov evrov, kar je precej manj kot v nekaterih drugih dr\u017eavah, ki jih je navedel. Po Furlanovih besedah pa tak\u0161ne primerjave ne vzdr\u017eijo, saj je Slovenija unikum pri t. i. civilni konfiskaciji. Treba je namre\u010d lo\u010diti med odvzemom premo\u017eenja po omenjenem zakonu in odvzemom premo\u017eenjske koristi iz kaznivih dejanj.<\/p>\n<p>Tudi pregon korupcije in najhuj\u0161ih oblik organiziranega kriminala je bil predmet razprave. Poslanka SDS Eva Irgl se je vpra\u0161ala, ali je povpre\u010den davkopla\u010devalec lahko zadovoljen s pregonom, ter dodala, da pravosodni sistem potrebuje prevetritev. Omenila je tudi idejo o ustanovitve specializiranega sodi\u0161\u010da oziroma oddelka za ta kazniva dejanja.<\/p>\n<p>\u0160keta je opozoril, da ti postopki na sodi\u0161\u010dih potekajo prepo\u010dasi in na odlo\u010ditve \u010dakajo tudi ve\u010d let. Tudi Furlan je prepri\u010dan, da bo potreben organizacijski premik na strani sodi\u0161\u010d, da se bodo te zadeve obravnavale bolj koncentrirano, bodisi kot specializirano sodi\u0161\u010de bodisi kot oddelek. Vrhovni dr\u017eavni to\u017eilec Jo\u017ee Kozina pa je poslance opozoril, naj \u010dim prej okrepijo delo sodnikov, saj bo kompetentne sodnike te\u017eko dobiti \u010dez no\u010d.<\/p>\n<p>Predstavniki to\u017eilstva so danes tudi opozorili, da bi bilo treba zo\u017eiti nabor kaznivih dejanj, s katerimi se ukvarja SDT. Po besedah \u0160kete sedanji obseg po nepotrebnem povzro\u010da birokratizacijo in du\u0161i sistem.<\/p>\n<p>Dr\u017eavni sekretar na pravosodnem ministrstvu Gregor Strojin pa je glede pobud to\u017eilstva za spremembo zakonodaje dejal, da niso vedno potrebne zakonske spremembe, da se pride do izbolj\u0161av. &#8220;Iskati moramo sistem, kjer bodo vsi dele\u017eniki delovali optimalno, pri \u010dim manj revolucionarnih spremembah. Ko bodo vse mo\u017enosti iz\u010drpane, se lahko pogovarjamo tudi o spremembah zakonodaje,&#8221; je dejal.<\/p>\n<p>Nekaj poslancev je izpostavilo tudi kazniva dejanja, kjer so kr\u0161ene pravice delavcev. Podatki so po besedah Igorja Zor\u010di\u010da (SMC) alarmantni, nekateri delodajalci pa namenoma ignorirajo vso zakonodajo s podro\u010dja delovnega prava. &#8220;Ne dr\u017ei, da ne obvladujemo pregona,&#8221; je poudaril \u0160keta. Dodal je, da se iz leta v leto pove\u010duje \u0161tevilo obsodilnih sodb s tega podro\u010dja.<\/p>\n<p>Po njegovem to\u017eilstvo sicer izkori\u0161\u010danja delavcev ne more prepre\u010devati, kazenski pregon pa je le vrh leden gore. Kazenski pregon tako ne more uravnati te problematike, saj je to predvsem naloga delovne in\u0161pekcije in drugih dele\u017enikov, ki morajo ukrepati v prej\u0161njih fazah.<\/p>\n<p>Tudi pri pregonu sovra\u017enega govora je po besedah vrhovnega dr\u017eavnega to\u017eilca kazenska represija skrajno sredstvo. Poslanca Levice \u017deljka Ciglerja je namre\u010d zanimalo, ali so na tem podro\u010dju kak\u0161ni premiki, saj lahko &#8220;sovra\u017eni govor \u017ee jutri postane \u010disto normalen del pogovora v tej dr\u017eavi&#8221;.<\/p>\n<p>\u0160keta je sicer pregon sovra\u017enega govora uvrstil med prioritete dela to\u017eilstva. Ker je zakon leta 2012 zo\u017eil definicijo sovra\u017enega govora, se od tedaj zmanj\u0161uje \u0161tevilo ovadb, na to pa to\u017eilstvo nima vpliva. Na drugi strani pa je neurejen tudi prekr\u0161kovni vidik, je opozoril.<\/p>\n<p>Vrhovni dr\u017eavni to\u017eilec Andrej Ferlinc pa je pri\u010dakovanja, da bodo skozi kazensko represijo re\u0161evali vse probleme, povezane s sovra\u017enim govorom, ocenil kot pretirana. To\u017eilci se morajo dr\u017eati zakona, ki predvideva, da gre v primeru sovra\u017enega govora za kaznivo dejanje le, \u010de gre za ogro\u017eanje javnega reda in miru. Ob tem je opozoril na mo\u017enost, da bi se prek to\u017eilstva odvijal politi\u010dni boj.<\/p>\n<p>Poslanka LM\u0160 Tina Heferle pa se je dotaknila instituta priznanja krivde in vpra\u0161ala, ali je pri tem zaznati &#8220;nedostojna ravnanja to\u017eilcev in sodnikov v \u017eelji po hitrej\u0161em postopku&#8221;. \u0160keta je odgovoril, da je sklepanje sporazumov dobrodo\u0161lo, saj skraj\u0161uje postopke, odstotek sporazumov glede na vse obravnavane zadeve pa ni tolik\u0161en, da bi vzbujal skrb. Negativnih vplivov tega instituta na to\u017eilstvu niso zaznali.<\/p>\n","protected":false},"excerpt":{"rendered":"<p>Odbor DZ za pravosodje se je seznanil s poro\u010dilom o delu dr\u017eavnih to\u017eilstev in poro\u010dilom Specializiranega dr\u017eavnega to\u017eilstva za lansko leto. V razpravi je bilo tako iz vrst poslancev kot to\u017eilcev med drugim sli\u0161ati opozorila, da postopki v primerih najhuj\u0161ih gospodarskih in korupcijskih kaznivih dejanj na sodi\u0161\u010dih potekajo mnogo prepo\u010dasi.<\/p>\n","protected":false},"author":7,"featured_media":378233,"comment_status":"closed","ping_status":"closed","sticky":false,"template":"","format":"standard","meta":{"footnotes":""},"categories":[1179],"tags":[8205,2391,1595,4770],"source":[4511],"supertag":[7541],"acf":[],"yoast_head":"<!-- This site is optimized with the Yoast SEO plugin v21.3 - https:\/\/yoast.com\/wordpress\/plugins\/seo\/ -->\n<title>Gospodarski kriminal sodi\u0161\u010da obravnavajo prepo\u010dasi - Hudo Slovenija<\/title>\n<meta name=\"robots\" content=\"index, follow, max-snippet:-1, max-image-preview:large, max-video-preview:-1\" \/>\n<link rel=\"canonical\" href=\"https:\/\/hudo.com\/si\/aktualno\/gospodarski-kriminal-sodisca-obravnavajo-prepocasi\/\" \/>\n<meta property=\"og:locale\" content=\"sl_SI\" \/>\n<meta property=\"og:type\" content=\"article\" \/>\n<meta property=\"og:title\" content=\"Gospodarski kriminal sodi\u0161\u010da obravnavajo prepo\u010dasi - Hudo Slovenija\" \/>\n<meta property=\"og:description\" content=\"Odbor DZ za pravosodje se je seznanil s poro\u010dilom o delu dr\u017eavnih to\u017eilstev in poro\u010dilom Specializiranega dr\u017eavnega to\u017eilstva za lansko leto. V razpravi je bilo tako iz vrst poslancev kot to\u017eilcev med drugim sli\u0161ati opozorila, da postopki v primerih najhuj\u0161ih gospodarskih in korupcijskih kaznivih dejanj na sodi\u0161\u010dih potekajo mnogo prepo\u010dasi.\" \/>\n<meta property=\"og:url\" content=\"https:\/\/hudo.com\/si\/aktualno\/gospodarski-kriminal-sodisca-obravnavajo-prepocasi\/\" \/>\n<meta property=\"og:site_name\" content=\"Hudo Slovenija\" \/>\n<meta property=\"article:publisher\" content=\"https:\/\/www.facebook.com\/hudo.si\" \/>\n<meta property=\"article:published_time\" content=\"2018-09-28T17:11:33+00:00\" \/>\n<meta property=\"og:image\" content=\"https:\/\/hudo.com\/si\/wp-content\/uploads\/sites\/2\/2018\/09\/profimedia-0388697927.jpg\" \/>\n\t<meta property=\"og:image:width\" content=\"1250\" \/>\n\t<meta property=\"og:image:height\" content=\"833\" \/>\n\t<meta property=\"og:image:type\" content=\"image\/jpeg\" \/>\n<meta name=\"author\" content=\"A. P., STA\" \/>\n<meta name=\"twitter:card\" content=\"summary_large_image\" \/>\n<meta name=\"twitter:creator\" content=\"@hudo_si\" \/>\n<meta name=\"twitter:site\" content=\"@hudo_si\" \/>\n<meta name=\"twitter:label1\" content=\"Written by\" \/>\n\t<meta name=\"twitter:data1\" content=\"A. P., STA\" \/>\n\t<meta name=\"twitter:label2\" content=\"Est. reading time\" \/>\n\t<meta name=\"twitter:data2\" content=\"4 minute\" \/>\n<script type=\"application\/ld+json\" class=\"yoast-schema-graph\">{\"@context\":\"https:\/\/schema.org\",\"@graph\":[{\"@type\":\"Article\",\"@id\":\"https:\/\/hudo.com\/si\/aktualno\/gospodarski-kriminal-sodisca-obravnavajo-prepocasi\/#article\",\"isPartOf\":{\"@id\":\"https:\/\/hudo.com\/si\/aktualno\/gospodarski-kriminal-sodisca-obravnavajo-prepocasi\/\"},\"author\":{\"name\":\"A. P., STA\",\"@id\":\"https:\/\/hudo.com\/si\/#\/schema\/person\/18f09c02475ba9e606e941a565b80cff\"},\"headline\":\"Gospodarski kriminal sodi\u0161\u010da obravnavajo prepo\u010dasi\",\"datePublished\":\"2018-09-28T17:11:33+00:00\",\"dateModified\":\"2018-09-28T17:11:33+00:00\",\"mainEntityOfPage\":{\"@id\":\"https:\/\/hudo.com\/si\/aktualno\/gospodarski-kriminal-sodisca-obravnavajo-prepocasi\/\"},\"wordCount\":861,\"publisher\":{\"@id\":\"https:\/\/hudo.com\/si\/#organization\"},\"keywords\":[\"gospodarski kriminal\",\"gospodarstvo\",\"Slovenija\",\"sodi\u0161\u010de\"],\"articleSection\":[\"Aktualno\"],\"inLanguage\":\"sl-SI\"},{\"@type\":\"WebPage\",\"@id\":\"https:\/\/hudo.com\/si\/aktualno\/gospodarski-kriminal-sodisca-obravnavajo-prepocasi\/\",\"url\":\"https:\/\/hudo.com\/si\/aktualno\/gospodarski-kriminal-sodisca-obravnavajo-prepocasi\/\",\"name\":\"Gospodarski kriminal sodi\u0161\u010da obravnavajo prepo\u010dasi - Hudo Slovenija\",\"isPartOf\":{\"@id\":\"https:\/\/hudo.com\/si\/#website\"},\"datePublished\":\"2018-09-28T17:11:33+00:00\",\"dateModified\":\"2018-09-28T17:11:33+00:00\",\"breadcrumb\":{\"@id\":\"https:\/\/hudo.com\/si\/aktualno\/gospodarski-kriminal-sodisca-obravnavajo-prepocasi\/#breadcrumb\"},\"inLanguage\":\"sl-SI\",\"potentialAction\":[{\"@type\":\"ReadAction\",\"target\":[\"https:\/\/hudo.com\/si\/aktualno\/gospodarski-kriminal-sodisca-obravnavajo-prepocasi\/\"]}]},{\"@type\":\"BreadcrumbList\",\"@id\":\"https:\/\/hudo.com\/si\/aktualno\/gospodarski-kriminal-sodisca-obravnavajo-prepocasi\/#breadcrumb\",\"itemListElement\":[{\"@type\":\"ListItem\",\"position\":1,\"name\":\"Home\",\"item\":\"https:\/\/hudo.com\/si\/\"},{\"@type\":\"ListItem\",\"position\":2,\"name\":\"Gospodarski kriminal sodi\u0161\u010da obravnavajo prepo\u010dasi\"}]},{\"@type\":\"WebSite\",\"@id\":\"https:\/\/hudo.com\/si\/#website\",\"url\":\"https:\/\/hudo.com\/si\/\",\"name\":\"Hudo Slovenija\",\"description\":\"Vse novice iz Slovenije in sveta\",\"publisher\":{\"@id\":\"https:\/\/hudo.com\/si\/#organization\"},\"potentialAction\":[{\"@type\":\"SearchAction\",\"target\":{\"@type\":\"EntryPoint\",\"urlTemplate\":\"https:\/\/hudo.com\/si\/?s={search_term_string}\"},\"query-input\":\"required name=search_term_string\"}],\"inLanguage\":\"sl-SI\"},{\"@type\":\"Organization\",\"@id\":\"https:\/\/hudo.com\/si\/#organization\",\"name\":\"VSN Media\",\"url\":\"https:\/\/hudo.com\/si\/\",\"logo\":{\"@type\":\"ImageObject\",\"inLanguage\":\"sl-SI\",\"@id\":\"https:\/\/hudo.com\/si\/#\/schema\/logo\/image\/\",\"url\":\"https:\/\/hudo.com\/si\/wp-content\/uploads\/sites\/2\/2021\/03\/hudo-app-2.png\",\"contentUrl\":\"https:\/\/hudo.com\/si\/wp-content\/uploads\/sites\/2\/2021\/03\/hudo-app-2.png\",\"width\":2185,\"height\":2167,\"caption\":\"VSN Media\"},\"image\":{\"@id\":\"https:\/\/hudo.com\/si\/#\/schema\/logo\/image\/\"},\"sameAs\":[\"https:\/\/www.facebook.com\/hudo.si\",\"https:\/\/twitter.com\/hudo_si\"]},{\"@type\":\"Person\",\"@id\":\"https:\/\/hudo.com\/si\/#\/schema\/person\/18f09c02475ba9e606e941a565b80cff\",\"name\":\"A. P., STA\",\"image\":{\"@type\":\"ImageObject\",\"inLanguage\":\"sl-SI\",\"@id\":\"https:\/\/hudo.com\/si\/#\/schema\/person\/image\/\",\"url\":\"https:\/\/secure.gravatar.com\/avatar\/03eac8e609f5f04383125d80eaeaaf3e?s=96&d=mm&r=g\",\"contentUrl\":\"https:\/\/secure.gravatar.com\/avatar\/03eac8e609f5f04383125d80eaeaaf3e?s=96&d=mm&r=g\",\"caption\":\"A. P., STA\"},\"url\":\"https:\/\/hudo.com\/si\/author\/lubu\/\"}]}<\/script>\n<!-- \/ Yoast SEO plugin. -->","yoast_head_json":{"title":"Gospodarski kriminal sodi\u0161\u010da obravnavajo prepo\u010dasi - Hudo Slovenija","robots":{"index":"index","follow":"follow","max-snippet":"max-snippet:-1","max-image-preview":"max-image-preview:large","max-video-preview":"max-video-preview:-1"},"canonical":"https:\/\/hudo.com\/si\/aktualno\/gospodarski-kriminal-sodisca-obravnavajo-prepocasi\/","og_locale":"sl_SI","og_type":"article","og_title":"Gospodarski kriminal sodi\u0161\u010da obravnavajo prepo\u010dasi - Hudo Slovenija","og_description":"Odbor DZ za pravosodje se je seznanil s poro\u010dilom o delu dr\u017eavnih to\u017eilstev in poro\u010dilom Specializiranega dr\u017eavnega to\u017eilstva za lansko leto. V razpravi je bilo tako iz vrst poslancev kot to\u017eilcev med drugim sli\u0161ati opozorila, da postopki v primerih najhuj\u0161ih gospodarskih in korupcijskih kaznivih dejanj na sodi\u0161\u010dih potekajo mnogo prepo\u010dasi.","og_url":"https:\/\/hudo.com\/si\/aktualno\/gospodarski-kriminal-sodisca-obravnavajo-prepocasi\/","og_site_name":"Hudo Slovenija","article_publisher":"https:\/\/www.facebook.com\/hudo.si","article_published_time":"2018-09-28T17:11:33+00:00","og_image":[{"width":1250,"height":833,"url":"https:\/\/hudo.com\/si\/wp-content\/uploads\/sites\/2\/2018\/09\/profimedia-0388697927.jpg","type":"image\/jpeg"}],"author":"A. P., STA","twitter_card":"summary_large_image","twitter_creator":"@hudo_si","twitter_site":"@hudo_si","twitter_misc":{"Written by":"A. P., STA","Est. reading time":"4 minute"},"schema":{"@context":"https:\/\/schema.org","@graph":[{"@type":"Article","@id":"https:\/\/hudo.com\/si\/aktualno\/gospodarski-kriminal-sodisca-obravnavajo-prepocasi\/#article","isPartOf":{"@id":"https:\/\/hudo.com\/si\/aktualno\/gospodarski-kriminal-sodisca-obravnavajo-prepocasi\/"},"author":{"name":"A. P., STA","@id":"https:\/\/hudo.com\/si\/#\/schema\/person\/18f09c02475ba9e606e941a565b80cff"},"headline":"Gospodarski kriminal sodi\u0161\u010da obravnavajo prepo\u010dasi","datePublished":"2018-09-28T17:11:33+00:00","dateModified":"2018-09-28T17:11:33+00:00","mainEntityOfPage":{"@id":"https:\/\/hudo.com\/si\/aktualno\/gospodarski-kriminal-sodisca-obravnavajo-prepocasi\/"},"wordCount":861,"publisher":{"@id":"https:\/\/hudo.com\/si\/#organization"},"keywords":["gospodarski kriminal","gospodarstvo","Slovenija","sodi\u0161\u010de"],"articleSection":["Aktualno"],"inLanguage":"sl-SI"},{"@type":"WebPage","@id":"https:\/\/hudo.com\/si\/aktualno\/gospodarski-kriminal-sodisca-obravnavajo-prepocasi\/","url":"https:\/\/hudo.com\/si\/aktualno\/gospodarski-kriminal-sodisca-obravnavajo-prepocasi\/","name":"Gospodarski kriminal sodi\u0161\u010da obravnavajo prepo\u010dasi - Hudo Slovenija","isPartOf":{"@id":"https:\/\/hudo.com\/si\/#website"},"datePublished":"2018-09-28T17:11:33+00:00","dateModified":"2018-09-28T17:11:33+00:00","breadcrumb":{"@id":"https:\/\/hudo.com\/si\/aktualno\/gospodarski-kriminal-sodisca-obravnavajo-prepocasi\/#breadcrumb"},"inLanguage":"sl-SI","potentialAction":[{"@type":"ReadAction","target":["https:\/\/hudo.com\/si\/aktualno\/gospodarski-kriminal-sodisca-obravnavajo-prepocasi\/"]}]},{"@type":"BreadcrumbList","@id":"https:\/\/hudo.com\/si\/aktualno\/gospodarski-kriminal-sodisca-obravnavajo-prepocasi\/#breadcrumb","itemListElement":[{"@type":"ListItem","position":1,"name":"Home","item":"https:\/\/hudo.com\/si\/"},{"@type":"ListItem","position":2,"name":"Gospodarski kriminal sodi\u0161\u010da obravnavajo prepo\u010dasi"}]},{"@type":"WebSite","@id":"https:\/\/hudo.com\/si\/#website","url":"https:\/\/hudo.com\/si\/","name":"Hudo Slovenija","description":"Vse novice iz Slovenije in sveta","publisher":{"@id":"https:\/\/hudo.com\/si\/#organization"},"potentialAction":[{"@type":"SearchAction","target":{"@type":"EntryPoint","urlTemplate":"https:\/\/hudo.com\/si\/?s={search_term_string}"},"query-input":"required name=search_term_string"}],"inLanguage":"sl-SI"},{"@type":"Organization","@id":"https:\/\/hudo.com\/si\/#organization","name":"VSN Media","url":"https:\/\/hudo.com\/si\/","logo":{"@type":"ImageObject","inLanguage":"sl-SI","@id":"https:\/\/hudo.com\/si\/#\/schema\/logo\/image\/","url":"https:\/\/hudo.com\/si\/wp-content\/uploads\/sites\/2\/2021\/03\/hudo-app-2.png","contentUrl":"https:\/\/hudo.com\/si\/wp-content\/uploads\/sites\/2\/2021\/03\/hudo-app-2.png","width":2185,"height":2167,"caption":"VSN Media"},"image":{"@id":"https:\/\/hudo.com\/si\/#\/schema\/logo\/image\/"},"sameAs":["https:\/\/www.facebook.com\/hudo.si","https:\/\/twitter.com\/hudo_si"]},{"@type":"Person","@id":"https:\/\/hudo.com\/si\/#\/schema\/person\/18f09c02475ba9e606e941a565b80cff","name":"A. P., STA","image":{"@type":"ImageObject","inLanguage":"sl-SI","@id":"https:\/\/hudo.com\/si\/#\/schema\/person\/image\/","url":"https:\/\/secure.gravatar.com\/avatar\/03eac8e609f5f04383125d80eaeaaf3e?s=96&d=mm&r=g","contentUrl":"https:\/\/secure.gravatar.com\/avatar\/03eac8e609f5f04383125d80eaeaaf3e?s=96&d=mm&r=g","caption":"A. P., STA"},"url":"https:\/\/hudo.com\/si\/author\/lubu\/"}]}},"amp_enabled":true,"_links":{"self":[{"href":"https:\/\/hudo.com\/si\/wp-json\/wp\/v2\/posts\/378232"}],"collection":[{"href":"https:\/\/hudo.com\/si\/wp-json\/wp\/v2\/posts"}],"about":[{"href":"https:\/\/hudo.com\/si\/wp-json\/wp\/v2\/types\/post"}],"author":[{"embeddable":true,"href":"https:\/\/hudo.com\/si\/wp-json\/wp\/v2\/users\/7"}],"replies":[{"embeddable":true,"href":"https:\/\/hudo.com\/si\/wp-json\/wp\/v2\/comments?post=378232"}],"version-history":[{"count":1,"href":"https:\/\/hudo.com\/si\/wp-json\/wp\/v2\/posts\/378232\/revisions"}],"predecessor-version":[{"id":378234,"href":"https:\/\/hudo.com\/si\/wp-json\/wp\/v2\/posts\/378232\/revisions\/378234"}],"wp:featuredmedia":[{"embeddable":true,"href":"https:\/\/hudo.com\/si\/wp-json\/wp\/v2\/media\/378233"}],"wp:attachment":[{"href":"https:\/\/hudo.com\/si\/wp-json\/wp\/v2\/media?parent=378232"}],"wp:term":[{"taxonomy":"category","embeddable":true,"href":"https:\/\/hudo.com\/si\/wp-json\/wp\/v2\/categories?post=378232"},{"taxonomy":"post_tag","embeddable":true,"href":"https:\/\/hudo.com\/si\/wp-json\/wp\/v2\/tags?post=378232"},{"taxonomy":"source","embeddable":true,"href":"https:\/\/hudo.com\/si\/wp-json\/wp\/v2\/source?post=378232"},{"taxonomy":"supertag","embeddable":true,"href":"https:\/\/hudo.com\/si\/wp-json\/wp\/v2\/supertag?post=378232"}],"curies":[{"name":"wp","href":"https:\/\/api.w.org\/{rel}","templated":true}]}}