{"id":378358,"date":"2018-10-01T17:08:10","date_gmt":"2018-10-01T15:08:10","guid":{"rendered":"http:\/\/hudo.com\/si\/?p=378358"},"modified":"2018-10-01T17:08:10","modified_gmt":"2018-10-01T15:08:10","slug":"programski-svet-rtvs-podprl-imenovanje-gorscakove-za-v-d-direktorice-televizije","status":"publish","type":"post","link":"https:\/\/hudo.com\/si\/aktualno\/programski-svet-rtvs-podprl-imenovanje-gorscakove-za-v-d-direktorice-televizije\/","title":{"rendered":"Programski svet RTVS podprl imenovanje Gor\u0161\u010dakove za v. d. direktorice televizije"},"content":{"rendered":"<p>Generalni direktor Radiotelevizije Slovenija (RTVS) Igor Kadunc je predlagal imenovanje Gor\u0161\u010dakove, ker programski svet pred tednom dni ni sogla\u0161al z imenovanjem Katje \u0160eruga za direktorico nacionalne televizije. Gor\u0161\u010dakova je bila pomo\u010dnica direktorice televizije, ko je bila na njenem \u010delu Ljerka Bizilj, nato pa v. d. pomo\u010dnice.<\/p>\n<p>Kadunc je pojasnil, da se je odlo\u010dil predlagati Gor\u0161\u010dakovo po posvetu s kolegijem televizije, ki je skorajda soglasno podprl njeno kandidaturo. Tudi svetniki, ki so sodelovali v razpravi, so napovedali podporo kandidatki. Pri tem je Mitja Rotovnik izrazil upanje, da sodelavci Gor\u0161\u010dakove ne bodo dojemali kot &#8220;slamnate direktorice&#8221;, ker ima pred funkcijo zapisano vr\u0161ilka dol\u017enosti.<\/p>\n<p>Gor\u0161\u010dakova se je v odgovoru na svetni\u0161ko vpra\u0161anje dotaknila priprave programsko produkcijskega na\u010drta RTVS za leto 2019. Poudarila je, da bo predlog na\u010drta dala iz rok \u0161ele po tem, ko bo usklajen z vsemi dele\u017eniki.<\/p>\n<p>Programski svet nacionalne RTV hi\u0161e se bo na dana\u0161nji seji tudi seznanil s prijavo generalnega direktorja Kadunca komisiji za prepre\u010devanje korupcije. Prav tako bo svet razpravljal tudi o pozivu Zdru\u017eenja novinarjev in publicistov k razre\u0161itvi varuhinje pravic gledalcev in poslu\u0161alcev Ilinke Todorovski.<\/p>\n","protected":false},"excerpt":{"rendered":"<p>Programski svet RTVS je na dana\u0161nji seji sogla\u0161al z imenovanjem Natalije Gor\u0161\u010dak za v. d. direktorice televizije. Za podporo je morala zbrati najmanj 15 svetni\u0161kih glasov, dobila pa jih je 23. Nobeden od svetnikov ni glasoval proti ali se vzdr\u017eal glasovanja. Gor\u0161\u010dakova bo v. d. do imenovanja direktorja televizije, vendar najve\u010d \u0161est mesecev.<\/p>\n","protected":false},"author":8,"featured_media":156383,"comment_status":"closed","ping_status":"closed","sticky":false,"template":"","format":"standard","meta":{"footnotes":""},"categories":[1179],"tags":[7944,1595],"source":[4511],"supertag":[],"acf":[],"yoast_head":"<!-- This site is optimized with the Yoast SEO plugin v21.3 - https:\/\/yoast.com\/wordpress\/plugins\/seo\/ -->\n<title>Programski svet RTVS podprl imenovanje Gor\u0161\u010dakove za v. d. direktorice televizije - Hudo Slovenija<\/title>\n<meta name=\"robots\" content=\"index, follow, max-snippet:-1, max-image-preview:large, max-video-preview:-1\" \/>\n<link rel=\"canonical\" href=\"https:\/\/hudo.com\/si\/aktualno\/programski-svet-rtvs-podprl-imenovanje-gorscakove-za-v-d-direktorice-televizije\/\" \/>\n<meta property=\"og:locale\" content=\"sl_SI\" \/>\n<meta property=\"og:type\" content=\"article\" \/>\n<meta property=\"og:title\" content=\"Programski svet RTVS podprl imenovanje Gor\u0161\u010dakove za v. d. direktorice televizije - Hudo Slovenija\" \/>\n<meta property=\"og:description\" content=\"Programski svet RTVS je na dana\u0161nji seji sogla\u0161al z imenovanjem Natalije Gor\u0161\u010dak za v. d. direktorice televizije. Za podporo je morala zbrati najmanj 15 svetni\u0161kih glasov, dobila pa jih je 23. Nobeden od svetnikov ni glasoval proti ali se vzdr\u017eal glasovanja. Gor\u0161\u010dakova bo v. d. do imenovanja direktorja televizije, vendar najve\u010d \u0161est mesecev.\" \/>\n<meta property=\"og:url\" content=\"https:\/\/hudo.com\/si\/aktualno\/programski-svet-rtvs-podprl-imenovanje-gorscakove-za-v-d-direktorice-televizije\/\" \/>\n<meta property=\"og:site_name\" content=\"Hudo Slovenija\" \/>\n<meta property=\"article:publisher\" content=\"https:\/\/www.facebook.com\/hudo.si\" \/>\n<meta property=\"article:published_time\" content=\"2018-10-01T15:08:10+00:00\" \/>\n<meta property=\"og:image\" content=\"https:\/\/hudo.com\/si\/wp-content\/uploads\/sites\/2\/2016\/10\/20120308-00342179.jpg\" \/>\n\t<meta property=\"og:image:width\" content=\"640\" \/>\n\t<meta property=\"og:image:height\" content=\"427\" \/>\n\t<meta property=\"og:image:type\" content=\"image\/jpeg\" \/>\n<meta name=\"author\" content=\"M. N., STA\" \/>\n<meta name=\"twitter:card\" content=\"summary_large_image\" \/>\n<meta name=\"twitter:creator\" content=\"@hudo_si\" \/>\n<meta name=\"twitter:site\" content=\"@hudo_si\" \/>\n<meta name=\"twitter:label1\" content=\"Written by\" \/>\n\t<meta name=\"twitter:data1\" content=\"M. N., STA\" \/>\n\t<meta name=\"twitter:label2\" content=\"Est. reading time\" \/>\n\t<meta name=\"twitter:data2\" content=\"1 minuta\" \/>\n<script type=\"application\/ld+json\" class=\"yoast-schema-graph\">{\"@context\":\"https:\/\/schema.org\",\"@graph\":[{\"@type\":\"Article\",\"@id\":\"https:\/\/hudo.com\/si\/aktualno\/programski-svet-rtvs-podprl-imenovanje-gorscakove-za-v-d-direktorice-televizije\/#article\",\"isPartOf\":{\"@id\":\"https:\/\/hudo.com\/si\/aktualno\/programski-svet-rtvs-podprl-imenovanje-gorscakove-za-v-d-direktorice-televizije\/\"},\"author\":{\"name\":\"M. N., STA\",\"@id\":\"https:\/\/hudo.com\/si\/#\/schema\/person\/c2f10ce65d2e6ede2aeda5be2a0611fa\"},\"headline\":\"Programski svet RTVS podprl imenovanje Gor\u0161\u010dakove za v. d. direktorice televizije\",\"datePublished\":\"2018-10-01T15:08:10+00:00\",\"dateModified\":\"2018-10-01T15:08:10+00:00\",\"mainEntityOfPage\":{\"@id\":\"https:\/\/hudo.com\/si\/aktualno\/programski-svet-rtvs-podprl-imenovanje-gorscakove-za-v-d-direktorice-televizije\/\"},\"wordCount\":211,\"publisher\":{\"@id\":\"https:\/\/hudo.com\/si\/#organization\"},\"keywords\":[\"RTVS\",\"Slovenija\"],\"articleSection\":[\"Aktualno\"],\"inLanguage\":\"sl-SI\"},{\"@type\":\"WebPage\",\"@id\":\"https:\/\/hudo.com\/si\/aktualno\/programski-svet-rtvs-podprl-imenovanje-gorscakove-za-v-d-direktorice-televizije\/\",\"url\":\"https:\/\/hudo.com\/si\/aktualno\/programski-svet-rtvs-podprl-imenovanje-gorscakove-za-v-d-direktorice-televizije\/\",\"name\":\"Programski svet RTVS podprl imenovanje Gor\u0161\u010dakove za v. d. direktorice televizije - Hudo Slovenija\",\"isPartOf\":{\"@id\":\"https:\/\/hudo.com\/si\/#website\"},\"datePublished\":\"2018-10-01T15:08:10+00:00\",\"dateModified\":\"2018-10-01T15:08:10+00:00\",\"breadcrumb\":{\"@id\":\"https:\/\/hudo.com\/si\/aktualno\/programski-svet-rtvs-podprl-imenovanje-gorscakove-za-v-d-direktorice-televizije\/#breadcrumb\"},\"inLanguage\":\"sl-SI\",\"potentialAction\":[{\"@type\":\"ReadAction\",\"target\":[\"https:\/\/hudo.com\/si\/aktualno\/programski-svet-rtvs-podprl-imenovanje-gorscakove-za-v-d-direktorice-televizije\/\"]}]},{\"@type\":\"BreadcrumbList\",\"@id\":\"https:\/\/hudo.com\/si\/aktualno\/programski-svet-rtvs-podprl-imenovanje-gorscakove-za-v-d-direktorice-televizije\/#breadcrumb\",\"itemListElement\":[{\"@type\":\"ListItem\",\"position\":1,\"name\":\"Home\",\"item\":\"https:\/\/hudo.com\/si\/\"},{\"@type\":\"ListItem\",\"position\":2,\"name\":\"Programski svet RTVS podprl imenovanje Gor\u0161\u010dakove za v. d. direktorice televizije\"}]},{\"@type\":\"WebSite\",\"@id\":\"https:\/\/hudo.com\/si\/#website\",\"url\":\"https:\/\/hudo.com\/si\/\",\"name\":\"Hudo Slovenija\",\"description\":\"Vse novice iz Slovenije in sveta\",\"publisher\":{\"@id\":\"https:\/\/hudo.com\/si\/#organization\"},\"potentialAction\":[{\"@type\":\"SearchAction\",\"target\":{\"@type\":\"EntryPoint\",\"urlTemplate\":\"https:\/\/hudo.com\/si\/?s={search_term_string}\"},\"query-input\":\"required name=search_term_string\"}],\"inLanguage\":\"sl-SI\"},{\"@type\":\"Organization\",\"@id\":\"https:\/\/hudo.com\/si\/#organization\",\"name\":\"VSN Media\",\"url\":\"https:\/\/hudo.com\/si\/\",\"logo\":{\"@type\":\"ImageObject\",\"inLanguage\":\"sl-SI\",\"@id\":\"https:\/\/hudo.com\/si\/#\/schema\/logo\/image\/\",\"url\":\"https:\/\/hudo.com\/si\/wp-content\/uploads\/sites\/2\/2021\/03\/hudo-app-2.png\",\"contentUrl\":\"https:\/\/hudo.com\/si\/wp-content\/uploads\/sites\/2\/2021\/03\/hudo-app-2.png\",\"width\":2185,\"height\":2167,\"caption\":\"VSN Media\"},\"image\":{\"@id\":\"https:\/\/hudo.com\/si\/#\/schema\/logo\/image\/\"},\"sameAs\":[\"https:\/\/www.facebook.com\/hudo.si\",\"https:\/\/twitter.com\/hudo_si\"]},{\"@type\":\"Person\",\"@id\":\"https:\/\/hudo.com\/si\/#\/schema\/person\/c2f10ce65d2e6ede2aeda5be2a0611fa\",\"name\":\"M. N., STA\",\"image\":{\"@type\":\"ImageObject\",\"inLanguage\":\"sl-SI\",\"@id\":\"https:\/\/hudo.com\/si\/#\/schema\/person\/image\/\",\"url\":\"https:\/\/secure.gravatar.com\/avatar\/f370d38daa10467f755c5c766a4cac20?s=96&d=mm&r=g\",\"contentUrl\":\"https:\/\/secure.gravatar.com\/avatar\/f370d38daa10467f755c5c766a4cac20?s=96&d=mm&r=g\",\"caption\":\"M. N., STA\"},\"url\":\"https:\/\/hudo.com\/si\/author\/mana\/\"}]}<\/script>\n<!-- \/ Yoast SEO plugin. -->","yoast_head_json":{"title":"Programski svet RTVS podprl imenovanje Gor\u0161\u010dakove za v. d. direktorice televizije - Hudo Slovenija","robots":{"index":"index","follow":"follow","max-snippet":"max-snippet:-1","max-image-preview":"max-image-preview:large","max-video-preview":"max-video-preview:-1"},"canonical":"https:\/\/hudo.com\/si\/aktualno\/programski-svet-rtvs-podprl-imenovanje-gorscakove-za-v-d-direktorice-televizije\/","og_locale":"sl_SI","og_type":"article","og_title":"Programski svet RTVS podprl imenovanje Gor\u0161\u010dakove za v. d. direktorice televizije - Hudo Slovenija","og_description":"Programski svet RTVS je na dana\u0161nji seji sogla\u0161al z imenovanjem Natalije Gor\u0161\u010dak za v. d. direktorice televizije. Za podporo je morala zbrati najmanj 15 svetni\u0161kih glasov, dobila pa jih je 23. Nobeden od svetnikov ni glasoval proti ali se vzdr\u017eal glasovanja. Gor\u0161\u010dakova bo v. d. do imenovanja direktorja televizije, vendar najve\u010d \u0161est mesecev.","og_url":"https:\/\/hudo.com\/si\/aktualno\/programski-svet-rtvs-podprl-imenovanje-gorscakove-za-v-d-direktorice-televizije\/","og_site_name":"Hudo Slovenija","article_publisher":"https:\/\/www.facebook.com\/hudo.si","article_published_time":"2018-10-01T15:08:10+00:00","og_image":[{"width":640,"height":427,"url":"https:\/\/hudo.com\/si\/wp-content\/uploads\/sites\/2\/2016\/10\/20120308-00342179.jpg","type":"image\/jpeg"}],"author":"M. N., STA","twitter_card":"summary_large_image","twitter_creator":"@hudo_si","twitter_site":"@hudo_si","twitter_misc":{"Written by":"M. N., STA","Est. reading time":"1 minuta"},"schema":{"@context":"https:\/\/schema.org","@graph":[{"@type":"Article","@id":"https:\/\/hudo.com\/si\/aktualno\/programski-svet-rtvs-podprl-imenovanje-gorscakove-za-v-d-direktorice-televizije\/#article","isPartOf":{"@id":"https:\/\/hudo.com\/si\/aktualno\/programski-svet-rtvs-podprl-imenovanje-gorscakove-za-v-d-direktorice-televizije\/"},"author":{"name":"M. N., STA","@id":"https:\/\/hudo.com\/si\/#\/schema\/person\/c2f10ce65d2e6ede2aeda5be2a0611fa"},"headline":"Programski svet RTVS podprl imenovanje Gor\u0161\u010dakove za v. d. direktorice televizije","datePublished":"2018-10-01T15:08:10+00:00","dateModified":"2018-10-01T15:08:10+00:00","mainEntityOfPage":{"@id":"https:\/\/hudo.com\/si\/aktualno\/programski-svet-rtvs-podprl-imenovanje-gorscakove-za-v-d-direktorice-televizije\/"},"wordCount":211,"publisher":{"@id":"https:\/\/hudo.com\/si\/#organization"},"keywords":["RTVS","Slovenija"],"articleSection":["Aktualno"],"inLanguage":"sl-SI"},{"@type":"WebPage","@id":"https:\/\/hudo.com\/si\/aktualno\/programski-svet-rtvs-podprl-imenovanje-gorscakove-za-v-d-direktorice-televizije\/","url":"https:\/\/hudo.com\/si\/aktualno\/programski-svet-rtvs-podprl-imenovanje-gorscakove-za-v-d-direktorice-televizije\/","name":"Programski svet RTVS podprl imenovanje Gor\u0161\u010dakove za v. d. direktorice televizije - Hudo Slovenija","isPartOf":{"@id":"https:\/\/hudo.com\/si\/#website"},"datePublished":"2018-10-01T15:08:10+00:00","dateModified":"2018-10-01T15:08:10+00:00","breadcrumb":{"@id":"https:\/\/hudo.com\/si\/aktualno\/programski-svet-rtvs-podprl-imenovanje-gorscakove-za-v-d-direktorice-televizije\/#breadcrumb"},"inLanguage":"sl-SI","potentialAction":[{"@type":"ReadAction","target":["https:\/\/hudo.com\/si\/aktualno\/programski-svet-rtvs-podprl-imenovanje-gorscakove-za-v-d-direktorice-televizije\/"]}]},{"@type":"BreadcrumbList","@id":"https:\/\/hudo.com\/si\/aktualno\/programski-svet-rtvs-podprl-imenovanje-gorscakove-za-v-d-direktorice-televizije\/#breadcrumb","itemListElement":[{"@type":"ListItem","position":1,"name":"Home","item":"https:\/\/hudo.com\/si\/"},{"@type":"ListItem","position":2,"name":"Programski svet RTVS podprl imenovanje Gor\u0161\u010dakove za v. d. direktorice televizije"}]},{"@type":"WebSite","@id":"https:\/\/hudo.com\/si\/#website","url":"https:\/\/hudo.com\/si\/","name":"Hudo Slovenija","description":"Vse novice iz Slovenije in sveta","publisher":{"@id":"https:\/\/hudo.com\/si\/#organization"},"potentialAction":[{"@type":"SearchAction","target":{"@type":"EntryPoint","urlTemplate":"https:\/\/hudo.com\/si\/?s={search_term_string}"},"query-input":"required name=search_term_string"}],"inLanguage":"sl-SI"},{"@type":"Organization","@id":"https:\/\/hudo.com\/si\/#organization","name":"VSN Media","url":"https:\/\/hudo.com\/si\/","logo":{"@type":"ImageObject","inLanguage":"sl-SI","@id":"https:\/\/hudo.com\/si\/#\/schema\/logo\/image\/","url":"https:\/\/hudo.com\/si\/wp-content\/uploads\/sites\/2\/2021\/03\/hudo-app-2.png","contentUrl":"https:\/\/hudo.com\/si\/wp-content\/uploads\/sites\/2\/2021\/03\/hudo-app-2.png","width":2185,"height":2167,"caption":"VSN Media"},"image":{"@id":"https:\/\/hudo.com\/si\/#\/schema\/logo\/image\/"},"sameAs":["https:\/\/www.facebook.com\/hudo.si","https:\/\/twitter.com\/hudo_si"]},{"@type":"Person","@id":"https:\/\/hudo.com\/si\/#\/schema\/person\/c2f10ce65d2e6ede2aeda5be2a0611fa","name":"M. N., STA","image":{"@type":"ImageObject","inLanguage":"sl-SI","@id":"https:\/\/hudo.com\/si\/#\/schema\/person\/image\/","url":"https:\/\/secure.gravatar.com\/avatar\/f370d38daa10467f755c5c766a4cac20?s=96&d=mm&r=g","contentUrl":"https:\/\/secure.gravatar.com\/avatar\/f370d38daa10467f755c5c766a4cac20?s=96&d=mm&r=g","caption":"M. N., STA"},"url":"https:\/\/hudo.com\/si\/author\/mana\/"}]}},"amp_enabled":true,"_links":{"self":[{"href":"https:\/\/hudo.com\/si\/wp-json\/wp\/v2\/posts\/378358"}],"collection":[{"href":"https:\/\/hudo.com\/si\/wp-json\/wp\/v2\/posts"}],"about":[{"href":"https:\/\/hudo.com\/si\/wp-json\/wp\/v2\/types\/post"}],"author":[{"embeddable":true,"href":"https:\/\/hudo.com\/si\/wp-json\/wp\/v2\/users\/8"}],"replies":[{"embeddable":true,"href":"https:\/\/hudo.com\/si\/wp-json\/wp\/v2\/comments?post=378358"}],"version-history":[{"count":1,"href":"https:\/\/hudo.com\/si\/wp-json\/wp\/v2\/posts\/378358\/revisions"}],"predecessor-version":[{"id":378359,"href":"https:\/\/hudo.com\/si\/wp-json\/wp\/v2\/posts\/378358\/revisions\/378359"}],"wp:featuredmedia":[{"embeddable":true,"href":"https:\/\/hudo.com\/si\/wp-json\/wp\/v2\/media\/156383"}],"wp:attachment":[{"href":"https:\/\/hudo.com\/si\/wp-json\/wp\/v2\/media?parent=378358"}],"wp:term":[{"taxonomy":"category","embeddable":true,"href":"https:\/\/hudo.com\/si\/wp-json\/wp\/v2\/categories?post=378358"},{"taxonomy":"post_tag","embeddable":true,"href":"https:\/\/hudo.com\/si\/wp-json\/wp\/v2\/tags?post=378358"},{"taxonomy":"source","embeddable":true,"href":"https:\/\/hudo.com\/si\/wp-json\/wp\/v2\/source?post=378358"},{"taxonomy":"supertag","embeddable":true,"href":"https:\/\/hudo.com\/si\/wp-json\/wp\/v2\/supertag?post=378358"}],"curies":[{"name":"wp","href":"https:\/\/api.w.org\/{rel}","templated":true}]}}