{"id":378429,"date":"2018-10-03T09:20:29","date_gmt":"2018-10-03T07:20:29","guid":{"rendered":"http:\/\/hudo.com\/si\/?p=378429"},"modified":"2018-10-03T09:21:08","modified_gmt":"2018-10-03T07:21:08","slug":"peter-prevc-rojstvo-sina-mi-je-gotovo-odprlo-novo-dimenzijo-prej-sem-lahko-gledal-le-nase","status":"publish","type":"post","link":"https:\/\/hudo.com\/si\/aktualno\/peter-prevc-rojstvo-sina-mi-je-gotovo-odprlo-novo-dimenzijo-prej-sem-lahko-gledal-le-nase\/","title":{"rendered":"Peter Prevc:  Rojstvo sina mi je gotovo odprlo novo dimenzijo, prej sem lahko gledal le nase"},"content":{"rendered":"<p>\u0160estindvajsetletnik je obul tudi \u017ee skakalne \u010devlje in kot pravi, ne pomni, da bi bili ti vedno tako tesni. \u0160e posebej zdaj, ko je bil dva meseca bolj kot ne le v copatih. Tudi poseben dres za prve skoke po po\u0161kodbi je poleti \u017ee izbral, za tekme ra\u010duna na skakalne prijatelje, da mu bodo, kot je v \u0161ali dejal, pripravili jagodni izbor.<\/p>\n<p><b>Pravkar ste se vrnili iz \u010cate\u0161kih toplic, kjer ste se posvetili rehabilitaciji in postopnemu obremenjevanju gle\u017enja. Potem ste imeli spet zdravni\u0161ki pregled. Kak\u0161ne novice nam prina\u0161ate z Dolenjske?<\/b><\/p>\n<p>Dobre, v bistvu zelo dobre. \u0160tirinajst dni sem pre\u017eivel v \u010cate\u0161kih toplicah, 12 ur na dan pod kontrolo in za menoj je zelo dobra izku\u0161nja. Lahko sem postopoma doziral treninge in preizku\u0161al razli\u010dne stvari pod stalnim strokovnim o\u010desom, spremljalo me je ve\u010d fizioterapevtov, ki so se mi povsem posvetili. Zdaj tudi \u017ee delam imitacije smu\u010darskih skokov in trenerji pravijo, da niti ni tako slabo, kot so pri\u010dakovali (smeh), in da grem lahko, \u010de bo vse v redu, drug teden \u017ee na skakalnico. Potem bomo pa videli, kaj bo.<\/p>\n<p><b>In? Kako se po\u010dutite ob tej novici, ki ste jo dolgo \u010dakali. Je morda kaj treme?<\/b><\/p>\n<p>Treme ni (\u0161e). Predvsem sem novico sprejel z dobro voljo, da se ti kon\u010dno ena stvar, vsaj upam, zaklju\u010duje. Vse skupaj namre\u010d traja \u017ee skoraj pol leta.<\/p>\n<p><b>Ali ste zdaj gle\u017eenj \u017ee polno obremenili, se je dobro dr\u017eal?<\/b><\/p>\n<p>V bistvu povsem polna obremenitev to \u0161e ni. Manjkajo mi \u0161e poskoki \u010dez visoke ovire, da jih presko\u010dim povezano. Ve\u010d vi\u0161jih ovir zaporedoma. Ostalo pa sem \u017ee vse preizkusil, tudi skipping levo in desno, pa ni nobenih te\u017eav. V bistvu sem bil kar zadovoljen. Ko sem preizkusil kaj novega, novo vajo, pa mi je uspela, sem potem naslednji dan z zanimanjem \u010dakal, ali kaj bo, pa k sre\u010di ni bilo ni\u010d, kar je zelo dobro.<\/p>\n<p>Je pa res, da v bistvu podzavestno no\u010de\u0161 na polno obremeniti po\u0161kodovanega gle\u017enja, ko kam dosko\u010di\u0161, ne stopi\u0161 tako sigurno na gle\u017eenj in te\u017eo kar malo prelaga\u0161 na desno nogo, ampak o\u010ditno je z razlogom tako. Pri vajah, ki sem jih nekajkrat \u017ee opravil uspe\u0161no, sem pa \u017ee precej suveren in tam ni nobenih zadr\u017eevanj.<\/p>\n<p><b>Torej vam do na\u010drtovanega odhoda na skakalnico ostane \u0161e pribli\u017eno teden dni. \u010cemu se boste najbolj posvetili v tem \u010dasu, katero skakalnico si boste izbrali za prve skoke, kdo vas bo spremljal?<\/b><\/p>\n<p>Najbolj obremenitvi do konca, ve\u010dinoma v telovadnici, v sredo bom nekatere vaje preizkusil \u0161e na stadionu, saj bo \u010detrtek zaradi predstavitve reprezentanc brez treninga. Od nedelje do srede bomo na kondicijskih pripravah, ko se vrnemo, bi moral biti \u017ee pripravljen za skoke.<\/p>\n<p>Najraje bi \u0161el skakat v Beljak na 60-metrsko skakalnico, ker ima najlep\u0161e izpeljano dosko\u010di\u0161\u010de, da pristane\u0161 v velik breg, da ni nobenega zabijanja. Ne vem pa \u0161e, kdo od trenerjev bo \u0161el z mano. Do zdaj je zame skrbela kombinacija Urbanov, Komaca in Jarca, ki sta bila v navezi z zdravnikom. Pred drugo operacijo sem bil \u0161e pri Alenu Lili\u0107u, da me je \u0161e on pregledal, predvsem pa naveza zdravnik &#8211; fizioterapevt &#8211; trener. Zdaj je Gorazd Bertoncelj tisti, ki pi\u0161e programe, Matev\u017e \u0160parovec pa me vodi na treningu, ker so drugi na tekmah. V bistvu mi je za prve skoke res vseeno, kdo bo ob meni, tisti, ki bo imel \u010das. Namen teh skokov je, da pridobim malo samozaupanja, in \u010de je kak\u0161na velika napaka, da se malo popravi.<\/p>\n<p><b>Kak\u0161en pa bi bil za vas idealen nadaljnji scenarij vrnitve?<\/b><\/p>\n<p>Idealen? Zmaga v Wisli (smeh).<\/p>\n<p>Da bi lahko nastopil na uvodni tekmi sezone (v Wisli se bo 17. novembra za\u010dela 40. sezona svetovnega pokala v smu\u010darskih skokih, op. STA), bi bil zame sanjski razplet. A dokler ne bom vsaj tri tedne na skakalnicah, da vsaj malo vidim, kje sem, kje so rezerve, \u010de sploh so rezerve, ne morem ni\u010desar zares re\u010di. Morda bom skakal za svetovni pokal, morda za celinskega, morda pa za slovenski pokal.<\/p>\n<p>Vem, da na skakalnici nisem pozabil vsega. Ko sem minuli petek prvi\u010d delal imitacije skoka na suhem, se mi ni poznalo, da sem bil tako dolgo zunaj pogona. Morda pa je bila ta pavza vsaj za nekaj dobra, mo\u010dno upam.<\/p>\n<p><b>Kako pa je s kondicijsko pripravljenostjo? Pred kak\u0161nim mesecem dni ste dejali, da ta \u0161e ni na \u017eeleni ravni? Ste se po drugi operaciji priprav lotili previdneje?<\/b><\/p>\n<p>S kondicijsko pripravo je tako, da kak\u0161ne posebne vzdr\u017eljivosti nimam, ampak mi je pa sko\u010dnost, eksplozivnost kar nekako ostala in sem bil kar malo presene\u010den, kako sem nekatere vaje, ki so se mi neko\u010d zdele zahtevne, delal z lahkoto. Je pa res, da je \u0161lo v drugo zelo po\u010dasi.<\/p>\n<p>Od konca avgusta naprej sem trdo delal, resda so bile to bolj sede\u010de vaje, tako da se gle\u017enja ni ni\u010d obremenjevalo. Po drugi operaciji mi na za\u010detku res niso pustili migati, nekaj \u010dasa sem si moral vbrizgavati tudi zdravila proti strjevanju krvi. Zdaj v drugo sem bil precej bolj zadr\u017ean, res je \u0161lo po\u010dasi. Preden sem se \u010desa lotil, sem najprej poklical na tri konce, \u010de je to v redu, in \u0161ele nato res kaj naredil.<\/p>\n<p>Kar me je v prvo najbolj teplo, je, da si kot \u0161portnik navajen, da se vse po\u0161kodbe zelo hitro celijo. Ko ti zdravniki dajo navodila za okrevanje, nekako velja, da da\u0161 lahko vsaj \u010detrtino stran. Tako je bilo tudi pri meni, zelo dobro sem se po\u010dutil, nato pa je pri\u0161lo do infekcije, na kar sam nisem imel veliko vpliva. Pa sem pristal \u0161e za \u0161est tednov na zelo mo\u010dnih antibiotikih, saj bakterije nikoli niso izolirali, kar me je \u0161e oddaljilo od cilja.<\/p>\n<p><b>Kaj vas trenutno najbolj motivira?<\/b><\/p>\n<p>Zdaj je motiv ob\u010dutek, ki ga ima\u0161, ko en dan nekaj novega poskusi\u0161, obremeni\u0161 nogo, pa nato naslednji dan ni ni\u010d narobe. To je eden ve\u010djih plusov in glavni motiv zadnje \u010dase. Predvsem pa je motiv \u017ee to, da si polno mobilen, da po stopnicah navzdol normalno hodi\u0161, da te ni\u010d ve\u010d ne ovira, pa da lahko te\u010de\u0161, kaj na hitro naredi\u0161, vse to me motivira.<\/p>\n<p><b>Ali ste med vsem tem \u010dasom, ko so se slabe novice kopi\u010dile ena na drugo, kdaj pomislili, da bi vrgli pu\u0161ko v koruzo, ste se kdaj vpra\u0161ali, kaj bo, \u010de ne boste mogli nikoli ve\u010d skakati<\/b><\/p>\n<p>Da bi vrgel pu\u0161ko v koruzo, gotovo ne, saj sem se ves \u010das zavedal, da je treba biti zdrav, ne glede na to, kaj se na koncu zgodi. A seveda se vpra\u0161a\u0161, kaj pa bo, \u010de bo, potem malo gleda\u0161, razmi\u0161lja\u0161, na koncu pa si re\u010de\u0161: \u010de ne bom vsaj poskusil, ne bom nikoli vedel. Enostavno \u010daka\u0161, da vse skupaj mine.<\/p>\n<p><b>Gotovo je bilo la\u017eje \u010dakati ob nara\u0161\u010daju. S partnerko Mino Lavti\u017ear sta dobila sina.<\/b><\/p>\n<p>Seveda. Ludvik je zdaj star \u0161tiri mesece, imamo se super, a opa\u017eam, da nimam ni\u010d ve\u010d \u010dasa zase (smeh). Rojstvo sina mi je gotovo odprlo novo dimenzijo, prej sem lahko gledal le nase, zdaj imam bitje, ki je zdaj \u0161e povsem odvisno od mene. Se pa gotovo \u0161e raje vra\u010dam domov.<\/p>\n","protected":false},"excerpt":{"rendered":"<p>Slovenski skakalni \u0161ampion Peter Prevc po operaciji gle\u017enja in pravi kalvariji, ko je namesto predvidenega \u0161esttedenskega premora moral na \u0161e eno artroskopijo in skupno prisilno po\u010dival \u0161est mesecev, le vidi lu\u010d na koncu tunela. Zeleno mu bodo sicer pri\u017egali zdravniki, a na\u010drtujejo, da bo prve skoke po po\u0161kodbi opravil \u017ee prihodnji teden v Beljaku.<\/p>\n","protected":false},"author":8,"featured_media":378431,"comment_status":"closed","ping_status":"closed","sticky":false,"template":"","format":"standard","meta":{"footnotes":""},"categories":[1179],"tags":[2182,1595,2209],"source":[4511],"supertag":[],"acf":[],"yoast_head":"<!-- This site is optimized with the Yoast SEO plugin v21.3 - https:\/\/yoast.com\/wordpress\/plugins\/seo\/ -->\n<title>Peter Prevc: Rojstvo sina mi je gotovo odprlo novo dimenzijo, prej sem lahko gledal le nase - Hudo Slovenija<\/title>\n<meta name=\"robots\" content=\"index, follow, max-snippet:-1, max-image-preview:large, max-video-preview:-1\" \/>\n<link rel=\"canonical\" href=\"https:\/\/hudo.com\/si\/aktualno\/peter-prevc-rojstvo-sina-mi-je-gotovo-odprlo-novo-dimenzijo-prej-sem-lahko-gledal-le-nase\/\" \/>\n<meta property=\"og:locale\" content=\"sl_SI\" \/>\n<meta property=\"og:type\" content=\"article\" \/>\n<meta property=\"og:title\" content=\"Peter Prevc: Rojstvo sina mi je gotovo odprlo novo dimenzijo, prej sem lahko gledal le nase - Hudo Slovenija\" \/>\n<meta property=\"og:description\" content=\"Slovenski skakalni \u0161ampion Peter Prevc po operaciji gle\u017enja in pravi kalvariji, ko je namesto predvidenega \u0161esttedenskega premora moral na \u0161e eno artroskopijo in skupno prisilno po\u010dival \u0161est mesecev, le vidi lu\u010d na koncu tunela. Zeleno mu bodo sicer pri\u017egali zdravniki, a na\u010drtujejo, da bo prve skoke po po\u0161kodbi opravil \u017ee prihodnji teden v Beljaku.\" \/>\n<meta property=\"og:url\" content=\"https:\/\/hudo.com\/si\/aktualno\/peter-prevc-rojstvo-sina-mi-je-gotovo-odprlo-novo-dimenzijo-prej-sem-lahko-gledal-le-nase\/\" \/>\n<meta property=\"og:site_name\" content=\"Hudo Slovenija\" \/>\n<meta property=\"article:publisher\" content=\"https:\/\/www.facebook.com\/hudo.si\" \/>\n<meta property=\"article:published_time\" content=\"2018-10-03T07:20:29+00:00\" \/>\n<meta property=\"article:modified_time\" content=\"2018-10-03T07:21:08+00:00\" \/>\n<meta property=\"og:image\" content=\"https:\/\/hudo.com\/si\/wp-content\/uploads\/sites\/2\/2018\/10\/profimedia-0365276972.jpg\" \/>\n\t<meta property=\"og:image:width\" content=\"1250\" \/>\n\t<meta property=\"og:image:height\" content=\"834\" \/>\n\t<meta property=\"og:image:type\" content=\"image\/jpeg\" \/>\n<meta name=\"author\" content=\"M. N., STA\" \/>\n<meta name=\"twitter:card\" content=\"summary_large_image\" \/>\n<meta name=\"twitter:creator\" content=\"@hudo_si\" \/>\n<meta name=\"twitter:site\" content=\"@hudo_si\" \/>\n<meta name=\"twitter:label1\" content=\"Written by\" \/>\n\t<meta name=\"twitter:data1\" content=\"M. N., STA\" \/>\n\t<meta name=\"twitter:label2\" content=\"Est. reading time\" \/>\n\t<meta name=\"twitter:data2\" content=\"6 minut\" \/>\n<script type=\"application\/ld+json\" class=\"yoast-schema-graph\">{\"@context\":\"https:\/\/schema.org\",\"@graph\":[{\"@type\":\"Article\",\"@id\":\"https:\/\/hudo.com\/si\/aktualno\/peter-prevc-rojstvo-sina-mi-je-gotovo-odprlo-novo-dimenzijo-prej-sem-lahko-gledal-le-nase\/#article\",\"isPartOf\":{\"@id\":\"https:\/\/hudo.com\/si\/aktualno\/peter-prevc-rojstvo-sina-mi-je-gotovo-odprlo-novo-dimenzijo-prej-sem-lahko-gledal-le-nase\/\"},\"author\":{\"name\":\"M. N., STA\",\"@id\":\"https:\/\/hudo.com\/si\/#\/schema\/person\/c2f10ce65d2e6ede2aeda5be2a0611fa\"},\"headline\":\"Peter Prevc: Rojstvo sina mi je gotovo odprlo novo dimenzijo, prej sem lahko gledal le nase\",\"datePublished\":\"2018-10-03T07:20:29+00:00\",\"dateModified\":\"2018-10-03T07:21:08+00:00\",\"mainEntityOfPage\":{\"@id\":\"https:\/\/hudo.com\/si\/aktualno\/peter-prevc-rojstvo-sina-mi-je-gotovo-odprlo-novo-dimenzijo-prej-sem-lahko-gledal-le-nase\/\"},\"wordCount\":1249,\"publisher\":{\"@id\":\"https:\/\/hudo.com\/si\/#organization\"},\"keywords\":[\"peter prevc\",\"Slovenija\",\"smu\u010darski skoki\"],\"articleSection\":[\"Aktualno\"],\"inLanguage\":\"sl-SI\"},{\"@type\":\"WebPage\",\"@id\":\"https:\/\/hudo.com\/si\/aktualno\/peter-prevc-rojstvo-sina-mi-je-gotovo-odprlo-novo-dimenzijo-prej-sem-lahko-gledal-le-nase\/\",\"url\":\"https:\/\/hudo.com\/si\/aktualno\/peter-prevc-rojstvo-sina-mi-je-gotovo-odprlo-novo-dimenzijo-prej-sem-lahko-gledal-le-nase\/\",\"name\":\"Peter Prevc: Rojstvo sina mi je gotovo odprlo novo dimenzijo, prej sem lahko gledal le nase - Hudo Slovenija\",\"isPartOf\":{\"@id\":\"https:\/\/hudo.com\/si\/#website\"},\"datePublished\":\"2018-10-03T07:20:29+00:00\",\"dateModified\":\"2018-10-03T07:21:08+00:00\",\"breadcrumb\":{\"@id\":\"https:\/\/hudo.com\/si\/aktualno\/peter-prevc-rojstvo-sina-mi-je-gotovo-odprlo-novo-dimenzijo-prej-sem-lahko-gledal-le-nase\/#breadcrumb\"},\"inLanguage\":\"sl-SI\",\"potentialAction\":[{\"@type\":\"ReadAction\",\"target\":[\"https:\/\/hudo.com\/si\/aktualno\/peter-prevc-rojstvo-sina-mi-je-gotovo-odprlo-novo-dimenzijo-prej-sem-lahko-gledal-le-nase\/\"]}]},{\"@type\":\"BreadcrumbList\",\"@id\":\"https:\/\/hudo.com\/si\/aktualno\/peter-prevc-rojstvo-sina-mi-je-gotovo-odprlo-novo-dimenzijo-prej-sem-lahko-gledal-le-nase\/#breadcrumb\",\"itemListElement\":[{\"@type\":\"ListItem\",\"position\":1,\"name\":\"Home\",\"item\":\"https:\/\/hudo.com\/si\/\"},{\"@type\":\"ListItem\",\"position\":2,\"name\":\"Peter Prevc: Rojstvo sina mi je gotovo odprlo novo dimenzijo, prej sem lahko gledal le nase\"}]},{\"@type\":\"WebSite\",\"@id\":\"https:\/\/hudo.com\/si\/#website\",\"url\":\"https:\/\/hudo.com\/si\/\",\"name\":\"Hudo Slovenija\",\"description\":\"Vse novice iz Slovenije in sveta\",\"publisher\":{\"@id\":\"https:\/\/hudo.com\/si\/#organization\"},\"potentialAction\":[{\"@type\":\"SearchAction\",\"target\":{\"@type\":\"EntryPoint\",\"urlTemplate\":\"https:\/\/hudo.com\/si\/?s={search_term_string}\"},\"query-input\":\"required name=search_term_string\"}],\"inLanguage\":\"sl-SI\"},{\"@type\":\"Organization\",\"@id\":\"https:\/\/hudo.com\/si\/#organization\",\"name\":\"VSN Media\",\"url\":\"https:\/\/hudo.com\/si\/\",\"logo\":{\"@type\":\"ImageObject\",\"inLanguage\":\"sl-SI\",\"@id\":\"https:\/\/hudo.com\/si\/#\/schema\/logo\/image\/\",\"url\":\"https:\/\/hudo.com\/si\/wp-content\/uploads\/sites\/2\/2021\/03\/hudo-app-2.png\",\"contentUrl\":\"https:\/\/hudo.com\/si\/wp-content\/uploads\/sites\/2\/2021\/03\/hudo-app-2.png\",\"width\":2185,\"height\":2167,\"caption\":\"VSN Media\"},\"image\":{\"@id\":\"https:\/\/hudo.com\/si\/#\/schema\/logo\/image\/\"},\"sameAs\":[\"https:\/\/www.facebook.com\/hudo.si\",\"https:\/\/twitter.com\/hudo_si\"]},{\"@type\":\"Person\",\"@id\":\"https:\/\/hudo.com\/si\/#\/schema\/person\/c2f10ce65d2e6ede2aeda5be2a0611fa\",\"name\":\"M. N., STA\",\"image\":{\"@type\":\"ImageObject\",\"inLanguage\":\"sl-SI\",\"@id\":\"https:\/\/hudo.com\/si\/#\/schema\/person\/image\/\",\"url\":\"https:\/\/secure.gravatar.com\/avatar\/f370d38daa10467f755c5c766a4cac20?s=96&d=mm&r=g\",\"contentUrl\":\"https:\/\/secure.gravatar.com\/avatar\/f370d38daa10467f755c5c766a4cac20?s=96&d=mm&r=g\",\"caption\":\"M. N., STA\"},\"url\":\"https:\/\/hudo.com\/si\/author\/mana\/\"}]}<\/script>\n<!-- \/ Yoast SEO plugin. -->","yoast_head_json":{"title":"Peter Prevc: Rojstvo sina mi je gotovo odprlo novo dimenzijo, prej sem lahko gledal le nase - Hudo Slovenija","robots":{"index":"index","follow":"follow","max-snippet":"max-snippet:-1","max-image-preview":"max-image-preview:large","max-video-preview":"max-video-preview:-1"},"canonical":"https:\/\/hudo.com\/si\/aktualno\/peter-prevc-rojstvo-sina-mi-je-gotovo-odprlo-novo-dimenzijo-prej-sem-lahko-gledal-le-nase\/","og_locale":"sl_SI","og_type":"article","og_title":"Peter Prevc: Rojstvo sina mi je gotovo odprlo novo dimenzijo, prej sem lahko gledal le nase - Hudo Slovenija","og_description":"Slovenski skakalni \u0161ampion Peter Prevc po operaciji gle\u017enja in pravi kalvariji, ko je namesto predvidenega \u0161esttedenskega premora moral na \u0161e eno artroskopijo in skupno prisilno po\u010dival \u0161est mesecev, le vidi lu\u010d na koncu tunela. Zeleno mu bodo sicer pri\u017egali zdravniki, a na\u010drtujejo, da bo prve skoke po po\u0161kodbi opravil \u017ee prihodnji teden v Beljaku.","og_url":"https:\/\/hudo.com\/si\/aktualno\/peter-prevc-rojstvo-sina-mi-je-gotovo-odprlo-novo-dimenzijo-prej-sem-lahko-gledal-le-nase\/","og_site_name":"Hudo Slovenija","article_publisher":"https:\/\/www.facebook.com\/hudo.si","article_published_time":"2018-10-03T07:20:29+00:00","article_modified_time":"2018-10-03T07:21:08+00:00","og_image":[{"width":1250,"height":834,"url":"https:\/\/hudo.com\/si\/wp-content\/uploads\/sites\/2\/2018\/10\/profimedia-0365276972.jpg","type":"image\/jpeg"}],"author":"M. N., STA","twitter_card":"summary_large_image","twitter_creator":"@hudo_si","twitter_site":"@hudo_si","twitter_misc":{"Written by":"M. N., STA","Est. reading time":"6 minut"},"schema":{"@context":"https:\/\/schema.org","@graph":[{"@type":"Article","@id":"https:\/\/hudo.com\/si\/aktualno\/peter-prevc-rojstvo-sina-mi-je-gotovo-odprlo-novo-dimenzijo-prej-sem-lahko-gledal-le-nase\/#article","isPartOf":{"@id":"https:\/\/hudo.com\/si\/aktualno\/peter-prevc-rojstvo-sina-mi-je-gotovo-odprlo-novo-dimenzijo-prej-sem-lahko-gledal-le-nase\/"},"author":{"name":"M. N., STA","@id":"https:\/\/hudo.com\/si\/#\/schema\/person\/c2f10ce65d2e6ede2aeda5be2a0611fa"},"headline":"Peter Prevc: Rojstvo sina mi je gotovo odprlo novo dimenzijo, prej sem lahko gledal le nase","datePublished":"2018-10-03T07:20:29+00:00","dateModified":"2018-10-03T07:21:08+00:00","mainEntityOfPage":{"@id":"https:\/\/hudo.com\/si\/aktualno\/peter-prevc-rojstvo-sina-mi-je-gotovo-odprlo-novo-dimenzijo-prej-sem-lahko-gledal-le-nase\/"},"wordCount":1249,"publisher":{"@id":"https:\/\/hudo.com\/si\/#organization"},"keywords":["peter prevc","Slovenija","smu\u010darski skoki"],"articleSection":["Aktualno"],"inLanguage":"sl-SI"},{"@type":"WebPage","@id":"https:\/\/hudo.com\/si\/aktualno\/peter-prevc-rojstvo-sina-mi-je-gotovo-odprlo-novo-dimenzijo-prej-sem-lahko-gledal-le-nase\/","url":"https:\/\/hudo.com\/si\/aktualno\/peter-prevc-rojstvo-sina-mi-je-gotovo-odprlo-novo-dimenzijo-prej-sem-lahko-gledal-le-nase\/","name":"Peter Prevc: Rojstvo sina mi je gotovo odprlo novo dimenzijo, prej sem lahko gledal le nase - Hudo Slovenija","isPartOf":{"@id":"https:\/\/hudo.com\/si\/#website"},"datePublished":"2018-10-03T07:20:29+00:00","dateModified":"2018-10-03T07:21:08+00:00","breadcrumb":{"@id":"https:\/\/hudo.com\/si\/aktualno\/peter-prevc-rojstvo-sina-mi-je-gotovo-odprlo-novo-dimenzijo-prej-sem-lahko-gledal-le-nase\/#breadcrumb"},"inLanguage":"sl-SI","potentialAction":[{"@type":"ReadAction","target":["https:\/\/hudo.com\/si\/aktualno\/peter-prevc-rojstvo-sina-mi-je-gotovo-odprlo-novo-dimenzijo-prej-sem-lahko-gledal-le-nase\/"]}]},{"@type":"BreadcrumbList","@id":"https:\/\/hudo.com\/si\/aktualno\/peter-prevc-rojstvo-sina-mi-je-gotovo-odprlo-novo-dimenzijo-prej-sem-lahko-gledal-le-nase\/#breadcrumb","itemListElement":[{"@type":"ListItem","position":1,"name":"Home","item":"https:\/\/hudo.com\/si\/"},{"@type":"ListItem","position":2,"name":"Peter Prevc: Rojstvo sina mi je gotovo odprlo novo dimenzijo, prej sem lahko gledal le nase"}]},{"@type":"WebSite","@id":"https:\/\/hudo.com\/si\/#website","url":"https:\/\/hudo.com\/si\/","name":"Hudo Slovenija","description":"Vse novice iz Slovenije in sveta","publisher":{"@id":"https:\/\/hudo.com\/si\/#organization"},"potentialAction":[{"@type":"SearchAction","target":{"@type":"EntryPoint","urlTemplate":"https:\/\/hudo.com\/si\/?s={search_term_string}"},"query-input":"required name=search_term_string"}],"inLanguage":"sl-SI"},{"@type":"Organization","@id":"https:\/\/hudo.com\/si\/#organization","name":"VSN Media","url":"https:\/\/hudo.com\/si\/","logo":{"@type":"ImageObject","inLanguage":"sl-SI","@id":"https:\/\/hudo.com\/si\/#\/schema\/logo\/image\/","url":"https:\/\/hudo.com\/si\/wp-content\/uploads\/sites\/2\/2021\/03\/hudo-app-2.png","contentUrl":"https:\/\/hudo.com\/si\/wp-content\/uploads\/sites\/2\/2021\/03\/hudo-app-2.png","width":2185,"height":2167,"caption":"VSN Media"},"image":{"@id":"https:\/\/hudo.com\/si\/#\/schema\/logo\/image\/"},"sameAs":["https:\/\/www.facebook.com\/hudo.si","https:\/\/twitter.com\/hudo_si"]},{"@type":"Person","@id":"https:\/\/hudo.com\/si\/#\/schema\/person\/c2f10ce65d2e6ede2aeda5be2a0611fa","name":"M. N., STA","image":{"@type":"ImageObject","inLanguage":"sl-SI","@id":"https:\/\/hudo.com\/si\/#\/schema\/person\/image\/","url":"https:\/\/secure.gravatar.com\/avatar\/f370d38daa10467f755c5c766a4cac20?s=96&d=mm&r=g","contentUrl":"https:\/\/secure.gravatar.com\/avatar\/f370d38daa10467f755c5c766a4cac20?s=96&d=mm&r=g","caption":"M. N., STA"},"url":"https:\/\/hudo.com\/si\/author\/mana\/"}]}},"amp_enabled":true,"_links":{"self":[{"href":"https:\/\/hudo.com\/si\/wp-json\/wp\/v2\/posts\/378429"}],"collection":[{"href":"https:\/\/hudo.com\/si\/wp-json\/wp\/v2\/posts"}],"about":[{"href":"https:\/\/hudo.com\/si\/wp-json\/wp\/v2\/types\/post"}],"author":[{"embeddable":true,"href":"https:\/\/hudo.com\/si\/wp-json\/wp\/v2\/users\/8"}],"replies":[{"embeddable":true,"href":"https:\/\/hudo.com\/si\/wp-json\/wp\/v2\/comments?post=378429"}],"version-history":[{"count":1,"href":"https:\/\/hudo.com\/si\/wp-json\/wp\/v2\/posts\/378429\/revisions"}],"predecessor-version":[{"id":378434,"href":"https:\/\/hudo.com\/si\/wp-json\/wp\/v2\/posts\/378429\/revisions\/378434"}],"wp:featuredmedia":[{"embeddable":true,"href":"https:\/\/hudo.com\/si\/wp-json\/wp\/v2\/media\/378431"}],"wp:attachment":[{"href":"https:\/\/hudo.com\/si\/wp-json\/wp\/v2\/media?parent=378429"}],"wp:term":[{"taxonomy":"category","embeddable":true,"href":"https:\/\/hudo.com\/si\/wp-json\/wp\/v2\/categories?post=378429"},{"taxonomy":"post_tag","embeddable":true,"href":"https:\/\/hudo.com\/si\/wp-json\/wp\/v2\/tags?post=378429"},{"taxonomy":"source","embeddable":true,"href":"https:\/\/hudo.com\/si\/wp-json\/wp\/v2\/source?post=378429"},{"taxonomy":"supertag","embeddable":true,"href":"https:\/\/hudo.com\/si\/wp-json\/wp\/v2\/supertag?post=378429"}],"curies":[{"name":"wp","href":"https:\/\/api.w.org\/{rel}","templated":true}]}}