{"id":378463,"date":"2018-10-03T13:23:44","date_gmt":"2018-10-03T11:23:44","guid":{"rendered":"http:\/\/hudo.com\/si\/?p=378463"},"modified":"2018-10-03T13:25:14","modified_gmt":"2018-10-03T11:25:14","slug":"levica-bratuskova-naj-prekine-pogajanja-z-madzari-glede-drugega-tira","status":"publish","type":"post","link":"https:\/\/hudo.com\/si\/aktualno\/levica-bratuskova-naj-prekine-pogajanja-z-madzari-glede-drugega-tira\/","title":{"rendered":"Levica: &#8221;Bratu\u0161kova naj prekine pogajanja z Mad\u017eari glede drugega tira!&#8221;"},"content":{"rendered":"<p>Bratu\u0161kovo je Vatovec na dana\u0161nji novinarski konferenci pozval, naj odstopi od na\u010drta, da 200 milijonov kapitalskega vlo\u017eka zagotovijo Mad\u017eari.<\/p>\n<h2>Prej\u0161nja vlada zavajala glede Mad\u017earov<\/h2>\n<p>Nova ministrica je sicer \u017ee ve\u010dkrat izrazila prepri\u010danje, da je drugi \u017eelezni\u0161ki tir Koper-Diva\u010da mogo\u010de zgraditi brez Mad\u017earske, bo pa Slovenija pogovore s sosednjo dr\u017eavo nadaljevala, saj bi jih bilo nekorektno kar prekiniti.<\/p>\n<p>Poslanec Levice je sicer izpostavil, da se potrjujejo navedbe, na katere je njihova stranka opozarjala \u017ee od za\u010detka priprave zakona o izgradnji drugega tira. &#8220;Klju\u010dni problem pri vsej tej zgodbi je ne samo finan\u010dna konstrukcija, ampak razli\u010dne oz. nasprotujo\u010de si izjave na eni strani vlade in predstavnikov podjetja 2TDK glede razpisanih pogojev za pridobitev evropskih sredstev za izgradnjo drugega tira,&#8221; je dejal.<\/p>\n<p>Vlada v prej\u0161nji sestavi in 2TDK sta po mnenju Vatovca zavajala glede vklju\u010ditve Mad\u017earske oz. druge zaledne dr\u017eave v projekt, kar da naj bi bil pogoj za pridobitev evropskih sredstev. V Levici so namre\u010d pridobili pogodbo Slovenije z Evropsko komisijo, iz katere izhaja, da soudele\u017eba ni nujna.<\/p>\n<p>Projekt je ovrednoten na 894 milijonov evrov, od katerih mora Slovenija in po mo\u017enosti drugi kapitalski partner zagotoviti nekaj manj 434 milijonov evrov. &#8220;Jasno je, da udele\u017eba Mad\u017earske ni noben pogoj in delno pritrjuje, da je \u0161lo za zavajanje, ki sta se jih \u0161la takratni dr\u017eavni sekretar na infrastrukturnem ministrstvu Jure Leben in nekdanji direktor 2TDK Metod Dragonja,&#8221; je bil \u0161e kriti\u010den Vatovec.<\/p>\n","protected":false},"excerpt":{"rendered":"<p>V Levici ministrico za infrastrukturo Alenko Bratu\u0161ek pozivajo, naj odstopi od na\u010drta, da bi Mad\u017earska sodelovala pri projektu drugi tir. Matej T. Vatovec je danes \u0161e dejal, da se potrjujejo opozarjanja Levice in da udele\u017eba Mad\u017earske pri projektu ni bila pogoj za evropska sredstva, kot sta po njegovih besedah zavajala vlada in 2TDK.<\/p>\n","protected":false},"author":7,"featured_media":207056,"comment_status":"closed","ping_status":"closed","sticky":false,"template":"","format":"standard","meta":{"footnotes":""},"categories":[1179],"tags":[4161,6311,8983,2534,1595],"source":[4511],"supertag":[],"acf":[],"yoast_head":"<!-- This site is optimized with the Yoast SEO plugin v21.3 - https:\/\/yoast.com\/wordpress\/plugins\/seo\/ -->\n<title>Levica: &#039;&#039;Bratu\u0161kova naj prekine pogajanja z Mad\u017eari glede drugega tira!&#039;&#039; - Hudo Slovenija<\/title>\n<meta name=\"robots\" content=\"index, follow, max-snippet:-1, max-image-preview:large, max-video-preview:-1\" \/>\n<link rel=\"canonical\" href=\"https:\/\/hudo.com\/si\/aktualno\/levica-bratuskova-naj-prekine-pogajanja-z-madzari-glede-drugega-tira\/\" \/>\n<meta property=\"og:locale\" content=\"sl_SI\" \/>\n<meta property=\"og:type\" content=\"article\" \/>\n<meta property=\"og:title\" content=\"Levica: &#039;&#039;Bratu\u0161kova naj prekine pogajanja z Mad\u017eari glede drugega tira!&#039;&#039; - Hudo Slovenija\" \/>\n<meta property=\"og:description\" content=\"V Levici ministrico za infrastrukturo Alenko Bratu\u0161ek pozivajo, naj odstopi od na\u010drta, da bi Mad\u017earska sodelovala pri projektu drugi tir. Matej T. Vatovec je danes \u0161e dejal, da se potrjujejo opozarjanja Levice in da udele\u017eba Mad\u017earske pri projektu ni bila pogoj za evropska sredstva, kot sta po njegovih besedah zavajala vlada in 2TDK.\" \/>\n<meta property=\"og:url\" content=\"https:\/\/hudo.com\/si\/aktualno\/levica-bratuskova-naj-prekine-pogajanja-z-madzari-glede-drugega-tira\/\" \/>\n<meta property=\"og:site_name\" content=\"Hudo Slovenija\" \/>\n<meta property=\"article:publisher\" content=\"https:\/\/www.facebook.com\/hudo.si\" \/>\n<meta property=\"article:published_time\" content=\"2018-10-03T11:23:44+00:00\" \/>\n<meta property=\"article:modified_time\" content=\"2018-10-03T11:25:14+00:00\" \/>\n<meta property=\"og:image\" content=\"https:\/\/hudo.com\/si\/wp-content\/uploads\/sites\/2\/2017\/02\/profimedia-0236349817.jpg\" \/>\n\t<meta property=\"og:image:width\" content=\"1250\" \/>\n\t<meta property=\"og:image:height\" content=\"874\" \/>\n\t<meta property=\"og:image:type\" content=\"image\/jpeg\" \/>\n<meta name=\"author\" content=\"A. P., STA\" \/>\n<meta name=\"twitter:card\" content=\"summary_large_image\" \/>\n<meta name=\"twitter:creator\" content=\"@hudo_si\" \/>\n<meta name=\"twitter:site\" content=\"@hudo_si\" \/>\n<meta name=\"twitter:label1\" content=\"Written by\" \/>\n\t<meta name=\"twitter:data1\" content=\"A. P., STA\" \/>\n\t<meta name=\"twitter:label2\" content=\"Est. reading time\" \/>\n\t<meta name=\"twitter:data2\" content=\"1 minuta\" \/>\n<script type=\"application\/ld+json\" class=\"yoast-schema-graph\">{\"@context\":\"https:\/\/schema.org\",\"@graph\":[{\"@type\":\"Article\",\"@id\":\"https:\/\/hudo.com\/si\/aktualno\/levica-bratuskova-naj-prekine-pogajanja-z-madzari-glede-drugega-tira\/#article\",\"isPartOf\":{\"@id\":\"https:\/\/hudo.com\/si\/aktualno\/levica-bratuskova-naj-prekine-pogajanja-z-madzari-glede-drugega-tira\/\"},\"author\":{\"name\":\"A. P., STA\",\"@id\":\"https:\/\/hudo.com\/si\/#\/schema\/person\/18f09c02475ba9e606e941a565b80cff\"},\"headline\":\"Levica: &#8221;Bratu\u0161kova naj prekine pogajanja z Mad\u017eari glede drugega tira!&#8221;\",\"datePublished\":\"2018-10-03T11:23:44+00:00\",\"dateModified\":\"2018-10-03T11:25:14+00:00\",\"mainEntityOfPage\":{\"@id\":\"https:\/\/hudo.com\/si\/aktualno\/levica-bratuskova-naj-prekine-pogajanja-z-madzari-glede-drugega-tira\/\"},\"wordCount\":268,\"publisher\":{\"@id\":\"https:\/\/hudo.com\/si\/#organization\"},\"keywords\":[\"Alenka Bratu\u0161ek\",\"drugi tir\",\"levica\",\"Mad\u017earska\",\"Slovenija\"],\"articleSection\":[\"Aktualno\"],\"inLanguage\":\"sl-SI\"},{\"@type\":\"WebPage\",\"@id\":\"https:\/\/hudo.com\/si\/aktualno\/levica-bratuskova-naj-prekine-pogajanja-z-madzari-glede-drugega-tira\/\",\"url\":\"https:\/\/hudo.com\/si\/aktualno\/levica-bratuskova-naj-prekine-pogajanja-z-madzari-glede-drugega-tira\/\",\"name\":\"Levica: ''Bratu\u0161kova naj prekine pogajanja z Mad\u017eari glede drugega tira!'' - Hudo Slovenija\",\"isPartOf\":{\"@id\":\"https:\/\/hudo.com\/si\/#website\"},\"datePublished\":\"2018-10-03T11:23:44+00:00\",\"dateModified\":\"2018-10-03T11:25:14+00:00\",\"breadcrumb\":{\"@id\":\"https:\/\/hudo.com\/si\/aktualno\/levica-bratuskova-naj-prekine-pogajanja-z-madzari-glede-drugega-tira\/#breadcrumb\"},\"inLanguage\":\"sl-SI\",\"potentialAction\":[{\"@type\":\"ReadAction\",\"target\":[\"https:\/\/hudo.com\/si\/aktualno\/levica-bratuskova-naj-prekine-pogajanja-z-madzari-glede-drugega-tira\/\"]}]},{\"@type\":\"BreadcrumbList\",\"@id\":\"https:\/\/hudo.com\/si\/aktualno\/levica-bratuskova-naj-prekine-pogajanja-z-madzari-glede-drugega-tira\/#breadcrumb\",\"itemListElement\":[{\"@type\":\"ListItem\",\"position\":1,\"name\":\"Home\",\"item\":\"https:\/\/hudo.com\/si\/\"},{\"@type\":\"ListItem\",\"position\":2,\"name\":\"Levica: &#8221;Bratu\u0161kova naj prekine pogajanja z Mad\u017eari glede drugega tira!&#8221;\"}]},{\"@type\":\"WebSite\",\"@id\":\"https:\/\/hudo.com\/si\/#website\",\"url\":\"https:\/\/hudo.com\/si\/\",\"name\":\"Hudo Slovenija\",\"description\":\"Vse novice iz Slovenije in sveta\",\"publisher\":{\"@id\":\"https:\/\/hudo.com\/si\/#organization\"},\"potentialAction\":[{\"@type\":\"SearchAction\",\"target\":{\"@type\":\"EntryPoint\",\"urlTemplate\":\"https:\/\/hudo.com\/si\/?s={search_term_string}\"},\"query-input\":\"required name=search_term_string\"}],\"inLanguage\":\"sl-SI\"},{\"@type\":\"Organization\",\"@id\":\"https:\/\/hudo.com\/si\/#organization\",\"name\":\"VSN Media\",\"url\":\"https:\/\/hudo.com\/si\/\",\"logo\":{\"@type\":\"ImageObject\",\"inLanguage\":\"sl-SI\",\"@id\":\"https:\/\/hudo.com\/si\/#\/schema\/logo\/image\/\",\"url\":\"https:\/\/hudo.com\/si\/wp-content\/uploads\/sites\/2\/2021\/03\/hudo-app-2.png\",\"contentUrl\":\"https:\/\/hudo.com\/si\/wp-content\/uploads\/sites\/2\/2021\/03\/hudo-app-2.png\",\"width\":2185,\"height\":2167,\"caption\":\"VSN Media\"},\"image\":{\"@id\":\"https:\/\/hudo.com\/si\/#\/schema\/logo\/image\/\"},\"sameAs\":[\"https:\/\/www.facebook.com\/hudo.si\",\"https:\/\/twitter.com\/hudo_si\"]},{\"@type\":\"Person\",\"@id\":\"https:\/\/hudo.com\/si\/#\/schema\/person\/18f09c02475ba9e606e941a565b80cff\",\"name\":\"A. P., STA\",\"image\":{\"@type\":\"ImageObject\",\"inLanguage\":\"sl-SI\",\"@id\":\"https:\/\/hudo.com\/si\/#\/schema\/person\/image\/\",\"url\":\"https:\/\/secure.gravatar.com\/avatar\/03eac8e609f5f04383125d80eaeaaf3e?s=96&d=mm&r=g\",\"contentUrl\":\"https:\/\/secure.gravatar.com\/avatar\/03eac8e609f5f04383125d80eaeaaf3e?s=96&d=mm&r=g\",\"caption\":\"A. P., STA\"},\"url\":\"https:\/\/hudo.com\/si\/author\/lubu\/\"}]}<\/script>\n<!-- \/ Yoast SEO plugin. -->","yoast_head_json":{"title":"Levica: ''Bratu\u0161kova naj prekine pogajanja z Mad\u017eari glede drugega tira!'' - Hudo Slovenija","robots":{"index":"index","follow":"follow","max-snippet":"max-snippet:-1","max-image-preview":"max-image-preview:large","max-video-preview":"max-video-preview:-1"},"canonical":"https:\/\/hudo.com\/si\/aktualno\/levica-bratuskova-naj-prekine-pogajanja-z-madzari-glede-drugega-tira\/","og_locale":"sl_SI","og_type":"article","og_title":"Levica: ''Bratu\u0161kova naj prekine pogajanja z Mad\u017eari glede drugega tira!'' - Hudo Slovenija","og_description":"V Levici ministrico za infrastrukturo Alenko Bratu\u0161ek pozivajo, naj odstopi od na\u010drta, da bi Mad\u017earska sodelovala pri projektu drugi tir. Matej T. Vatovec je danes \u0161e dejal, da se potrjujejo opozarjanja Levice in da udele\u017eba Mad\u017earske pri projektu ni bila pogoj za evropska sredstva, kot sta po njegovih besedah zavajala vlada in 2TDK.","og_url":"https:\/\/hudo.com\/si\/aktualno\/levica-bratuskova-naj-prekine-pogajanja-z-madzari-glede-drugega-tira\/","og_site_name":"Hudo Slovenija","article_publisher":"https:\/\/www.facebook.com\/hudo.si","article_published_time":"2018-10-03T11:23:44+00:00","article_modified_time":"2018-10-03T11:25:14+00:00","og_image":[{"width":1250,"height":874,"url":"https:\/\/hudo.com\/si\/wp-content\/uploads\/sites\/2\/2017\/02\/profimedia-0236349817.jpg","type":"image\/jpeg"}],"author":"A. P., STA","twitter_card":"summary_large_image","twitter_creator":"@hudo_si","twitter_site":"@hudo_si","twitter_misc":{"Written by":"A. P., STA","Est. reading time":"1 minuta"},"schema":{"@context":"https:\/\/schema.org","@graph":[{"@type":"Article","@id":"https:\/\/hudo.com\/si\/aktualno\/levica-bratuskova-naj-prekine-pogajanja-z-madzari-glede-drugega-tira\/#article","isPartOf":{"@id":"https:\/\/hudo.com\/si\/aktualno\/levica-bratuskova-naj-prekine-pogajanja-z-madzari-glede-drugega-tira\/"},"author":{"name":"A. P., STA","@id":"https:\/\/hudo.com\/si\/#\/schema\/person\/18f09c02475ba9e606e941a565b80cff"},"headline":"Levica: &#8221;Bratu\u0161kova naj prekine pogajanja z Mad\u017eari glede drugega tira!&#8221;","datePublished":"2018-10-03T11:23:44+00:00","dateModified":"2018-10-03T11:25:14+00:00","mainEntityOfPage":{"@id":"https:\/\/hudo.com\/si\/aktualno\/levica-bratuskova-naj-prekine-pogajanja-z-madzari-glede-drugega-tira\/"},"wordCount":268,"publisher":{"@id":"https:\/\/hudo.com\/si\/#organization"},"keywords":["Alenka Bratu\u0161ek","drugi tir","levica","Mad\u017earska","Slovenija"],"articleSection":["Aktualno"],"inLanguage":"sl-SI"},{"@type":"WebPage","@id":"https:\/\/hudo.com\/si\/aktualno\/levica-bratuskova-naj-prekine-pogajanja-z-madzari-glede-drugega-tira\/","url":"https:\/\/hudo.com\/si\/aktualno\/levica-bratuskova-naj-prekine-pogajanja-z-madzari-glede-drugega-tira\/","name":"Levica: ''Bratu\u0161kova naj prekine pogajanja z Mad\u017eari glede drugega tira!'' - Hudo Slovenija","isPartOf":{"@id":"https:\/\/hudo.com\/si\/#website"},"datePublished":"2018-10-03T11:23:44+00:00","dateModified":"2018-10-03T11:25:14+00:00","breadcrumb":{"@id":"https:\/\/hudo.com\/si\/aktualno\/levica-bratuskova-naj-prekine-pogajanja-z-madzari-glede-drugega-tira\/#breadcrumb"},"inLanguage":"sl-SI","potentialAction":[{"@type":"ReadAction","target":["https:\/\/hudo.com\/si\/aktualno\/levica-bratuskova-naj-prekine-pogajanja-z-madzari-glede-drugega-tira\/"]}]},{"@type":"BreadcrumbList","@id":"https:\/\/hudo.com\/si\/aktualno\/levica-bratuskova-naj-prekine-pogajanja-z-madzari-glede-drugega-tira\/#breadcrumb","itemListElement":[{"@type":"ListItem","position":1,"name":"Home","item":"https:\/\/hudo.com\/si\/"},{"@type":"ListItem","position":2,"name":"Levica: &#8221;Bratu\u0161kova naj prekine pogajanja z Mad\u017eari glede drugega tira!&#8221;"}]},{"@type":"WebSite","@id":"https:\/\/hudo.com\/si\/#website","url":"https:\/\/hudo.com\/si\/","name":"Hudo Slovenija","description":"Vse novice iz Slovenije in sveta","publisher":{"@id":"https:\/\/hudo.com\/si\/#organization"},"potentialAction":[{"@type":"SearchAction","target":{"@type":"EntryPoint","urlTemplate":"https:\/\/hudo.com\/si\/?s={search_term_string}"},"query-input":"required name=search_term_string"}],"inLanguage":"sl-SI"},{"@type":"Organization","@id":"https:\/\/hudo.com\/si\/#organization","name":"VSN Media","url":"https:\/\/hudo.com\/si\/","logo":{"@type":"ImageObject","inLanguage":"sl-SI","@id":"https:\/\/hudo.com\/si\/#\/schema\/logo\/image\/","url":"https:\/\/hudo.com\/si\/wp-content\/uploads\/sites\/2\/2021\/03\/hudo-app-2.png","contentUrl":"https:\/\/hudo.com\/si\/wp-content\/uploads\/sites\/2\/2021\/03\/hudo-app-2.png","width":2185,"height":2167,"caption":"VSN Media"},"image":{"@id":"https:\/\/hudo.com\/si\/#\/schema\/logo\/image\/"},"sameAs":["https:\/\/www.facebook.com\/hudo.si","https:\/\/twitter.com\/hudo_si"]},{"@type":"Person","@id":"https:\/\/hudo.com\/si\/#\/schema\/person\/18f09c02475ba9e606e941a565b80cff","name":"A. P., STA","image":{"@type":"ImageObject","inLanguage":"sl-SI","@id":"https:\/\/hudo.com\/si\/#\/schema\/person\/image\/","url":"https:\/\/secure.gravatar.com\/avatar\/03eac8e609f5f04383125d80eaeaaf3e?s=96&d=mm&r=g","contentUrl":"https:\/\/secure.gravatar.com\/avatar\/03eac8e609f5f04383125d80eaeaaf3e?s=96&d=mm&r=g","caption":"A. P., STA"},"url":"https:\/\/hudo.com\/si\/author\/lubu\/"}]}},"amp_enabled":true,"_links":{"self":[{"href":"https:\/\/hudo.com\/si\/wp-json\/wp\/v2\/posts\/378463"}],"collection":[{"href":"https:\/\/hudo.com\/si\/wp-json\/wp\/v2\/posts"}],"about":[{"href":"https:\/\/hudo.com\/si\/wp-json\/wp\/v2\/types\/post"}],"author":[{"embeddable":true,"href":"https:\/\/hudo.com\/si\/wp-json\/wp\/v2\/users\/7"}],"replies":[{"embeddable":true,"href":"https:\/\/hudo.com\/si\/wp-json\/wp\/v2\/comments?post=378463"}],"version-history":[{"count":2,"href":"https:\/\/hudo.com\/si\/wp-json\/wp\/v2\/posts\/378463\/revisions"}],"predecessor-version":[{"id":378465,"href":"https:\/\/hudo.com\/si\/wp-json\/wp\/v2\/posts\/378463\/revisions\/378465"}],"wp:featuredmedia":[{"embeddable":true,"href":"https:\/\/hudo.com\/si\/wp-json\/wp\/v2\/media\/207056"}],"wp:attachment":[{"href":"https:\/\/hudo.com\/si\/wp-json\/wp\/v2\/media?parent=378463"}],"wp:term":[{"taxonomy":"category","embeddable":true,"href":"https:\/\/hudo.com\/si\/wp-json\/wp\/v2\/categories?post=378463"},{"taxonomy":"post_tag","embeddable":true,"href":"https:\/\/hudo.com\/si\/wp-json\/wp\/v2\/tags?post=378463"},{"taxonomy":"source","embeddable":true,"href":"https:\/\/hudo.com\/si\/wp-json\/wp\/v2\/source?post=378463"},{"taxonomy":"supertag","embeddable":true,"href":"https:\/\/hudo.com\/si\/wp-json\/wp\/v2\/supertag?post=378463"}],"curies":[{"name":"wp","href":"https:\/\/api.w.org\/{rel}","templated":true}]}}