{"id":378598,"date":"2018-10-05T09:32:56","date_gmt":"2018-10-05T07:32:56","guid":{"rendered":"http:\/\/hudo.com\/si\/?p=378598"},"modified":"2018-10-05T09:32:56","modified_gmt":"2018-10-05T07:32:56","slug":"crnkovic-bo-od-drzave-prejel-63-000-evrov-odskodnine-ker-je-primer-patria-zastaral-pred-zakljuckom-sojenja","status":"publish","type":"post","link":"https:\/\/hudo.com\/si\/aktualno\/crnkovic-bo-od-drzave-prejel-63-000-evrov-odskodnine-ker-je-primer-patria-zastaral-pred-zakljuckom-sojenja\/","title":{"rendered":"\u010crnkovi\u010d bo od dr\u017eave prejel 63.000 evrov od\u0161kodnine, ker je primer Patria zastaral pred zaklju\u010dkom sojenja"},"content":{"rendered":"<p>Po vlo\u017eenem od\u0161kodninskem zahtevku je \u010crnkovi\u010d z dr\u017eavnim odvetni\u0161tvom najprej sklenil delno zunajsodno poravnavo, s katero se je Republika Slovenija zavezala pla\u010dati 11.324 evrov z zakonskimi zamudnimi obrestmi za izgubo pri zaslu\u017eku. Julija pa je sklenil \u0161e drugi del zunajsodne poravnave, ki je zajela vse druge \u010crnkovi\u010deve zahtevke, so za \u010dasnik potrdili na dr\u017eavnem odvetni\u0161tvu.<\/p>\n<h2>Koliko bo dobil Jan\u0161a?<\/h2>\n<p>Dr\u017eava se je zavezala pla\u010dati 51.513 evrov s pripadajo\u010dimi zakonskimi zamudnimi obrestmi in stro\u0161ki postopka za nepremo\u017eenjsko \u0161kodo oziroma neupravi\u010den zapor in posledi\u010dno trajne posledice zmanj\u0161anja \u017eivljenjskih aktivnosti ter za izgubljen dobi\u010dek podjetja.<\/p>\n<p>Poleg \u010crnkovi\u010da od\u0161kodnino zaradi neupravi\u010denega prestajanja zaporne kazni od dr\u017eave terjata tudi upokojeni brigadir in nekdanji poveljnik specialne brigade Moris Tone Krkovi\u010d ter predsednik SDS Janez Jan\u0161a. Prvi narok za obravnavo to\u017ebe nekdanjega poveljnika specialne brigade Moris Krkovi\u010da je ljubljansko okro\u017eno sodi\u0161\u010de razpisalo za 25. oktobra, to\u017eba Jan\u0161e pa \u0161e ni pri\u0161la na vrsto za obravnavo.<\/p>\n<p>Krkovi\u010du je dr\u017eavno odvetni\u0161tvo v predhodnem postopku ponudilo dobrih 35.000 evrov, vendar ponudbe ni sprejel. Zato s to\u017ebo terja 601.119 evrov kot povra\u010dilo \u0161kode zaradi &#8220;neupravi\u010denega in nezakonito vodenega kazenskega postopka, nezakonitega obto\u017enega predloga in kazenske obsodbe&#8221; ter neutemeljenega odvzema prostosti v trajanju 294 dni.<\/p>\n<p>Kdaj bo pri\u0161la na vrsto to\u017eba Jan\u0161e, ki je bil zaprt 176 dni in od dr\u017eave terja 901.119 evrov od\u0161kodnine, medtem \u0161e ni znano. Jan\u0161a je tolik\u0161en znesek zahteval \u017ee v predhodnem postopku, a mu je dr\u017eava ponudila zgolj dobrih 52.000 evrov. To\u017ebo je nato vlo\u017eil tako zoper dr\u017eavo kakor zoper \u0161tiri sodnike in sodnice, ki so sodelovali v postopku Patria, ter avtorico obto\u017enega predloga nekdanjo to\u017eilko Branko Zobec Hrastar, \u0161e pi\u0161e Delo.<\/p>\n","protected":false},"excerpt":{"rendered":"<p>Prokurist podjetja Rotis Ivan \u010crnkovi\u010d se je z dr\u017eavo poravnal o od\u0161kodnini v primeru Patria, ki je po razveljavitvi obsodilne sodbe na ustavnem sodi\u0161\u010du zastaral. Kot poro\u010da Delo, je zahteval 13,4 milijona evrov od\u0161kodnine zaradi 184 dni neupravi\u010denega prestajanja zaporne kazni in poslovne \u0161kode, zadovoljil pa se je z nekaj manj kot 63.000 evri.<\/p>\n","protected":false},"author":7,"featured_media":378030,"comment_status":"closed","ping_status":"closed","sticky":false,"template":"","format":"standard","meta":{"footnotes":""},"categories":[1179],"tags":[9628,5845,5221,6234,1595,4770],"source":[4511],"supertag":[7150],"acf":[],"yoast_head":"<!-- This site is optimized with the Yoast SEO plugin v21.3 - https:\/\/yoast.com\/wordpress\/plugins\/seo\/ -->\n<title>\u010crnkovi\u010d bo od dr\u017eave prejel 63.000 evrov od\u0161kodnine, ker je primer Patria zastaral pred zaklju\u010dkom sojenja - Hudo Slovenija<\/title>\n<meta name=\"robots\" content=\"index, follow, max-snippet:-1, max-image-preview:large, max-video-preview:-1\" \/>\n<link rel=\"canonical\" href=\"https:\/\/hudo.com\/si\/aktualno\/crnkovic-bo-od-drzave-prejel-63-000-evrov-odskodnine-ker-je-primer-patria-zastaral-pred-zakljuckom-sojenja\/\" \/>\n<meta property=\"og:locale\" content=\"sl_SI\" \/>\n<meta property=\"og:type\" content=\"article\" \/>\n<meta property=\"og:title\" content=\"\u010crnkovi\u010d bo od dr\u017eave prejel 63.000 evrov od\u0161kodnine, ker je primer Patria zastaral pred zaklju\u010dkom sojenja - Hudo Slovenija\" \/>\n<meta property=\"og:description\" content=\"Prokurist podjetja Rotis Ivan \u010crnkovi\u010d se je z dr\u017eavo poravnal o od\u0161kodnini v primeru Patria, ki je po razveljavitvi obsodilne sodbe na ustavnem sodi\u0161\u010du zastaral. Kot poro\u010da Delo, je zahteval 13,4 milijona evrov od\u0161kodnine zaradi 184 dni neupravi\u010denega prestajanja zaporne kazni in poslovne \u0161kode, zadovoljil pa se je z nekaj manj kot 63.000 evri.\" \/>\n<meta property=\"og:url\" content=\"https:\/\/hudo.com\/si\/aktualno\/crnkovic-bo-od-drzave-prejel-63-000-evrov-odskodnine-ker-je-primer-patria-zastaral-pred-zakljuckom-sojenja\/\" \/>\n<meta property=\"og:site_name\" content=\"Hudo Slovenija\" \/>\n<meta property=\"article:publisher\" content=\"https:\/\/www.facebook.com\/hudo.si\" \/>\n<meta property=\"article:published_time\" content=\"2018-10-05T07:32:56+00:00\" \/>\n<meta property=\"og:image\" content=\"https:\/\/hudo.com\/si\/wp-content\/uploads\/sites\/2\/2018\/09\/profimedia-0165290074.jpg\" \/>\n\t<meta property=\"og:image:width\" content=\"1250\" \/>\n\t<meta property=\"og:image:height\" content=\"884\" \/>\n\t<meta property=\"og:image:type\" content=\"image\/jpeg\" \/>\n<meta name=\"author\" content=\"A. P., STA\" \/>\n<meta name=\"twitter:card\" content=\"summary_large_image\" \/>\n<meta name=\"twitter:creator\" content=\"@hudo_si\" \/>\n<meta name=\"twitter:site\" content=\"@hudo_si\" \/>\n<meta name=\"twitter:label1\" content=\"Written by\" \/>\n\t<meta name=\"twitter:data1\" content=\"A. P., STA\" \/>\n\t<meta name=\"twitter:label2\" content=\"Est. reading time\" \/>\n\t<meta name=\"twitter:data2\" content=\"2 minuti\" \/>\n<script type=\"application\/ld+json\" class=\"yoast-schema-graph\">{\"@context\":\"https:\/\/schema.org\",\"@graph\":[{\"@type\":\"Article\",\"@id\":\"https:\/\/hudo.com\/si\/aktualno\/crnkovic-bo-od-drzave-prejel-63-000-evrov-odskodnine-ker-je-primer-patria-zastaral-pred-zakljuckom-sojenja\/#article\",\"isPartOf\":{\"@id\":\"https:\/\/hudo.com\/si\/aktualno\/crnkovic-bo-od-drzave-prejel-63-000-evrov-odskodnine-ker-je-primer-patria-zastaral-pred-zakljuckom-sojenja\/\"},\"author\":{\"name\":\"A. P., STA\",\"@id\":\"https:\/\/hudo.com\/si\/#\/schema\/person\/18f09c02475ba9e606e941a565b80cff\"},\"headline\":\"\u010crnkovi\u010d bo od dr\u017eave prejel 63.000 evrov od\u0161kodnine, ker je primer Patria zastaral pred zaklju\u010dkom sojenja\",\"datePublished\":\"2018-10-05T07:32:56+00:00\",\"dateModified\":\"2018-10-05T07:32:56+00:00\",\"mainEntityOfPage\":{\"@id\":\"https:\/\/hudo.com\/si\/aktualno\/crnkovic-bo-od-drzave-prejel-63-000-evrov-odskodnine-ker-je-primer-patria-zastaral-pred-zakljuckom-sojenja\/\"},\"wordCount\":327,\"publisher\":{\"@id\":\"https:\/\/hudo.com\/si\/#organization\"},\"keywords\":[\"Ivan \u010crnkovi\u010d\",\"janez jan\u0161a\",\"korupcija\",\"patria\",\"Slovenija\",\"sodi\u0161\u010de\"],\"articleSection\":[\"Aktualno\"],\"inLanguage\":\"sl-SI\"},{\"@type\":\"WebPage\",\"@id\":\"https:\/\/hudo.com\/si\/aktualno\/crnkovic-bo-od-drzave-prejel-63-000-evrov-odskodnine-ker-je-primer-patria-zastaral-pred-zakljuckom-sojenja\/\",\"url\":\"https:\/\/hudo.com\/si\/aktualno\/crnkovic-bo-od-drzave-prejel-63-000-evrov-odskodnine-ker-je-primer-patria-zastaral-pred-zakljuckom-sojenja\/\",\"name\":\"\u010crnkovi\u010d bo od dr\u017eave prejel 63.000 evrov od\u0161kodnine, ker je primer Patria zastaral pred zaklju\u010dkom sojenja - Hudo Slovenija\",\"isPartOf\":{\"@id\":\"https:\/\/hudo.com\/si\/#website\"},\"datePublished\":\"2018-10-05T07:32:56+00:00\",\"dateModified\":\"2018-10-05T07:32:56+00:00\",\"breadcrumb\":{\"@id\":\"https:\/\/hudo.com\/si\/aktualno\/crnkovic-bo-od-drzave-prejel-63-000-evrov-odskodnine-ker-je-primer-patria-zastaral-pred-zakljuckom-sojenja\/#breadcrumb\"},\"inLanguage\":\"sl-SI\",\"potentialAction\":[{\"@type\":\"ReadAction\",\"target\":[\"https:\/\/hudo.com\/si\/aktualno\/crnkovic-bo-od-drzave-prejel-63-000-evrov-odskodnine-ker-je-primer-patria-zastaral-pred-zakljuckom-sojenja\/\"]}]},{\"@type\":\"BreadcrumbList\",\"@id\":\"https:\/\/hudo.com\/si\/aktualno\/crnkovic-bo-od-drzave-prejel-63-000-evrov-odskodnine-ker-je-primer-patria-zastaral-pred-zakljuckom-sojenja\/#breadcrumb\",\"itemListElement\":[{\"@type\":\"ListItem\",\"position\":1,\"name\":\"Home\",\"item\":\"https:\/\/hudo.com\/si\/\"},{\"@type\":\"ListItem\",\"position\":2,\"name\":\"\u010crnkovi\u010d bo od dr\u017eave prejel 63.000 evrov od\u0161kodnine, ker je primer Patria zastaral pred zaklju\u010dkom sojenja\"}]},{\"@type\":\"WebSite\",\"@id\":\"https:\/\/hudo.com\/si\/#website\",\"url\":\"https:\/\/hudo.com\/si\/\",\"name\":\"Hudo Slovenija\",\"description\":\"Vse novice iz Slovenije in sveta\",\"publisher\":{\"@id\":\"https:\/\/hudo.com\/si\/#organization\"},\"potentialAction\":[{\"@type\":\"SearchAction\",\"target\":{\"@type\":\"EntryPoint\",\"urlTemplate\":\"https:\/\/hudo.com\/si\/?s={search_term_string}\"},\"query-input\":\"required name=search_term_string\"}],\"inLanguage\":\"sl-SI\"},{\"@type\":\"Organization\",\"@id\":\"https:\/\/hudo.com\/si\/#organization\",\"name\":\"VSN Media\",\"url\":\"https:\/\/hudo.com\/si\/\",\"logo\":{\"@type\":\"ImageObject\",\"inLanguage\":\"sl-SI\",\"@id\":\"https:\/\/hudo.com\/si\/#\/schema\/logo\/image\/\",\"url\":\"https:\/\/hudo.com\/si\/wp-content\/uploads\/sites\/2\/2021\/03\/hudo-app-2.png\",\"contentUrl\":\"https:\/\/hudo.com\/si\/wp-content\/uploads\/sites\/2\/2021\/03\/hudo-app-2.png\",\"width\":2185,\"height\":2167,\"caption\":\"VSN Media\"},\"image\":{\"@id\":\"https:\/\/hudo.com\/si\/#\/schema\/logo\/image\/\"},\"sameAs\":[\"https:\/\/www.facebook.com\/hudo.si\",\"https:\/\/twitter.com\/hudo_si\"]},{\"@type\":\"Person\",\"@id\":\"https:\/\/hudo.com\/si\/#\/schema\/person\/18f09c02475ba9e606e941a565b80cff\",\"name\":\"A. P., STA\",\"image\":{\"@type\":\"ImageObject\",\"inLanguage\":\"sl-SI\",\"@id\":\"https:\/\/hudo.com\/si\/#\/schema\/person\/image\/\",\"url\":\"https:\/\/secure.gravatar.com\/avatar\/03eac8e609f5f04383125d80eaeaaf3e?s=96&d=mm&r=g\",\"contentUrl\":\"https:\/\/secure.gravatar.com\/avatar\/03eac8e609f5f04383125d80eaeaaf3e?s=96&d=mm&r=g\",\"caption\":\"A. P., STA\"},\"url\":\"https:\/\/hudo.com\/si\/author\/lubu\/\"}]}<\/script>\n<!-- \/ Yoast SEO plugin. -->","yoast_head_json":{"title":"\u010crnkovi\u010d bo od dr\u017eave prejel 63.000 evrov od\u0161kodnine, ker je primer Patria zastaral pred zaklju\u010dkom sojenja - Hudo Slovenija","robots":{"index":"index","follow":"follow","max-snippet":"max-snippet:-1","max-image-preview":"max-image-preview:large","max-video-preview":"max-video-preview:-1"},"canonical":"https:\/\/hudo.com\/si\/aktualno\/crnkovic-bo-od-drzave-prejel-63-000-evrov-odskodnine-ker-je-primer-patria-zastaral-pred-zakljuckom-sojenja\/","og_locale":"sl_SI","og_type":"article","og_title":"\u010crnkovi\u010d bo od dr\u017eave prejel 63.000 evrov od\u0161kodnine, ker je primer Patria zastaral pred zaklju\u010dkom sojenja - Hudo Slovenija","og_description":"Prokurist podjetja Rotis Ivan \u010crnkovi\u010d se je z dr\u017eavo poravnal o od\u0161kodnini v primeru Patria, ki je po razveljavitvi obsodilne sodbe na ustavnem sodi\u0161\u010du zastaral. Kot poro\u010da Delo, je zahteval 13,4 milijona evrov od\u0161kodnine zaradi 184 dni neupravi\u010denega prestajanja zaporne kazni in poslovne \u0161kode, zadovoljil pa se je z nekaj manj kot 63.000 evri.","og_url":"https:\/\/hudo.com\/si\/aktualno\/crnkovic-bo-od-drzave-prejel-63-000-evrov-odskodnine-ker-je-primer-patria-zastaral-pred-zakljuckom-sojenja\/","og_site_name":"Hudo Slovenija","article_publisher":"https:\/\/www.facebook.com\/hudo.si","article_published_time":"2018-10-05T07:32:56+00:00","og_image":[{"width":1250,"height":884,"url":"https:\/\/hudo.com\/si\/wp-content\/uploads\/sites\/2\/2018\/09\/profimedia-0165290074.jpg","type":"image\/jpeg"}],"author":"A. P., STA","twitter_card":"summary_large_image","twitter_creator":"@hudo_si","twitter_site":"@hudo_si","twitter_misc":{"Written by":"A. P., STA","Est. reading time":"2 minuti"},"schema":{"@context":"https:\/\/schema.org","@graph":[{"@type":"Article","@id":"https:\/\/hudo.com\/si\/aktualno\/crnkovic-bo-od-drzave-prejel-63-000-evrov-odskodnine-ker-je-primer-patria-zastaral-pred-zakljuckom-sojenja\/#article","isPartOf":{"@id":"https:\/\/hudo.com\/si\/aktualno\/crnkovic-bo-od-drzave-prejel-63-000-evrov-odskodnine-ker-je-primer-patria-zastaral-pred-zakljuckom-sojenja\/"},"author":{"name":"A. P., STA","@id":"https:\/\/hudo.com\/si\/#\/schema\/person\/18f09c02475ba9e606e941a565b80cff"},"headline":"\u010crnkovi\u010d bo od dr\u017eave prejel 63.000 evrov od\u0161kodnine, ker je primer Patria zastaral pred zaklju\u010dkom sojenja","datePublished":"2018-10-05T07:32:56+00:00","dateModified":"2018-10-05T07:32:56+00:00","mainEntityOfPage":{"@id":"https:\/\/hudo.com\/si\/aktualno\/crnkovic-bo-od-drzave-prejel-63-000-evrov-odskodnine-ker-je-primer-patria-zastaral-pred-zakljuckom-sojenja\/"},"wordCount":327,"publisher":{"@id":"https:\/\/hudo.com\/si\/#organization"},"keywords":["Ivan \u010crnkovi\u010d","janez jan\u0161a","korupcija","patria","Slovenija","sodi\u0161\u010de"],"articleSection":["Aktualno"],"inLanguage":"sl-SI"},{"@type":"WebPage","@id":"https:\/\/hudo.com\/si\/aktualno\/crnkovic-bo-od-drzave-prejel-63-000-evrov-odskodnine-ker-je-primer-patria-zastaral-pred-zakljuckom-sojenja\/","url":"https:\/\/hudo.com\/si\/aktualno\/crnkovic-bo-od-drzave-prejel-63-000-evrov-odskodnine-ker-je-primer-patria-zastaral-pred-zakljuckom-sojenja\/","name":"\u010crnkovi\u010d bo od dr\u017eave prejel 63.000 evrov od\u0161kodnine, ker je primer Patria zastaral pred zaklju\u010dkom sojenja - Hudo Slovenija","isPartOf":{"@id":"https:\/\/hudo.com\/si\/#website"},"datePublished":"2018-10-05T07:32:56+00:00","dateModified":"2018-10-05T07:32:56+00:00","breadcrumb":{"@id":"https:\/\/hudo.com\/si\/aktualno\/crnkovic-bo-od-drzave-prejel-63-000-evrov-odskodnine-ker-je-primer-patria-zastaral-pred-zakljuckom-sojenja\/#breadcrumb"},"inLanguage":"sl-SI","potentialAction":[{"@type":"ReadAction","target":["https:\/\/hudo.com\/si\/aktualno\/crnkovic-bo-od-drzave-prejel-63-000-evrov-odskodnine-ker-je-primer-patria-zastaral-pred-zakljuckom-sojenja\/"]}]},{"@type":"BreadcrumbList","@id":"https:\/\/hudo.com\/si\/aktualno\/crnkovic-bo-od-drzave-prejel-63-000-evrov-odskodnine-ker-je-primer-patria-zastaral-pred-zakljuckom-sojenja\/#breadcrumb","itemListElement":[{"@type":"ListItem","position":1,"name":"Home","item":"https:\/\/hudo.com\/si\/"},{"@type":"ListItem","position":2,"name":"\u010crnkovi\u010d bo od dr\u017eave prejel 63.000 evrov od\u0161kodnine, ker je primer Patria zastaral pred zaklju\u010dkom sojenja"}]},{"@type":"WebSite","@id":"https:\/\/hudo.com\/si\/#website","url":"https:\/\/hudo.com\/si\/","name":"Hudo Slovenija","description":"Vse novice iz Slovenije in sveta","publisher":{"@id":"https:\/\/hudo.com\/si\/#organization"},"potentialAction":[{"@type":"SearchAction","target":{"@type":"EntryPoint","urlTemplate":"https:\/\/hudo.com\/si\/?s={search_term_string}"},"query-input":"required name=search_term_string"}],"inLanguage":"sl-SI"},{"@type":"Organization","@id":"https:\/\/hudo.com\/si\/#organization","name":"VSN Media","url":"https:\/\/hudo.com\/si\/","logo":{"@type":"ImageObject","inLanguage":"sl-SI","@id":"https:\/\/hudo.com\/si\/#\/schema\/logo\/image\/","url":"https:\/\/hudo.com\/si\/wp-content\/uploads\/sites\/2\/2021\/03\/hudo-app-2.png","contentUrl":"https:\/\/hudo.com\/si\/wp-content\/uploads\/sites\/2\/2021\/03\/hudo-app-2.png","width":2185,"height":2167,"caption":"VSN Media"},"image":{"@id":"https:\/\/hudo.com\/si\/#\/schema\/logo\/image\/"},"sameAs":["https:\/\/www.facebook.com\/hudo.si","https:\/\/twitter.com\/hudo_si"]},{"@type":"Person","@id":"https:\/\/hudo.com\/si\/#\/schema\/person\/18f09c02475ba9e606e941a565b80cff","name":"A. P., STA","image":{"@type":"ImageObject","inLanguage":"sl-SI","@id":"https:\/\/hudo.com\/si\/#\/schema\/person\/image\/","url":"https:\/\/secure.gravatar.com\/avatar\/03eac8e609f5f04383125d80eaeaaf3e?s=96&d=mm&r=g","contentUrl":"https:\/\/secure.gravatar.com\/avatar\/03eac8e609f5f04383125d80eaeaaf3e?s=96&d=mm&r=g","caption":"A. P., STA"},"url":"https:\/\/hudo.com\/si\/author\/lubu\/"}]}},"amp_enabled":true,"_links":{"self":[{"href":"https:\/\/hudo.com\/si\/wp-json\/wp\/v2\/posts\/378598"}],"collection":[{"href":"https:\/\/hudo.com\/si\/wp-json\/wp\/v2\/posts"}],"about":[{"href":"https:\/\/hudo.com\/si\/wp-json\/wp\/v2\/types\/post"}],"author":[{"embeddable":true,"href":"https:\/\/hudo.com\/si\/wp-json\/wp\/v2\/users\/7"}],"replies":[{"embeddable":true,"href":"https:\/\/hudo.com\/si\/wp-json\/wp\/v2\/comments?post=378598"}],"version-history":[{"count":1,"href":"https:\/\/hudo.com\/si\/wp-json\/wp\/v2\/posts\/378598\/revisions"}],"predecessor-version":[{"id":378599,"href":"https:\/\/hudo.com\/si\/wp-json\/wp\/v2\/posts\/378598\/revisions\/378599"}],"wp:featuredmedia":[{"embeddable":true,"href":"https:\/\/hudo.com\/si\/wp-json\/wp\/v2\/media\/378030"}],"wp:attachment":[{"href":"https:\/\/hudo.com\/si\/wp-json\/wp\/v2\/media?parent=378598"}],"wp:term":[{"taxonomy":"category","embeddable":true,"href":"https:\/\/hudo.com\/si\/wp-json\/wp\/v2\/categories?post=378598"},{"taxonomy":"post_tag","embeddable":true,"href":"https:\/\/hudo.com\/si\/wp-json\/wp\/v2\/tags?post=378598"},{"taxonomy":"source","embeddable":true,"href":"https:\/\/hudo.com\/si\/wp-json\/wp\/v2\/source?post=378598"},{"taxonomy":"supertag","embeddable":true,"href":"https:\/\/hudo.com\/si\/wp-json\/wp\/v2\/supertag?post=378598"}],"curies":[{"name":"wp","href":"https:\/\/api.w.org\/{rel}","templated":true}]}}