{"id":378690,"date":"2018-10-07T09:05:26","date_gmt":"2018-10-07T07:05:26","guid":{"rendered":"http:\/\/hudo.com\/si\/?p=378690"},"modified":"2018-10-07T09:05:26","modified_gmt":"2018-10-07T07:05:26","slug":"matjaz-kek-se-poslavlja-od-reke","status":"publish","type":"post","link":"https:\/\/hudo.com\/si\/vip\/matjaz-kek-se-poslavlja-od-reke\/","title":{"rendered":"Matja\u017e Kek se poslavlja od Reke"},"content":{"rendered":"<p>&#8220;\u010cestitam Gorici za zmago, izkoristila je na\u0161e napake in zaslu\u017eeno zmagala. Po tekmi sem se sli\u0161al s predsednikom Damirjem Mi\u0161kovi\u0107em in od tega trenutka dalje nisem ve\u010d trener Rijeke. Zahvaljujem se vsem za sodelovanje, sem najbolj odgovoren za izide in nekaj se je moralo spremeniti,&#8221; je povedal Kek.<\/p>\n<p>Kek je bil na trenerski klopi Rijeke pet let in pol ter pustil globok pe\u010dat, so zapisali na spletni strani kluba. V tem \u010dasu je ekipa osvojila naslov hrva\u0161kega prvaka, prvega in edinega v zgodovini kluba, dva pokalna naslova in superpokal, se trikrat uvrstila v evropsko ligo, enkrat v kon\u010dnico za preboj v ligo prvakov, Rijeka pa je ugnala tudi evropske velikane, kot so Milan, Stuttgart in Feyenoord.<\/p>\n<p>Vodstvo Rijeke se je Matja\u017eu Keku zahvalilo za te uspehe in za opravljeno delo ter mu za\u017eelelo veliko uspehov v nadaljevanju trenerske kariere.<\/p>\n<p>Sedeminpetdesetletni Kek je sicer na Reki deloval od februarja 2013, lani je podalj\u0161al pogodbo do junija 2020, in tam po\u017eel \u0161tevilne simpatije. Bil je ve\u010dkrat izbran za najbolj\u0161ega trenerja na Hrva\u0161kem in tudi v Sloveniji.<\/p>\n<p>Rijeki v tej sezoni ne gre ni\u010d po na\u010drtih, znova je ostala brez tekem v skupinskem delu evropske lige, v doma\u010dem prvenstvu pa je na petem mestu s sedmimi to\u010dkami zaostanka za vodilnim Dinamom, ki ima tekmo manj. Pod vpra\u0161ajem naj bi bila tudi slu\u017eba \u0161portnega direktorja Sre\u0107ka Juri\u010di\u0107a.<\/p>\n<p>Kek je sicer v igralski karieri kot branilec najve\u010dji pe\u010dat pustil v Mariboru, ki ga je pozneje tudi uspe\u0161no vodil do leta 2004. Zatem je bil selektor slovenske vrste do 15 in 16 let ter tudi \u010dlanske, s katero se je po zmagi nad Rusijo prebil na svetovno prvenstvo 2010 v Ju\u017enoafri\u0161ko republiko, kjer je na prvi tekmi v predtekmovalni skupini C premagala Al\u017eirijo z 1:0 in dosegel prvo zmago na velikih tekmovanjih.<\/p>\n<p>V letih 2011 in 2012 je vodil \u0161e savdijski Al-Ittihad.<\/p>\n","protected":false},"excerpt":{"rendered":"<p>Nekdanji selektor slovenske reprezentance Matja\u017e Kek ni ve\u010d trener Rijeke, so potrdili iz tega hrva\u0161kega nogometnega prvoliga\u0161a. Kek se je po sobotni prvenstveni tekmi in porazu proti Gorici (1:2) poslovil od navija\u010dev in na novinarski konferenci povedal napovedal svoj odhod, so zapisali na spletni strani kluba.<\/p>\n","protected":false},"author":7,"featured_media":378691,"comment_status":"closed","ping_status":"closed","sticky":false,"template":"","format":"standard","meta":{"footnotes":""},"categories":[1093],"tags":[1810,8891,3600,9237,1595],"source":[4511],"supertag":[],"acf":[],"yoast_head":"<!-- This site is optimized with the Yoast SEO plugin v21.3 - https:\/\/yoast.com\/wordpress\/plugins\/seo\/ -->\n<title>Matja\u017e Kek se poslavlja od Reke - Hudo Slovenija<\/title>\n<meta name=\"robots\" content=\"index, follow, max-snippet:-1, max-image-preview:large, max-video-preview:-1\" \/>\n<link rel=\"canonical\" href=\"https:\/\/hudo.com\/si\/vip\/matjaz-kek-se-poslavlja-od-reke\/\" \/>\n<meta property=\"og:locale\" content=\"sl_SI\" \/>\n<meta property=\"og:type\" content=\"article\" \/>\n<meta property=\"og:title\" content=\"Matja\u017e Kek se poslavlja od Reke - Hudo Slovenija\" \/>\n<meta property=\"og:description\" content=\"Nekdanji selektor slovenske reprezentance Matja\u017e Kek ni ve\u010d trener Rijeke, so potrdili iz tega hrva\u0161kega nogometnega prvoliga\u0161a. Kek se je po sobotni prvenstveni tekmi in porazu proti Gorici (1:2) poslovil od navija\u010dev in na novinarski konferenci povedal napovedal svoj odhod, so zapisali na spletni strani kluba.\" \/>\n<meta property=\"og:url\" content=\"https:\/\/hudo.com\/si\/vip\/matjaz-kek-se-poslavlja-od-reke\/\" \/>\n<meta property=\"og:site_name\" content=\"Hudo Slovenija\" \/>\n<meta property=\"article:publisher\" content=\"https:\/\/www.facebook.com\/hudo.si\" \/>\n<meta property=\"article:published_time\" content=\"2018-10-07T07:05:26+00:00\" \/>\n<meta property=\"og:image\" content=\"https:\/\/hudo.com\/si\/wp-content\/uploads\/sites\/2\/2018\/10\/profimedia-0207143494.jpg\" \/>\n\t<meta property=\"og:image:width\" content=\"1250\" \/>\n\t<meta property=\"og:image:height\" content=\"833\" \/>\n\t<meta property=\"og:image:type\" content=\"image\/jpeg\" \/>\n<meta name=\"author\" content=\"A. P., STA\" \/>\n<meta name=\"twitter:card\" content=\"summary_large_image\" \/>\n<meta name=\"twitter:creator\" content=\"@hudo_si\" \/>\n<meta name=\"twitter:site\" content=\"@hudo_si\" \/>\n<meta name=\"twitter:label1\" content=\"Written by\" \/>\n\t<meta name=\"twitter:data1\" content=\"A. P., STA\" \/>\n\t<meta name=\"twitter:label2\" content=\"Est. reading time\" \/>\n\t<meta name=\"twitter:data2\" content=\"2 minuti\" \/>\n<script type=\"application\/ld+json\" class=\"yoast-schema-graph\">{\"@context\":\"https:\/\/schema.org\",\"@graph\":[{\"@type\":\"Article\",\"@id\":\"https:\/\/hudo.com\/si\/vip\/matjaz-kek-se-poslavlja-od-reke\/#article\",\"isPartOf\":{\"@id\":\"https:\/\/hudo.com\/si\/vip\/matjaz-kek-se-poslavlja-od-reke\/\"},\"author\":{\"name\":\"A. P., STA\",\"@id\":\"https:\/\/hudo.com\/si\/#\/schema\/person\/18f09c02475ba9e606e941a565b80cff\"},\"headline\":\"Matja\u017e Kek se poslavlja od Reke\",\"datePublished\":\"2018-10-07T07:05:26+00:00\",\"dateModified\":\"2018-10-07T07:05:26+00:00\",\"mainEntityOfPage\":{\"@id\":\"https:\/\/hudo.com\/si\/vip\/matjaz-kek-se-poslavlja-od-reke\/\"},\"wordCount\":332,\"publisher\":{\"@id\":\"https:\/\/hudo.com\/si\/#organization\"},\"keywords\":[\"hrva\u0161ka\",\"Matja\u017e Kek\",\"nogomet\",\"reka\",\"Slovenija\"],\"articleSection\":[\"VIP\"],\"inLanguage\":\"sl-SI\"},{\"@type\":\"WebPage\",\"@id\":\"https:\/\/hudo.com\/si\/vip\/matjaz-kek-se-poslavlja-od-reke\/\",\"url\":\"https:\/\/hudo.com\/si\/vip\/matjaz-kek-se-poslavlja-od-reke\/\",\"name\":\"Matja\u017e Kek se poslavlja od Reke - Hudo Slovenija\",\"isPartOf\":{\"@id\":\"https:\/\/hudo.com\/si\/#website\"},\"datePublished\":\"2018-10-07T07:05:26+00:00\",\"dateModified\":\"2018-10-07T07:05:26+00:00\",\"breadcrumb\":{\"@id\":\"https:\/\/hudo.com\/si\/vip\/matjaz-kek-se-poslavlja-od-reke\/#breadcrumb\"},\"inLanguage\":\"sl-SI\",\"potentialAction\":[{\"@type\":\"ReadAction\",\"target\":[\"https:\/\/hudo.com\/si\/vip\/matjaz-kek-se-poslavlja-od-reke\/\"]}]},{\"@type\":\"BreadcrumbList\",\"@id\":\"https:\/\/hudo.com\/si\/vip\/matjaz-kek-se-poslavlja-od-reke\/#breadcrumb\",\"itemListElement\":[{\"@type\":\"ListItem\",\"position\":1,\"name\":\"Home\",\"item\":\"https:\/\/hudo.com\/si\/\"},{\"@type\":\"ListItem\",\"position\":2,\"name\":\"Matja\u017e Kek se poslavlja od Reke\"}]},{\"@type\":\"WebSite\",\"@id\":\"https:\/\/hudo.com\/si\/#website\",\"url\":\"https:\/\/hudo.com\/si\/\",\"name\":\"Hudo Slovenija\",\"description\":\"Vse novice iz Slovenije in sveta\",\"publisher\":{\"@id\":\"https:\/\/hudo.com\/si\/#organization\"},\"potentialAction\":[{\"@type\":\"SearchAction\",\"target\":{\"@type\":\"EntryPoint\",\"urlTemplate\":\"https:\/\/hudo.com\/si\/?s={search_term_string}\"},\"query-input\":\"required name=search_term_string\"}],\"inLanguage\":\"sl-SI\"},{\"@type\":\"Organization\",\"@id\":\"https:\/\/hudo.com\/si\/#organization\",\"name\":\"VSN Media\",\"url\":\"https:\/\/hudo.com\/si\/\",\"logo\":{\"@type\":\"ImageObject\",\"inLanguage\":\"sl-SI\",\"@id\":\"https:\/\/hudo.com\/si\/#\/schema\/logo\/image\/\",\"url\":\"https:\/\/hudo.com\/si\/wp-content\/uploads\/sites\/2\/2021\/03\/hudo-app-2.png\",\"contentUrl\":\"https:\/\/hudo.com\/si\/wp-content\/uploads\/sites\/2\/2021\/03\/hudo-app-2.png\",\"width\":2185,\"height\":2167,\"caption\":\"VSN Media\"},\"image\":{\"@id\":\"https:\/\/hudo.com\/si\/#\/schema\/logo\/image\/\"},\"sameAs\":[\"https:\/\/www.facebook.com\/hudo.si\",\"https:\/\/twitter.com\/hudo_si\"]},{\"@type\":\"Person\",\"@id\":\"https:\/\/hudo.com\/si\/#\/schema\/person\/18f09c02475ba9e606e941a565b80cff\",\"name\":\"A. P., STA\",\"image\":{\"@type\":\"ImageObject\",\"inLanguage\":\"sl-SI\",\"@id\":\"https:\/\/hudo.com\/si\/#\/schema\/person\/image\/\",\"url\":\"https:\/\/secure.gravatar.com\/avatar\/03eac8e609f5f04383125d80eaeaaf3e?s=96&d=mm&r=g\",\"contentUrl\":\"https:\/\/secure.gravatar.com\/avatar\/03eac8e609f5f04383125d80eaeaaf3e?s=96&d=mm&r=g\",\"caption\":\"A. P., STA\"},\"url\":\"https:\/\/hudo.com\/si\/author\/lubu\/\"}]}<\/script>\n<!-- \/ Yoast SEO plugin. -->","yoast_head_json":{"title":"Matja\u017e Kek se poslavlja od Reke - Hudo Slovenija","robots":{"index":"index","follow":"follow","max-snippet":"max-snippet:-1","max-image-preview":"max-image-preview:large","max-video-preview":"max-video-preview:-1"},"canonical":"https:\/\/hudo.com\/si\/vip\/matjaz-kek-se-poslavlja-od-reke\/","og_locale":"sl_SI","og_type":"article","og_title":"Matja\u017e Kek se poslavlja od Reke - Hudo Slovenija","og_description":"Nekdanji selektor slovenske reprezentance Matja\u017e Kek ni ve\u010d trener Rijeke, so potrdili iz tega hrva\u0161kega nogometnega prvoliga\u0161a. Kek se je po sobotni prvenstveni tekmi in porazu proti Gorici (1:2) poslovil od navija\u010dev in na novinarski konferenci povedal napovedal svoj odhod, so zapisali na spletni strani kluba.","og_url":"https:\/\/hudo.com\/si\/vip\/matjaz-kek-se-poslavlja-od-reke\/","og_site_name":"Hudo Slovenija","article_publisher":"https:\/\/www.facebook.com\/hudo.si","article_published_time":"2018-10-07T07:05:26+00:00","og_image":[{"width":1250,"height":833,"url":"https:\/\/hudo.com\/si\/wp-content\/uploads\/sites\/2\/2018\/10\/profimedia-0207143494.jpg","type":"image\/jpeg"}],"author":"A. P., STA","twitter_card":"summary_large_image","twitter_creator":"@hudo_si","twitter_site":"@hudo_si","twitter_misc":{"Written by":"A. P., STA","Est. reading time":"2 minuti"},"schema":{"@context":"https:\/\/schema.org","@graph":[{"@type":"Article","@id":"https:\/\/hudo.com\/si\/vip\/matjaz-kek-se-poslavlja-od-reke\/#article","isPartOf":{"@id":"https:\/\/hudo.com\/si\/vip\/matjaz-kek-se-poslavlja-od-reke\/"},"author":{"name":"A. P., STA","@id":"https:\/\/hudo.com\/si\/#\/schema\/person\/18f09c02475ba9e606e941a565b80cff"},"headline":"Matja\u017e Kek se poslavlja od Reke","datePublished":"2018-10-07T07:05:26+00:00","dateModified":"2018-10-07T07:05:26+00:00","mainEntityOfPage":{"@id":"https:\/\/hudo.com\/si\/vip\/matjaz-kek-se-poslavlja-od-reke\/"},"wordCount":332,"publisher":{"@id":"https:\/\/hudo.com\/si\/#organization"},"keywords":["hrva\u0161ka","Matja\u017e Kek","nogomet","reka","Slovenija"],"articleSection":["VIP"],"inLanguage":"sl-SI"},{"@type":"WebPage","@id":"https:\/\/hudo.com\/si\/vip\/matjaz-kek-se-poslavlja-od-reke\/","url":"https:\/\/hudo.com\/si\/vip\/matjaz-kek-se-poslavlja-od-reke\/","name":"Matja\u017e Kek se poslavlja od Reke - Hudo Slovenija","isPartOf":{"@id":"https:\/\/hudo.com\/si\/#website"},"datePublished":"2018-10-07T07:05:26+00:00","dateModified":"2018-10-07T07:05:26+00:00","breadcrumb":{"@id":"https:\/\/hudo.com\/si\/vip\/matjaz-kek-se-poslavlja-od-reke\/#breadcrumb"},"inLanguage":"sl-SI","potentialAction":[{"@type":"ReadAction","target":["https:\/\/hudo.com\/si\/vip\/matjaz-kek-se-poslavlja-od-reke\/"]}]},{"@type":"BreadcrumbList","@id":"https:\/\/hudo.com\/si\/vip\/matjaz-kek-se-poslavlja-od-reke\/#breadcrumb","itemListElement":[{"@type":"ListItem","position":1,"name":"Home","item":"https:\/\/hudo.com\/si\/"},{"@type":"ListItem","position":2,"name":"Matja\u017e Kek se poslavlja od Reke"}]},{"@type":"WebSite","@id":"https:\/\/hudo.com\/si\/#website","url":"https:\/\/hudo.com\/si\/","name":"Hudo Slovenija","description":"Vse novice iz Slovenije in sveta","publisher":{"@id":"https:\/\/hudo.com\/si\/#organization"},"potentialAction":[{"@type":"SearchAction","target":{"@type":"EntryPoint","urlTemplate":"https:\/\/hudo.com\/si\/?s={search_term_string}"},"query-input":"required name=search_term_string"}],"inLanguage":"sl-SI"},{"@type":"Organization","@id":"https:\/\/hudo.com\/si\/#organization","name":"VSN Media","url":"https:\/\/hudo.com\/si\/","logo":{"@type":"ImageObject","inLanguage":"sl-SI","@id":"https:\/\/hudo.com\/si\/#\/schema\/logo\/image\/","url":"https:\/\/hudo.com\/si\/wp-content\/uploads\/sites\/2\/2021\/03\/hudo-app-2.png","contentUrl":"https:\/\/hudo.com\/si\/wp-content\/uploads\/sites\/2\/2021\/03\/hudo-app-2.png","width":2185,"height":2167,"caption":"VSN Media"},"image":{"@id":"https:\/\/hudo.com\/si\/#\/schema\/logo\/image\/"},"sameAs":["https:\/\/www.facebook.com\/hudo.si","https:\/\/twitter.com\/hudo_si"]},{"@type":"Person","@id":"https:\/\/hudo.com\/si\/#\/schema\/person\/18f09c02475ba9e606e941a565b80cff","name":"A. P., STA","image":{"@type":"ImageObject","inLanguage":"sl-SI","@id":"https:\/\/hudo.com\/si\/#\/schema\/person\/image\/","url":"https:\/\/secure.gravatar.com\/avatar\/03eac8e609f5f04383125d80eaeaaf3e?s=96&d=mm&r=g","contentUrl":"https:\/\/secure.gravatar.com\/avatar\/03eac8e609f5f04383125d80eaeaaf3e?s=96&d=mm&r=g","caption":"A. P., STA"},"url":"https:\/\/hudo.com\/si\/author\/lubu\/"}]}},"amp_enabled":true,"_links":{"self":[{"href":"https:\/\/hudo.com\/si\/wp-json\/wp\/v2\/posts\/378690"}],"collection":[{"href":"https:\/\/hudo.com\/si\/wp-json\/wp\/v2\/posts"}],"about":[{"href":"https:\/\/hudo.com\/si\/wp-json\/wp\/v2\/types\/post"}],"author":[{"embeddable":true,"href":"https:\/\/hudo.com\/si\/wp-json\/wp\/v2\/users\/7"}],"replies":[{"embeddable":true,"href":"https:\/\/hudo.com\/si\/wp-json\/wp\/v2\/comments?post=378690"}],"version-history":[{"count":1,"href":"https:\/\/hudo.com\/si\/wp-json\/wp\/v2\/posts\/378690\/revisions"}],"predecessor-version":[{"id":378692,"href":"https:\/\/hudo.com\/si\/wp-json\/wp\/v2\/posts\/378690\/revisions\/378692"}],"wp:featuredmedia":[{"embeddable":true,"href":"https:\/\/hudo.com\/si\/wp-json\/wp\/v2\/media\/378691"}],"wp:attachment":[{"href":"https:\/\/hudo.com\/si\/wp-json\/wp\/v2\/media?parent=378690"}],"wp:term":[{"taxonomy":"category","embeddable":true,"href":"https:\/\/hudo.com\/si\/wp-json\/wp\/v2\/categories?post=378690"},{"taxonomy":"post_tag","embeddable":true,"href":"https:\/\/hudo.com\/si\/wp-json\/wp\/v2\/tags?post=378690"},{"taxonomy":"source","embeddable":true,"href":"https:\/\/hudo.com\/si\/wp-json\/wp\/v2\/source?post=378690"},{"taxonomy":"supertag","embeddable":true,"href":"https:\/\/hudo.com\/si\/wp-json\/wp\/v2\/supertag?post=378690"}],"curies":[{"name":"wp","href":"https:\/\/api.w.org\/{rel}","templated":true}]}}