{"id":378874,"date":"2018-10-10T08:29:23","date_gmt":"2018-10-10T06:29:23","guid":{"rendered":"http:\/\/hudo.com\/si\/?p=378874"},"modified":"2018-10-10T08:29:23","modified_gmt":"2018-10-10T06:29:23","slug":"v-frankfurtu-se-danes-zacenja-najvecji-knjizni-sejem-na-svetu","status":"publish","type":"post","link":"https:\/\/hudo.com\/si\/aktualno\/v-frankfurtu-se-danes-zacenja-najvecji-knjizni-sejem-na-svetu\/","title":{"rendered":"V Frankfurtu se danes za\u010denja najve\u010dji knji\u017eni sejem na svetu"},"content":{"rendered":"<p>Tudi leto\u0161nji knji\u017eni sejem v Frankfurtu poteka v \u010dasih, ki zalo\u017eni\u0161tvu niso naklonjeni. V bran\u017ei \u0161e vedno vztraja trend padanja, knji\u017eni trg kupce izgublja na ra\u010dun interneta in dru\u017ebenih omre\u017eij. Zalo\u017ebe in knjigarne zato najve\u010dji knji\u017eni sejem na svetu vidijo kot prilo\u017enost za popularizacijo knjige.<\/p>\n<p>Prevladujejo gostje iz tujine; razmerje je 70 proti 30. Zalo\u017eb, ki izdajajo knjige v nem\u0161\u010dini, je manj, kot jih je bilo v prej\u0161njih letih, manj je letos tudi desni\u010darsko profiliranih zalo\u017eb. Direktor sejma Juergen Boos kljub temu pri\u010dakuje polarizirajo\u010do razpravo.<\/p>\n<p>\u010castna gostja sejma Gruzija se predstavlja pod motom Gruzija &#8211; &#8220;Made by Characters&#8221;, s \u010dimer aludirajo na gruzijsko abecedo. Tudi oblikovanje paviljona je navdihnilo 33 \u010drk gruzijske abecede; slednja je bila leta 2016 uvr\u0161\u010dena na Unescov seznam nesnovne kulturne dedi\u0161\u010dine \u010dlove\u0161tva.<\/p>\n<p>Jak po februarskem podpisu pogodbe Slovenijo letos v Frankfurtu prvi\u010d predstavlja kot uradno \u010dastno gostjo sejma leta 2022. Danes bo na slovenski stojnici tradicionalni sprejem za mednarodne partnerje, ki se ga bodo udele\u017eili tudi slovenski gosti, vklju\u010dno z ministrom za kulturo Dejanom Pre\u0161i\u010dkom. Jak pa bo pripravila tudi dogodke na samem sejmi\u0161\u010du in v mestu.<\/p>\n","protected":false},"excerpt":{"rendered":"<p>V Frankfurtu bo danes za stroko vrata odprl 70. mednarodni knji\u017eni sejem. Na njem se predstavlja okoli 7000 razstavljavcev iz ve\u010d kot 100 dr\u017eav, organizatorji napovedujejo okoli 3700 dogodkov. \u010castna gostja je Gruzija, za slovensko predstavitev je poskrbela Javna agencija za knjigo (Jak). Za \u0161ir\u0161o javnost bo sejem vrata odprl konec tedna.<\/p>\n","protected":false},"author":8,"featured_media":378875,"comment_status":"closed","ping_status":"closed","sticky":false,"template":"","format":"standard","meta":{"footnotes":""},"categories":[1179],"tags":[7832],"source":[4511],"supertag":[6103],"acf":[],"yoast_head":"<!-- This site is optimized with the Yoast SEO plugin v21.3 - https:\/\/yoast.com\/wordpress\/plugins\/seo\/ -->\n<title>V Frankfurtu se danes za\u010denja najve\u010dji knji\u017eni sejem na svetu - Hudo Slovenija<\/title>\n<meta name=\"robots\" content=\"index, follow, max-snippet:-1, max-image-preview:large, max-video-preview:-1\" \/>\n<link rel=\"canonical\" href=\"https:\/\/hudo.com\/si\/aktualno\/v-frankfurtu-se-danes-zacenja-najvecji-knjizni-sejem-na-svetu\/\" \/>\n<meta property=\"og:locale\" content=\"sl_SI\" \/>\n<meta property=\"og:type\" content=\"article\" \/>\n<meta property=\"og:title\" content=\"V Frankfurtu se danes za\u010denja najve\u010dji knji\u017eni sejem na svetu - Hudo Slovenija\" \/>\n<meta property=\"og:description\" content=\"V Frankfurtu bo danes za stroko vrata odprl 70. mednarodni knji\u017eni sejem. Na njem se predstavlja okoli 7000 razstavljavcev iz ve\u010d kot 100 dr\u017eav, organizatorji napovedujejo okoli 3700 dogodkov. \u010castna gostja je Gruzija, za slovensko predstavitev je poskrbela Javna agencija za knjigo (Jak). Za \u0161ir\u0161o javnost bo sejem vrata odprl konec tedna.\" \/>\n<meta property=\"og:url\" content=\"https:\/\/hudo.com\/si\/aktualno\/v-frankfurtu-se-danes-zacenja-najvecji-knjizni-sejem-na-svetu\/\" \/>\n<meta property=\"og:site_name\" content=\"Hudo Slovenija\" \/>\n<meta property=\"article:publisher\" content=\"https:\/\/www.facebook.com\/hudo.si\" \/>\n<meta property=\"article:published_time\" content=\"2018-10-10T06:29:23+00:00\" \/>\n<meta property=\"og:image\" content=\"https:\/\/hudo.com\/si\/wp-content\/uploads\/sites\/2\/2018\/10\/profimedia-0390460317.jpg\" \/>\n\t<meta property=\"og:image:width\" content=\"1250\" \/>\n\t<meta property=\"og:image:height\" content=\"828\" \/>\n\t<meta property=\"og:image:type\" content=\"image\/jpeg\" \/>\n<meta name=\"author\" content=\"M. N., STA\" \/>\n<meta name=\"twitter:card\" content=\"summary_large_image\" \/>\n<meta name=\"twitter:creator\" content=\"@hudo_si\" \/>\n<meta name=\"twitter:site\" content=\"@hudo_si\" \/>\n<meta name=\"twitter:label1\" content=\"Written by\" \/>\n\t<meta name=\"twitter:data1\" content=\"M. N., STA\" \/>\n\t<meta name=\"twitter:label2\" content=\"Est. reading time\" \/>\n\t<meta name=\"twitter:data2\" content=\"1 minuta\" \/>\n<script type=\"application\/ld+json\" class=\"yoast-schema-graph\">{\"@context\":\"https:\/\/schema.org\",\"@graph\":[{\"@type\":\"Article\",\"@id\":\"https:\/\/hudo.com\/si\/aktualno\/v-frankfurtu-se-danes-zacenja-najvecji-knjizni-sejem-na-svetu\/#article\",\"isPartOf\":{\"@id\":\"https:\/\/hudo.com\/si\/aktualno\/v-frankfurtu-se-danes-zacenja-najvecji-knjizni-sejem-na-svetu\/\"},\"author\":{\"name\":\"M. N., STA\",\"@id\":\"https:\/\/hudo.com\/si\/#\/schema\/person\/c2f10ce65d2e6ede2aeda5be2a0611fa\"},\"headline\":\"V Frankfurtu se danes za\u010denja najve\u010dji knji\u017eni sejem na svetu\",\"datePublished\":\"2018-10-10T06:29:23+00:00\",\"dateModified\":\"2018-10-10T06:29:23+00:00\",\"mainEntityOfPage\":{\"@id\":\"https:\/\/hudo.com\/si\/aktualno\/v-frankfurtu-se-danes-zacenja-najvecji-knjizni-sejem-na-svetu\/\"},\"wordCount\":217,\"publisher\":{\"@id\":\"https:\/\/hudo.com\/si\/#organization\"},\"keywords\":[\"frankfurtski knji\u017eni sejem\"],\"articleSection\":[\"Aktualno\"],\"inLanguage\":\"sl-SI\"},{\"@type\":\"WebPage\",\"@id\":\"https:\/\/hudo.com\/si\/aktualno\/v-frankfurtu-se-danes-zacenja-najvecji-knjizni-sejem-na-svetu\/\",\"url\":\"https:\/\/hudo.com\/si\/aktualno\/v-frankfurtu-se-danes-zacenja-najvecji-knjizni-sejem-na-svetu\/\",\"name\":\"V Frankfurtu se danes za\u010denja najve\u010dji knji\u017eni sejem na svetu - Hudo Slovenija\",\"isPartOf\":{\"@id\":\"https:\/\/hudo.com\/si\/#website\"},\"datePublished\":\"2018-10-10T06:29:23+00:00\",\"dateModified\":\"2018-10-10T06:29:23+00:00\",\"breadcrumb\":{\"@id\":\"https:\/\/hudo.com\/si\/aktualno\/v-frankfurtu-se-danes-zacenja-najvecji-knjizni-sejem-na-svetu\/#breadcrumb\"},\"inLanguage\":\"sl-SI\",\"potentialAction\":[{\"@type\":\"ReadAction\",\"target\":[\"https:\/\/hudo.com\/si\/aktualno\/v-frankfurtu-se-danes-zacenja-najvecji-knjizni-sejem-na-svetu\/\"]}]},{\"@type\":\"BreadcrumbList\",\"@id\":\"https:\/\/hudo.com\/si\/aktualno\/v-frankfurtu-se-danes-zacenja-najvecji-knjizni-sejem-na-svetu\/#breadcrumb\",\"itemListElement\":[{\"@type\":\"ListItem\",\"position\":1,\"name\":\"Home\",\"item\":\"https:\/\/hudo.com\/si\/\"},{\"@type\":\"ListItem\",\"position\":2,\"name\":\"V Frankfurtu se danes za\u010denja najve\u010dji knji\u017eni sejem na svetu\"}]},{\"@type\":\"WebSite\",\"@id\":\"https:\/\/hudo.com\/si\/#website\",\"url\":\"https:\/\/hudo.com\/si\/\",\"name\":\"Hudo Slovenija\",\"description\":\"Vse novice iz Slovenije in sveta\",\"publisher\":{\"@id\":\"https:\/\/hudo.com\/si\/#organization\"},\"potentialAction\":[{\"@type\":\"SearchAction\",\"target\":{\"@type\":\"EntryPoint\",\"urlTemplate\":\"https:\/\/hudo.com\/si\/?s={search_term_string}\"},\"query-input\":\"required name=search_term_string\"}],\"inLanguage\":\"sl-SI\"},{\"@type\":\"Organization\",\"@id\":\"https:\/\/hudo.com\/si\/#organization\",\"name\":\"VSN Media\",\"url\":\"https:\/\/hudo.com\/si\/\",\"logo\":{\"@type\":\"ImageObject\",\"inLanguage\":\"sl-SI\",\"@id\":\"https:\/\/hudo.com\/si\/#\/schema\/logo\/image\/\",\"url\":\"https:\/\/hudo.com\/si\/wp-content\/uploads\/sites\/2\/2021\/03\/hudo-app-2.png\",\"contentUrl\":\"https:\/\/hudo.com\/si\/wp-content\/uploads\/sites\/2\/2021\/03\/hudo-app-2.png\",\"width\":2185,\"height\":2167,\"caption\":\"VSN Media\"},\"image\":{\"@id\":\"https:\/\/hudo.com\/si\/#\/schema\/logo\/image\/\"},\"sameAs\":[\"https:\/\/www.facebook.com\/hudo.si\",\"https:\/\/twitter.com\/hudo_si\"]},{\"@type\":\"Person\",\"@id\":\"https:\/\/hudo.com\/si\/#\/schema\/person\/c2f10ce65d2e6ede2aeda5be2a0611fa\",\"name\":\"M. N., STA\",\"image\":{\"@type\":\"ImageObject\",\"inLanguage\":\"sl-SI\",\"@id\":\"https:\/\/hudo.com\/si\/#\/schema\/person\/image\/\",\"url\":\"https:\/\/secure.gravatar.com\/avatar\/f370d38daa10467f755c5c766a4cac20?s=96&d=mm&r=g\",\"contentUrl\":\"https:\/\/secure.gravatar.com\/avatar\/f370d38daa10467f755c5c766a4cac20?s=96&d=mm&r=g\",\"caption\":\"M. N., STA\"},\"url\":\"https:\/\/hudo.com\/si\/author\/mana\/\"}]}<\/script>\n<!-- \/ Yoast SEO plugin. -->","yoast_head_json":{"title":"V Frankfurtu se danes za\u010denja najve\u010dji knji\u017eni sejem na svetu - Hudo Slovenija","robots":{"index":"index","follow":"follow","max-snippet":"max-snippet:-1","max-image-preview":"max-image-preview:large","max-video-preview":"max-video-preview:-1"},"canonical":"https:\/\/hudo.com\/si\/aktualno\/v-frankfurtu-se-danes-zacenja-najvecji-knjizni-sejem-na-svetu\/","og_locale":"sl_SI","og_type":"article","og_title":"V Frankfurtu se danes za\u010denja najve\u010dji knji\u017eni sejem na svetu - Hudo Slovenija","og_description":"V Frankfurtu bo danes za stroko vrata odprl 70. mednarodni knji\u017eni sejem. Na njem se predstavlja okoli 7000 razstavljavcev iz ve\u010d kot 100 dr\u017eav, organizatorji napovedujejo okoli 3700 dogodkov. \u010castna gostja je Gruzija, za slovensko predstavitev je poskrbela Javna agencija za knjigo (Jak). Za \u0161ir\u0161o javnost bo sejem vrata odprl konec tedna.","og_url":"https:\/\/hudo.com\/si\/aktualno\/v-frankfurtu-se-danes-zacenja-najvecji-knjizni-sejem-na-svetu\/","og_site_name":"Hudo Slovenija","article_publisher":"https:\/\/www.facebook.com\/hudo.si","article_published_time":"2018-10-10T06:29:23+00:00","og_image":[{"width":1250,"height":828,"url":"https:\/\/hudo.com\/si\/wp-content\/uploads\/sites\/2\/2018\/10\/profimedia-0390460317.jpg","type":"image\/jpeg"}],"author":"M. N., STA","twitter_card":"summary_large_image","twitter_creator":"@hudo_si","twitter_site":"@hudo_si","twitter_misc":{"Written by":"M. N., STA","Est. reading time":"1 minuta"},"schema":{"@context":"https:\/\/schema.org","@graph":[{"@type":"Article","@id":"https:\/\/hudo.com\/si\/aktualno\/v-frankfurtu-se-danes-zacenja-najvecji-knjizni-sejem-na-svetu\/#article","isPartOf":{"@id":"https:\/\/hudo.com\/si\/aktualno\/v-frankfurtu-se-danes-zacenja-najvecji-knjizni-sejem-na-svetu\/"},"author":{"name":"M. N., STA","@id":"https:\/\/hudo.com\/si\/#\/schema\/person\/c2f10ce65d2e6ede2aeda5be2a0611fa"},"headline":"V Frankfurtu se danes za\u010denja najve\u010dji knji\u017eni sejem na svetu","datePublished":"2018-10-10T06:29:23+00:00","dateModified":"2018-10-10T06:29:23+00:00","mainEntityOfPage":{"@id":"https:\/\/hudo.com\/si\/aktualno\/v-frankfurtu-se-danes-zacenja-najvecji-knjizni-sejem-na-svetu\/"},"wordCount":217,"publisher":{"@id":"https:\/\/hudo.com\/si\/#organization"},"keywords":["frankfurtski knji\u017eni sejem"],"articleSection":["Aktualno"],"inLanguage":"sl-SI"},{"@type":"WebPage","@id":"https:\/\/hudo.com\/si\/aktualno\/v-frankfurtu-se-danes-zacenja-najvecji-knjizni-sejem-na-svetu\/","url":"https:\/\/hudo.com\/si\/aktualno\/v-frankfurtu-se-danes-zacenja-najvecji-knjizni-sejem-na-svetu\/","name":"V Frankfurtu se danes za\u010denja najve\u010dji knji\u017eni sejem na svetu - Hudo Slovenija","isPartOf":{"@id":"https:\/\/hudo.com\/si\/#website"},"datePublished":"2018-10-10T06:29:23+00:00","dateModified":"2018-10-10T06:29:23+00:00","breadcrumb":{"@id":"https:\/\/hudo.com\/si\/aktualno\/v-frankfurtu-se-danes-zacenja-najvecji-knjizni-sejem-na-svetu\/#breadcrumb"},"inLanguage":"sl-SI","potentialAction":[{"@type":"ReadAction","target":["https:\/\/hudo.com\/si\/aktualno\/v-frankfurtu-se-danes-zacenja-najvecji-knjizni-sejem-na-svetu\/"]}]},{"@type":"BreadcrumbList","@id":"https:\/\/hudo.com\/si\/aktualno\/v-frankfurtu-se-danes-zacenja-najvecji-knjizni-sejem-na-svetu\/#breadcrumb","itemListElement":[{"@type":"ListItem","position":1,"name":"Home","item":"https:\/\/hudo.com\/si\/"},{"@type":"ListItem","position":2,"name":"V Frankfurtu se danes za\u010denja najve\u010dji knji\u017eni sejem na svetu"}]},{"@type":"WebSite","@id":"https:\/\/hudo.com\/si\/#website","url":"https:\/\/hudo.com\/si\/","name":"Hudo Slovenija","description":"Vse novice iz Slovenije in sveta","publisher":{"@id":"https:\/\/hudo.com\/si\/#organization"},"potentialAction":[{"@type":"SearchAction","target":{"@type":"EntryPoint","urlTemplate":"https:\/\/hudo.com\/si\/?s={search_term_string}"},"query-input":"required name=search_term_string"}],"inLanguage":"sl-SI"},{"@type":"Organization","@id":"https:\/\/hudo.com\/si\/#organization","name":"VSN Media","url":"https:\/\/hudo.com\/si\/","logo":{"@type":"ImageObject","inLanguage":"sl-SI","@id":"https:\/\/hudo.com\/si\/#\/schema\/logo\/image\/","url":"https:\/\/hudo.com\/si\/wp-content\/uploads\/sites\/2\/2021\/03\/hudo-app-2.png","contentUrl":"https:\/\/hudo.com\/si\/wp-content\/uploads\/sites\/2\/2021\/03\/hudo-app-2.png","width":2185,"height":2167,"caption":"VSN Media"},"image":{"@id":"https:\/\/hudo.com\/si\/#\/schema\/logo\/image\/"},"sameAs":["https:\/\/www.facebook.com\/hudo.si","https:\/\/twitter.com\/hudo_si"]},{"@type":"Person","@id":"https:\/\/hudo.com\/si\/#\/schema\/person\/c2f10ce65d2e6ede2aeda5be2a0611fa","name":"M. N., STA","image":{"@type":"ImageObject","inLanguage":"sl-SI","@id":"https:\/\/hudo.com\/si\/#\/schema\/person\/image\/","url":"https:\/\/secure.gravatar.com\/avatar\/f370d38daa10467f755c5c766a4cac20?s=96&d=mm&r=g","contentUrl":"https:\/\/secure.gravatar.com\/avatar\/f370d38daa10467f755c5c766a4cac20?s=96&d=mm&r=g","caption":"M. N., STA"},"url":"https:\/\/hudo.com\/si\/author\/mana\/"}]}},"amp_enabled":true,"_links":{"self":[{"href":"https:\/\/hudo.com\/si\/wp-json\/wp\/v2\/posts\/378874"}],"collection":[{"href":"https:\/\/hudo.com\/si\/wp-json\/wp\/v2\/posts"}],"about":[{"href":"https:\/\/hudo.com\/si\/wp-json\/wp\/v2\/types\/post"}],"author":[{"embeddable":true,"href":"https:\/\/hudo.com\/si\/wp-json\/wp\/v2\/users\/8"}],"replies":[{"embeddable":true,"href":"https:\/\/hudo.com\/si\/wp-json\/wp\/v2\/comments?post=378874"}],"version-history":[{"count":1,"href":"https:\/\/hudo.com\/si\/wp-json\/wp\/v2\/posts\/378874\/revisions"}],"predecessor-version":[{"id":378876,"href":"https:\/\/hudo.com\/si\/wp-json\/wp\/v2\/posts\/378874\/revisions\/378876"}],"wp:featuredmedia":[{"embeddable":true,"href":"https:\/\/hudo.com\/si\/wp-json\/wp\/v2\/media\/378875"}],"wp:attachment":[{"href":"https:\/\/hudo.com\/si\/wp-json\/wp\/v2\/media?parent=378874"}],"wp:term":[{"taxonomy":"category","embeddable":true,"href":"https:\/\/hudo.com\/si\/wp-json\/wp\/v2\/categories?post=378874"},{"taxonomy":"post_tag","embeddable":true,"href":"https:\/\/hudo.com\/si\/wp-json\/wp\/v2\/tags?post=378874"},{"taxonomy":"source","embeddable":true,"href":"https:\/\/hudo.com\/si\/wp-json\/wp\/v2\/source?post=378874"},{"taxonomy":"supertag","embeddable":true,"href":"https:\/\/hudo.com\/si\/wp-json\/wp\/v2\/supertag?post=378874"}],"curies":[{"name":"wp","href":"https:\/\/api.w.org\/{rel}","templated":true}]}}