{"id":378934,"date":"2018-10-10T13:34:02","date_gmt":"2018-10-10T11:34:02","guid":{"rendered":"http:\/\/hudo.com\/si\/?p=378934"},"modified":"2018-10-10T13:34:02","modified_gmt":"2018-10-10T11:34:02","slug":"voditelj-desne-nemske-stranke-afd-posnemal-hitlerja","status":"publish","type":"post","link":"https:\/\/hudo.com\/si\/aktualno\/voditelj-desne-nemske-stranke-afd-posnemal-hitlerja\/","title":{"rendered":"Voditelj desne nem\u0161ke stranke AfD posnemal Hitlerja"},"content":{"rendered":"<p>Sopredsednik Alternative za Nem\u010dijo (AfD) Gauland je v gostujo\u010dem komentarju za sobotno izdajo FAZ zapisal, da &#8220;globalizirani razred&#8221; zaseda polo\u017eaje v glavnih organizacijah, vse od mednarodnih korporacij do medijev in univerze in tudi v klju\u010dnih politi\u010dnih strankah.<\/p>\n<p>&#8220;Njihovi \u010dlani \u017eivijo skorajda izklju\u010dno v velikih mestih, govorijo teko\u010de angle\u0161ko, in \u010de preselijo iz Berlina v London ali Singapur zaradi slu\u017ebe, vsepovsod najdejo podobna stanovanja, hi\u0161e, restavracije, trgovine in zasebne \u0161ole,&#8221; je zapisal. Dodal je, da se skupina dru\u017ei med seboj, a je kulturno razli\u010dna in da ni navezana na svojo domovino.<\/p>\n<p>Gauland je v komentarju \u0161e posvaril, da \u010de bo ta skupina ostala nedotaknjena, bo ogrozila &#8220;tisto, zaradi \u010desar je v na\u0161i dr\u017eavi in celini vredno \u017eiveti&#8221;. Zapisal je tudi, da &#8220;srednji razred v Nem\u010diji izgublja svojo domovino, ker se v ta milje stekajo migranti&#8221;.<\/p>\n<p>Nem\u0161ki zgodovinar Wolfgang Benz, ugledni raziskovalcev Hitlerjevega obdobja, je v odzivu na Gaulandov komentar dejal, da je presenetljivo podoben govoru, ki ga je imel Hitler leta 1933. &#8220;Zdi se, da je imel vodja AfD na mizi Hitlerjev govor iz leta 1933, ko je pisal kolumno na FAZ,&#8221; je ocenil. Dodal je, da je Gauland preprosto posodobil navedbe, poro\u010da francoska tiskovna agencija AFP.<\/p>\n<p>Hitler je novembra 1933, ko je nagovoril delavce tovarne Siemens Dynamo med drugim svaril pred &#8220;majhno mednarodno kliko brez korenin&#8221;, pri \u010demer je mislil na Jude.<\/p>\n<p>Zgodovinar Michael Wolffsohn je menil, da ni naklju\u010dje, da je Gauland kolumno napisal v tak\u0161nem stilu. &#8220;Slabo je, da Gauland signalizira svojim izobra\u017eenim somi\u0161ljenikom, da pozna govor in stil Hitlerjevega govora in da spreminja Hitlerjeve obto\u017ebe na ra\u010dun Judov v dana\u0161nje nasprotnike AfD,&#8221; je dejal.<\/p>\n<p>Na Gaulandov komentar so se odzvali tudi v Mednarodnemu odboru Auschwitz in voditelja AfD obto\u017eili, da s sovra\u0161tvom in promocijo prvinskih nagonov uni\u010duje sestavo nem\u0161ke dru\u017ebe, poro\u010da nem\u0161ka tiskovna agencija dpa.<\/p>\n<p>Podpredsednik odbora, ki so ga ustanovili pre\u017eiveli iz koncentracijskega tabori\u0161\u010da Auschwitz, Christopher H\u00fcbner je izpostavil, da so pre\u017eiveli iz Auschwitza v \u010dasu nacizma na lastni ko\u017ei ob\u010dutili Gaulandovo strategijo: &#8220;stigmatizirati ljudi in jih ozna\u010diti za druge in brez korenin znotraj doma\u010de dru\u017ebe ter nato mobilizirati ljudski zdrav razum proti njim&#8221;.<\/p>\n<p>Gaulandov svetovalec Michael Klonovsky je vse tovrstne obto\u017ebe zanikal in dejal, da ne on in ne voditelj stranke ne poznata Hitlerjevega govora. &#8220;Ne vidim nobenih vzporednic, gre za preprosto navedbo dejstev,&#8221; je dejal Klonovsky.<\/p>\n","protected":false},"excerpt":{"rendered":"<p>Nem\u0161ki zgodovinarji so voditelja skrajne nem\u0161ke desnice Alexandra Gaulanda obto\u017eili, da je v prispevku za nem\u0161ki dnevnik Frankfurter Allgemeine Zeitung (FAZ) parafraziral nacisti\u010dnega voditelja Adolfa Hitlerja. Kriti\u010dno so se odzvali tudi pri mednarodnem odboru Auschwitz. V AfD so \u017ee zavrnili vzporednice s Hitlerjevim govorom leta 1933.<\/p>\n","protected":false},"author":7,"featured_media":378935,"comment_status":"closed","ping_status":"closed","sticky":false,"template":"","format":"standard","meta":{"footnotes":""},"categories":[1179],"tags":[2181,9904,6520,3628,12155],"source":[4511],"supertag":[],"acf":[],"yoast_head":"<!-- This site is optimized with the Yoast SEO plugin v21.3 - https:\/\/yoast.com\/wordpress\/plugins\/seo\/ -->\n<title>Voditelj desne nem\u0161ke stranke AfD posnemal Hitlerja - Hudo Slovenija<\/title>\n<meta name=\"robots\" content=\"index, follow, max-snippet:-1, max-image-preview:large, max-video-preview:-1\" \/>\n<link rel=\"canonical\" href=\"https:\/\/hudo.com\/si\/aktualno\/voditelj-desne-nemske-stranke-afd-posnemal-hitlerja\/\" \/>\n<meta property=\"og:locale\" content=\"sl_SI\" \/>\n<meta property=\"og:type\" content=\"article\" \/>\n<meta property=\"og:title\" content=\"Voditelj desne nem\u0161ke stranke AfD posnemal Hitlerja - Hudo Slovenija\" \/>\n<meta property=\"og:description\" content=\"Nem\u0161ki zgodovinarji so voditelja skrajne nem\u0161ke desnice Alexandra Gaulanda obto\u017eili, da je v prispevku za nem\u0161ki dnevnik Frankfurter Allgemeine Zeitung (FAZ) parafraziral nacisti\u010dnega voditelja Adolfa Hitlerja. Kriti\u010dno so se odzvali tudi pri mednarodnem odboru Auschwitz. V AfD so \u017ee zavrnili vzporednice s Hitlerjevim govorom leta 1933.\" \/>\n<meta property=\"og:url\" content=\"https:\/\/hudo.com\/si\/aktualno\/voditelj-desne-nemske-stranke-afd-posnemal-hitlerja\/\" \/>\n<meta property=\"og:site_name\" content=\"Hudo Slovenija\" \/>\n<meta property=\"article:publisher\" content=\"https:\/\/www.facebook.com\/hudo.si\" \/>\n<meta property=\"article:published_time\" content=\"2018-10-10T11:34:02+00:00\" \/>\n<meta property=\"og:image\" content=\"https:\/\/hudo.com\/si\/wp-content\/uploads\/sites\/2\/2018\/10\/profimedia-0373150709.jpg\" \/>\n\t<meta property=\"og:image:width\" content=\"1250\" \/>\n\t<meta property=\"og:image:height\" content=\"898\" \/>\n\t<meta property=\"og:image:type\" content=\"image\/jpeg\" \/>\n<meta name=\"author\" content=\"A. P., STA\" \/>\n<meta name=\"twitter:card\" content=\"summary_large_image\" \/>\n<meta name=\"twitter:creator\" content=\"@hudo_si\" \/>\n<meta name=\"twitter:site\" content=\"@hudo_si\" \/>\n<meta name=\"twitter:label1\" content=\"Written by\" \/>\n\t<meta name=\"twitter:data1\" content=\"A. P., STA\" \/>\n\t<meta name=\"twitter:label2\" content=\"Est. reading time\" \/>\n\t<meta name=\"twitter:data2\" content=\"2 minuti\" \/>\n<script type=\"application\/ld+json\" class=\"yoast-schema-graph\">{\"@context\":\"https:\/\/schema.org\",\"@graph\":[{\"@type\":\"Article\",\"@id\":\"https:\/\/hudo.com\/si\/aktualno\/voditelj-desne-nemske-stranke-afd-posnemal-hitlerja\/#article\",\"isPartOf\":{\"@id\":\"https:\/\/hudo.com\/si\/aktualno\/voditelj-desne-nemske-stranke-afd-posnemal-hitlerja\/\"},\"author\":{\"name\":\"A. P., STA\",\"@id\":\"https:\/\/hudo.com\/si\/#\/schema\/person\/18f09c02475ba9e606e941a565b80cff\"},\"headline\":\"Voditelj desne nem\u0161ke stranke AfD posnemal Hitlerja\",\"datePublished\":\"2018-10-10T11:34:02+00:00\",\"dateModified\":\"2018-10-10T11:34:02+00:00\",\"mainEntityOfPage\":{\"@id\":\"https:\/\/hudo.com\/si\/aktualno\/voditelj-desne-nemske-stranke-afd-posnemal-hitlerja\/\"},\"wordCount\":428,\"publisher\":{\"@id\":\"https:\/\/hudo.com\/si\/#organization\"},\"keywords\":[\"Adolf Hitler\",\"afd\",\"desni\u010darski skrajne\u017ei\",\"nem\u010dija\",\"teorije zarote\"],\"articleSection\":[\"Aktualno\"],\"inLanguage\":\"sl-SI\"},{\"@type\":\"WebPage\",\"@id\":\"https:\/\/hudo.com\/si\/aktualno\/voditelj-desne-nemske-stranke-afd-posnemal-hitlerja\/\",\"url\":\"https:\/\/hudo.com\/si\/aktualno\/voditelj-desne-nemske-stranke-afd-posnemal-hitlerja\/\",\"name\":\"Voditelj desne nem\u0161ke stranke AfD posnemal Hitlerja - Hudo Slovenija\",\"isPartOf\":{\"@id\":\"https:\/\/hudo.com\/si\/#website\"},\"datePublished\":\"2018-10-10T11:34:02+00:00\",\"dateModified\":\"2018-10-10T11:34:02+00:00\",\"breadcrumb\":{\"@id\":\"https:\/\/hudo.com\/si\/aktualno\/voditelj-desne-nemske-stranke-afd-posnemal-hitlerja\/#breadcrumb\"},\"inLanguage\":\"sl-SI\",\"potentialAction\":[{\"@type\":\"ReadAction\",\"target\":[\"https:\/\/hudo.com\/si\/aktualno\/voditelj-desne-nemske-stranke-afd-posnemal-hitlerja\/\"]}]},{\"@type\":\"BreadcrumbList\",\"@id\":\"https:\/\/hudo.com\/si\/aktualno\/voditelj-desne-nemske-stranke-afd-posnemal-hitlerja\/#breadcrumb\",\"itemListElement\":[{\"@type\":\"ListItem\",\"position\":1,\"name\":\"Home\",\"item\":\"https:\/\/hudo.com\/si\/\"},{\"@type\":\"ListItem\",\"position\":2,\"name\":\"Voditelj desne nem\u0161ke stranke AfD posnemal Hitlerja\"}]},{\"@type\":\"WebSite\",\"@id\":\"https:\/\/hudo.com\/si\/#website\",\"url\":\"https:\/\/hudo.com\/si\/\",\"name\":\"Hudo Slovenija\",\"description\":\"Vse novice iz Slovenije in sveta\",\"publisher\":{\"@id\":\"https:\/\/hudo.com\/si\/#organization\"},\"potentialAction\":[{\"@type\":\"SearchAction\",\"target\":{\"@type\":\"EntryPoint\",\"urlTemplate\":\"https:\/\/hudo.com\/si\/?s={search_term_string}\"},\"query-input\":\"required name=search_term_string\"}],\"inLanguage\":\"sl-SI\"},{\"@type\":\"Organization\",\"@id\":\"https:\/\/hudo.com\/si\/#organization\",\"name\":\"VSN Media\",\"url\":\"https:\/\/hudo.com\/si\/\",\"logo\":{\"@type\":\"ImageObject\",\"inLanguage\":\"sl-SI\",\"@id\":\"https:\/\/hudo.com\/si\/#\/schema\/logo\/image\/\",\"url\":\"https:\/\/hudo.com\/si\/wp-content\/uploads\/sites\/2\/2021\/03\/hudo-app-2.png\",\"contentUrl\":\"https:\/\/hudo.com\/si\/wp-content\/uploads\/sites\/2\/2021\/03\/hudo-app-2.png\",\"width\":2185,\"height\":2167,\"caption\":\"VSN Media\"},\"image\":{\"@id\":\"https:\/\/hudo.com\/si\/#\/schema\/logo\/image\/\"},\"sameAs\":[\"https:\/\/www.facebook.com\/hudo.si\",\"https:\/\/twitter.com\/hudo_si\"]},{\"@type\":\"Person\",\"@id\":\"https:\/\/hudo.com\/si\/#\/schema\/person\/18f09c02475ba9e606e941a565b80cff\",\"name\":\"A. P., STA\",\"image\":{\"@type\":\"ImageObject\",\"inLanguage\":\"sl-SI\",\"@id\":\"https:\/\/hudo.com\/si\/#\/schema\/person\/image\/\",\"url\":\"https:\/\/secure.gravatar.com\/avatar\/03eac8e609f5f04383125d80eaeaaf3e?s=96&d=mm&r=g\",\"contentUrl\":\"https:\/\/secure.gravatar.com\/avatar\/03eac8e609f5f04383125d80eaeaaf3e?s=96&d=mm&r=g\",\"caption\":\"A. P., STA\"},\"url\":\"https:\/\/hudo.com\/si\/author\/lubu\/\"}]}<\/script>\n<!-- \/ Yoast SEO plugin. -->","yoast_head_json":{"title":"Voditelj desne nem\u0161ke stranke AfD posnemal Hitlerja - Hudo Slovenija","robots":{"index":"index","follow":"follow","max-snippet":"max-snippet:-1","max-image-preview":"max-image-preview:large","max-video-preview":"max-video-preview:-1"},"canonical":"https:\/\/hudo.com\/si\/aktualno\/voditelj-desne-nemske-stranke-afd-posnemal-hitlerja\/","og_locale":"sl_SI","og_type":"article","og_title":"Voditelj desne nem\u0161ke stranke AfD posnemal Hitlerja - Hudo Slovenija","og_description":"Nem\u0161ki zgodovinarji so voditelja skrajne nem\u0161ke desnice Alexandra Gaulanda obto\u017eili, da je v prispevku za nem\u0161ki dnevnik Frankfurter Allgemeine Zeitung (FAZ) parafraziral nacisti\u010dnega voditelja Adolfa Hitlerja. Kriti\u010dno so se odzvali tudi pri mednarodnem odboru Auschwitz. V AfD so \u017ee zavrnili vzporednice s Hitlerjevim govorom leta 1933.","og_url":"https:\/\/hudo.com\/si\/aktualno\/voditelj-desne-nemske-stranke-afd-posnemal-hitlerja\/","og_site_name":"Hudo Slovenija","article_publisher":"https:\/\/www.facebook.com\/hudo.si","article_published_time":"2018-10-10T11:34:02+00:00","og_image":[{"width":1250,"height":898,"url":"https:\/\/hudo.com\/si\/wp-content\/uploads\/sites\/2\/2018\/10\/profimedia-0373150709.jpg","type":"image\/jpeg"}],"author":"A. P., STA","twitter_card":"summary_large_image","twitter_creator":"@hudo_si","twitter_site":"@hudo_si","twitter_misc":{"Written by":"A. P., STA","Est. reading time":"2 minuti"},"schema":{"@context":"https:\/\/schema.org","@graph":[{"@type":"Article","@id":"https:\/\/hudo.com\/si\/aktualno\/voditelj-desne-nemske-stranke-afd-posnemal-hitlerja\/#article","isPartOf":{"@id":"https:\/\/hudo.com\/si\/aktualno\/voditelj-desne-nemske-stranke-afd-posnemal-hitlerja\/"},"author":{"name":"A. P., STA","@id":"https:\/\/hudo.com\/si\/#\/schema\/person\/18f09c02475ba9e606e941a565b80cff"},"headline":"Voditelj desne nem\u0161ke stranke AfD posnemal Hitlerja","datePublished":"2018-10-10T11:34:02+00:00","dateModified":"2018-10-10T11:34:02+00:00","mainEntityOfPage":{"@id":"https:\/\/hudo.com\/si\/aktualno\/voditelj-desne-nemske-stranke-afd-posnemal-hitlerja\/"},"wordCount":428,"publisher":{"@id":"https:\/\/hudo.com\/si\/#organization"},"keywords":["Adolf Hitler","afd","desni\u010darski skrajne\u017ei","nem\u010dija","teorije zarote"],"articleSection":["Aktualno"],"inLanguage":"sl-SI"},{"@type":"WebPage","@id":"https:\/\/hudo.com\/si\/aktualno\/voditelj-desne-nemske-stranke-afd-posnemal-hitlerja\/","url":"https:\/\/hudo.com\/si\/aktualno\/voditelj-desne-nemske-stranke-afd-posnemal-hitlerja\/","name":"Voditelj desne nem\u0161ke stranke AfD posnemal Hitlerja - Hudo Slovenija","isPartOf":{"@id":"https:\/\/hudo.com\/si\/#website"},"datePublished":"2018-10-10T11:34:02+00:00","dateModified":"2018-10-10T11:34:02+00:00","breadcrumb":{"@id":"https:\/\/hudo.com\/si\/aktualno\/voditelj-desne-nemske-stranke-afd-posnemal-hitlerja\/#breadcrumb"},"inLanguage":"sl-SI","potentialAction":[{"@type":"ReadAction","target":["https:\/\/hudo.com\/si\/aktualno\/voditelj-desne-nemske-stranke-afd-posnemal-hitlerja\/"]}]},{"@type":"BreadcrumbList","@id":"https:\/\/hudo.com\/si\/aktualno\/voditelj-desne-nemske-stranke-afd-posnemal-hitlerja\/#breadcrumb","itemListElement":[{"@type":"ListItem","position":1,"name":"Home","item":"https:\/\/hudo.com\/si\/"},{"@type":"ListItem","position":2,"name":"Voditelj desne nem\u0161ke stranke AfD posnemal Hitlerja"}]},{"@type":"WebSite","@id":"https:\/\/hudo.com\/si\/#website","url":"https:\/\/hudo.com\/si\/","name":"Hudo Slovenija","description":"Vse novice iz Slovenije in sveta","publisher":{"@id":"https:\/\/hudo.com\/si\/#organization"},"potentialAction":[{"@type":"SearchAction","target":{"@type":"EntryPoint","urlTemplate":"https:\/\/hudo.com\/si\/?s={search_term_string}"},"query-input":"required name=search_term_string"}],"inLanguage":"sl-SI"},{"@type":"Organization","@id":"https:\/\/hudo.com\/si\/#organization","name":"VSN Media","url":"https:\/\/hudo.com\/si\/","logo":{"@type":"ImageObject","inLanguage":"sl-SI","@id":"https:\/\/hudo.com\/si\/#\/schema\/logo\/image\/","url":"https:\/\/hudo.com\/si\/wp-content\/uploads\/sites\/2\/2021\/03\/hudo-app-2.png","contentUrl":"https:\/\/hudo.com\/si\/wp-content\/uploads\/sites\/2\/2021\/03\/hudo-app-2.png","width":2185,"height":2167,"caption":"VSN Media"},"image":{"@id":"https:\/\/hudo.com\/si\/#\/schema\/logo\/image\/"},"sameAs":["https:\/\/www.facebook.com\/hudo.si","https:\/\/twitter.com\/hudo_si"]},{"@type":"Person","@id":"https:\/\/hudo.com\/si\/#\/schema\/person\/18f09c02475ba9e606e941a565b80cff","name":"A. P., STA","image":{"@type":"ImageObject","inLanguage":"sl-SI","@id":"https:\/\/hudo.com\/si\/#\/schema\/person\/image\/","url":"https:\/\/secure.gravatar.com\/avatar\/03eac8e609f5f04383125d80eaeaaf3e?s=96&d=mm&r=g","contentUrl":"https:\/\/secure.gravatar.com\/avatar\/03eac8e609f5f04383125d80eaeaaf3e?s=96&d=mm&r=g","caption":"A. P., STA"},"url":"https:\/\/hudo.com\/si\/author\/lubu\/"}]}},"amp_enabled":true,"_links":{"self":[{"href":"https:\/\/hudo.com\/si\/wp-json\/wp\/v2\/posts\/378934"}],"collection":[{"href":"https:\/\/hudo.com\/si\/wp-json\/wp\/v2\/posts"}],"about":[{"href":"https:\/\/hudo.com\/si\/wp-json\/wp\/v2\/types\/post"}],"author":[{"embeddable":true,"href":"https:\/\/hudo.com\/si\/wp-json\/wp\/v2\/users\/7"}],"replies":[{"embeddable":true,"href":"https:\/\/hudo.com\/si\/wp-json\/wp\/v2\/comments?post=378934"}],"version-history":[{"count":1,"href":"https:\/\/hudo.com\/si\/wp-json\/wp\/v2\/posts\/378934\/revisions"}],"predecessor-version":[{"id":378936,"href":"https:\/\/hudo.com\/si\/wp-json\/wp\/v2\/posts\/378934\/revisions\/378936"}],"wp:featuredmedia":[{"embeddable":true,"href":"https:\/\/hudo.com\/si\/wp-json\/wp\/v2\/media\/378935"}],"wp:attachment":[{"href":"https:\/\/hudo.com\/si\/wp-json\/wp\/v2\/media?parent=378934"}],"wp:term":[{"taxonomy":"category","embeddable":true,"href":"https:\/\/hudo.com\/si\/wp-json\/wp\/v2\/categories?post=378934"},{"taxonomy":"post_tag","embeddable":true,"href":"https:\/\/hudo.com\/si\/wp-json\/wp\/v2\/tags?post=378934"},{"taxonomy":"source","embeddable":true,"href":"https:\/\/hudo.com\/si\/wp-json\/wp\/v2\/source?post=378934"},{"taxonomy":"supertag","embeddable":true,"href":"https:\/\/hudo.com\/si\/wp-json\/wp\/v2\/supertag?post=378934"}],"curies":[{"name":"wp","href":"https:\/\/api.w.org\/{rel}","templated":true}]}}