{"id":378967,"date":"2018-10-11T08:18:05","date_gmt":"2018-10-11T06:18:05","guid":{"rendered":"http:\/\/hudo.com\/si\/?p=378967"},"modified":"2018-10-11T08:18:05","modified_gmt":"2018-10-11T06:18:05","slug":"delez-ljudi-s-prekomerno-tezo-se-le-se-povecuje","status":"publish","type":"post","link":"https:\/\/hudo.com\/si\/aktualno\/delez-ljudi-s-prekomerno-tezo-se-le-se-povecuje\/","title":{"rendered":"Dele\u017e ljudi s prekomerno te\u017eo se le \u0161e pove\u010duje"},"content":{"rendered":"<p>Po nekaterih izra\u010dunih naj bi bilo do leta 2025 po vsem svetu predebelih \u017ee kar 2,7 milijarde ljudi. Zato je 11. oktober posve\u010den ozave\u0161\u010danju o problematiki in razse\u017enostih epidemije debelosti in \u0161tevilnih bolezni, povezanih s prekomerno telesno maso, je zapisano na\u00a0<a href=\"https:\/\/www.prehrana.si\/\" target=\"_blank\">nacionalnem portalu o hrani in prehrani<\/a>.<\/p>\n<p>Leto\u0161nji svetovni dan je sicer namenjen odpravi stigme (pre)debelih. Ta stigma se pri debelih osebah odra\u017ea v negativnem vedenju in razpolo\u017eenju, ki vodi v osamo zaradi njihove te\u017ee, so zapisali v Svetovni zvezi za debelost (World Obesity Federation).<\/p>\n<p>Po podatkih evropskega statisti\u010dnega urada se Slovenija z 19,2 odstotka uvr\u0161\u010da na sedmo mesto med dr\u017eavami EU z najvi\u0161jim dele\u017eem prebivalcev s prekomerno telesno maso. Najve\u010djih dele\u017e debelih je v starostni skupini med 45 in 64 let, med mladimi od 18 do 24 let pa je prekomerno te\u017ekih 6,4 odstotka.<\/p>\n<p>Sicer se dele\u017e prekomerno prehranjenih in debelih otrok in mladostnikov v Sloveniji od leta 2011 zni\u017euje, a pot do \u017eelenega uspeha je \u0161e dolga, so navedli raziskovalci ekipe SLOfit z ljubljanske fakultete za \u0161port. Ti so sodelovali tudi v mednarodni \u0161tudiji, ki so jo ob lanskem svetovnem dnevu debelosti objavili v znanstveni reviji The Lancet.<\/p>\n<p>Avtorji ugotavljajo, da se je v zadnjih 40 letih po vsem svetu \u0161tevilo debelih otrok in mladostnikov, starih od pet do 19 let, pove\u010dalo za desetkrat. In \u010de se bo nadaljeval sedanji trend, bo leta 2022 na svetu ve\u010d debelih kot podhranjenih otrok in mladostnikov, je eden glavnih zaklju\u010dkov \u0161tudije, ki je potekala pod vodstvom Imperial College London in WHO.<\/p>\n<p>To je najob\u0161irnej\u0161a epidemiolo\u0161ka \u0161tudija na svetu doslej. Vanjo je bilo vklju\u010denih 130 milijonov ljudi, raziskovalci pa so analizirali indeks telesne mase in spremembe v debelosti po posameznih regijah sveta v obdobju 1975- 2016.<\/p>\n","protected":false},"excerpt":{"rendered":"<p>Debelost je eden izmed najbolj pere\u010dih zdravstvenih problemov moderne dru\u017ebe. Svetovna zdravstvena organizacija (WHO) je \u017ee leta 1997 debelost razglasila za globalno epidemijo, dele\u017e ljudi s prekomerno te\u017eo se je od takrat samo \u0161e pove\u010dal. Leto\u0161nji dan je sicer posve\u010den odpravi stigme prekomerno te\u017ekih.<\/p>\n","protected":false},"author":8,"featured_media":222652,"comment_status":"closed","ping_status":"closed","sticky":false,"template":"","format":"standard","meta":{"footnotes":""},"categories":[1179],"tags":[2383,1595,12160],"source":[4511],"supertag":[],"acf":[],"yoast_head":"<!-- This site is optimized with the Yoast SEO plugin v21.3 - https:\/\/yoast.com\/wordpress\/plugins\/seo\/ -->\n<title>Dele\u017e ljudi s prekomerno te\u017eo se le \u0161e pove\u010duje - Hudo Slovenija<\/title>\n<meta name=\"robots\" content=\"index, follow, max-snippet:-1, max-image-preview:large, max-video-preview:-1\" \/>\n<link rel=\"canonical\" href=\"https:\/\/hudo.com\/si\/aktualno\/delez-ljudi-s-prekomerno-tezo-se-le-se-povecuje\/\" \/>\n<meta property=\"og:locale\" content=\"sl_SI\" \/>\n<meta property=\"og:type\" content=\"article\" \/>\n<meta property=\"og:title\" content=\"Dele\u017e ljudi s prekomerno te\u017eo se le \u0161e pove\u010duje - Hudo Slovenija\" \/>\n<meta property=\"og:description\" content=\"Debelost je eden izmed najbolj pere\u010dih zdravstvenih problemov moderne dru\u017ebe. Svetovna zdravstvena organizacija (WHO) je \u017ee leta 1997 debelost razglasila za globalno epidemijo, dele\u017e ljudi s prekomerno te\u017eo se je od takrat samo \u0161e pove\u010dal. Leto\u0161nji dan je sicer posve\u010den odpravi stigme prekomerno te\u017ekih.\" \/>\n<meta property=\"og:url\" content=\"https:\/\/hudo.com\/si\/aktualno\/delez-ljudi-s-prekomerno-tezo-se-le-se-povecuje\/\" \/>\n<meta property=\"og:site_name\" content=\"Hudo Slovenija\" \/>\n<meta property=\"article:publisher\" content=\"https:\/\/www.facebook.com\/hudo.si\" \/>\n<meta property=\"article:published_time\" content=\"2018-10-11T06:18:05+00:00\" \/>\n<meta property=\"og:image\" content=\"https:\/\/hudo.com\/si\/wp-content\/uploads\/sites\/2\/2017\/03\/profimedia-0267144326.jpg\" \/>\n\t<meta property=\"og:image:width\" content=\"1250\" \/>\n\t<meta property=\"og:image:height\" content=\"834\" \/>\n\t<meta property=\"og:image:type\" content=\"image\/jpeg\" \/>\n<meta name=\"author\" content=\"M. N., STA\" \/>\n<meta name=\"twitter:card\" content=\"summary_large_image\" \/>\n<meta name=\"twitter:creator\" content=\"@hudo_si\" \/>\n<meta name=\"twitter:site\" content=\"@hudo_si\" \/>\n<meta name=\"twitter:label1\" content=\"Written by\" \/>\n\t<meta name=\"twitter:data1\" content=\"M. N., STA\" \/>\n\t<meta name=\"twitter:label2\" content=\"Est. reading time\" \/>\n\t<meta name=\"twitter:data2\" content=\"1 minuta\" \/>\n<script type=\"application\/ld+json\" class=\"yoast-schema-graph\">{\"@context\":\"https:\/\/schema.org\",\"@graph\":[{\"@type\":\"Article\",\"@id\":\"https:\/\/hudo.com\/si\/aktualno\/delez-ljudi-s-prekomerno-tezo-se-le-se-povecuje\/#article\",\"isPartOf\":{\"@id\":\"https:\/\/hudo.com\/si\/aktualno\/delez-ljudi-s-prekomerno-tezo-se-le-se-povecuje\/\"},\"author\":{\"name\":\"M. N., STA\",\"@id\":\"https:\/\/hudo.com\/si\/#\/schema\/person\/c2f10ce65d2e6ede2aeda5be2a0611fa\"},\"headline\":\"Dele\u017e ljudi s prekomerno te\u017eo se le \u0161e pove\u010duje\",\"datePublished\":\"2018-10-11T06:18:05+00:00\",\"dateModified\":\"2018-10-11T06:18:05+00:00\",\"mainEntityOfPage\":{\"@id\":\"https:\/\/hudo.com\/si\/aktualno\/delez-ljudi-s-prekomerno-tezo-se-le-se-povecuje\/\"},\"wordCount\":303,\"publisher\":{\"@id\":\"https:\/\/hudo.com\/si\/#organization\"},\"keywords\":[\"debelost\",\"Slovenija\",\"svetovni dan debelosti\"],\"articleSection\":[\"Aktualno\"],\"inLanguage\":\"sl-SI\"},{\"@type\":\"WebPage\",\"@id\":\"https:\/\/hudo.com\/si\/aktualno\/delez-ljudi-s-prekomerno-tezo-se-le-se-povecuje\/\",\"url\":\"https:\/\/hudo.com\/si\/aktualno\/delez-ljudi-s-prekomerno-tezo-se-le-se-povecuje\/\",\"name\":\"Dele\u017e ljudi s prekomerno te\u017eo se le \u0161e pove\u010duje - Hudo Slovenija\",\"isPartOf\":{\"@id\":\"https:\/\/hudo.com\/si\/#website\"},\"datePublished\":\"2018-10-11T06:18:05+00:00\",\"dateModified\":\"2018-10-11T06:18:05+00:00\",\"breadcrumb\":{\"@id\":\"https:\/\/hudo.com\/si\/aktualno\/delez-ljudi-s-prekomerno-tezo-se-le-se-povecuje\/#breadcrumb\"},\"inLanguage\":\"sl-SI\",\"potentialAction\":[{\"@type\":\"ReadAction\",\"target\":[\"https:\/\/hudo.com\/si\/aktualno\/delez-ljudi-s-prekomerno-tezo-se-le-se-povecuje\/\"]}]},{\"@type\":\"BreadcrumbList\",\"@id\":\"https:\/\/hudo.com\/si\/aktualno\/delez-ljudi-s-prekomerno-tezo-se-le-se-povecuje\/#breadcrumb\",\"itemListElement\":[{\"@type\":\"ListItem\",\"position\":1,\"name\":\"Home\",\"item\":\"https:\/\/hudo.com\/si\/\"},{\"@type\":\"ListItem\",\"position\":2,\"name\":\"Dele\u017e ljudi s prekomerno te\u017eo se le \u0161e pove\u010duje\"}]},{\"@type\":\"WebSite\",\"@id\":\"https:\/\/hudo.com\/si\/#website\",\"url\":\"https:\/\/hudo.com\/si\/\",\"name\":\"Hudo Slovenija\",\"description\":\"Vse novice iz Slovenije in sveta\",\"publisher\":{\"@id\":\"https:\/\/hudo.com\/si\/#organization\"},\"potentialAction\":[{\"@type\":\"SearchAction\",\"target\":{\"@type\":\"EntryPoint\",\"urlTemplate\":\"https:\/\/hudo.com\/si\/?s={search_term_string}\"},\"query-input\":\"required name=search_term_string\"}],\"inLanguage\":\"sl-SI\"},{\"@type\":\"Organization\",\"@id\":\"https:\/\/hudo.com\/si\/#organization\",\"name\":\"VSN Media\",\"url\":\"https:\/\/hudo.com\/si\/\",\"logo\":{\"@type\":\"ImageObject\",\"inLanguage\":\"sl-SI\",\"@id\":\"https:\/\/hudo.com\/si\/#\/schema\/logo\/image\/\",\"url\":\"https:\/\/hudo.com\/si\/wp-content\/uploads\/sites\/2\/2021\/03\/hudo-app-2.png\",\"contentUrl\":\"https:\/\/hudo.com\/si\/wp-content\/uploads\/sites\/2\/2021\/03\/hudo-app-2.png\",\"width\":2185,\"height\":2167,\"caption\":\"VSN Media\"},\"image\":{\"@id\":\"https:\/\/hudo.com\/si\/#\/schema\/logo\/image\/\"},\"sameAs\":[\"https:\/\/www.facebook.com\/hudo.si\",\"https:\/\/twitter.com\/hudo_si\"]},{\"@type\":\"Person\",\"@id\":\"https:\/\/hudo.com\/si\/#\/schema\/person\/c2f10ce65d2e6ede2aeda5be2a0611fa\",\"name\":\"M. N., STA\",\"image\":{\"@type\":\"ImageObject\",\"inLanguage\":\"sl-SI\",\"@id\":\"https:\/\/hudo.com\/si\/#\/schema\/person\/image\/\",\"url\":\"https:\/\/secure.gravatar.com\/avatar\/f370d38daa10467f755c5c766a4cac20?s=96&d=mm&r=g\",\"contentUrl\":\"https:\/\/secure.gravatar.com\/avatar\/f370d38daa10467f755c5c766a4cac20?s=96&d=mm&r=g\",\"caption\":\"M. N., STA\"},\"url\":\"https:\/\/hudo.com\/si\/author\/mana\/\"}]}<\/script>\n<!-- \/ Yoast SEO plugin. -->","yoast_head_json":{"title":"Dele\u017e ljudi s prekomerno te\u017eo se le \u0161e pove\u010duje - Hudo Slovenija","robots":{"index":"index","follow":"follow","max-snippet":"max-snippet:-1","max-image-preview":"max-image-preview:large","max-video-preview":"max-video-preview:-1"},"canonical":"https:\/\/hudo.com\/si\/aktualno\/delez-ljudi-s-prekomerno-tezo-se-le-se-povecuje\/","og_locale":"sl_SI","og_type":"article","og_title":"Dele\u017e ljudi s prekomerno te\u017eo se le \u0161e pove\u010duje - Hudo Slovenija","og_description":"Debelost je eden izmed najbolj pere\u010dih zdravstvenih problemov moderne dru\u017ebe. Svetovna zdravstvena organizacija (WHO) je \u017ee leta 1997 debelost razglasila za globalno epidemijo, dele\u017e ljudi s prekomerno te\u017eo se je od takrat samo \u0161e pove\u010dal. Leto\u0161nji dan je sicer posve\u010den odpravi stigme prekomerno te\u017ekih.","og_url":"https:\/\/hudo.com\/si\/aktualno\/delez-ljudi-s-prekomerno-tezo-se-le-se-povecuje\/","og_site_name":"Hudo Slovenija","article_publisher":"https:\/\/www.facebook.com\/hudo.si","article_published_time":"2018-10-11T06:18:05+00:00","og_image":[{"width":1250,"height":834,"url":"https:\/\/hudo.com\/si\/wp-content\/uploads\/sites\/2\/2017\/03\/profimedia-0267144326.jpg","type":"image\/jpeg"}],"author":"M. N., STA","twitter_card":"summary_large_image","twitter_creator":"@hudo_si","twitter_site":"@hudo_si","twitter_misc":{"Written by":"M. N., STA","Est. reading time":"1 minuta"},"schema":{"@context":"https:\/\/schema.org","@graph":[{"@type":"Article","@id":"https:\/\/hudo.com\/si\/aktualno\/delez-ljudi-s-prekomerno-tezo-se-le-se-povecuje\/#article","isPartOf":{"@id":"https:\/\/hudo.com\/si\/aktualno\/delez-ljudi-s-prekomerno-tezo-se-le-se-povecuje\/"},"author":{"name":"M. N., STA","@id":"https:\/\/hudo.com\/si\/#\/schema\/person\/c2f10ce65d2e6ede2aeda5be2a0611fa"},"headline":"Dele\u017e ljudi s prekomerno te\u017eo se le \u0161e pove\u010duje","datePublished":"2018-10-11T06:18:05+00:00","dateModified":"2018-10-11T06:18:05+00:00","mainEntityOfPage":{"@id":"https:\/\/hudo.com\/si\/aktualno\/delez-ljudi-s-prekomerno-tezo-se-le-se-povecuje\/"},"wordCount":303,"publisher":{"@id":"https:\/\/hudo.com\/si\/#organization"},"keywords":["debelost","Slovenija","svetovni dan debelosti"],"articleSection":["Aktualno"],"inLanguage":"sl-SI"},{"@type":"WebPage","@id":"https:\/\/hudo.com\/si\/aktualno\/delez-ljudi-s-prekomerno-tezo-se-le-se-povecuje\/","url":"https:\/\/hudo.com\/si\/aktualno\/delez-ljudi-s-prekomerno-tezo-se-le-se-povecuje\/","name":"Dele\u017e ljudi s prekomerno te\u017eo se le \u0161e pove\u010duje - Hudo Slovenija","isPartOf":{"@id":"https:\/\/hudo.com\/si\/#website"},"datePublished":"2018-10-11T06:18:05+00:00","dateModified":"2018-10-11T06:18:05+00:00","breadcrumb":{"@id":"https:\/\/hudo.com\/si\/aktualno\/delez-ljudi-s-prekomerno-tezo-se-le-se-povecuje\/#breadcrumb"},"inLanguage":"sl-SI","potentialAction":[{"@type":"ReadAction","target":["https:\/\/hudo.com\/si\/aktualno\/delez-ljudi-s-prekomerno-tezo-se-le-se-povecuje\/"]}]},{"@type":"BreadcrumbList","@id":"https:\/\/hudo.com\/si\/aktualno\/delez-ljudi-s-prekomerno-tezo-se-le-se-povecuje\/#breadcrumb","itemListElement":[{"@type":"ListItem","position":1,"name":"Home","item":"https:\/\/hudo.com\/si\/"},{"@type":"ListItem","position":2,"name":"Dele\u017e ljudi s prekomerno te\u017eo se le \u0161e pove\u010duje"}]},{"@type":"WebSite","@id":"https:\/\/hudo.com\/si\/#website","url":"https:\/\/hudo.com\/si\/","name":"Hudo Slovenija","description":"Vse novice iz Slovenije in sveta","publisher":{"@id":"https:\/\/hudo.com\/si\/#organization"},"potentialAction":[{"@type":"SearchAction","target":{"@type":"EntryPoint","urlTemplate":"https:\/\/hudo.com\/si\/?s={search_term_string}"},"query-input":"required name=search_term_string"}],"inLanguage":"sl-SI"},{"@type":"Organization","@id":"https:\/\/hudo.com\/si\/#organization","name":"VSN Media","url":"https:\/\/hudo.com\/si\/","logo":{"@type":"ImageObject","inLanguage":"sl-SI","@id":"https:\/\/hudo.com\/si\/#\/schema\/logo\/image\/","url":"https:\/\/hudo.com\/si\/wp-content\/uploads\/sites\/2\/2021\/03\/hudo-app-2.png","contentUrl":"https:\/\/hudo.com\/si\/wp-content\/uploads\/sites\/2\/2021\/03\/hudo-app-2.png","width":2185,"height":2167,"caption":"VSN Media"},"image":{"@id":"https:\/\/hudo.com\/si\/#\/schema\/logo\/image\/"},"sameAs":["https:\/\/www.facebook.com\/hudo.si","https:\/\/twitter.com\/hudo_si"]},{"@type":"Person","@id":"https:\/\/hudo.com\/si\/#\/schema\/person\/c2f10ce65d2e6ede2aeda5be2a0611fa","name":"M. N., STA","image":{"@type":"ImageObject","inLanguage":"sl-SI","@id":"https:\/\/hudo.com\/si\/#\/schema\/person\/image\/","url":"https:\/\/secure.gravatar.com\/avatar\/f370d38daa10467f755c5c766a4cac20?s=96&d=mm&r=g","contentUrl":"https:\/\/secure.gravatar.com\/avatar\/f370d38daa10467f755c5c766a4cac20?s=96&d=mm&r=g","caption":"M. N., STA"},"url":"https:\/\/hudo.com\/si\/author\/mana\/"}]}},"amp_enabled":true,"_links":{"self":[{"href":"https:\/\/hudo.com\/si\/wp-json\/wp\/v2\/posts\/378967"}],"collection":[{"href":"https:\/\/hudo.com\/si\/wp-json\/wp\/v2\/posts"}],"about":[{"href":"https:\/\/hudo.com\/si\/wp-json\/wp\/v2\/types\/post"}],"author":[{"embeddable":true,"href":"https:\/\/hudo.com\/si\/wp-json\/wp\/v2\/users\/8"}],"replies":[{"embeddable":true,"href":"https:\/\/hudo.com\/si\/wp-json\/wp\/v2\/comments?post=378967"}],"version-history":[{"count":1,"href":"https:\/\/hudo.com\/si\/wp-json\/wp\/v2\/posts\/378967\/revisions"}],"predecessor-version":[{"id":378968,"href":"https:\/\/hudo.com\/si\/wp-json\/wp\/v2\/posts\/378967\/revisions\/378968"}],"wp:featuredmedia":[{"embeddable":true,"href":"https:\/\/hudo.com\/si\/wp-json\/wp\/v2\/media\/222652"}],"wp:attachment":[{"href":"https:\/\/hudo.com\/si\/wp-json\/wp\/v2\/media?parent=378967"}],"wp:term":[{"taxonomy":"category","embeddable":true,"href":"https:\/\/hudo.com\/si\/wp-json\/wp\/v2\/categories?post=378967"},{"taxonomy":"post_tag","embeddable":true,"href":"https:\/\/hudo.com\/si\/wp-json\/wp\/v2\/tags?post=378967"},{"taxonomy":"source","embeddable":true,"href":"https:\/\/hudo.com\/si\/wp-json\/wp\/v2\/source?post=378967"},{"taxonomy":"supertag","embeddable":true,"href":"https:\/\/hudo.com\/si\/wp-json\/wp\/v2\/supertag?post=378967"}],"curies":[{"name":"wp","href":"https:\/\/api.w.org\/{rel}","templated":true}]}}