{"id":379139,"date":"2018-10-13T09:27:13","date_gmt":"2018-10-13T07:27:13","guid":{"rendered":"http:\/\/hudo.com\/si\/?p=379139"},"modified":"2018-10-13T09:27:13","modified_gmt":"2018-10-13T07:27:13","slug":"belo-krajino-obiskuje-cedalje-vec-slovenskih-tujih-turistov","status":"publish","type":"post","link":"https:\/\/hudo.com\/si\/aktualno\/belo-krajino-obiskuje-cedalje-vec-slovenskih-tujih-turistov\/","title":{"rendered":"Belo krajino obiskuje \u010dedalje ve\u010d slovenskih in tujih turistov"},"content":{"rendered":"<p>Rast glede na pretekla leta bele\u017eijo tudi pri \u0161tevilu preno\u010ditev tujih gostov, kar je sicer eden od ciljev omenjene turisti\u010dne strategije.<\/p>\n<p>Da je turizem v Beli krajini ena od nosilnih gospodarskih panog, po mnenju ekipe za razvoj belokranjskega turizma &#8220;dokazuje dejstvo, da Belo krajino obiskuje \u010dedalje ve\u010d slovenskih in tujih turistov, ki so dele\u017eni kakovostne turisti\u010dne ponudbe in namestitve.&#8221;<\/p>\n<p>Po podatkih ekipe Turizem Bela krajina, ki jo sestavljajo predstavniki \u010drnomaljskega Razvojno informacijskega centra, metli\u0161kega Turisti\u010dnega dru\u0161tva Vigred in Kulturnega centra Semi\u010d, je sicer Bela krajina v okviru strategije trajnostne rasti slovenskega turizma opredeljena kot eno izmed 34 vodilnih turisti\u010dnih slovenskih obmo\u010dij. Skupaj s Kolpo pa se uvr\u0161\u010da med pet vodilnih do\u017eivetij &#8220;makrodestinacije&#8221; osrednja Slovenija in Ljubljana.<\/p>\n<p>Pristavili so, da je sicer za vzpostavitev strate\u0161kega upravljanja, sistemati\u010den razvoj in promocijo turizma v Beli krajini bistvenega pomena omenjena strategija razvoja turizma Bele krajine do leta 2022, ki predvideva odgovorno ohranjanje tamkaj\u0161njega ve\u010detni\u010dnega kulturnega izro\u010dila, edinstveno krajino in za\u0161\u010dito kulinari\u010dnih posebnosti.<\/p>\n<p>V skladu s tem so zastavili vizijo, po kateri bi Bela krajina postala eno vodilnih slovenskih turisti\u010dnih izhodi\u0161\u010d za zahtevne goste, &#8220;ki i\u0161\u010dejo in cenijo buti\u010dna in avtenti\u010dna do\u017eivetja v neokrnjeni naravi&#8221;.<\/p>\n<p>Strategija predvideva tri klju\u010dna razvojna podro\u010dja, skupni obmo\u010dni mened\u017ement, turisti\u010dno ponudbo in predstavitev. Kot cilje navaja okrepitev \u0161tevila preno\u010ditev zunaj glavne turisti\u010dne sezone, podalj\u0161anje povpre\u010dne dobe bivanja, okrepitev zanimanja doma\u010dinov za zaposlitev v turizmu, razvijanje integralne turisti\u010dne ponudbe za zahtevne goste ter privabljanje premo\u017enej\u0161ih gostov.<\/p>\n<p>Strategija poudarja \u0161e obmo\u010dni preplet naravne in kulturne dedi\u0161\u010dine oz. stik z naravo, notranjo sprostitev gostov, oddih, dejavnosti na Kolpi, pohodni\u0161tvo in kolesarjenje, kulinariko, ustvarjalno spoznavanje kulturne dedi\u0161\u010dine in podobno. V Beli krajini na\u010drtujejo tudi krepitev digitalne predstavitve, je \u0161e zapisala ekipa za razvoj belokranjskega turizma.<\/p>\n","protected":false},"excerpt":{"rendered":"<p>V Beli krajini so v preteklih dveh letih zabele\u017eili 30-odstotno rast \u0161tevila preno\u010ditev, v prvem polletju letos pa \u0161e za 13 odstotkov. V belokranjskih ob\u010dinah, ki so nedavno sprejele skupno razvojno strategijo do leta 2022, tako ocenjujejo, da turizem vse bolj postaja ena od nosilnih obmo\u010dnih gospodarskih panog.<\/p>\n","protected":false},"author":8,"featured_media":379140,"comment_status":"closed","ping_status":"closed","sticky":false,"template":"","format":"standard","meta":{"footnotes":""},"categories":[1179],"tags":[6143,1595,1917],"source":[4511],"supertag":[7541],"acf":[],"yoast_head":"<!-- This site is optimized with the Yoast SEO plugin v21.3 - https:\/\/yoast.com\/wordpress\/plugins\/seo\/ -->\n<title>Belo krajino obiskuje \u010dedalje ve\u010d slovenskih in tujih turistov - Hudo Slovenija<\/title>\n<meta name=\"robots\" content=\"index, follow, max-snippet:-1, max-image-preview:large, max-video-preview:-1\" \/>\n<link rel=\"canonical\" href=\"https:\/\/hudo.com\/si\/aktualno\/belo-krajino-obiskuje-cedalje-vec-slovenskih-tujih-turistov\/\" \/>\n<meta property=\"og:locale\" content=\"sl_SI\" \/>\n<meta property=\"og:type\" content=\"article\" \/>\n<meta property=\"og:title\" content=\"Belo krajino obiskuje \u010dedalje ve\u010d slovenskih in tujih turistov - Hudo Slovenija\" \/>\n<meta property=\"og:description\" content=\"V Beli krajini so v preteklih dveh letih zabele\u017eili 30-odstotno rast \u0161tevila preno\u010ditev, v prvem polletju letos pa \u0161e za 13 odstotkov. V belokranjskih ob\u010dinah, ki so nedavno sprejele skupno razvojno strategijo do leta 2022, tako ocenjujejo, da turizem vse bolj postaja ena od nosilnih obmo\u010dnih gospodarskih panog.\" \/>\n<meta property=\"og:url\" content=\"https:\/\/hudo.com\/si\/aktualno\/belo-krajino-obiskuje-cedalje-vec-slovenskih-tujih-turistov\/\" \/>\n<meta property=\"og:site_name\" content=\"Hudo Slovenija\" \/>\n<meta property=\"article:publisher\" content=\"https:\/\/www.facebook.com\/hudo.si\" \/>\n<meta property=\"article:published_time\" content=\"2018-10-13T07:27:13+00:00\" \/>\n<meta property=\"og:image\" content=\"https:\/\/hudo.com\/si\/wp-content\/uploads\/sites\/2\/2018\/10\/profimedia-0214420605.jpg\" \/>\n\t<meta property=\"og:image:width\" content=\"1250\" \/>\n\t<meta property=\"og:image:height\" content=\"833\" \/>\n\t<meta property=\"og:image:type\" content=\"image\/jpeg\" \/>\n<meta name=\"author\" content=\"M. N., STA\" \/>\n<meta name=\"twitter:card\" content=\"summary_large_image\" \/>\n<meta name=\"twitter:creator\" content=\"@hudo_si\" \/>\n<meta name=\"twitter:site\" content=\"@hudo_si\" \/>\n<meta name=\"twitter:label1\" content=\"Written by\" \/>\n\t<meta name=\"twitter:data1\" content=\"M. N., STA\" \/>\n\t<meta name=\"twitter:label2\" content=\"Est. reading time\" \/>\n\t<meta name=\"twitter:data2\" content=\"2 minuti\" \/>\n<script type=\"application\/ld+json\" class=\"yoast-schema-graph\">{\"@context\":\"https:\/\/schema.org\",\"@graph\":[{\"@type\":\"Article\",\"@id\":\"https:\/\/hudo.com\/si\/aktualno\/belo-krajino-obiskuje-cedalje-vec-slovenskih-tujih-turistov\/#article\",\"isPartOf\":{\"@id\":\"https:\/\/hudo.com\/si\/aktualno\/belo-krajino-obiskuje-cedalje-vec-slovenskih-tujih-turistov\/\"},\"author\":{\"name\":\"M. N., STA\",\"@id\":\"https:\/\/hudo.com\/si\/#\/schema\/person\/c2f10ce65d2e6ede2aeda5be2a0611fa\"},\"headline\":\"Belo krajino obiskuje \u010dedalje ve\u010d slovenskih in tujih turistov\",\"datePublished\":\"2018-10-13T07:27:13+00:00\",\"dateModified\":\"2018-10-13T07:27:13+00:00\",\"mainEntityOfPage\":{\"@id\":\"https:\/\/hudo.com\/si\/aktualno\/belo-krajino-obiskuje-cedalje-vec-slovenskih-tujih-turistov\/\"},\"wordCount\":331,\"publisher\":{\"@id\":\"https:\/\/hudo.com\/si\/#organization\"},\"keywords\":[\"bela krajina\",\"Slovenija\",\"turizem\"],\"articleSection\":[\"Aktualno\"],\"inLanguage\":\"sl-SI\"},{\"@type\":\"WebPage\",\"@id\":\"https:\/\/hudo.com\/si\/aktualno\/belo-krajino-obiskuje-cedalje-vec-slovenskih-tujih-turistov\/\",\"url\":\"https:\/\/hudo.com\/si\/aktualno\/belo-krajino-obiskuje-cedalje-vec-slovenskih-tujih-turistov\/\",\"name\":\"Belo krajino obiskuje \u010dedalje ve\u010d slovenskih in tujih turistov - Hudo Slovenija\",\"isPartOf\":{\"@id\":\"https:\/\/hudo.com\/si\/#website\"},\"datePublished\":\"2018-10-13T07:27:13+00:00\",\"dateModified\":\"2018-10-13T07:27:13+00:00\",\"breadcrumb\":{\"@id\":\"https:\/\/hudo.com\/si\/aktualno\/belo-krajino-obiskuje-cedalje-vec-slovenskih-tujih-turistov\/#breadcrumb\"},\"inLanguage\":\"sl-SI\",\"potentialAction\":[{\"@type\":\"ReadAction\",\"target\":[\"https:\/\/hudo.com\/si\/aktualno\/belo-krajino-obiskuje-cedalje-vec-slovenskih-tujih-turistov\/\"]}]},{\"@type\":\"BreadcrumbList\",\"@id\":\"https:\/\/hudo.com\/si\/aktualno\/belo-krajino-obiskuje-cedalje-vec-slovenskih-tujih-turistov\/#breadcrumb\",\"itemListElement\":[{\"@type\":\"ListItem\",\"position\":1,\"name\":\"Home\",\"item\":\"https:\/\/hudo.com\/si\/\"},{\"@type\":\"ListItem\",\"position\":2,\"name\":\"Belo krajino obiskuje \u010dedalje ve\u010d slovenskih in tujih turistov\"}]},{\"@type\":\"WebSite\",\"@id\":\"https:\/\/hudo.com\/si\/#website\",\"url\":\"https:\/\/hudo.com\/si\/\",\"name\":\"Hudo Slovenija\",\"description\":\"Vse novice iz Slovenije in sveta\",\"publisher\":{\"@id\":\"https:\/\/hudo.com\/si\/#organization\"},\"potentialAction\":[{\"@type\":\"SearchAction\",\"target\":{\"@type\":\"EntryPoint\",\"urlTemplate\":\"https:\/\/hudo.com\/si\/?s={search_term_string}\"},\"query-input\":\"required name=search_term_string\"}],\"inLanguage\":\"sl-SI\"},{\"@type\":\"Organization\",\"@id\":\"https:\/\/hudo.com\/si\/#organization\",\"name\":\"VSN Media\",\"url\":\"https:\/\/hudo.com\/si\/\",\"logo\":{\"@type\":\"ImageObject\",\"inLanguage\":\"sl-SI\",\"@id\":\"https:\/\/hudo.com\/si\/#\/schema\/logo\/image\/\",\"url\":\"https:\/\/hudo.com\/si\/wp-content\/uploads\/sites\/2\/2021\/03\/hudo-app-2.png\",\"contentUrl\":\"https:\/\/hudo.com\/si\/wp-content\/uploads\/sites\/2\/2021\/03\/hudo-app-2.png\",\"width\":2185,\"height\":2167,\"caption\":\"VSN Media\"},\"image\":{\"@id\":\"https:\/\/hudo.com\/si\/#\/schema\/logo\/image\/\"},\"sameAs\":[\"https:\/\/www.facebook.com\/hudo.si\",\"https:\/\/twitter.com\/hudo_si\"]},{\"@type\":\"Person\",\"@id\":\"https:\/\/hudo.com\/si\/#\/schema\/person\/c2f10ce65d2e6ede2aeda5be2a0611fa\",\"name\":\"M. N., STA\",\"image\":{\"@type\":\"ImageObject\",\"inLanguage\":\"sl-SI\",\"@id\":\"https:\/\/hudo.com\/si\/#\/schema\/person\/image\/\",\"url\":\"https:\/\/secure.gravatar.com\/avatar\/f370d38daa10467f755c5c766a4cac20?s=96&d=mm&r=g\",\"contentUrl\":\"https:\/\/secure.gravatar.com\/avatar\/f370d38daa10467f755c5c766a4cac20?s=96&d=mm&r=g\",\"caption\":\"M. N., STA\"},\"url\":\"https:\/\/hudo.com\/si\/author\/mana\/\"}]}<\/script>\n<!-- \/ Yoast SEO plugin. -->","yoast_head_json":{"title":"Belo krajino obiskuje \u010dedalje ve\u010d slovenskih in tujih turistov - Hudo Slovenija","robots":{"index":"index","follow":"follow","max-snippet":"max-snippet:-1","max-image-preview":"max-image-preview:large","max-video-preview":"max-video-preview:-1"},"canonical":"https:\/\/hudo.com\/si\/aktualno\/belo-krajino-obiskuje-cedalje-vec-slovenskih-tujih-turistov\/","og_locale":"sl_SI","og_type":"article","og_title":"Belo krajino obiskuje \u010dedalje ve\u010d slovenskih in tujih turistov - Hudo Slovenija","og_description":"V Beli krajini so v preteklih dveh letih zabele\u017eili 30-odstotno rast \u0161tevila preno\u010ditev, v prvem polletju letos pa \u0161e za 13 odstotkov. V belokranjskih ob\u010dinah, ki so nedavno sprejele skupno razvojno strategijo do leta 2022, tako ocenjujejo, da turizem vse bolj postaja ena od nosilnih obmo\u010dnih gospodarskih panog.","og_url":"https:\/\/hudo.com\/si\/aktualno\/belo-krajino-obiskuje-cedalje-vec-slovenskih-tujih-turistov\/","og_site_name":"Hudo Slovenija","article_publisher":"https:\/\/www.facebook.com\/hudo.si","article_published_time":"2018-10-13T07:27:13+00:00","og_image":[{"width":1250,"height":833,"url":"https:\/\/hudo.com\/si\/wp-content\/uploads\/sites\/2\/2018\/10\/profimedia-0214420605.jpg","type":"image\/jpeg"}],"author":"M. N., STA","twitter_card":"summary_large_image","twitter_creator":"@hudo_si","twitter_site":"@hudo_si","twitter_misc":{"Written by":"M. N., STA","Est. reading time":"2 minuti"},"schema":{"@context":"https:\/\/schema.org","@graph":[{"@type":"Article","@id":"https:\/\/hudo.com\/si\/aktualno\/belo-krajino-obiskuje-cedalje-vec-slovenskih-tujih-turistov\/#article","isPartOf":{"@id":"https:\/\/hudo.com\/si\/aktualno\/belo-krajino-obiskuje-cedalje-vec-slovenskih-tujih-turistov\/"},"author":{"name":"M. N., STA","@id":"https:\/\/hudo.com\/si\/#\/schema\/person\/c2f10ce65d2e6ede2aeda5be2a0611fa"},"headline":"Belo krajino obiskuje \u010dedalje ve\u010d slovenskih in tujih turistov","datePublished":"2018-10-13T07:27:13+00:00","dateModified":"2018-10-13T07:27:13+00:00","mainEntityOfPage":{"@id":"https:\/\/hudo.com\/si\/aktualno\/belo-krajino-obiskuje-cedalje-vec-slovenskih-tujih-turistov\/"},"wordCount":331,"publisher":{"@id":"https:\/\/hudo.com\/si\/#organization"},"keywords":["bela krajina","Slovenija","turizem"],"articleSection":["Aktualno"],"inLanguage":"sl-SI"},{"@type":"WebPage","@id":"https:\/\/hudo.com\/si\/aktualno\/belo-krajino-obiskuje-cedalje-vec-slovenskih-tujih-turistov\/","url":"https:\/\/hudo.com\/si\/aktualno\/belo-krajino-obiskuje-cedalje-vec-slovenskih-tujih-turistov\/","name":"Belo krajino obiskuje \u010dedalje ve\u010d slovenskih in tujih turistov - Hudo Slovenija","isPartOf":{"@id":"https:\/\/hudo.com\/si\/#website"},"datePublished":"2018-10-13T07:27:13+00:00","dateModified":"2018-10-13T07:27:13+00:00","breadcrumb":{"@id":"https:\/\/hudo.com\/si\/aktualno\/belo-krajino-obiskuje-cedalje-vec-slovenskih-tujih-turistov\/#breadcrumb"},"inLanguage":"sl-SI","potentialAction":[{"@type":"ReadAction","target":["https:\/\/hudo.com\/si\/aktualno\/belo-krajino-obiskuje-cedalje-vec-slovenskih-tujih-turistov\/"]}]},{"@type":"BreadcrumbList","@id":"https:\/\/hudo.com\/si\/aktualno\/belo-krajino-obiskuje-cedalje-vec-slovenskih-tujih-turistov\/#breadcrumb","itemListElement":[{"@type":"ListItem","position":1,"name":"Home","item":"https:\/\/hudo.com\/si\/"},{"@type":"ListItem","position":2,"name":"Belo krajino obiskuje \u010dedalje ve\u010d slovenskih in tujih turistov"}]},{"@type":"WebSite","@id":"https:\/\/hudo.com\/si\/#website","url":"https:\/\/hudo.com\/si\/","name":"Hudo Slovenija","description":"Vse novice iz Slovenije in sveta","publisher":{"@id":"https:\/\/hudo.com\/si\/#organization"},"potentialAction":[{"@type":"SearchAction","target":{"@type":"EntryPoint","urlTemplate":"https:\/\/hudo.com\/si\/?s={search_term_string}"},"query-input":"required name=search_term_string"}],"inLanguage":"sl-SI"},{"@type":"Organization","@id":"https:\/\/hudo.com\/si\/#organization","name":"VSN Media","url":"https:\/\/hudo.com\/si\/","logo":{"@type":"ImageObject","inLanguage":"sl-SI","@id":"https:\/\/hudo.com\/si\/#\/schema\/logo\/image\/","url":"https:\/\/hudo.com\/si\/wp-content\/uploads\/sites\/2\/2021\/03\/hudo-app-2.png","contentUrl":"https:\/\/hudo.com\/si\/wp-content\/uploads\/sites\/2\/2021\/03\/hudo-app-2.png","width":2185,"height":2167,"caption":"VSN Media"},"image":{"@id":"https:\/\/hudo.com\/si\/#\/schema\/logo\/image\/"},"sameAs":["https:\/\/www.facebook.com\/hudo.si","https:\/\/twitter.com\/hudo_si"]},{"@type":"Person","@id":"https:\/\/hudo.com\/si\/#\/schema\/person\/c2f10ce65d2e6ede2aeda5be2a0611fa","name":"M. N., STA","image":{"@type":"ImageObject","inLanguage":"sl-SI","@id":"https:\/\/hudo.com\/si\/#\/schema\/person\/image\/","url":"https:\/\/secure.gravatar.com\/avatar\/f370d38daa10467f755c5c766a4cac20?s=96&d=mm&r=g","contentUrl":"https:\/\/secure.gravatar.com\/avatar\/f370d38daa10467f755c5c766a4cac20?s=96&d=mm&r=g","caption":"M. N., STA"},"url":"https:\/\/hudo.com\/si\/author\/mana\/"}]}},"amp_enabled":true,"_links":{"self":[{"href":"https:\/\/hudo.com\/si\/wp-json\/wp\/v2\/posts\/379139"}],"collection":[{"href":"https:\/\/hudo.com\/si\/wp-json\/wp\/v2\/posts"}],"about":[{"href":"https:\/\/hudo.com\/si\/wp-json\/wp\/v2\/types\/post"}],"author":[{"embeddable":true,"href":"https:\/\/hudo.com\/si\/wp-json\/wp\/v2\/users\/8"}],"replies":[{"embeddable":true,"href":"https:\/\/hudo.com\/si\/wp-json\/wp\/v2\/comments?post=379139"}],"version-history":[{"count":1,"href":"https:\/\/hudo.com\/si\/wp-json\/wp\/v2\/posts\/379139\/revisions"}],"predecessor-version":[{"id":379141,"href":"https:\/\/hudo.com\/si\/wp-json\/wp\/v2\/posts\/379139\/revisions\/379141"}],"wp:featuredmedia":[{"embeddable":true,"href":"https:\/\/hudo.com\/si\/wp-json\/wp\/v2\/media\/379140"}],"wp:attachment":[{"href":"https:\/\/hudo.com\/si\/wp-json\/wp\/v2\/media?parent=379139"}],"wp:term":[{"taxonomy":"category","embeddable":true,"href":"https:\/\/hudo.com\/si\/wp-json\/wp\/v2\/categories?post=379139"},{"taxonomy":"post_tag","embeddable":true,"href":"https:\/\/hudo.com\/si\/wp-json\/wp\/v2\/tags?post=379139"},{"taxonomy":"source","embeddable":true,"href":"https:\/\/hudo.com\/si\/wp-json\/wp\/v2\/source?post=379139"},{"taxonomy":"supertag","embeddable":true,"href":"https:\/\/hudo.com\/si\/wp-json\/wp\/v2\/supertag?post=379139"}],"curies":[{"name":"wp","href":"https:\/\/api.w.org\/{rel}","templated":true}]}}