{"id":379157,"date":"2018-10-13T15:20:11","date_gmt":"2018-10-13T13:20:11","guid":{"rendered":"http:\/\/hudo.com\/si\/?p=379157"},"modified":"2018-10-13T15:20:35","modified_gmt":"2018-10-13T13:20:35","slug":"applova-ura-savdskega-novinarjaposnela-njegov-zvok-ob-umoru","status":"publish","type":"post","link":"https:\/\/hudo.com\/si\/aktualno\/applova-ura-savdskega-novinarjaposnela-njegov-zvok-ob-umoru\/","title":{"rendered":"Applova ura savdskega novinarja posnela njegov zvok ob umoru"},"content":{"rendered":"<p>Novinar je skrivnostno izginil 2. oktobra, ko je vstopil v prostore savdskega konzulata v Istanbulu, kamor je \u0161el po uradne dokumente za svojo skoraj\u0161njo poroko. Savdska Arabija vztraja, da je novinar, ki je pisal tudi za ameri\u0161ki Washington Post, varno zapustil konzulat, a tega doslej \u0161e ni nih\u010de potrdil. Viri blizu tur\u0161ke vlade trdijo, da policija meni, da ga je ubila skupina Savdijcev, ki so jih v ta namen poslali v Istanbul.<\/p>\n<p>Tur\u0161ki \u010dasnik pa po navedbah nem\u0161ke tiskovne agencije dpa danes poro\u010da, da je Ha\u0161od\u017ei pred vstopom v prostore konzulata vklopil snemanje na svoji ro\u010dni uri, sinhronizirani z mobilnim telefonom. Tega pa je pred tem dal zaro\u010denki, ki ga je \u010dakala pred poslopjem konzulata. Po poro\u010danju \u010dasnika Sabah, ki se sklicuje na zanesljive vire, sta posnetkom \u017ee prisluhnili tudi tur\u0161ka tajna slu\u017eba in policija.<\/p>\n<p>Savdski notranji minister Abdel Aziz bin Saud bin Najef je sicer trditve, da bi obstajali ukazi za uboj D\u017eamala Ha\u0161od\u017eija, ozna\u010dil za neutemeljene obto\u017ebe in la\u017ei. Poudaril je, da njegova dr\u017eava spo\u0161tuje mednarodno pravo in konvencije.<\/p>\n<p>59-letni Ha\u0161od\u017ei, ki je v preteklosti svetoval savdski vladi, je lani pobegnil iz domovine v ZDA. Po lastnih navedbah zaradi bojazni, da bi ga aretirali ali pa bi mu oblasti prepovedale potovanje.<\/p>\n<p>Izginotje novinarja je dele\u017eno velike pozornosti svetovne javnosti in bi lahko ogrozilo krhke odnose med Tur\u010dijo in Savdsko Arabijo ter \u0161kodilo prizadevanjem savdskega prestolonaslednika, da z reformami izbolj\u0161a ugled dr\u017eave v svetu.<\/p>\n<p>Savdski minister je pozdravil sodelovanje med kraljevino in Tur\u010dijo za razjasnitev okoli\u0161\u010din izginotja novinarja, poro\u010da francoska tiskovna agencija AFP.<\/p>\n","protected":false},"excerpt":{"rendered":"<p>Applova pametna ura, ki jo je nosil pogre\u0161ani savdski novinar in kritik re\u017eima v Rijadu D\u017eamal Ha\u0161od\u017ei, je posnela zvok ob njegovem umoru, je danes poro\u010dal tur\u0161ki \u010dasnik Sabah.<\/p>\n","protected":false},"author":8,"featured_media":379158,"comment_status":"closed","ping_status":"closed","sticky":false,"template":"","format":"standard","meta":{"footnotes":""},"categories":[1179],"tags":[12185,4402,4540,1887,5018],"source":[4511],"supertag":[7150,6103],"acf":[],"yoast_head":"<!-- This site is optimized with the Yoast SEO plugin v21.3 - https:\/\/yoast.com\/wordpress\/plugins\/seo\/ -->\n<title>Applova ura savdskega novinarja posnela njegov zvok ob umoru - Hudo Slovenija<\/title>\n<meta name=\"robots\" content=\"index, follow, max-snippet:-1, max-image-preview:large, max-video-preview:-1\" \/>\n<link rel=\"canonical\" href=\"https:\/\/hudo.com\/si\/aktualno\/applova-ura-savdskega-novinarjaposnela-njegov-zvok-ob-umoru\/\" \/>\n<meta property=\"og:locale\" content=\"sl_SI\" \/>\n<meta property=\"og:type\" content=\"article\" \/>\n<meta property=\"og:title\" content=\"Applova ura savdskega novinarja posnela njegov zvok ob umoru - Hudo Slovenija\" \/>\n<meta property=\"og:description\" content=\"Applova pametna ura, ki jo je nosil pogre\u0161ani savdski novinar in kritik re\u017eima v Rijadu D\u017eamal Ha\u0161od\u017ei, je posnela zvok ob njegovem umoru, je danes poro\u010dal tur\u0161ki \u010dasnik Sabah.\" \/>\n<meta property=\"og:url\" content=\"https:\/\/hudo.com\/si\/aktualno\/applova-ura-savdskega-novinarjaposnela-njegov-zvok-ob-umoru\/\" \/>\n<meta property=\"og:site_name\" content=\"Hudo Slovenija\" \/>\n<meta property=\"article:publisher\" content=\"https:\/\/www.facebook.com\/hudo.si\" \/>\n<meta property=\"article:published_time\" content=\"2018-10-13T13:20:11+00:00\" \/>\n<meta property=\"article:modified_time\" content=\"2018-10-13T13:20:35+00:00\" \/>\n<meta property=\"og:image\" content=\"https:\/\/hudo.com\/si\/wp-content\/uploads\/sites\/2\/2018\/10\/profimedia-0390911277.jpg\" \/>\n\t<meta property=\"og:image:width\" content=\"1250\" \/>\n\t<meta property=\"og:image:height\" content=\"833\" \/>\n\t<meta property=\"og:image:type\" content=\"image\/jpeg\" \/>\n<meta name=\"author\" content=\"M. N., STA\" \/>\n<meta name=\"twitter:card\" content=\"summary_large_image\" \/>\n<meta name=\"twitter:creator\" content=\"@hudo_si\" \/>\n<meta name=\"twitter:site\" content=\"@hudo_si\" \/>\n<meta name=\"twitter:label1\" content=\"Written by\" \/>\n\t<meta name=\"twitter:data1\" content=\"M. N., STA\" \/>\n\t<meta name=\"twitter:label2\" content=\"Est. reading time\" \/>\n\t<meta name=\"twitter:data2\" content=\"1 minuta\" \/>\n<script type=\"application\/ld+json\" class=\"yoast-schema-graph\">{\"@context\":\"https:\/\/schema.org\",\"@graph\":[{\"@type\":\"Article\",\"@id\":\"https:\/\/hudo.com\/si\/aktualno\/applova-ura-savdskega-novinarjaposnela-njegov-zvok-ob-umoru\/#article\",\"isPartOf\":{\"@id\":\"https:\/\/hudo.com\/si\/aktualno\/applova-ura-savdskega-novinarjaposnela-njegov-zvok-ob-umoru\/\"},\"author\":{\"name\":\"M. N., STA\",\"@id\":\"https:\/\/hudo.com\/si\/#\/schema\/person\/c2f10ce65d2e6ede2aeda5be2a0611fa\"},\"headline\":\"Applova ura savdskega novinarja posnela njegov zvok ob umoru\",\"datePublished\":\"2018-10-13T13:20:11+00:00\",\"dateModified\":\"2018-10-13T13:20:35+00:00\",\"mainEntityOfPage\":{\"@id\":\"https:\/\/hudo.com\/si\/aktualno\/applova-ura-savdskega-novinarjaposnela-njegov-zvok-ob-umoru\/\"},\"wordCount\":293,\"publisher\":{\"@id\":\"https:\/\/hudo.com\/si\/#organization\"},\"keywords\":[\"D\u017eamal Ha\u0161od\u017ei\",\"novinar\",\"Savdska Arabija\",\"tur\u010dija\",\"umor\"],\"articleSection\":[\"Aktualno\"],\"inLanguage\":\"sl-SI\"},{\"@type\":\"WebPage\",\"@id\":\"https:\/\/hudo.com\/si\/aktualno\/applova-ura-savdskega-novinarjaposnela-njegov-zvok-ob-umoru\/\",\"url\":\"https:\/\/hudo.com\/si\/aktualno\/applova-ura-savdskega-novinarjaposnela-njegov-zvok-ob-umoru\/\",\"name\":\"Applova ura savdskega novinarja posnela njegov zvok ob umoru - Hudo Slovenija\",\"isPartOf\":{\"@id\":\"https:\/\/hudo.com\/si\/#website\"},\"datePublished\":\"2018-10-13T13:20:11+00:00\",\"dateModified\":\"2018-10-13T13:20:35+00:00\",\"breadcrumb\":{\"@id\":\"https:\/\/hudo.com\/si\/aktualno\/applova-ura-savdskega-novinarjaposnela-njegov-zvok-ob-umoru\/#breadcrumb\"},\"inLanguage\":\"sl-SI\",\"potentialAction\":[{\"@type\":\"ReadAction\",\"target\":[\"https:\/\/hudo.com\/si\/aktualno\/applova-ura-savdskega-novinarjaposnela-njegov-zvok-ob-umoru\/\"]}]},{\"@type\":\"BreadcrumbList\",\"@id\":\"https:\/\/hudo.com\/si\/aktualno\/applova-ura-savdskega-novinarjaposnela-njegov-zvok-ob-umoru\/#breadcrumb\",\"itemListElement\":[{\"@type\":\"ListItem\",\"position\":1,\"name\":\"Home\",\"item\":\"https:\/\/hudo.com\/si\/\"},{\"@type\":\"ListItem\",\"position\":2,\"name\":\"Applova ura savdskega novinarja posnela njegov zvok ob umoru\"}]},{\"@type\":\"WebSite\",\"@id\":\"https:\/\/hudo.com\/si\/#website\",\"url\":\"https:\/\/hudo.com\/si\/\",\"name\":\"Hudo Slovenija\",\"description\":\"Vse novice iz Slovenije in sveta\",\"publisher\":{\"@id\":\"https:\/\/hudo.com\/si\/#organization\"},\"potentialAction\":[{\"@type\":\"SearchAction\",\"target\":{\"@type\":\"EntryPoint\",\"urlTemplate\":\"https:\/\/hudo.com\/si\/?s={search_term_string}\"},\"query-input\":\"required name=search_term_string\"}],\"inLanguage\":\"sl-SI\"},{\"@type\":\"Organization\",\"@id\":\"https:\/\/hudo.com\/si\/#organization\",\"name\":\"VSN Media\",\"url\":\"https:\/\/hudo.com\/si\/\",\"logo\":{\"@type\":\"ImageObject\",\"inLanguage\":\"sl-SI\",\"@id\":\"https:\/\/hudo.com\/si\/#\/schema\/logo\/image\/\",\"url\":\"https:\/\/hudo.com\/si\/wp-content\/uploads\/sites\/2\/2021\/03\/hudo-app-2.png\",\"contentUrl\":\"https:\/\/hudo.com\/si\/wp-content\/uploads\/sites\/2\/2021\/03\/hudo-app-2.png\",\"width\":2185,\"height\":2167,\"caption\":\"VSN Media\"},\"image\":{\"@id\":\"https:\/\/hudo.com\/si\/#\/schema\/logo\/image\/\"},\"sameAs\":[\"https:\/\/www.facebook.com\/hudo.si\",\"https:\/\/twitter.com\/hudo_si\"]},{\"@type\":\"Person\",\"@id\":\"https:\/\/hudo.com\/si\/#\/schema\/person\/c2f10ce65d2e6ede2aeda5be2a0611fa\",\"name\":\"M. N., STA\",\"image\":{\"@type\":\"ImageObject\",\"inLanguage\":\"sl-SI\",\"@id\":\"https:\/\/hudo.com\/si\/#\/schema\/person\/image\/\",\"url\":\"https:\/\/secure.gravatar.com\/avatar\/f370d38daa10467f755c5c766a4cac20?s=96&d=mm&r=g\",\"contentUrl\":\"https:\/\/secure.gravatar.com\/avatar\/f370d38daa10467f755c5c766a4cac20?s=96&d=mm&r=g\",\"caption\":\"M. N., STA\"},\"url\":\"https:\/\/hudo.com\/si\/author\/mana\/\"}]}<\/script>\n<!-- \/ Yoast SEO plugin. -->","yoast_head_json":{"title":"Applova ura savdskega novinarja posnela njegov zvok ob umoru - Hudo Slovenija","robots":{"index":"index","follow":"follow","max-snippet":"max-snippet:-1","max-image-preview":"max-image-preview:large","max-video-preview":"max-video-preview:-1"},"canonical":"https:\/\/hudo.com\/si\/aktualno\/applova-ura-savdskega-novinarjaposnela-njegov-zvok-ob-umoru\/","og_locale":"sl_SI","og_type":"article","og_title":"Applova ura savdskega novinarja posnela njegov zvok ob umoru - Hudo Slovenija","og_description":"Applova pametna ura, ki jo je nosil pogre\u0161ani savdski novinar in kritik re\u017eima v Rijadu D\u017eamal Ha\u0161od\u017ei, je posnela zvok ob njegovem umoru, je danes poro\u010dal tur\u0161ki \u010dasnik Sabah.","og_url":"https:\/\/hudo.com\/si\/aktualno\/applova-ura-savdskega-novinarjaposnela-njegov-zvok-ob-umoru\/","og_site_name":"Hudo Slovenija","article_publisher":"https:\/\/www.facebook.com\/hudo.si","article_published_time":"2018-10-13T13:20:11+00:00","article_modified_time":"2018-10-13T13:20:35+00:00","og_image":[{"width":1250,"height":833,"url":"https:\/\/hudo.com\/si\/wp-content\/uploads\/sites\/2\/2018\/10\/profimedia-0390911277.jpg","type":"image\/jpeg"}],"author":"M. N., STA","twitter_card":"summary_large_image","twitter_creator":"@hudo_si","twitter_site":"@hudo_si","twitter_misc":{"Written by":"M. N., STA","Est. reading time":"1 minuta"},"schema":{"@context":"https:\/\/schema.org","@graph":[{"@type":"Article","@id":"https:\/\/hudo.com\/si\/aktualno\/applova-ura-savdskega-novinarjaposnela-njegov-zvok-ob-umoru\/#article","isPartOf":{"@id":"https:\/\/hudo.com\/si\/aktualno\/applova-ura-savdskega-novinarjaposnela-njegov-zvok-ob-umoru\/"},"author":{"name":"M. N., STA","@id":"https:\/\/hudo.com\/si\/#\/schema\/person\/c2f10ce65d2e6ede2aeda5be2a0611fa"},"headline":"Applova ura savdskega novinarja posnela njegov zvok ob umoru","datePublished":"2018-10-13T13:20:11+00:00","dateModified":"2018-10-13T13:20:35+00:00","mainEntityOfPage":{"@id":"https:\/\/hudo.com\/si\/aktualno\/applova-ura-savdskega-novinarjaposnela-njegov-zvok-ob-umoru\/"},"wordCount":293,"publisher":{"@id":"https:\/\/hudo.com\/si\/#organization"},"keywords":["D\u017eamal Ha\u0161od\u017ei","novinar","Savdska Arabija","tur\u010dija","umor"],"articleSection":["Aktualno"],"inLanguage":"sl-SI"},{"@type":"WebPage","@id":"https:\/\/hudo.com\/si\/aktualno\/applova-ura-savdskega-novinarjaposnela-njegov-zvok-ob-umoru\/","url":"https:\/\/hudo.com\/si\/aktualno\/applova-ura-savdskega-novinarjaposnela-njegov-zvok-ob-umoru\/","name":"Applova ura savdskega novinarja posnela njegov zvok ob umoru - Hudo Slovenija","isPartOf":{"@id":"https:\/\/hudo.com\/si\/#website"},"datePublished":"2018-10-13T13:20:11+00:00","dateModified":"2018-10-13T13:20:35+00:00","breadcrumb":{"@id":"https:\/\/hudo.com\/si\/aktualno\/applova-ura-savdskega-novinarjaposnela-njegov-zvok-ob-umoru\/#breadcrumb"},"inLanguage":"sl-SI","potentialAction":[{"@type":"ReadAction","target":["https:\/\/hudo.com\/si\/aktualno\/applova-ura-savdskega-novinarjaposnela-njegov-zvok-ob-umoru\/"]}]},{"@type":"BreadcrumbList","@id":"https:\/\/hudo.com\/si\/aktualno\/applova-ura-savdskega-novinarjaposnela-njegov-zvok-ob-umoru\/#breadcrumb","itemListElement":[{"@type":"ListItem","position":1,"name":"Home","item":"https:\/\/hudo.com\/si\/"},{"@type":"ListItem","position":2,"name":"Applova ura savdskega novinarja posnela njegov zvok ob umoru"}]},{"@type":"WebSite","@id":"https:\/\/hudo.com\/si\/#website","url":"https:\/\/hudo.com\/si\/","name":"Hudo Slovenija","description":"Vse novice iz Slovenije in sveta","publisher":{"@id":"https:\/\/hudo.com\/si\/#organization"},"potentialAction":[{"@type":"SearchAction","target":{"@type":"EntryPoint","urlTemplate":"https:\/\/hudo.com\/si\/?s={search_term_string}"},"query-input":"required name=search_term_string"}],"inLanguage":"sl-SI"},{"@type":"Organization","@id":"https:\/\/hudo.com\/si\/#organization","name":"VSN Media","url":"https:\/\/hudo.com\/si\/","logo":{"@type":"ImageObject","inLanguage":"sl-SI","@id":"https:\/\/hudo.com\/si\/#\/schema\/logo\/image\/","url":"https:\/\/hudo.com\/si\/wp-content\/uploads\/sites\/2\/2021\/03\/hudo-app-2.png","contentUrl":"https:\/\/hudo.com\/si\/wp-content\/uploads\/sites\/2\/2021\/03\/hudo-app-2.png","width":2185,"height":2167,"caption":"VSN Media"},"image":{"@id":"https:\/\/hudo.com\/si\/#\/schema\/logo\/image\/"},"sameAs":["https:\/\/www.facebook.com\/hudo.si","https:\/\/twitter.com\/hudo_si"]},{"@type":"Person","@id":"https:\/\/hudo.com\/si\/#\/schema\/person\/c2f10ce65d2e6ede2aeda5be2a0611fa","name":"M. N., STA","image":{"@type":"ImageObject","inLanguage":"sl-SI","@id":"https:\/\/hudo.com\/si\/#\/schema\/person\/image\/","url":"https:\/\/secure.gravatar.com\/avatar\/f370d38daa10467f755c5c766a4cac20?s=96&d=mm&r=g","contentUrl":"https:\/\/secure.gravatar.com\/avatar\/f370d38daa10467f755c5c766a4cac20?s=96&d=mm&r=g","caption":"M. N., STA"},"url":"https:\/\/hudo.com\/si\/author\/mana\/"}]}},"amp_enabled":true,"_links":{"self":[{"href":"https:\/\/hudo.com\/si\/wp-json\/wp\/v2\/posts\/379157"}],"collection":[{"href":"https:\/\/hudo.com\/si\/wp-json\/wp\/v2\/posts"}],"about":[{"href":"https:\/\/hudo.com\/si\/wp-json\/wp\/v2\/types\/post"}],"author":[{"embeddable":true,"href":"https:\/\/hudo.com\/si\/wp-json\/wp\/v2\/users\/8"}],"replies":[{"embeddable":true,"href":"https:\/\/hudo.com\/si\/wp-json\/wp\/v2\/comments?post=379157"}],"version-history":[{"count":2,"href":"https:\/\/hudo.com\/si\/wp-json\/wp\/v2\/posts\/379157\/revisions"}],"predecessor-version":[{"id":379160,"href":"https:\/\/hudo.com\/si\/wp-json\/wp\/v2\/posts\/379157\/revisions\/379160"}],"wp:featuredmedia":[{"embeddable":true,"href":"https:\/\/hudo.com\/si\/wp-json\/wp\/v2\/media\/379158"}],"wp:attachment":[{"href":"https:\/\/hudo.com\/si\/wp-json\/wp\/v2\/media?parent=379157"}],"wp:term":[{"taxonomy":"category","embeddable":true,"href":"https:\/\/hudo.com\/si\/wp-json\/wp\/v2\/categories?post=379157"},{"taxonomy":"post_tag","embeddable":true,"href":"https:\/\/hudo.com\/si\/wp-json\/wp\/v2\/tags?post=379157"},{"taxonomy":"source","embeddable":true,"href":"https:\/\/hudo.com\/si\/wp-json\/wp\/v2\/source?post=379157"},{"taxonomy":"supertag","embeddable":true,"href":"https:\/\/hudo.com\/si\/wp-json\/wp\/v2\/supertag?post=379157"}],"curies":[{"name":"wp","href":"https:\/\/api.w.org\/{rel}","templated":true}]}}