{"id":379164,"date":"2018-10-13T18:33:32","date_gmt":"2018-10-13T16:33:32","guid":{"rendered":"http:\/\/hudo.com\/si\/?p=379164"},"modified":"2018-10-13T18:33:32","modified_gmt":"2018-10-13T16:33:32","slug":"na-portugalskem-zaradi-orkana-leslie-razglasili-najvisjo-stopnjo-ogrozenosti","status":"publish","type":"post","link":"https:\/\/hudo.com\/si\/aktualno\/na-portugalskem-zaradi-orkana-leslie-razglasili-najvisjo-stopnjo-ogrozenosti\/","title":{"rendered":"Na Portugalskem zaradi orkana Leslie razglasili najvi\u0161jo stopnjo ogro\u017eenosti"},"content":{"rendered":"<p>Po izra\u010dunih meteorologov naj bi prvi mo\u010dnej\u0161i sunki vetra in de\u017eevje Lizbono zajeli \u017ee drevi, najhuje pa naj bi nevihta besnela pono\u010di in v nedeljo zjutraj.<\/p>\n<p>Kot je razvidno iz meteorolo\u0161kih evidenc, ta del Atlantskega oceana orkani dose\u017eejo izjemno redko. Orkan Leslie bi tako lahko postal najhuj\u0161a ujma na Portugalskem po letu 1842.<\/p>\n","protected":false},"excerpt":{"rendered":"<p>Na Portugalskem so zaradi bli\u017eajo\u010dega se orkana Leslie razglasili najvi\u0161jo stopnjo ogro\u017eenosti oz. rde\u010di alarm. Ka\u017ee namre\u010d, da utegne zahodni del dr\u017eave dose\u010di najhuj\u0161e neurje po letu 1842. Predstavniki civilne za\u0161\u010dite so prebivalce obalnih mest \u017ee pozvali, naj ne zapu\u0161\u010dajo domov, poro\u010da francoska tiskovna agencija AFP.<\/p>\n","protected":false},"author":8,"featured_media":379165,"comment_status":"closed","ping_status":"closed","sticky":false,"template":"","format":"standard","meta":{"footnotes":""},"categories":[1179],"tags":[3725,12186,5375],"source":[4511],"supertag":[6103],"acf":[],"yoast_head":"<!-- This site is optimized with the Yoast SEO plugin v21.3 - https:\/\/yoast.com\/wordpress\/plugins\/seo\/ -->\n<title>Na Portugalskem zaradi orkana Leslie razglasili najvi\u0161jo stopnjo ogro\u017eenosti - Hudo Slovenija<\/title>\n<meta name=\"robots\" content=\"index, follow, max-snippet:-1, max-image-preview:large, max-video-preview:-1\" \/>\n<link rel=\"canonical\" href=\"https:\/\/hudo.com\/si\/aktualno\/na-portugalskem-zaradi-orkana-leslie-razglasili-najvisjo-stopnjo-ogrozenosti\/\" \/>\n<meta property=\"og:locale\" content=\"sl_SI\" \/>\n<meta property=\"og:type\" content=\"article\" \/>\n<meta property=\"og:title\" content=\"Na Portugalskem zaradi orkana Leslie razglasili najvi\u0161jo stopnjo ogro\u017eenosti - Hudo Slovenija\" \/>\n<meta property=\"og:description\" content=\"Na Portugalskem so zaradi bli\u017eajo\u010dega se orkana Leslie razglasili najvi\u0161jo stopnjo ogro\u017eenosti oz. rde\u010di alarm. Ka\u017ee namre\u010d, da utegne zahodni del dr\u017eave dose\u010di najhuj\u0161e neurje po letu 1842. Predstavniki civilne za\u0161\u010dite so prebivalce obalnih mest \u017ee pozvali, naj ne zapu\u0161\u010dajo domov, poro\u010da francoska tiskovna agencija AFP.\" \/>\n<meta property=\"og:url\" content=\"https:\/\/hudo.com\/si\/aktualno\/na-portugalskem-zaradi-orkana-leslie-razglasili-najvisjo-stopnjo-ogrozenosti\/\" \/>\n<meta property=\"og:site_name\" content=\"Hudo Slovenija\" \/>\n<meta property=\"article:publisher\" content=\"https:\/\/www.facebook.com\/hudo.si\" \/>\n<meta property=\"article:published_time\" content=\"2018-10-13T16:33:32+00:00\" \/>\n<meta property=\"og:image\" content=\"https:\/\/hudo.com\/si\/wp-content\/uploads\/sites\/2\/2018\/10\/profimedia-0147498394.jpg\" \/>\n\t<meta property=\"og:image:width\" content=\"1250\" \/>\n\t<meta property=\"og:image:height\" content=\"830\" \/>\n\t<meta property=\"og:image:type\" content=\"image\/jpeg\" \/>\n<meta name=\"author\" content=\"M. N., STA\" \/>\n<meta name=\"twitter:card\" content=\"summary_large_image\" \/>\n<meta name=\"twitter:creator\" content=\"@hudo_si\" \/>\n<meta name=\"twitter:site\" content=\"@hudo_si\" \/>\n<meta name=\"twitter:label1\" content=\"Written by\" \/>\n\t<meta name=\"twitter:data1\" content=\"M. N., STA\" \/>\n<script type=\"application\/ld+json\" class=\"yoast-schema-graph\">{\"@context\":\"https:\/\/schema.org\",\"@graph\":[{\"@type\":\"Article\",\"@id\":\"https:\/\/hudo.com\/si\/aktualno\/na-portugalskem-zaradi-orkana-leslie-razglasili-najvisjo-stopnjo-ogrozenosti\/#article\",\"isPartOf\":{\"@id\":\"https:\/\/hudo.com\/si\/aktualno\/na-portugalskem-zaradi-orkana-leslie-razglasili-najvisjo-stopnjo-ogrozenosti\/\"},\"author\":{\"name\":\"M. N., STA\",\"@id\":\"https:\/\/hudo.com\/si\/#\/schema\/person\/c2f10ce65d2e6ede2aeda5be2a0611fa\"},\"headline\":\"Na Portugalskem zaradi orkana Leslie razglasili najvi\u0161jo stopnjo ogro\u017eenosti\",\"datePublished\":\"2018-10-13T16:33:32+00:00\",\"dateModified\":\"2018-10-13T16:33:32+00:00\",\"mainEntityOfPage\":{\"@id\":\"https:\/\/hudo.com\/si\/aktualno\/na-portugalskem-zaradi-orkana-leslie-razglasili-najvisjo-stopnjo-ogrozenosti\/\"},\"wordCount\":71,\"publisher\":{\"@id\":\"https:\/\/hudo.com\/si\/#organization\"},\"keywords\":[\"orkan\",\"orkan Leslie\",\"Portugalska\"],\"articleSection\":[\"Aktualno\"],\"inLanguage\":\"sl-SI\"},{\"@type\":\"WebPage\",\"@id\":\"https:\/\/hudo.com\/si\/aktualno\/na-portugalskem-zaradi-orkana-leslie-razglasili-najvisjo-stopnjo-ogrozenosti\/\",\"url\":\"https:\/\/hudo.com\/si\/aktualno\/na-portugalskem-zaradi-orkana-leslie-razglasili-najvisjo-stopnjo-ogrozenosti\/\",\"name\":\"Na Portugalskem zaradi orkana Leslie razglasili najvi\u0161jo stopnjo ogro\u017eenosti - Hudo Slovenija\",\"isPartOf\":{\"@id\":\"https:\/\/hudo.com\/si\/#website\"},\"datePublished\":\"2018-10-13T16:33:32+00:00\",\"dateModified\":\"2018-10-13T16:33:32+00:00\",\"breadcrumb\":{\"@id\":\"https:\/\/hudo.com\/si\/aktualno\/na-portugalskem-zaradi-orkana-leslie-razglasili-najvisjo-stopnjo-ogrozenosti\/#breadcrumb\"},\"inLanguage\":\"sl-SI\",\"potentialAction\":[{\"@type\":\"ReadAction\",\"target\":[\"https:\/\/hudo.com\/si\/aktualno\/na-portugalskem-zaradi-orkana-leslie-razglasili-najvisjo-stopnjo-ogrozenosti\/\"]}]},{\"@type\":\"BreadcrumbList\",\"@id\":\"https:\/\/hudo.com\/si\/aktualno\/na-portugalskem-zaradi-orkana-leslie-razglasili-najvisjo-stopnjo-ogrozenosti\/#breadcrumb\",\"itemListElement\":[{\"@type\":\"ListItem\",\"position\":1,\"name\":\"Home\",\"item\":\"https:\/\/hudo.com\/si\/\"},{\"@type\":\"ListItem\",\"position\":2,\"name\":\"Na Portugalskem zaradi orkana Leslie razglasili najvi\u0161jo stopnjo ogro\u017eenosti\"}]},{\"@type\":\"WebSite\",\"@id\":\"https:\/\/hudo.com\/si\/#website\",\"url\":\"https:\/\/hudo.com\/si\/\",\"name\":\"Hudo Slovenija\",\"description\":\"Vse novice iz Slovenije in sveta\",\"publisher\":{\"@id\":\"https:\/\/hudo.com\/si\/#organization\"},\"potentialAction\":[{\"@type\":\"SearchAction\",\"target\":{\"@type\":\"EntryPoint\",\"urlTemplate\":\"https:\/\/hudo.com\/si\/?s={search_term_string}\"},\"query-input\":\"required name=search_term_string\"}],\"inLanguage\":\"sl-SI\"},{\"@type\":\"Organization\",\"@id\":\"https:\/\/hudo.com\/si\/#organization\",\"name\":\"VSN Media\",\"url\":\"https:\/\/hudo.com\/si\/\",\"logo\":{\"@type\":\"ImageObject\",\"inLanguage\":\"sl-SI\",\"@id\":\"https:\/\/hudo.com\/si\/#\/schema\/logo\/image\/\",\"url\":\"https:\/\/hudo.com\/si\/wp-content\/uploads\/sites\/2\/2021\/03\/hudo-app-2.png\",\"contentUrl\":\"https:\/\/hudo.com\/si\/wp-content\/uploads\/sites\/2\/2021\/03\/hudo-app-2.png\",\"width\":2185,\"height\":2167,\"caption\":\"VSN Media\"},\"image\":{\"@id\":\"https:\/\/hudo.com\/si\/#\/schema\/logo\/image\/\"},\"sameAs\":[\"https:\/\/www.facebook.com\/hudo.si\",\"https:\/\/twitter.com\/hudo_si\"]},{\"@type\":\"Person\",\"@id\":\"https:\/\/hudo.com\/si\/#\/schema\/person\/c2f10ce65d2e6ede2aeda5be2a0611fa\",\"name\":\"M. N., STA\",\"image\":{\"@type\":\"ImageObject\",\"inLanguage\":\"sl-SI\",\"@id\":\"https:\/\/hudo.com\/si\/#\/schema\/person\/image\/\",\"url\":\"https:\/\/secure.gravatar.com\/avatar\/f370d38daa10467f755c5c766a4cac20?s=96&d=mm&r=g\",\"contentUrl\":\"https:\/\/secure.gravatar.com\/avatar\/f370d38daa10467f755c5c766a4cac20?s=96&d=mm&r=g\",\"caption\":\"M. N., STA\"},\"url\":\"https:\/\/hudo.com\/si\/author\/mana\/\"}]}<\/script>\n<!-- \/ Yoast SEO plugin. -->","yoast_head_json":{"title":"Na Portugalskem zaradi orkana Leslie razglasili najvi\u0161jo stopnjo ogro\u017eenosti - Hudo Slovenija","robots":{"index":"index","follow":"follow","max-snippet":"max-snippet:-1","max-image-preview":"max-image-preview:large","max-video-preview":"max-video-preview:-1"},"canonical":"https:\/\/hudo.com\/si\/aktualno\/na-portugalskem-zaradi-orkana-leslie-razglasili-najvisjo-stopnjo-ogrozenosti\/","og_locale":"sl_SI","og_type":"article","og_title":"Na Portugalskem zaradi orkana Leslie razglasili najvi\u0161jo stopnjo ogro\u017eenosti - Hudo Slovenija","og_description":"Na Portugalskem so zaradi bli\u017eajo\u010dega se orkana Leslie razglasili najvi\u0161jo stopnjo ogro\u017eenosti oz. rde\u010di alarm. Ka\u017ee namre\u010d, da utegne zahodni del dr\u017eave dose\u010di najhuj\u0161e neurje po letu 1842. Predstavniki civilne za\u0161\u010dite so prebivalce obalnih mest \u017ee pozvali, naj ne zapu\u0161\u010dajo domov, poro\u010da francoska tiskovna agencija AFP.","og_url":"https:\/\/hudo.com\/si\/aktualno\/na-portugalskem-zaradi-orkana-leslie-razglasili-najvisjo-stopnjo-ogrozenosti\/","og_site_name":"Hudo Slovenija","article_publisher":"https:\/\/www.facebook.com\/hudo.si","article_published_time":"2018-10-13T16:33:32+00:00","og_image":[{"width":1250,"height":830,"url":"https:\/\/hudo.com\/si\/wp-content\/uploads\/sites\/2\/2018\/10\/profimedia-0147498394.jpg","type":"image\/jpeg"}],"author":"M. N., STA","twitter_card":"summary_large_image","twitter_creator":"@hudo_si","twitter_site":"@hudo_si","twitter_misc":{"Written by":"M. N., STA"},"schema":{"@context":"https:\/\/schema.org","@graph":[{"@type":"Article","@id":"https:\/\/hudo.com\/si\/aktualno\/na-portugalskem-zaradi-orkana-leslie-razglasili-najvisjo-stopnjo-ogrozenosti\/#article","isPartOf":{"@id":"https:\/\/hudo.com\/si\/aktualno\/na-portugalskem-zaradi-orkana-leslie-razglasili-najvisjo-stopnjo-ogrozenosti\/"},"author":{"name":"M. N., STA","@id":"https:\/\/hudo.com\/si\/#\/schema\/person\/c2f10ce65d2e6ede2aeda5be2a0611fa"},"headline":"Na Portugalskem zaradi orkana Leslie razglasili najvi\u0161jo stopnjo ogro\u017eenosti","datePublished":"2018-10-13T16:33:32+00:00","dateModified":"2018-10-13T16:33:32+00:00","mainEntityOfPage":{"@id":"https:\/\/hudo.com\/si\/aktualno\/na-portugalskem-zaradi-orkana-leslie-razglasili-najvisjo-stopnjo-ogrozenosti\/"},"wordCount":71,"publisher":{"@id":"https:\/\/hudo.com\/si\/#organization"},"keywords":["orkan","orkan Leslie","Portugalska"],"articleSection":["Aktualno"],"inLanguage":"sl-SI"},{"@type":"WebPage","@id":"https:\/\/hudo.com\/si\/aktualno\/na-portugalskem-zaradi-orkana-leslie-razglasili-najvisjo-stopnjo-ogrozenosti\/","url":"https:\/\/hudo.com\/si\/aktualno\/na-portugalskem-zaradi-orkana-leslie-razglasili-najvisjo-stopnjo-ogrozenosti\/","name":"Na Portugalskem zaradi orkana Leslie razglasili najvi\u0161jo stopnjo ogro\u017eenosti - Hudo Slovenija","isPartOf":{"@id":"https:\/\/hudo.com\/si\/#website"},"datePublished":"2018-10-13T16:33:32+00:00","dateModified":"2018-10-13T16:33:32+00:00","breadcrumb":{"@id":"https:\/\/hudo.com\/si\/aktualno\/na-portugalskem-zaradi-orkana-leslie-razglasili-najvisjo-stopnjo-ogrozenosti\/#breadcrumb"},"inLanguage":"sl-SI","potentialAction":[{"@type":"ReadAction","target":["https:\/\/hudo.com\/si\/aktualno\/na-portugalskem-zaradi-orkana-leslie-razglasili-najvisjo-stopnjo-ogrozenosti\/"]}]},{"@type":"BreadcrumbList","@id":"https:\/\/hudo.com\/si\/aktualno\/na-portugalskem-zaradi-orkana-leslie-razglasili-najvisjo-stopnjo-ogrozenosti\/#breadcrumb","itemListElement":[{"@type":"ListItem","position":1,"name":"Home","item":"https:\/\/hudo.com\/si\/"},{"@type":"ListItem","position":2,"name":"Na Portugalskem zaradi orkana Leslie razglasili najvi\u0161jo stopnjo ogro\u017eenosti"}]},{"@type":"WebSite","@id":"https:\/\/hudo.com\/si\/#website","url":"https:\/\/hudo.com\/si\/","name":"Hudo Slovenija","description":"Vse novice iz Slovenije in sveta","publisher":{"@id":"https:\/\/hudo.com\/si\/#organization"},"potentialAction":[{"@type":"SearchAction","target":{"@type":"EntryPoint","urlTemplate":"https:\/\/hudo.com\/si\/?s={search_term_string}"},"query-input":"required name=search_term_string"}],"inLanguage":"sl-SI"},{"@type":"Organization","@id":"https:\/\/hudo.com\/si\/#organization","name":"VSN Media","url":"https:\/\/hudo.com\/si\/","logo":{"@type":"ImageObject","inLanguage":"sl-SI","@id":"https:\/\/hudo.com\/si\/#\/schema\/logo\/image\/","url":"https:\/\/hudo.com\/si\/wp-content\/uploads\/sites\/2\/2021\/03\/hudo-app-2.png","contentUrl":"https:\/\/hudo.com\/si\/wp-content\/uploads\/sites\/2\/2021\/03\/hudo-app-2.png","width":2185,"height":2167,"caption":"VSN Media"},"image":{"@id":"https:\/\/hudo.com\/si\/#\/schema\/logo\/image\/"},"sameAs":["https:\/\/www.facebook.com\/hudo.si","https:\/\/twitter.com\/hudo_si"]},{"@type":"Person","@id":"https:\/\/hudo.com\/si\/#\/schema\/person\/c2f10ce65d2e6ede2aeda5be2a0611fa","name":"M. N., STA","image":{"@type":"ImageObject","inLanguage":"sl-SI","@id":"https:\/\/hudo.com\/si\/#\/schema\/person\/image\/","url":"https:\/\/secure.gravatar.com\/avatar\/f370d38daa10467f755c5c766a4cac20?s=96&d=mm&r=g","contentUrl":"https:\/\/secure.gravatar.com\/avatar\/f370d38daa10467f755c5c766a4cac20?s=96&d=mm&r=g","caption":"M. N., STA"},"url":"https:\/\/hudo.com\/si\/author\/mana\/"}]}},"amp_enabled":true,"_links":{"self":[{"href":"https:\/\/hudo.com\/si\/wp-json\/wp\/v2\/posts\/379164"}],"collection":[{"href":"https:\/\/hudo.com\/si\/wp-json\/wp\/v2\/posts"}],"about":[{"href":"https:\/\/hudo.com\/si\/wp-json\/wp\/v2\/types\/post"}],"author":[{"embeddable":true,"href":"https:\/\/hudo.com\/si\/wp-json\/wp\/v2\/users\/8"}],"replies":[{"embeddable":true,"href":"https:\/\/hudo.com\/si\/wp-json\/wp\/v2\/comments?post=379164"}],"version-history":[{"count":1,"href":"https:\/\/hudo.com\/si\/wp-json\/wp\/v2\/posts\/379164\/revisions"}],"predecessor-version":[{"id":379166,"href":"https:\/\/hudo.com\/si\/wp-json\/wp\/v2\/posts\/379164\/revisions\/379166"}],"wp:featuredmedia":[{"embeddable":true,"href":"https:\/\/hudo.com\/si\/wp-json\/wp\/v2\/media\/379165"}],"wp:attachment":[{"href":"https:\/\/hudo.com\/si\/wp-json\/wp\/v2\/media?parent=379164"}],"wp:term":[{"taxonomy":"category","embeddable":true,"href":"https:\/\/hudo.com\/si\/wp-json\/wp\/v2\/categories?post=379164"},{"taxonomy":"post_tag","embeddable":true,"href":"https:\/\/hudo.com\/si\/wp-json\/wp\/v2\/tags?post=379164"},{"taxonomy":"source","embeddable":true,"href":"https:\/\/hudo.com\/si\/wp-json\/wp\/v2\/source?post=379164"},{"taxonomy":"supertag","embeddable":true,"href":"https:\/\/hudo.com\/si\/wp-json\/wp\/v2\/supertag?post=379164"}],"curies":[{"name":"wp","href":"https:\/\/api.w.org\/{rel}","templated":true}]}}