{"id":379180,"date":"2018-10-14T12:29:17","date_gmt":"2018-10-14T10:29:17","guid":{"rendered":"http:\/\/hudo.com\/si\/?p=379180"},"modified":"2018-10-14T12:29:17","modified_gmt":"2018-10-14T10:29:17","slug":"v-franciji-pozivi-k-prepovedi-solarijev-avstralija-brazilija-sta-jih-ze-prepovedali","status":"publish","type":"post","link":"https:\/\/hudo.com\/si\/aktualno\/v-franciji-pozivi-k-prepovedi-solarijev-avstralija-brazilija-sta-jih-ze-prepovedali\/","title":{"rendered":"V Franciji pozivi k prepovedi solarijev, Avstralija in Brazilija sta jih \u017ee prepovedali"},"content":{"rendered":"<p>&#8220;Priporo\u010damo prepoved vseh dejavnosti, povezanih z umetno porjavitvijo, vklju\u010dno z utravijoli\u010dnimi lu\u010dmi za son\u010denje za estetske namene, posebej tiste, ki so na prodaj na zasebnem trgu,&#8221; je dejal Olivier Merckel iz omenjene agencije.<\/p>\n<p>V Franciji so leta 2015 zabele\u017eili 10.722 primerov malignega melanoma pri odraslih, starej\u0161ih od 30 let, od tega bi lahko 382 primerov neposredno povezali z uporabo solarija ali lu\u010di za son\u010denje, ocenjuje Anses.<\/p>\n<p>Dermatologi, francoska akademija za medicino in nekateri politiki so se v preteklosti \u017ee zavzeli za prepoved teh naprav, vendar se je vlada za zdaj odlo\u010dila za zaostritev pravil. Leta 2013 je uvedla prepoved obiskovanja &#8220;son\u010dnih&#8221; studiov za mladoletne ter prepovedala njihovo ogla\u0161evanje, poro\u010da francoska tiskovna agencija AFP.<\/p>\n<p>&#8220;Znanstvenih podatkov je vse ve\u010d, ni ve\u010d dvoma, imamo trdne dokaze, tveganje za raka je dokazano, imamo \u0161tevilke za tveganje pri mladih, pri vseh, zato zdaj oblasti pozivamo k ukrepanju,&#8221; je dejal Merckel.<\/p>\n<p>Mednarodna agencija za raziskovanje raka pri Svetovni zdravstveni organizaciji je \u017ee leta 2009 opozorila, da je dokazana povezava med umetno son\u010dno svetlobo in rakom.<\/p>\n<p>Po navedbah francoske agencije se pri ljudeh, ki najmanj enkrat obi\u0161\u010dejo solarij, verjetnost za razvoj ko\u017enega raka pove\u010da za 59 odstotkov.<\/p>\n<p>Brazilija je solarije prepovedala leta 2009, Avstralija pa leta 2015.<\/p>\n","protected":false},"excerpt":{"rendered":"<p>Francoska agencija za prehrano, okoljsko in poklicno zdravje ter varnost (Anses) je pozvala vlado, naj prepove lu\u010di za son\u010denje in solarije, saj dokazano pove\u010dujejo tveganje za ko\u017enega raka. Tovrstne naprave so \u017ee prepovedali v Avstraliji in Braziliji.<\/p>\n","protected":false},"author":8,"featured_media":379181,"comment_status":"closed","ping_status":"closed","sticky":false,"template":"","format":"standard","meta":{"footnotes":""},"categories":[1179],"tags":[2018,12189],"source":[4511],"supertag":[6103],"acf":[],"yoast_head":"<!-- This site is optimized with the Yoast SEO plugin v21.3 - https:\/\/yoast.com\/wordpress\/plugins\/seo\/ -->\n<title>V Franciji pozivi k prepovedi solarijev, Avstralija in Brazilija sta jih \u017ee prepovedali - Hudo Slovenija<\/title>\n<meta name=\"robots\" content=\"index, follow, max-snippet:-1, max-image-preview:large, max-video-preview:-1\" \/>\n<link rel=\"canonical\" href=\"https:\/\/hudo.com\/si\/aktualno\/v-franciji-pozivi-k-prepovedi-solarijev-avstralija-brazilija-sta-jih-ze-prepovedali\/\" \/>\n<meta property=\"og:locale\" content=\"sl_SI\" \/>\n<meta property=\"og:type\" content=\"article\" \/>\n<meta property=\"og:title\" content=\"V Franciji pozivi k prepovedi solarijev, Avstralija in Brazilija sta jih \u017ee prepovedali - Hudo Slovenija\" \/>\n<meta property=\"og:description\" content=\"Francoska agencija za prehrano, okoljsko in poklicno zdravje ter varnost (Anses) je pozvala vlado, naj prepove lu\u010di za son\u010denje in solarije, saj dokazano pove\u010dujejo tveganje za ko\u017enega raka. Tovrstne naprave so \u017ee prepovedali v Avstraliji in Braziliji.\" \/>\n<meta property=\"og:url\" content=\"https:\/\/hudo.com\/si\/aktualno\/v-franciji-pozivi-k-prepovedi-solarijev-avstralija-brazilija-sta-jih-ze-prepovedali\/\" \/>\n<meta property=\"og:site_name\" content=\"Hudo Slovenija\" \/>\n<meta property=\"article:publisher\" content=\"https:\/\/www.facebook.com\/hudo.si\" \/>\n<meta property=\"article:published_time\" content=\"2018-10-14T10:29:17+00:00\" \/>\n<meta property=\"og:image\" content=\"https:\/\/hudo.com\/si\/wp-content\/uploads\/sites\/2\/2018\/10\/profimedia-0113359404-1.jpg\" \/>\n\t<meta property=\"og:image:width\" content=\"1250\" \/>\n\t<meta property=\"og:image:height\" content=\"833\" \/>\n\t<meta property=\"og:image:type\" content=\"image\/jpeg\" \/>\n<meta name=\"author\" content=\"M. N., STA\" \/>\n<meta name=\"twitter:card\" content=\"summary_large_image\" \/>\n<meta name=\"twitter:creator\" content=\"@hudo_si\" \/>\n<meta name=\"twitter:site\" content=\"@hudo_si\" \/>\n<meta name=\"twitter:label1\" content=\"Written by\" \/>\n\t<meta name=\"twitter:data1\" content=\"M. N., STA\" \/>\n\t<meta name=\"twitter:label2\" content=\"Est. reading time\" \/>\n\t<meta name=\"twitter:data2\" content=\"1 minuta\" \/>\n<script type=\"application\/ld+json\" class=\"yoast-schema-graph\">{\"@context\":\"https:\/\/schema.org\",\"@graph\":[{\"@type\":\"Article\",\"@id\":\"https:\/\/hudo.com\/si\/aktualno\/v-franciji-pozivi-k-prepovedi-solarijev-avstralija-brazilija-sta-jih-ze-prepovedali\/#article\",\"isPartOf\":{\"@id\":\"https:\/\/hudo.com\/si\/aktualno\/v-franciji-pozivi-k-prepovedi-solarijev-avstralija-brazilija-sta-jih-ze-prepovedali\/\"},\"author\":{\"name\":\"M. N., STA\",\"@id\":\"https:\/\/hudo.com\/si\/#\/schema\/person\/c2f10ce65d2e6ede2aeda5be2a0611fa\"},\"headline\":\"V Franciji pozivi k prepovedi solarijev, Avstralija in Brazilija sta jih \u017ee prepovedali\",\"datePublished\":\"2018-10-14T10:29:17+00:00\",\"dateModified\":\"2018-10-14T10:29:17+00:00\",\"mainEntityOfPage\":{\"@id\":\"https:\/\/hudo.com\/si\/aktualno\/v-franciji-pozivi-k-prepovedi-solarijev-avstralija-brazilija-sta-jih-ze-prepovedali\/\"},\"wordCount\":222,\"publisher\":{\"@id\":\"https:\/\/hudo.com\/si\/#organization\"},\"keywords\":[\"francija\",\"solarij\"],\"articleSection\":[\"Aktualno\"],\"inLanguage\":\"sl-SI\"},{\"@type\":\"WebPage\",\"@id\":\"https:\/\/hudo.com\/si\/aktualno\/v-franciji-pozivi-k-prepovedi-solarijev-avstralija-brazilija-sta-jih-ze-prepovedali\/\",\"url\":\"https:\/\/hudo.com\/si\/aktualno\/v-franciji-pozivi-k-prepovedi-solarijev-avstralija-brazilija-sta-jih-ze-prepovedali\/\",\"name\":\"V Franciji pozivi k prepovedi solarijev, Avstralija in Brazilija sta jih \u017ee prepovedali - Hudo Slovenija\",\"isPartOf\":{\"@id\":\"https:\/\/hudo.com\/si\/#website\"},\"datePublished\":\"2018-10-14T10:29:17+00:00\",\"dateModified\":\"2018-10-14T10:29:17+00:00\",\"breadcrumb\":{\"@id\":\"https:\/\/hudo.com\/si\/aktualno\/v-franciji-pozivi-k-prepovedi-solarijev-avstralija-brazilija-sta-jih-ze-prepovedali\/#breadcrumb\"},\"inLanguage\":\"sl-SI\",\"potentialAction\":[{\"@type\":\"ReadAction\",\"target\":[\"https:\/\/hudo.com\/si\/aktualno\/v-franciji-pozivi-k-prepovedi-solarijev-avstralija-brazilija-sta-jih-ze-prepovedali\/\"]}]},{\"@type\":\"BreadcrumbList\",\"@id\":\"https:\/\/hudo.com\/si\/aktualno\/v-franciji-pozivi-k-prepovedi-solarijev-avstralija-brazilija-sta-jih-ze-prepovedali\/#breadcrumb\",\"itemListElement\":[{\"@type\":\"ListItem\",\"position\":1,\"name\":\"Home\",\"item\":\"https:\/\/hudo.com\/si\/\"},{\"@type\":\"ListItem\",\"position\":2,\"name\":\"V Franciji pozivi k prepovedi solarijev, Avstralija in Brazilija sta jih \u017ee prepovedali\"}]},{\"@type\":\"WebSite\",\"@id\":\"https:\/\/hudo.com\/si\/#website\",\"url\":\"https:\/\/hudo.com\/si\/\",\"name\":\"Hudo Slovenija\",\"description\":\"Vse novice iz Slovenije in sveta\",\"publisher\":{\"@id\":\"https:\/\/hudo.com\/si\/#organization\"},\"potentialAction\":[{\"@type\":\"SearchAction\",\"target\":{\"@type\":\"EntryPoint\",\"urlTemplate\":\"https:\/\/hudo.com\/si\/?s={search_term_string}\"},\"query-input\":\"required name=search_term_string\"}],\"inLanguage\":\"sl-SI\"},{\"@type\":\"Organization\",\"@id\":\"https:\/\/hudo.com\/si\/#organization\",\"name\":\"VSN Media\",\"url\":\"https:\/\/hudo.com\/si\/\",\"logo\":{\"@type\":\"ImageObject\",\"inLanguage\":\"sl-SI\",\"@id\":\"https:\/\/hudo.com\/si\/#\/schema\/logo\/image\/\",\"url\":\"https:\/\/hudo.com\/si\/wp-content\/uploads\/sites\/2\/2021\/03\/hudo-app-2.png\",\"contentUrl\":\"https:\/\/hudo.com\/si\/wp-content\/uploads\/sites\/2\/2021\/03\/hudo-app-2.png\",\"width\":2185,\"height\":2167,\"caption\":\"VSN Media\"},\"image\":{\"@id\":\"https:\/\/hudo.com\/si\/#\/schema\/logo\/image\/\"},\"sameAs\":[\"https:\/\/www.facebook.com\/hudo.si\",\"https:\/\/twitter.com\/hudo_si\"]},{\"@type\":\"Person\",\"@id\":\"https:\/\/hudo.com\/si\/#\/schema\/person\/c2f10ce65d2e6ede2aeda5be2a0611fa\",\"name\":\"M. N., STA\",\"image\":{\"@type\":\"ImageObject\",\"inLanguage\":\"sl-SI\",\"@id\":\"https:\/\/hudo.com\/si\/#\/schema\/person\/image\/\",\"url\":\"https:\/\/secure.gravatar.com\/avatar\/f370d38daa10467f755c5c766a4cac20?s=96&d=mm&r=g\",\"contentUrl\":\"https:\/\/secure.gravatar.com\/avatar\/f370d38daa10467f755c5c766a4cac20?s=96&d=mm&r=g\",\"caption\":\"M. N., STA\"},\"url\":\"https:\/\/hudo.com\/si\/author\/mana\/\"}]}<\/script>\n<!-- \/ Yoast SEO plugin. -->","yoast_head_json":{"title":"V Franciji pozivi k prepovedi solarijev, Avstralija in Brazilija sta jih \u017ee prepovedali - Hudo Slovenija","robots":{"index":"index","follow":"follow","max-snippet":"max-snippet:-1","max-image-preview":"max-image-preview:large","max-video-preview":"max-video-preview:-1"},"canonical":"https:\/\/hudo.com\/si\/aktualno\/v-franciji-pozivi-k-prepovedi-solarijev-avstralija-brazilija-sta-jih-ze-prepovedali\/","og_locale":"sl_SI","og_type":"article","og_title":"V Franciji pozivi k prepovedi solarijev, Avstralija in Brazilija sta jih \u017ee prepovedali - Hudo Slovenija","og_description":"Francoska agencija za prehrano, okoljsko in poklicno zdravje ter varnost (Anses) je pozvala vlado, naj prepove lu\u010di za son\u010denje in solarije, saj dokazano pove\u010dujejo tveganje za ko\u017enega raka. Tovrstne naprave so \u017ee prepovedali v Avstraliji in Braziliji.","og_url":"https:\/\/hudo.com\/si\/aktualno\/v-franciji-pozivi-k-prepovedi-solarijev-avstralija-brazilija-sta-jih-ze-prepovedali\/","og_site_name":"Hudo Slovenija","article_publisher":"https:\/\/www.facebook.com\/hudo.si","article_published_time":"2018-10-14T10:29:17+00:00","og_image":[{"width":1250,"height":833,"url":"https:\/\/hudo.com\/si\/wp-content\/uploads\/sites\/2\/2018\/10\/profimedia-0113359404-1.jpg","type":"image\/jpeg"}],"author":"M. N., STA","twitter_card":"summary_large_image","twitter_creator":"@hudo_si","twitter_site":"@hudo_si","twitter_misc":{"Written by":"M. N., STA","Est. reading time":"1 minuta"},"schema":{"@context":"https:\/\/schema.org","@graph":[{"@type":"Article","@id":"https:\/\/hudo.com\/si\/aktualno\/v-franciji-pozivi-k-prepovedi-solarijev-avstralija-brazilija-sta-jih-ze-prepovedali\/#article","isPartOf":{"@id":"https:\/\/hudo.com\/si\/aktualno\/v-franciji-pozivi-k-prepovedi-solarijev-avstralija-brazilija-sta-jih-ze-prepovedali\/"},"author":{"name":"M. N., STA","@id":"https:\/\/hudo.com\/si\/#\/schema\/person\/c2f10ce65d2e6ede2aeda5be2a0611fa"},"headline":"V Franciji pozivi k prepovedi solarijev, Avstralija in Brazilija sta jih \u017ee prepovedali","datePublished":"2018-10-14T10:29:17+00:00","dateModified":"2018-10-14T10:29:17+00:00","mainEntityOfPage":{"@id":"https:\/\/hudo.com\/si\/aktualno\/v-franciji-pozivi-k-prepovedi-solarijev-avstralija-brazilija-sta-jih-ze-prepovedali\/"},"wordCount":222,"publisher":{"@id":"https:\/\/hudo.com\/si\/#organization"},"keywords":["francija","solarij"],"articleSection":["Aktualno"],"inLanguage":"sl-SI"},{"@type":"WebPage","@id":"https:\/\/hudo.com\/si\/aktualno\/v-franciji-pozivi-k-prepovedi-solarijev-avstralija-brazilija-sta-jih-ze-prepovedali\/","url":"https:\/\/hudo.com\/si\/aktualno\/v-franciji-pozivi-k-prepovedi-solarijev-avstralija-brazilija-sta-jih-ze-prepovedali\/","name":"V Franciji pozivi k prepovedi solarijev, Avstralija in Brazilija sta jih \u017ee prepovedali - Hudo Slovenija","isPartOf":{"@id":"https:\/\/hudo.com\/si\/#website"},"datePublished":"2018-10-14T10:29:17+00:00","dateModified":"2018-10-14T10:29:17+00:00","breadcrumb":{"@id":"https:\/\/hudo.com\/si\/aktualno\/v-franciji-pozivi-k-prepovedi-solarijev-avstralija-brazilija-sta-jih-ze-prepovedali\/#breadcrumb"},"inLanguage":"sl-SI","potentialAction":[{"@type":"ReadAction","target":["https:\/\/hudo.com\/si\/aktualno\/v-franciji-pozivi-k-prepovedi-solarijev-avstralija-brazilija-sta-jih-ze-prepovedali\/"]}]},{"@type":"BreadcrumbList","@id":"https:\/\/hudo.com\/si\/aktualno\/v-franciji-pozivi-k-prepovedi-solarijev-avstralija-brazilija-sta-jih-ze-prepovedali\/#breadcrumb","itemListElement":[{"@type":"ListItem","position":1,"name":"Home","item":"https:\/\/hudo.com\/si\/"},{"@type":"ListItem","position":2,"name":"V Franciji pozivi k prepovedi solarijev, Avstralija in Brazilija sta jih \u017ee prepovedali"}]},{"@type":"WebSite","@id":"https:\/\/hudo.com\/si\/#website","url":"https:\/\/hudo.com\/si\/","name":"Hudo Slovenija","description":"Vse novice iz Slovenije in sveta","publisher":{"@id":"https:\/\/hudo.com\/si\/#organization"},"potentialAction":[{"@type":"SearchAction","target":{"@type":"EntryPoint","urlTemplate":"https:\/\/hudo.com\/si\/?s={search_term_string}"},"query-input":"required name=search_term_string"}],"inLanguage":"sl-SI"},{"@type":"Organization","@id":"https:\/\/hudo.com\/si\/#organization","name":"VSN Media","url":"https:\/\/hudo.com\/si\/","logo":{"@type":"ImageObject","inLanguage":"sl-SI","@id":"https:\/\/hudo.com\/si\/#\/schema\/logo\/image\/","url":"https:\/\/hudo.com\/si\/wp-content\/uploads\/sites\/2\/2021\/03\/hudo-app-2.png","contentUrl":"https:\/\/hudo.com\/si\/wp-content\/uploads\/sites\/2\/2021\/03\/hudo-app-2.png","width":2185,"height":2167,"caption":"VSN Media"},"image":{"@id":"https:\/\/hudo.com\/si\/#\/schema\/logo\/image\/"},"sameAs":["https:\/\/www.facebook.com\/hudo.si","https:\/\/twitter.com\/hudo_si"]},{"@type":"Person","@id":"https:\/\/hudo.com\/si\/#\/schema\/person\/c2f10ce65d2e6ede2aeda5be2a0611fa","name":"M. N., STA","image":{"@type":"ImageObject","inLanguage":"sl-SI","@id":"https:\/\/hudo.com\/si\/#\/schema\/person\/image\/","url":"https:\/\/secure.gravatar.com\/avatar\/f370d38daa10467f755c5c766a4cac20?s=96&d=mm&r=g","contentUrl":"https:\/\/secure.gravatar.com\/avatar\/f370d38daa10467f755c5c766a4cac20?s=96&d=mm&r=g","caption":"M. N., STA"},"url":"https:\/\/hudo.com\/si\/author\/mana\/"}]}},"amp_enabled":true,"_links":{"self":[{"href":"https:\/\/hudo.com\/si\/wp-json\/wp\/v2\/posts\/379180"}],"collection":[{"href":"https:\/\/hudo.com\/si\/wp-json\/wp\/v2\/posts"}],"about":[{"href":"https:\/\/hudo.com\/si\/wp-json\/wp\/v2\/types\/post"}],"author":[{"embeddable":true,"href":"https:\/\/hudo.com\/si\/wp-json\/wp\/v2\/users\/8"}],"replies":[{"embeddable":true,"href":"https:\/\/hudo.com\/si\/wp-json\/wp\/v2\/comments?post=379180"}],"version-history":[{"count":1,"href":"https:\/\/hudo.com\/si\/wp-json\/wp\/v2\/posts\/379180\/revisions"}],"predecessor-version":[{"id":379183,"href":"https:\/\/hudo.com\/si\/wp-json\/wp\/v2\/posts\/379180\/revisions\/379183"}],"wp:featuredmedia":[{"embeddable":true,"href":"https:\/\/hudo.com\/si\/wp-json\/wp\/v2\/media\/379181"}],"wp:attachment":[{"href":"https:\/\/hudo.com\/si\/wp-json\/wp\/v2\/media?parent=379180"}],"wp:term":[{"taxonomy":"category","embeddable":true,"href":"https:\/\/hudo.com\/si\/wp-json\/wp\/v2\/categories?post=379180"},{"taxonomy":"post_tag","embeddable":true,"href":"https:\/\/hudo.com\/si\/wp-json\/wp\/v2\/tags?post=379180"},{"taxonomy":"source","embeddable":true,"href":"https:\/\/hudo.com\/si\/wp-json\/wp\/v2\/source?post=379180"},{"taxonomy":"supertag","embeddable":true,"href":"https:\/\/hudo.com\/si\/wp-json\/wp\/v2\/supertag?post=379180"}],"curies":[{"name":"wp","href":"https:\/\/api.w.org\/{rel}","templated":true}]}}